{"id":3542,"date":"2021-10-15T06:26:32","date_gmt":"2021-10-15T06:26:32","guid":{"rendered":"https:\/\/www.cuencasmineras.com\/?p=3542"},"modified":"2021-10-15T06:26:32","modified_gmt":"2021-10-15T06:26:32","slug":"ucin-langreo-denuncia-el-mal-estado-de-los-aparatos-gerontologicos-en-paseo-llerones","status":"publish","type":"post","link":"https:\/\/www.cuencasmineras.com\/index.php\/2021\/10\/15\/ucin-langreo-denuncia-el-mal-estado-de-los-aparatos-gerontologicos-en-paseo-llerones\/","title":{"rendered":"UCIN LANGREO denuncia el mal estado de los APARATOS GERONTOLOGICOS en PASEO LLERONES"},"content":{"rendered":"<p style=\"text-align: justify;\">Es un habitual que Asturias salga como la comunidad aut\u00f3noma m\u00e1senvejecida de Espa\u00f1a y, en m\u00faltiples ocasiones, de Europa.Nuestras personas mayores constituyen un sector muy importante denuestro concejo y, en consecuencia, podemos leer noticias en prensa como la construcci\u00f3n de una nueva residencia de mayores en Sama.Pero qu\u00e9 sorpresa que en Langreo la desidia gane a la raz\u00f3n hasta enun punto tan delicado como el de nuestros abuelos.No es la primera vez que en UCIN Langreo denunciamos el abandono de espacios o infraestructuras p\u00fablicas en las que se invirti\u00f3 un dinero, un esfuerzo y un tiempo para disfrute de la comunidad. Como en este concejo es ya una rutina el invertir en un proyecto y luego dejar que se eche a perder, hoy le toca el turno a los aparatos gerontol\u00f3gicos ubicados en el Paseo de los Llerones &#8211; Eduardo Iglesias.Este tipo de instrumentos de rehabilitaci\u00f3n y ejercicios supusieron en su d\u00eda un gasto que no se ha querido mantener en buenas condiciones. \u00d3xido, roturas, poca fijaci\u00f3n de las piezas y dem\u00e1s desperfectos son la t\u00f3nica de este espacio comunitario que se vuelve inservible para sus usuarios.UCIN Langreo ha solicitado su reparaci\u00f3n o sustituci\u00f3n, ya que consideramos que nuestros mayores tienen derecho a usar de forma segura y correcta estos aparatos gerontol\u00f3gicos.<\/p>\n<p><img loading=\"lazy\" decoding=\"async\" class=\" wp-image-3543 alignleft\" src=\"https:\/\/www.cuencasmineras.com\/wp-content\/uploads\/2021\/10\/IMG_20211014_161005_596-1024x1024.webp\" alt=\"\" width=\"472\" height=\"472\" srcset=\"https:\/\/www.cuencasmineras.com\/wp-content\/uploads\/2021\/10\/IMG_20211014_161005_596-1024x1024.webp 1024w, https:\/\/www.cuencasmineras.com\/wp-content\/uploads\/2021\/10\/IMG_20211014_161005_596-300x300.webp 300w, https:\/\/www.cuencasmineras.com\/wp-content\/uploads\/2021\/10\/IMG_20211014_161005_596-150x150.webp 150w, https:\/\/www.cuencasmineras.com\/wp-content\/uploads\/2021\/10\/IMG_20211014_161005_596-768x768.webp 768w, https:\/\/www.cuencasmineras.com\/wp-content\/uploads\/2021\/10\/IMG_20211014_161005_596.webp 1080w\" sizes=\"auto, (max-width: 472px) 100vw, 472px\" \/> <img loading=\"lazy\" decoding=\"async\" class=\"aligncenter  wp-image-3544\" src=\"https:\/\/www.cuencasmineras.com\/wp-content\/uploads\/2021\/10\/IMG_20211014_161005_591-1024x1024.webp\" alt=\"\" width=\"479\" height=\"479\" srcset=\"https:\/\/www.cuencasmineras.com\/wp-content\/uploads\/2021\/10\/IMG_20211014_161005_591-1024x1024.webp 1024w, https:\/\/www.cuencasmineras.com\/wp-content\/uploads\/2021\/10\/IMG_20211014_161005_591-300x300.webp 300w, https:\/\/www.cuencasmineras.com\/wp-content\/uploads\/2021\/10\/IMG_20211014_161005_591-150x150.webp 150w, https:\/\/www.cuencasmineras.com\/wp-content\/uploads\/2021\/10\/IMG_20211014_161005_591-768x768.webp 768w, https:\/\/www.cuencasmineras.com\/wp-content\/uploads\/2021\/10\/IMG_20211014_161005_591.webp 1080w\" sizes=\"auto, (max-width: 479px) 100vw, 479px\" \/> <img loading=\"lazy\" decoding=\"async\" class=\"wp-image-3545 alignleft\" src=\"https:\/\/www.cuencasmineras.com\/wp-content\/uploads\/2021\/10\/IMG_20211014_161005_518-1024x1024.webp\" alt=\"\" width=\"520\" height=\"520\" srcset=\"https:\/\/www.cuencasmineras.com\/wp-content\/uploads\/2021\/10\/IMG_20211014_161005_518-1024x1024.webp 1024w, https:\/\/www.cuencasmineras.com\/wp-content\/uploads\/2021\/10\/IMG_20211014_161005_518-300x300.webp 300w, https:\/\/www.cuencasmineras.com\/wp-content\/uploads\/2021\/10\/IMG_20211014_161005_518-150x150.webp 150w, https:\/\/www.cuencasmineras.com\/wp-content\/uploads\/2021\/10\/IMG_20211014_161005_518-768x768.webp 768w, https:\/\/www.cuencasmineras.com\/wp-content\/uploads\/2021\/10\/IMG_20211014_161005_518.webp 1080w\" sizes=\"auto, (max-width: 520px) 100vw, 520px\" \/> <img loading=\"lazy\" decoding=\"async\" class=\"wp-image-3546 alignright\" src=\"https:\/\/www.cuencasmineras.com\/wp-content\/uploads\/2021\/10\/IMG_20211014_161005_586-1024x1024.webp\" alt=\"\" width=\"424\" height=\"424\" srcset=\"https:\/\/www.cuencasmineras.com\/wp-content\/uploads\/2021\/10\/IMG_20211014_161005_586-1024x1024.webp 1024w, https:\/\/www.cuencasmineras.com\/wp-content\/uploads\/2021\/10\/IMG_20211014_161005_586-300x300.webp 300w, https:\/\/www.cuencasmineras.com\/wp-content\/uploads\/2021\/10\/IMG_20211014_161005_586-150x150.webp 150w, https:\/\/www.cuencasmineras.com\/wp-content\/uploads\/2021\/10\/IMG_20211014_161005_586-768x768.webp 768w, https:\/\/www.cuencasmineras.com\/wp-content\/uploads\/2021\/10\/IMG_20211014_161005_586.webp 1080w\" sizes=\"auto, (max-width: 424px) 100vw, 424px\" \/><\/p>\n","protected":false},"excerpt":{"rendered":"<p>Es un habitual que Asturias salga como la comunidad aut\u00f3noma m\u00e1senvejecida de Espa\u00f1a y, en m\u00faltiples ocasiones, de Europa.Nuestras personas mayores constituyen un sector muy importante denuestro concejo y, en consecuencia, podemos leer noticias en prensa como la construcci\u00f3n de una nueva residencia de mayores en Sama.Pero qu\u00e9 sorpresa que en Langreo la desidia gane [&hellip;]<\/p>\n","protected":false},"author":1,"featured_media":0,"comment_status":"open","ping_status":"open","sticky":false,"template":"","format":"standard","meta":{"footnotes":""},"categories":[6,8],"tags":[63,186],"class_list":["post-3542","post","type-post","status-publish","format-standard","hentry","category-noticias","category-nalon","tag-langreo","tag-ucin-langreo"],"yoast_head":"<!-- This site is optimized with the Yoast SEO plugin v27.4 - https:\/\/yoast.com\/product\/yoast-seo-wordpress\/ -->\n<title>UCIN LANGREO denuncia el mal estado de los APARATOS GERONTOLOGICOS en PASEO LLERONES<\/title>\n<meta name=\"robots\" content=\"index, follow, max-snippet:-1, max-image-preview:large, max-video-preview:-1\" \/>\n<link rel=\"canonical\" href=\"https:\/\/www.cuencasmineras.com\/index.php\/2021\/10\/15\/ucin-langreo-denuncia-el-mal-estado-de-los-aparatos-gerontologicos-en-paseo-llerones\/\" \/>\n<meta property=\"og:locale\" content=\"es_ES\" \/>\n<meta property=\"og:type\" content=\"article\" \/>\n<meta property=\"og:title\" content=\"UCIN LANGREO denuncia el mal estado de los APARATOS GERONTOLOGICOS en PASEO LLERONES\" \/>\n<meta property=\"og:description\" content=\"Es un habitual que Asturias salga como la comunidad aut\u00f3noma m\u00e1senvejecida de Espa\u00f1a y, en m\u00faltiples ocasiones, de Europa.Nuestras personas mayores constituyen un sector muy importante denuestro concejo y, en consecuencia, podemos leer noticias en prensa como la construcci\u00f3n de una nueva residencia de mayores en Sama.Pero qu\u00e9 sorpresa que en Langreo la desidia gane [&hellip;]\" \/>\n<meta property=\"og:url\" content=\"https:\/\/www.cuencasmineras.com\/index.php\/2021\/10\/15\/ucin-langreo-denuncia-el-mal-estado-de-los-aparatos-gerontologicos-en-paseo-llerones\/\" \/>\n<meta property=\"article:published_time\" content=\"2021-10-15T06:26:32+00:00\" \/>\n<meta property=\"og:image\" content=\"https:\/\/www.cuencasmineras.com\/wp-content\/uploads\/2021\/10\/IMG_20211014_161005_596-1024x1024.webp\" \/>\n<meta name=\"author\" content=\"admin\" \/>\n<meta name=\"twitter:card\" content=\"summary_large_image\" \/>\n<meta name=\"twitter:label1\" content=\"Escrito por\" \/>\n\t<meta name=\"twitter:data1\" content=\"admin\" \/>\n\t<meta name=\"twitter:label2\" content=\"Tiempo de lectura\" \/>\n\t<meta name=\"twitter:data2\" content=\"2 minutos\" \/>\n<script type=\"application\/ld+json\" class=\"yoast-schema-graph\">{\"@context\":\"https:\\\/\\\/schema.org\",\"@graph\":[{\"@type\":\"Article\",\"@id\":\"https:\\\/\\\/www.cuencasmineras.com\\\/index.php\\\/2021\\\/10\\\/15\\\/ucin-langreo-denuncia-el-mal-estado-de-los-aparatos-gerontologicos-en-paseo-llerones\\\/#article\",\"isPartOf\":{\"@id\":\"https:\\\/\\\/www.cuencasmineras.com\\\/index.php\\\/2021\\\/10\\\/15\\\/ucin-langreo-denuncia-el-mal-estado-de-los-aparatos-gerontologicos-en-paseo-llerones\\\/\"},\"author\":{\"name\":\"admin\",\"@id\":\"https:\\\/\\\/www.cuencasmineras.com\\\/#\\\/schema\\\/person\\\/be0691310e8496ec555f679dd688420c\"},\"headline\":\"UCIN LANGREO denuncia el mal estado de los APARATOS GERONTOLOGICOS en PASEO LLERONES\",\"datePublished\":\"2021-10-15T06:26:32+00:00\",\"mainEntityOfPage\":{\"@id\":\"https:\\\/\\\/www.cuencasmineras.com\\\/index.php\\\/2021\\\/10\\\/15\\\/ucin-langreo-denuncia-el-mal-estado-de-los-aparatos-gerontologicos-en-paseo-llerones\\\/\"},\"wordCount\":246,\"commentCount\":0,\"image\":{\"@id\":\"https:\\\/\\\/www.cuencasmineras.com\\\/index.php\\\/2021\\\/10\\\/15\\\/ucin-langreo-denuncia-el-mal-estado-de-los-aparatos-gerontologicos-en-paseo-llerones\\\/#primaryimage\"},\"thumbnailUrl\":\"https:\\\/\\\/www.cuencasmineras.com\\\/wp-content\\\/uploads\\\/2021\\\/10\\\/IMG_20211014_161005_596-1024x1024.webp\",\"keywords\":[\"langreo\",\"UCIN LANGREO\"],\"articleSection\":[\"CM NEWS\",\"Nal\u00f3n\"],\"inLanguage\":\"es\",\"potentialAction\":[{\"@type\":\"CommentAction\",\"name\":\"Comment\",\"target\":[\"https:\\\/\\\/www.cuencasmineras.com\\\/index.php\\\/2021\\\/10\\\/15\\\/ucin-langreo-denuncia-el-mal-estado-de-los-aparatos-gerontologicos-en-paseo-llerones\\\/#respond\"]}]},{\"@type\":\"WebPage\",\"@id\":\"https:\\\/\\\/www.cuencasmineras.com\\\/index.php\\\/2021\\\/10\\\/15\\\/ucin-langreo-denuncia-el-mal-estado-de-los-aparatos-gerontologicos-en-paseo-llerones\\\/\",\"url\":\"https:\\\/\\\/www.cuencasmineras.com\\\/index.php\\\/2021\\\/10\\\/15\\\/ucin-langreo-denuncia-el-mal-estado-de-los-aparatos-gerontologicos-en-paseo-llerones\\\/\",\"name\":\"UCIN LANGREO denuncia el mal estado de los APARATOS GERONTOLOGICOS en PASEO LLERONES\",\"isPartOf\":{\"@id\":\"https:\\\/\\\/www.cuencasmineras.com\\\/#website\"},\"primaryImageOfPage\":{\"@id\":\"https:\\\/\\\/www.cuencasmineras.com\\\/index.php\\\/2021\\\/10\\\/15\\\/ucin-langreo-denuncia-el-mal-estado-de-los-aparatos-gerontologicos-en-paseo-llerones\\\/#primaryimage\"},\"image\":{\"@id\":\"https:\\\/\\\/www.cuencasmineras.com\\\/index.php\\\/2021\\\/10\\\/15\\\/ucin-langreo-denuncia-el-mal-estado-de-los-aparatos-gerontologicos-en-paseo-llerones\\\/#primaryimage\"},\"thumbnailUrl\":\"https:\\\/\\\/www.cuencasmineras.com\\\/wp-content\\\/uploads\\\/2021\\\/10\\\/IMG_20211014_161005_596-1024x1024.webp\",\"datePublished\":\"2021-10-15T06:26:32+00:00\",\"author\":{\"@id\":\"https:\\\/\\\/www.cuencasmineras.com\\\/#\\\/schema\\\/person\\\/be0691310e8496ec555f679dd688420c\"},\"breadcrumb\":{\"@id\":\"https:\\\/\\\/www.cuencasmineras.com\\\/index.php\\\/2021\\\/10\\\/15\\\/ucin-langreo-denuncia-el-mal-estado-de-los-aparatos-gerontologicos-en-paseo-llerones\\\/#breadcrumb\"},\"inLanguage\":\"es\",\"potentialAction\":[{\"@type\":\"ReadAction\",\"target\":[\"https:\\\/\\\/www.cuencasmineras.com\\\/index.php\\\/2021\\\/10\\\/15\\\/ucin-langreo-denuncia-el-mal-estado-de-los-aparatos-gerontologicos-en-paseo-llerones\\\/\"]}]},{\"@type\":\"ImageObject\",\"inLanguage\":\"es\",\"@id\":\"https:\\\/\\\/www.cuencasmineras.com\\\/index.php\\\/2021\\\/10\\\/15\\\/ucin-langreo-denuncia-el-mal-estado-de-los-aparatos-gerontologicos-en-paseo-llerones\\\/#primaryimage\",\"url\":\"https:\\\/\\\/www.cuencasmineras.com\\\/wp-content\\\/uploads\\\/2021\\\/10\\\/IMG_20211014_161005_596-1024x1024.webp\",\"contentUrl\":\"https:\\\/\\\/www.cuencasmineras.com\\\/wp-content\\\/uploads\\\/2021\\\/10\\\/IMG_20211014_161005_596-1024x1024.webp\"},{\"@type\":\"BreadcrumbList\",\"@id\":\"https:\\\/\\\/www.cuencasmineras.com\\\/index.php\\\/2021\\\/10\\\/15\\\/ucin-langreo-denuncia-el-mal-estado-de-los-aparatos-gerontologicos-en-paseo-llerones\\\/#breadcrumb\",\"itemListElement\":[{\"@type\":\"ListItem\",\"position\":1,\"name\":\"Portada\",\"item\":\"https:\\\/\\\/www.cuencasmineras.com\\\/\"},{\"@type\":\"ListItem\",\"position\":2,\"name\":\"UCIN LANGREO denuncia el mal estado de los APARATOS GERONTOLOGICOS en PASEO LLERONES\"}]},{\"@type\":\"WebSite\",\"@id\":\"https:\\\/\\\/www.cuencasmineras.com\\\/#website\",\"url\":\"https:\\\/\\\/www.cuencasmineras.com\\\/\",\"name\":\"\",\"description\":\"\",\"potentialAction\":[{\"@type\":\"SearchAction\",\"target\":{\"@type\":\"EntryPoint\",\"urlTemplate\":\"https:\\\/\\\/www.cuencasmineras.com\\\/?s={search_term_string}\"},\"query-input\":{\"@type\":\"PropertyValueSpecification\",\"valueRequired\":true,\"valueName\":\"search_term_string\"}}],\"inLanguage\":\"es\"},{\"@type\":\"Person\",\"@id\":\"https:\\\/\\\/www.cuencasmineras.com\\\/#\\\/schema\\\/person\\\/be0691310e8496ec555f679dd688420c\",\"name\":\"admin\",\"image\":{\"@type\":\"ImageObject\",\"inLanguage\":\"es\",\"@id\":\"https:\\\/\\\/secure.gravatar.com\\\/avatar\\\/4afd2eed3b2fbbf36dd6707b5bd8a5b50ac648f033e36fbf85aeace2f0f859db?s=96&d=mm&r=g\",\"url\":\"https:\\\/\\\/secure.gravatar.com\\\/avatar\\\/4afd2eed3b2fbbf36dd6707b5bd8a5b50ac648f033e36fbf85aeace2f0f859db?s=96&d=mm&r=g\",\"contentUrl\":\"https:\\\/\\\/secure.gravatar.com\\\/avatar\\\/4afd2eed3b2fbbf36dd6707b5bd8a5b50ac648f033e36fbf85aeace2f0f859db?s=96&d=mm&r=g\",\"caption\":\"admin\"},\"sameAs\":[\"https:\\\/\\\/www.cuencasmineras.com\"],\"url\":\"https:\\\/\\\/www.cuencasmineras.com\\\/index.php\\\/author\\\/admin\\\/\"}]}<\/script>\n<!-- \/ Yoast SEO plugin. -->","yoast_head_json":{"title":"UCIN LANGREO denuncia el mal estado de los APARATOS GERONTOLOGICOS en PASEO LLERONES","robots":{"index":"index","follow":"follow","max-snippet":"max-snippet:-1","max-image-preview":"max-image-preview:large","max-video-preview":"max-video-preview:-1"},"canonical":"https:\/\/www.cuencasmineras.com\/index.php\/2021\/10\/15\/ucin-langreo-denuncia-el-mal-estado-de-los-aparatos-gerontologicos-en-paseo-llerones\/","og_locale":"es_ES","og_type":"article","og_title":"UCIN LANGREO denuncia el mal estado de los APARATOS GERONTOLOGICOS en PASEO LLERONES","og_description":"Es un habitual que Asturias salga como la comunidad aut\u00f3noma m\u00e1senvejecida de Espa\u00f1a y, en m\u00faltiples ocasiones, de Europa.Nuestras personas mayores constituyen un sector muy importante denuestro concejo y, en consecuencia, podemos leer noticias en prensa como la construcci\u00f3n de una nueva residencia de mayores en Sama.Pero qu\u00e9 sorpresa que en Langreo la desidia gane [&hellip;]","og_url":"https:\/\/www.cuencasmineras.com\/index.php\/2021\/10\/15\/ucin-langreo-denuncia-el-mal-estado-de-los-aparatos-gerontologicos-en-paseo-llerones\/","article_published_time":"2021-10-15T06:26:32+00:00","og_image":[{"url":"https:\/\/www.cuencasmineras.com\/wp-content\/uploads\/2021\/10\/IMG_20211014_161005_596-1024x1024.webp","type":"","width":"","height":""}],"author":"admin","twitter_card":"summary_large_image","twitter_misc":{"Escrito por":"admin","Tiempo de lectura":"2 minutos"},"schema":{"@context":"https:\/\/schema.org","@graph":[{"@type":"Article","@id":"https:\/\/www.cuencasmineras.com\/index.php\/2021\/10\/15\/ucin-langreo-denuncia-el-mal-estado-de-los-aparatos-gerontologicos-en-paseo-llerones\/#article","isPartOf":{"@id":"https:\/\/www.cuencasmineras.com\/index.php\/2021\/10\/15\/ucin-langreo-denuncia-el-mal-estado-de-los-aparatos-gerontologicos-en-paseo-llerones\/"},"author":{"name":"admin","@id":"https:\/\/www.cuencasmineras.com\/#\/schema\/person\/be0691310e8496ec555f679dd688420c"},"headline":"UCIN LANGREO denuncia el mal estado de los APARATOS GERONTOLOGICOS en PASEO LLERONES","datePublished":"2021-10-15T06:26:32+00:00","mainEntityOfPage":{"@id":"https:\/\/www.cuencasmineras.com\/index.php\/2021\/10\/15\/ucin-langreo-denuncia-el-mal-estado-de-los-aparatos-gerontologicos-en-paseo-llerones\/"},"wordCount":246,"commentCount":0,"image":{"@id":"https:\/\/www.cuencasmineras.com\/index.php\/2021\/10\/15\/ucin-langreo-denuncia-el-mal-estado-de-los-aparatos-gerontologicos-en-paseo-llerones\/#primaryimage"},"thumbnailUrl":"https:\/\/www.cuencasmineras.com\/wp-content\/uploads\/2021\/10\/IMG_20211014_161005_596-1024x1024.webp","keywords":["langreo","UCIN LANGREO"],"articleSection":["CM NEWS","Nal\u00f3n"],"inLanguage":"es","potentialAction":[{"@type":"CommentAction","name":"Comment","target":["https:\/\/www.cuencasmineras.com\/index.php\/2021\/10\/15\/ucin-langreo-denuncia-el-mal-estado-de-los-aparatos-gerontologicos-en-paseo-llerones\/#respond"]}]},{"@type":"WebPage","@id":"https:\/\/www.cuencasmineras.com\/index.php\/2021\/10\/15\/ucin-langreo-denuncia-el-mal-estado-de-los-aparatos-gerontologicos-en-paseo-llerones\/","url":"https:\/\/www.cuencasmineras.com\/index.php\/2021\/10\/15\/ucin-langreo-denuncia-el-mal-estado-de-los-aparatos-gerontologicos-en-paseo-llerones\/","name":"UCIN LANGREO denuncia el mal estado de los APARATOS GERONTOLOGICOS en PASEO LLERONES","isPartOf":{"@id":"https:\/\/www.cuencasmineras.com\/#website"},"primaryImageOfPage":{"@id":"https:\/\/www.cuencasmineras.com\/index.php\/2021\/10\/15\/ucin-langreo-denuncia-el-mal-estado-de-los-aparatos-gerontologicos-en-paseo-llerones\/#primaryimage"},"image":{"@id":"https:\/\/www.cuencasmineras.com\/index.php\/2021\/10\/15\/ucin-langreo-denuncia-el-mal-estado-de-los-aparatos-gerontologicos-en-paseo-llerones\/#primaryimage"},"thumbnailUrl":"https:\/\/www.cuencasmineras.com\/wp-content\/uploads\/2021\/10\/IMG_20211014_161005_596-1024x1024.webp","datePublished":"2021-10-15T06:26:32+00:00","author":{"@id":"https:\/\/www.cuencasmineras.com\/#\/schema\/person\/be0691310e8496ec555f679dd688420c"},"breadcrumb":{"@id":"https:\/\/www.cuencasmineras.com\/index.php\/2021\/10\/15\/ucin-langreo-denuncia-el-mal-estado-de-los-aparatos-gerontologicos-en-paseo-llerones\/#breadcrumb"},"inLanguage":"es","potentialAction":[{"@type":"ReadAction","target":["https:\/\/www.cuencasmineras.com\/index.php\/2021\/10\/15\/ucin-langreo-denuncia-el-mal-estado-de-los-aparatos-gerontologicos-en-paseo-llerones\/"]}]},{"@type":"ImageObject","inLanguage":"es","@id":"https:\/\/www.cuencasmineras.com\/index.php\/2021\/10\/15\/ucin-langreo-denuncia-el-mal-estado-de-los-aparatos-gerontologicos-en-paseo-llerones\/#primaryimage","url":"https:\/\/www.cuencasmineras.com\/wp-content\/uploads\/2021\/10\/IMG_20211014_161005_596-1024x1024.webp","contentUrl":"https:\/\/www.cuencasmineras.com\/wp-content\/uploads\/2021\/10\/IMG_20211014_161005_596-1024x1024.webp"},{"@type":"BreadcrumbList","@id":"https:\/\/www.cuencasmineras.com\/index.php\/2021\/10\/15\/ucin-langreo-denuncia-el-mal-estado-de-los-aparatos-gerontologicos-en-paseo-llerones\/#breadcrumb","itemListElement":[{"@type":"ListItem","position":1,"name":"Portada","item":"https:\/\/www.cuencasmineras.com\/"},{"@type":"ListItem","position":2,"name":"UCIN LANGREO denuncia el mal estado de los APARATOS GERONTOLOGICOS en PASEO LLERONES"}]},{"@type":"WebSite","@id":"https:\/\/www.cuencasmineras.com\/#website","url":"https:\/\/www.cuencasmineras.com\/","name":"","description":"","potentialAction":[{"@type":"SearchAction","target":{"@type":"EntryPoint","urlTemplate":"https:\/\/www.cuencasmineras.com\/?s={search_term_string}"},"query-input":{"@type":"PropertyValueSpecification","valueRequired":true,"valueName":"search_term_string"}}],"inLanguage":"es"},{"@type":"Person","@id":"https:\/\/www.cuencasmineras.com\/#\/schema\/person\/be0691310e8496ec555f679dd688420c","name":"admin","image":{"@type":"ImageObject","inLanguage":"es","@id":"https:\/\/secure.gravatar.com\/avatar\/4afd2eed3b2fbbf36dd6707b5bd8a5b50ac648f033e36fbf85aeace2f0f859db?s=96&d=mm&r=g","url":"https:\/\/secure.gravatar.com\/avatar\/4afd2eed3b2fbbf36dd6707b5bd8a5b50ac648f033e36fbf85aeace2f0f859db?s=96&d=mm&r=g","contentUrl":"https:\/\/secure.gravatar.com\/avatar\/4afd2eed3b2fbbf36dd6707b5bd8a5b50ac648f033e36fbf85aeace2f0f859db?s=96&d=mm&r=g","caption":"admin"},"sameAs":["https:\/\/www.cuencasmineras.com"],"url":"https:\/\/www.cuencasmineras.com\/index.php\/author\/admin\/"}]}},"_links":{"self":[{"href":"https:\/\/www.cuencasmineras.com\/index.php\/wp-json\/wp\/v2\/posts\/3542","targetHints":{"allow":["GET"]}}],"collection":[{"href":"https:\/\/www.cuencasmineras.com\/index.php\/wp-json\/wp\/v2\/posts"}],"about":[{"href":"https:\/\/www.cuencasmineras.com\/index.php\/wp-json\/wp\/v2\/types\/post"}],"author":[{"embeddable":true,"href":"https:\/\/www.cuencasmineras.com\/index.php\/wp-json\/wp\/v2\/users\/1"}],"replies":[{"embeddable":true,"href":"https:\/\/www.cuencasmineras.com\/index.php\/wp-json\/wp\/v2\/comments?post=3542"}],"version-history":[{"count":1,"href":"https:\/\/www.cuencasmineras.com\/index.php\/wp-json\/wp\/v2\/posts\/3542\/revisions"}],"predecessor-version":[{"id":3547,"href":"https:\/\/www.cuencasmineras.com\/index.php\/wp-json\/wp\/v2\/posts\/3542\/revisions\/3547"}],"wp:attachment":[{"href":"https:\/\/www.cuencasmineras.com\/index.php\/wp-json\/wp\/v2\/media?parent=3542"}],"wp:term":[{"taxonomy":"category","embeddable":true,"href":"https:\/\/www.cuencasmineras.com\/index.php\/wp-json\/wp\/v2\/categories?post=3542"},{"taxonomy":"post_tag","embeddable":true,"href":"https:\/\/www.cuencasmineras.com\/index.php\/wp-json\/wp\/v2\/tags?post=3542"}],"curies":[{"name":"wp","href":"https:\/\/api.w.org\/{rel}","templated":true}]}}