{"id":3548,"date":"2021-10-15T14:25:49","date_gmt":"2021-10-15T14:25:49","guid":{"rendered":"https:\/\/www.cuencasmineras.com\/?p=3548"},"modified":"2021-10-15T14:25:49","modified_gmt":"2021-10-15T14:25:49","slug":"los-pisos-tutelados-del-valle-de-turon-eran-una-promesa-electoral-del-pp-de-mieres","status":"publish","type":"post","link":"https:\/\/www.cuencasmineras.com\/index.php\/2021\/10\/15\/los-pisos-tutelados-del-valle-de-turon-eran-una-promesa-electoral-del-pp-de-mieres\/","title":{"rendered":"Los PISOS TUTELADOS del VALLE DE TUR\u00d3N eran una promesa electoral del PP de Mieres"},"content":{"rendered":"<p style=\"text-align: justify;\">Despu\u00e9s de 10 a\u00f1os por fin se toma en cuenta una propuesta del Partido Popular:<\/p>\n<p style=\"text-align: justify;\"><strong>EL GRUPO MUNICIPAL DEL PARTIDO POPULAR AGRADECEMOS QUE POR FIN SE TENGA EN CUENTA UNA REIVINDICACI\u00d3N NUESTRA, PLANTEADA YA DESDE EL A\u00d1O 2011. <\/strong><\/p>\n<p style=\"text-align: justify;\"><strong>\u00a0<\/strong><\/p>\n<ul style=\"text-align: justify;\">\n<li><strong>Presentado por primera vez en el a\u00f1o 2005 al pleno, llevado en numerosas mociones y en los programas electorales de 2011, 2015 y 2019.<\/strong><\/li>\n<li><strong>Esperamos que en los presupuestos del Principado para el a\u00f1o 2022 venga una partida suficiente no solo para elaborar un proyecto sino tambi\u00e9n para asegurar la licitaci\u00f3n y ejecuci\u00f3n de este equipamiento. <\/strong><\/li>\n<\/ul>\n<p style=\"text-align: justify;\"><strong><u>15, octubre de 2021.-<\/u><\/strong><\/p>\n<p style=\"text-align: justify;\">El Grupo Municipal del Partido Popular <strong>ya en el a\u00f1o 2005<\/strong> present\u00f3 mociones en el ayuntamiento solicitando la instalaci\u00f3n de viviendas tuteladas para mayores en el Valle de Tur\u00f3n, en vista del envejecimiento de la poblaci\u00f3n del Concejo y la necesidad de la mejora de atenci\u00f3n de nuestros mayores. Posteriormente y en vista que el colegio de la Salle hab\u00eda quedado vac\u00edo, <strong>en los programas electorales del 2011, 2015 y 2019 se reivindic\u00f3 la instalaci\u00f3n de las viviendas tuteladas<\/strong> en los locales de este colegio.<\/p>\n<p style=\"text-align: justify;\">A la vez se han ido repitiendo la presentaci\u00f3n de numerosas mociones reclamando que el ayuntamiento solicitara al Principado la construcci\u00f3n de estas viviendas tuteladas para mayores.\u00a0 <strong>Han tenido que pasar 10 a\u00f1os para que, una idea primigenia del Partido Popular fuese tomada en cuenta<\/strong>, tanto por el gobierno municipal, a pesar de que incluso Izquierda Unida llego a ser titular de la Consejer\u00eda de Bienestar Social en el Principado, como por el Gobierno Auton\u00f3mico, algo que agradecemos por eso de que \u201c<strong>m\u00e1s vale tarde que nunca<\/strong>\u201d.<\/p>\n<p style=\"text-align: justify;\">Esperemos que esta vez no se repita la situaci\u00f3n del 2018 en que el alcalde vendi\u00f3 como negociado y acordado este mismo proyecto a meses de unas elecciones, y que <strong>en esta ocasi\u00f3n los presupuestos de 2022 recojan la cantidad suficiente,<\/strong> no solo para elaborar un proyecto que acabe perdido en los despachos, sino tambi\u00e9n para la licitaci\u00f3n y ejecuci\u00f3n de la obra.<\/p>\n<p style=\"text-align: justify;\">Desde el Partido Popular creemos que de una vez por todas el gobierno auton\u00f3mico y el municipal apuesten por el Valle de Tur\u00f3n y al Concejo de Mieres.<\/p>\n","protected":false},"excerpt":{"rendered":"<p>Despu\u00e9s de 10 a\u00f1os por fin se toma en cuenta una propuesta del Partido Popular: EL GRUPO MUNICIPAL DEL PARTIDO POPULAR AGRADECEMOS QUE POR FIN SE TENGA EN CUENTA UNA REIVINDICACI\u00d3N NUESTRA, PLANTEADA YA DESDE EL A\u00d1O 2011. \u00a0 Presentado por primera vez en el a\u00f1o 2005 al pleno, llevado en numerosas mociones y en [&hellip;]<\/p>\n","protected":false},"author":1,"featured_media":3549,"comment_status":"open","ping_status":"open","sticky":false,"template":"","format":"standard","meta":{"footnotes":""},"categories":[7,6],"tags":[31,125],"class_list":["post-3548","post","type-post","status-publish","format-standard","has-post-thumbnail","hentry","category-caudal","category-noticias","tag-mieres","tag-pp-mieres"],"yoast_head":"<!-- This site is optimized with the Yoast SEO plugin v27.4 - https:\/\/yoast.com\/product\/yoast-seo-wordpress\/ -->\n<title>Los PISOS TUTELADOS del VALLE DE TUR\u00d3N eran una promesa electoral del PP de Mieres<\/title>\n<meta name=\"robots\" content=\"index, follow, max-snippet:-1, max-image-preview:large, max-video-preview:-1\" \/>\n<link rel=\"canonical\" href=\"https:\/\/www.cuencasmineras.com\/index.php\/2021\/10\/15\/los-pisos-tutelados-del-valle-de-turon-eran-una-promesa-electoral-del-pp-de-mieres\/\" \/>\n<meta property=\"og:locale\" content=\"es_ES\" \/>\n<meta property=\"og:type\" content=\"article\" \/>\n<meta property=\"og:title\" content=\"Los PISOS TUTELADOS del VALLE DE TUR\u00d3N eran una promesa electoral del PP de Mieres\" \/>\n<meta property=\"og:description\" content=\"Despu\u00e9s de 10 a\u00f1os por fin se toma en cuenta una propuesta del Partido Popular: EL GRUPO MUNICIPAL DEL PARTIDO POPULAR AGRADECEMOS QUE POR FIN SE TENGA EN CUENTA UNA REIVINDICACI\u00d3N NUESTRA, PLANTEADA YA DESDE EL A\u00d1O 2011. \u00a0 Presentado por primera vez en el a\u00f1o 2005 al pleno, llevado en numerosas mociones y en [&hellip;]\" \/>\n<meta property=\"og:url\" content=\"https:\/\/www.cuencasmineras.com\/index.php\/2021\/10\/15\/los-pisos-tutelados-del-valle-de-turon-eran-una-promesa-electoral-del-pp-de-mieres\/\" \/>\n<meta property=\"article:published_time\" content=\"2021-10-15T14:25:49+00:00\" \/>\n<meta property=\"og:image\" content=\"https:\/\/www.cuencasmineras.com\/wp-content\/uploads\/2021\/10\/68372093-1248x830-1.jpg\" \/>\n\t<meta property=\"og:image:width\" content=\"1248\" \/>\n\t<meta property=\"og:image:height\" content=\"830\" \/>\n\t<meta property=\"og:image:type\" content=\"image\/jpeg\" \/>\n<meta name=\"author\" content=\"admin\" \/>\n<meta name=\"twitter:card\" content=\"summary_large_image\" \/>\n<meta name=\"twitter:label1\" content=\"Escrito por\" \/>\n\t<meta name=\"twitter:data1\" content=\"admin\" \/>\n\t<meta name=\"twitter:label2\" content=\"Tiempo de lectura\" \/>\n\t<meta name=\"twitter:data2\" content=\"2 minutos\" \/>\n<script type=\"application\/ld+json\" class=\"yoast-schema-graph\">{\"@context\":\"https:\\\/\\\/schema.org\",\"@graph\":[{\"@type\":\"Article\",\"@id\":\"https:\\\/\\\/www.cuencasmineras.com\\\/index.php\\\/2021\\\/10\\\/15\\\/los-pisos-tutelados-del-valle-de-turon-eran-una-promesa-electoral-del-pp-de-mieres\\\/#article\",\"isPartOf\":{\"@id\":\"https:\\\/\\\/www.cuencasmineras.com\\\/index.php\\\/2021\\\/10\\\/15\\\/los-pisos-tutelados-del-valle-de-turon-eran-una-promesa-electoral-del-pp-de-mieres\\\/\"},\"author\":{\"name\":\"admin\",\"@id\":\"https:\\\/\\\/www.cuencasmineras.com\\\/#\\\/schema\\\/person\\\/be0691310e8496ec555f679dd688420c\"},\"headline\":\"Los PISOS TUTELADOS del VALLE DE TUR\u00d3N eran una promesa electoral del PP de Mieres\",\"datePublished\":\"2021-10-15T14:25:49+00:00\",\"mainEntityOfPage\":{\"@id\":\"https:\\\/\\\/www.cuencasmineras.com\\\/index.php\\\/2021\\\/10\\\/15\\\/los-pisos-tutelados-del-valle-de-turon-eran-una-promesa-electoral-del-pp-de-mieres\\\/\"},\"wordCount\":392,\"commentCount\":0,\"image\":{\"@id\":\"https:\\\/\\\/www.cuencasmineras.com\\\/index.php\\\/2021\\\/10\\\/15\\\/los-pisos-tutelados-del-valle-de-turon-eran-una-promesa-electoral-del-pp-de-mieres\\\/#primaryimage\"},\"thumbnailUrl\":\"https:\\\/\\\/www.cuencasmineras.com\\\/wp-content\\\/uploads\\\/2021\\\/10\\\/68372093-1248x830-1.jpg\",\"keywords\":[\"mieres\",\"PP MIERES\"],\"articleSection\":[\"Caudal\",\"CM NEWS\"],\"inLanguage\":\"es\",\"potentialAction\":[{\"@type\":\"CommentAction\",\"name\":\"Comment\",\"target\":[\"https:\\\/\\\/www.cuencasmineras.com\\\/index.php\\\/2021\\\/10\\\/15\\\/los-pisos-tutelados-del-valle-de-turon-eran-una-promesa-electoral-del-pp-de-mieres\\\/#respond\"]}]},{\"@type\":\"WebPage\",\"@id\":\"https:\\\/\\\/www.cuencasmineras.com\\\/index.php\\\/2021\\\/10\\\/15\\\/los-pisos-tutelados-del-valle-de-turon-eran-una-promesa-electoral-del-pp-de-mieres\\\/\",\"url\":\"https:\\\/\\\/www.cuencasmineras.com\\\/index.php\\\/2021\\\/10\\\/15\\\/los-pisos-tutelados-del-valle-de-turon-eran-una-promesa-electoral-del-pp-de-mieres\\\/\",\"name\":\"Los PISOS TUTELADOS del VALLE DE TUR\u00d3N eran una promesa electoral del PP de Mieres\",\"isPartOf\":{\"@id\":\"https:\\\/\\\/www.cuencasmineras.com\\\/#website\"},\"primaryImageOfPage\":{\"@id\":\"https:\\\/\\\/www.cuencasmineras.com\\\/index.php\\\/2021\\\/10\\\/15\\\/los-pisos-tutelados-del-valle-de-turon-eran-una-promesa-electoral-del-pp-de-mieres\\\/#primaryimage\"},\"image\":{\"@id\":\"https:\\\/\\\/www.cuencasmineras.com\\\/index.php\\\/2021\\\/10\\\/15\\\/los-pisos-tutelados-del-valle-de-turon-eran-una-promesa-electoral-del-pp-de-mieres\\\/#primaryimage\"},\"thumbnailUrl\":\"https:\\\/\\\/www.cuencasmineras.com\\\/wp-content\\\/uploads\\\/2021\\\/10\\\/68372093-1248x830-1.jpg\",\"datePublished\":\"2021-10-15T14:25:49+00:00\",\"author\":{\"@id\":\"https:\\\/\\\/www.cuencasmineras.com\\\/#\\\/schema\\\/person\\\/be0691310e8496ec555f679dd688420c\"},\"breadcrumb\":{\"@id\":\"https:\\\/\\\/www.cuencasmineras.com\\\/index.php\\\/2021\\\/10\\\/15\\\/los-pisos-tutelados-del-valle-de-turon-eran-una-promesa-electoral-del-pp-de-mieres\\\/#breadcrumb\"},\"inLanguage\":\"es\",\"potentialAction\":[{\"@type\":\"ReadAction\",\"target\":[\"https:\\\/\\\/www.cuencasmineras.com\\\/index.php\\\/2021\\\/10\\\/15\\\/los-pisos-tutelados-del-valle-de-turon-eran-una-promesa-electoral-del-pp-de-mieres\\\/\"]}]},{\"@type\":\"ImageObject\",\"inLanguage\":\"es\",\"@id\":\"https:\\\/\\\/www.cuencasmineras.com\\\/index.php\\\/2021\\\/10\\\/15\\\/los-pisos-tutelados-del-valle-de-turon-eran-una-promesa-electoral-del-pp-de-mieres\\\/#primaryimage\",\"url\":\"https:\\\/\\\/www.cuencasmineras.com\\\/wp-content\\\/uploads\\\/2021\\\/10\\\/68372093-1248x830-1.jpg\",\"contentUrl\":\"https:\\\/\\\/www.cuencasmineras.com\\\/wp-content\\\/uploads\\\/2021\\\/10\\\/68372093-1248x830-1.jpg\",\"width\":1248,\"height\":830},{\"@type\":\"BreadcrumbList\",\"@id\":\"https:\\\/\\\/www.cuencasmineras.com\\\/index.php\\\/2021\\\/10\\\/15\\\/los-pisos-tutelados-del-valle-de-turon-eran-una-promesa-electoral-del-pp-de-mieres\\\/#breadcrumb\",\"itemListElement\":[{\"@type\":\"ListItem\",\"position\":1,\"name\":\"Portada\",\"item\":\"https:\\\/\\\/www.cuencasmineras.com\\\/\"},{\"@type\":\"ListItem\",\"position\":2,\"name\":\"Los PISOS TUTELADOS del VALLE DE TUR\u00d3N eran una promesa electoral del PP de Mieres\"}]},{\"@type\":\"WebSite\",\"@id\":\"https:\\\/\\\/www.cuencasmineras.com\\\/#website\",\"url\":\"https:\\\/\\\/www.cuencasmineras.com\\\/\",\"name\":\"\",\"description\":\"\",\"potentialAction\":[{\"@type\":\"SearchAction\",\"target\":{\"@type\":\"EntryPoint\",\"urlTemplate\":\"https:\\\/\\\/www.cuencasmineras.com\\\/?s={search_term_string}\"},\"query-input\":{\"@type\":\"PropertyValueSpecification\",\"valueRequired\":true,\"valueName\":\"search_term_string\"}}],\"inLanguage\":\"es\"},{\"@type\":\"Person\",\"@id\":\"https:\\\/\\\/www.cuencasmineras.com\\\/#\\\/schema\\\/person\\\/be0691310e8496ec555f679dd688420c\",\"name\":\"admin\",\"image\":{\"@type\":\"ImageObject\",\"inLanguage\":\"es\",\"@id\":\"https:\\\/\\\/secure.gravatar.com\\\/avatar\\\/4afd2eed3b2fbbf36dd6707b5bd8a5b50ac648f033e36fbf85aeace2f0f859db?s=96&d=mm&r=g\",\"url\":\"https:\\\/\\\/secure.gravatar.com\\\/avatar\\\/4afd2eed3b2fbbf36dd6707b5bd8a5b50ac648f033e36fbf85aeace2f0f859db?s=96&d=mm&r=g\",\"contentUrl\":\"https:\\\/\\\/secure.gravatar.com\\\/avatar\\\/4afd2eed3b2fbbf36dd6707b5bd8a5b50ac648f033e36fbf85aeace2f0f859db?s=96&d=mm&r=g\",\"caption\":\"admin\"},\"sameAs\":[\"https:\\\/\\\/www.cuencasmineras.com\"],\"url\":\"https:\\\/\\\/www.cuencasmineras.com\\\/index.php\\\/author\\\/admin\\\/\"}]}<\/script>\n<!-- \/ Yoast SEO plugin. -->","yoast_head_json":{"title":"Los PISOS TUTELADOS del VALLE DE TUR\u00d3N eran una promesa electoral del PP de Mieres","robots":{"index":"index","follow":"follow","max-snippet":"max-snippet:-1","max-image-preview":"max-image-preview:large","max-video-preview":"max-video-preview:-1"},"canonical":"https:\/\/www.cuencasmineras.com\/index.php\/2021\/10\/15\/los-pisos-tutelados-del-valle-de-turon-eran-una-promesa-electoral-del-pp-de-mieres\/","og_locale":"es_ES","og_type":"article","og_title":"Los PISOS TUTELADOS del VALLE DE TUR\u00d3N eran una promesa electoral del PP de Mieres","og_description":"Despu\u00e9s de 10 a\u00f1os por fin se toma en cuenta una propuesta del Partido Popular: EL GRUPO MUNICIPAL DEL PARTIDO POPULAR AGRADECEMOS QUE POR FIN SE TENGA EN CUENTA UNA REIVINDICACI\u00d3N NUESTRA, PLANTEADA YA DESDE EL A\u00d1O 2011. \u00a0 Presentado por primera vez en el a\u00f1o 2005 al pleno, llevado en numerosas mociones y en [&hellip;]","og_url":"https:\/\/www.cuencasmineras.com\/index.php\/2021\/10\/15\/los-pisos-tutelados-del-valle-de-turon-eran-una-promesa-electoral-del-pp-de-mieres\/","article_published_time":"2021-10-15T14:25:49+00:00","og_image":[{"width":1248,"height":830,"url":"https:\/\/www.cuencasmineras.com\/wp-content\/uploads\/2021\/10\/68372093-1248x830-1.jpg","type":"image\/jpeg"}],"author":"admin","twitter_card":"summary_large_image","twitter_misc":{"Escrito por":"admin","Tiempo de lectura":"2 minutos"},"schema":{"@context":"https:\/\/schema.org","@graph":[{"@type":"Article","@id":"https:\/\/www.cuencasmineras.com\/index.php\/2021\/10\/15\/los-pisos-tutelados-del-valle-de-turon-eran-una-promesa-electoral-del-pp-de-mieres\/#article","isPartOf":{"@id":"https:\/\/www.cuencasmineras.com\/index.php\/2021\/10\/15\/los-pisos-tutelados-del-valle-de-turon-eran-una-promesa-electoral-del-pp-de-mieres\/"},"author":{"name":"admin","@id":"https:\/\/www.cuencasmineras.com\/#\/schema\/person\/be0691310e8496ec555f679dd688420c"},"headline":"Los PISOS TUTELADOS del VALLE DE TUR\u00d3N eran una promesa electoral del PP de Mieres","datePublished":"2021-10-15T14:25:49+00:00","mainEntityOfPage":{"@id":"https:\/\/www.cuencasmineras.com\/index.php\/2021\/10\/15\/los-pisos-tutelados-del-valle-de-turon-eran-una-promesa-electoral-del-pp-de-mieres\/"},"wordCount":392,"commentCount":0,"image":{"@id":"https:\/\/www.cuencasmineras.com\/index.php\/2021\/10\/15\/los-pisos-tutelados-del-valle-de-turon-eran-una-promesa-electoral-del-pp-de-mieres\/#primaryimage"},"thumbnailUrl":"https:\/\/www.cuencasmineras.com\/wp-content\/uploads\/2021\/10\/68372093-1248x830-1.jpg","keywords":["mieres","PP MIERES"],"articleSection":["Caudal","CM NEWS"],"inLanguage":"es","potentialAction":[{"@type":"CommentAction","name":"Comment","target":["https:\/\/www.cuencasmineras.com\/index.php\/2021\/10\/15\/los-pisos-tutelados-del-valle-de-turon-eran-una-promesa-electoral-del-pp-de-mieres\/#respond"]}]},{"@type":"WebPage","@id":"https:\/\/www.cuencasmineras.com\/index.php\/2021\/10\/15\/los-pisos-tutelados-del-valle-de-turon-eran-una-promesa-electoral-del-pp-de-mieres\/","url":"https:\/\/www.cuencasmineras.com\/index.php\/2021\/10\/15\/los-pisos-tutelados-del-valle-de-turon-eran-una-promesa-electoral-del-pp-de-mieres\/","name":"Los PISOS TUTELADOS del VALLE DE TUR\u00d3N eran una promesa electoral del PP de Mieres","isPartOf":{"@id":"https:\/\/www.cuencasmineras.com\/#website"},"primaryImageOfPage":{"@id":"https:\/\/www.cuencasmineras.com\/index.php\/2021\/10\/15\/los-pisos-tutelados-del-valle-de-turon-eran-una-promesa-electoral-del-pp-de-mieres\/#primaryimage"},"image":{"@id":"https:\/\/www.cuencasmineras.com\/index.php\/2021\/10\/15\/los-pisos-tutelados-del-valle-de-turon-eran-una-promesa-electoral-del-pp-de-mieres\/#primaryimage"},"thumbnailUrl":"https:\/\/www.cuencasmineras.com\/wp-content\/uploads\/2021\/10\/68372093-1248x830-1.jpg","datePublished":"2021-10-15T14:25:49+00:00","author":{"@id":"https:\/\/www.cuencasmineras.com\/#\/schema\/person\/be0691310e8496ec555f679dd688420c"},"breadcrumb":{"@id":"https:\/\/www.cuencasmineras.com\/index.php\/2021\/10\/15\/los-pisos-tutelados-del-valle-de-turon-eran-una-promesa-electoral-del-pp-de-mieres\/#breadcrumb"},"inLanguage":"es","potentialAction":[{"@type":"ReadAction","target":["https:\/\/www.cuencasmineras.com\/index.php\/2021\/10\/15\/los-pisos-tutelados-del-valle-de-turon-eran-una-promesa-electoral-del-pp-de-mieres\/"]}]},{"@type":"ImageObject","inLanguage":"es","@id":"https:\/\/www.cuencasmineras.com\/index.php\/2021\/10\/15\/los-pisos-tutelados-del-valle-de-turon-eran-una-promesa-electoral-del-pp-de-mieres\/#primaryimage","url":"https:\/\/www.cuencasmineras.com\/wp-content\/uploads\/2021\/10\/68372093-1248x830-1.jpg","contentUrl":"https:\/\/www.cuencasmineras.com\/wp-content\/uploads\/2021\/10\/68372093-1248x830-1.jpg","width":1248,"height":830},{"@type":"BreadcrumbList","@id":"https:\/\/www.cuencasmineras.com\/index.php\/2021\/10\/15\/los-pisos-tutelados-del-valle-de-turon-eran-una-promesa-electoral-del-pp-de-mieres\/#breadcrumb","itemListElement":[{"@type":"ListItem","position":1,"name":"Portada","item":"https:\/\/www.cuencasmineras.com\/"},{"@type":"ListItem","position":2,"name":"Los PISOS TUTELADOS del VALLE DE TUR\u00d3N eran una promesa electoral del PP de Mieres"}]},{"@type":"WebSite","@id":"https:\/\/www.cuencasmineras.com\/#website","url":"https:\/\/www.cuencasmineras.com\/","name":"","description":"","potentialAction":[{"@type":"SearchAction","target":{"@type":"EntryPoint","urlTemplate":"https:\/\/www.cuencasmineras.com\/?s={search_term_string}"},"query-input":{"@type":"PropertyValueSpecification","valueRequired":true,"valueName":"search_term_string"}}],"inLanguage":"es"},{"@type":"Person","@id":"https:\/\/www.cuencasmineras.com\/#\/schema\/person\/be0691310e8496ec555f679dd688420c","name":"admin","image":{"@type":"ImageObject","inLanguage":"es","@id":"https:\/\/secure.gravatar.com\/avatar\/4afd2eed3b2fbbf36dd6707b5bd8a5b50ac648f033e36fbf85aeace2f0f859db?s=96&d=mm&r=g","url":"https:\/\/secure.gravatar.com\/avatar\/4afd2eed3b2fbbf36dd6707b5bd8a5b50ac648f033e36fbf85aeace2f0f859db?s=96&d=mm&r=g","contentUrl":"https:\/\/secure.gravatar.com\/avatar\/4afd2eed3b2fbbf36dd6707b5bd8a5b50ac648f033e36fbf85aeace2f0f859db?s=96&d=mm&r=g","caption":"admin"},"sameAs":["https:\/\/www.cuencasmineras.com"],"url":"https:\/\/www.cuencasmineras.com\/index.php\/author\/admin\/"}]}},"_links":{"self":[{"href":"https:\/\/www.cuencasmineras.com\/index.php\/wp-json\/wp\/v2\/posts\/3548","targetHints":{"allow":["GET"]}}],"collection":[{"href":"https:\/\/www.cuencasmineras.com\/index.php\/wp-json\/wp\/v2\/posts"}],"about":[{"href":"https:\/\/www.cuencasmineras.com\/index.php\/wp-json\/wp\/v2\/types\/post"}],"author":[{"embeddable":true,"href":"https:\/\/www.cuencasmineras.com\/index.php\/wp-json\/wp\/v2\/users\/1"}],"replies":[{"embeddable":true,"href":"https:\/\/www.cuencasmineras.com\/index.php\/wp-json\/wp\/v2\/comments?post=3548"}],"version-history":[{"count":1,"href":"https:\/\/www.cuencasmineras.com\/index.php\/wp-json\/wp\/v2\/posts\/3548\/revisions"}],"predecessor-version":[{"id":3550,"href":"https:\/\/www.cuencasmineras.com\/index.php\/wp-json\/wp\/v2\/posts\/3548\/revisions\/3550"}],"wp:featuredmedia":[{"embeddable":true,"href":"https:\/\/www.cuencasmineras.com\/index.php\/wp-json\/wp\/v2\/media\/3549"}],"wp:attachment":[{"href":"https:\/\/www.cuencasmineras.com\/index.php\/wp-json\/wp\/v2\/media?parent=3548"}],"wp:term":[{"taxonomy":"category","embeddable":true,"href":"https:\/\/www.cuencasmineras.com\/index.php\/wp-json\/wp\/v2\/categories?post=3548"},{"taxonomy":"post_tag","embeddable":true,"href":"https:\/\/www.cuencasmineras.com\/index.php\/wp-json\/wp\/v2\/tags?post=3548"}],"curies":[{"name":"wp","href":"https:\/\/api.w.org\/{rel}","templated":true}]}}