{"id":3562,"date":"2021-10-17T12:52:21","date_gmt":"2021-10-17T12:52:21","guid":{"rendered":"https:\/\/www.cuencasmineras.com\/?p=3562"},"modified":"2021-10-17T12:52:21","modified_gmt":"2021-10-17T12:52:21","slug":"aller-impulsa-un-concurso-de-cancion-asturiana-para-reforzar-su-vinculo-con-la-tonada","status":"publish","type":"post","link":"https:\/\/www.cuencasmineras.com\/index.php\/2021\/10\/17\/aller-impulsa-un-concurso-de-cancion-asturiana-para-reforzar-su-vinculo-con-la-tonada\/","title":{"rendered":"Aller impulsa un concurso de canci\u00f3n asturiana para reforzar su v\u00ednculo con la tonada"},"content":{"rendered":"<p style=\"text-align: justify;\">El concejo de Aller siempre ha sido cuna de grandes voces de la canci\u00f3n asturiana, empezando por los pioneros Manol\u00f3n de la Llana, Mar\u00eda Flora o Santos Bandera. La vinculaci\u00f3n del concejo con la tonada es tal que hasta una especialidad lleva el nombre del municipio, la tonada allerana. Sin embargo, este fuerte lazo nunca se ha traducido en la organizaci\u00f3n de una gran cita que vertebrase la afici\u00f3n a la m\u00fasica regional. Esta hist\u00f3rica carencia pronto se ver\u00e1 solventada. El Ayuntamiento ha decidido impulsar una gran concurso de canci\u00f3n asturiana de car\u00e1cter regional. El alcalde del concejo, el socialista Juan Carlos Iglesias, est\u00e1 ilusionado con el proyecto folcl\u00f3rico que pronto comenzar\u00e1 su andadura. \u201cQuer\u00edamos que el certamen pudiera comenzar en noviembre, pero finalmente ser\u00e1 en enero, despu\u00e9s de la festividad de Reyes\u201d, explica el regidor. La cita ser\u00e1 en el Teatro Cine Carmen de Moreda. El certamen se desarrollar\u00e1 lo largo de tres fases, con galas los domingos. Habr\u00e1 seis especialidades: masculina, femenina, juvenil, gaita y gaita y tambor, adem\u00e1s de, por supuesto, el apartado de canci\u00f3n allerana.<\/p>\n<p><img loading=\"lazy\" decoding=\"async\" class=\"aligncenter size-full wp-image-3563\" src=\"https:\/\/www.cuencasmineras.com\/wp-content\/uploads\/2021\/10\/cae38b66-538e-44a3-a5a3-a5cefe6f9e31_16-9-aspect-ratio_default_0.jpg\" alt=\"\" width=\"880\" height=\"495\" srcset=\"https:\/\/www.cuencasmineras.com\/wp-content\/uploads\/2021\/10\/cae38b66-538e-44a3-a5a3-a5cefe6f9e31_16-9-aspect-ratio_default_0.jpg 880w, https:\/\/www.cuencasmineras.com\/wp-content\/uploads\/2021\/10\/cae38b66-538e-44a3-a5a3-a5cefe6f9e31_16-9-aspect-ratio_default_0-300x169.jpg 300w, https:\/\/www.cuencasmineras.com\/wp-content\/uploads\/2021\/10\/cae38b66-538e-44a3-a5a3-a5cefe6f9e31_16-9-aspect-ratio_default_0-768x432.jpg 768w\" sizes=\"auto, (max-width: 880px) 100vw, 880px\" \/><\/p>\n<p style=\"text-align: justify;\">\u201cEl objetivo es convertir el concurso en un referente regional que atraiga a los principales interpretes\u201d, apunta Juan Carlos Iglesias. Adem\u00e1s de los premios por categor\u00eda, el certamen nace con aspiraci\u00f3n de convertirse en una cita ineludible para todos los referentes de la actual canci\u00f3n asturiana. Se quiere cuidar a los interpretes, hasta el punto, por ejemplo, que se cubrir\u00e1n los gastos de desplazamiento de aquellos participantes que tengan que abordar desplazamientos para acudir a Moreda,<\/p>\n<p style=\"text-align: justify;\">La puesta en marcha del primer concurso de canci\u00f3n asturiana en Aller no es el \u00fanico gui\u00f1o que el municipio hace actualmente a la m\u00fasica asturiana. El concejo ha decidido homenajear al instrumento construyendo una gaita de grandes dimensiones que se colocar\u00e1 en Caba\u00f1aquinta, concretamente en la plaza de La Vaca\u00edna. \u201cEl objetivo es rendir tributo a un elemento estrechamente vinculado con nuestra cultura regional y, para ello, le dedicaremos un monumento apropiado que ser\u00e1 \u00fanico en Asturias\u201d, explica el alcalde Juan Carlos Iglesias.<\/p>\n<p style=\"text-align: justify;\">El dise\u00f1o y desarrollo de la escultura ha sido encargado a Gonzalo Grela. Fue barrenista y artificiero, oficio que de alguna forma se ha trasladado a sus obras, ya que muchos de sus cuadros llevan impresos una serie de c\u00edrculos blancos que representan los barrenos, De su \u00e9poca de artificiero salv\u00f3 la utilizaci\u00f3n de los hilos de cobre que no se pod\u00edan usar una vez que se produc\u00edan las detonaciones. Estos hilos, que Prado Grela denomina \u201ctiger\u201d, son la base de sus esculturas. De este modo, el allerano tambi\u00e9n apuesta por el reciclado para realizar su arte. La escultura dedicada a la gaita tomar\u00e1 forma en torno a un armaz\u00f3n de hierro de casi media tonelada de peso. El \u201ctiger\u201d dar\u00e1 forma posteriormente al instrumento.<\/p>\n<p style=\"text-align: justify;\">La presencia del folclore regional en Aller es una realidad que se percibe este mismo fin de semana. Caba\u00f1aquinta acoge la sexta edici\u00f3n del encuentro folcl\u00f3rico del concejo. Aller por la tarde habr\u00e1 un desfile por las calles de la localidad y a partir de las siete actuaron las bandas de gaita \u201cVilla de Gij\u00f3n\u201d, \u201cCastro Bergidum\u201d de El Bierzo, Ribeseya y El Gumial, \u00e9stos \u00faltimos, anfitriones del certamen. Hoy habr\u00e1 actuaciones por los chigres de Caba\u00f1aquinta y m\u00e1s m\u00fasica en la calle.<\/p>\n","protected":false},"excerpt":{"rendered":"<p>El concejo de Aller siempre ha sido cuna de grandes voces de la canci\u00f3n asturiana, empezando por los pioneros Manol\u00f3n de la Llana, Mar\u00eda Flora o Santos Bandera. La vinculaci\u00f3n del concejo con la tonada es tal que hasta una especialidad lleva el nombre del municipio, la tonada allerana. Sin embargo, este fuerte lazo nunca [&hellip;]<\/p>\n","protected":false},"author":1,"featured_media":3563,"comment_status":"open","ping_status":"open","sticky":false,"template":"","format":"standard","meta":{"footnotes":""},"categories":[7,6,48],"tags":[],"class_list":["post-3562","post","type-post","status-publish","format-standard","has-post-thumbnail","hentry","category-caudal","category-noticias","category-fiestas"],"yoast_head":"<!-- This site is optimized with the Yoast SEO plugin v27.4 - https:\/\/yoast.com\/product\/yoast-seo-wordpress\/ -->\n<title>Aller impulsa un concurso de canci\u00f3n asturiana para reforzar su v\u00ednculo con la tonada - cm news<\/title>\n<meta name=\"description\" content=\"El certamen arrancar\u00e1 tras las fiestas navide\u00f1as y se desarrollar\u00e1 a lo largo de tres fases, con las galas en el Teatro Cine Carmen de Moreda\" \/>\n<meta name=\"robots\" content=\"index, follow, max-snippet:-1, max-image-preview:large, max-video-preview:-1\" \/>\n<link rel=\"canonical\" href=\"https:\/\/www.cuencasmineras.com\/index.php\/2021\/10\/17\/aller-impulsa-un-concurso-de-cancion-asturiana-para-reforzar-su-vinculo-con-la-tonada\/\" \/>\n<meta property=\"og:locale\" content=\"es_ES\" \/>\n<meta property=\"og:type\" content=\"article\" \/>\n<meta property=\"og:title\" content=\"Aller impulsa un concurso de canci\u00f3n asturiana para reforzar su v\u00ednculo con la tonada - cm news\" \/>\n<meta property=\"og:description\" content=\"El certamen arrancar\u00e1 tras las fiestas navide\u00f1as y se desarrollar\u00e1 a lo largo de tres fases, con las galas en el Teatro Cine Carmen de Moreda\" \/>\n<meta property=\"og:url\" content=\"https:\/\/www.cuencasmineras.com\/index.php\/2021\/10\/17\/aller-impulsa-un-concurso-de-cancion-asturiana-para-reforzar-su-vinculo-con-la-tonada\/\" \/>\n<meta property=\"article:published_time\" content=\"2021-10-17T12:52:21+00:00\" \/>\n<meta property=\"og:image\" content=\"https:\/\/www.cuencasmineras.com\/wp-content\/uploads\/2021\/10\/cae38b66-538e-44a3-a5a3-a5cefe6f9e31_16-9-aspect-ratio_default_0.jpg\" \/>\n\t<meta property=\"og:image:width\" content=\"880\" \/>\n\t<meta property=\"og:image:height\" content=\"495\" \/>\n\t<meta property=\"og:image:type\" content=\"image\/jpeg\" \/>\n<meta name=\"author\" content=\"admin\" \/>\n<meta name=\"twitter:card\" content=\"summary_large_image\" \/>\n<meta name=\"twitter:label1\" content=\"Escrito por\" \/>\n\t<meta name=\"twitter:data1\" content=\"admin\" \/>\n\t<meta name=\"twitter:label2\" content=\"Tiempo de lectura\" \/>\n\t<meta name=\"twitter:data2\" content=\"3 minutos\" \/>\n<script type=\"application\/ld+json\" class=\"yoast-schema-graph\">{\"@context\":\"https:\\\/\\\/schema.org\",\"@graph\":[{\"@type\":\"Article\",\"@id\":\"https:\\\/\\\/www.cuencasmineras.com\\\/index.php\\\/2021\\\/10\\\/17\\\/aller-impulsa-un-concurso-de-cancion-asturiana-para-reforzar-su-vinculo-con-la-tonada\\\/#article\",\"isPartOf\":{\"@id\":\"https:\\\/\\\/www.cuencasmineras.com\\\/index.php\\\/2021\\\/10\\\/17\\\/aller-impulsa-un-concurso-de-cancion-asturiana-para-reforzar-su-vinculo-con-la-tonada\\\/\"},\"author\":{\"name\":\"admin\",\"@id\":\"https:\\\/\\\/www.cuencasmineras.com\\\/#\\\/schema\\\/person\\\/be0691310e8496ec555f679dd688420c\"},\"headline\":\"Aller impulsa un concurso de canci\u00f3n asturiana para reforzar su v\u00ednculo con la tonada\",\"datePublished\":\"2021-10-17T12:52:21+00:00\",\"mainEntityOfPage\":{\"@id\":\"https:\\\/\\\/www.cuencasmineras.com\\\/index.php\\\/2021\\\/10\\\/17\\\/aller-impulsa-un-concurso-de-cancion-asturiana-para-reforzar-su-vinculo-con-la-tonada\\\/\"},\"wordCount\":602,\"commentCount\":0,\"image\":{\"@id\":\"https:\\\/\\\/www.cuencasmineras.com\\\/index.php\\\/2021\\\/10\\\/17\\\/aller-impulsa-un-concurso-de-cancion-asturiana-para-reforzar-su-vinculo-con-la-tonada\\\/#primaryimage\"},\"thumbnailUrl\":\"https:\\\/\\\/www.cuencasmineras.com\\\/wp-content\\\/uploads\\\/2021\\\/10\\\/cae38b66-538e-44a3-a5a3-a5cefe6f9e31_16-9-aspect-ratio_default_0.jpg\",\"articleSection\":[\"Caudal\",\"CM NEWS\",\"Fiestas\"],\"inLanguage\":\"es\",\"potentialAction\":[{\"@type\":\"CommentAction\",\"name\":\"Comment\",\"target\":[\"https:\\\/\\\/www.cuencasmineras.com\\\/index.php\\\/2021\\\/10\\\/17\\\/aller-impulsa-un-concurso-de-cancion-asturiana-para-reforzar-su-vinculo-con-la-tonada\\\/#respond\"]}]},{\"@type\":\"WebPage\",\"@id\":\"https:\\\/\\\/www.cuencasmineras.com\\\/index.php\\\/2021\\\/10\\\/17\\\/aller-impulsa-un-concurso-de-cancion-asturiana-para-reforzar-su-vinculo-con-la-tonada\\\/\",\"url\":\"https:\\\/\\\/www.cuencasmineras.com\\\/index.php\\\/2021\\\/10\\\/17\\\/aller-impulsa-un-concurso-de-cancion-asturiana-para-reforzar-su-vinculo-con-la-tonada\\\/\",\"name\":\"Aller impulsa un concurso de canci\u00f3n asturiana para reforzar su v\u00ednculo con la tonada - cm news\",\"isPartOf\":{\"@id\":\"https:\\\/\\\/www.cuencasmineras.com\\\/#website\"},\"primaryImageOfPage\":{\"@id\":\"https:\\\/\\\/www.cuencasmineras.com\\\/index.php\\\/2021\\\/10\\\/17\\\/aller-impulsa-un-concurso-de-cancion-asturiana-para-reforzar-su-vinculo-con-la-tonada\\\/#primaryimage\"},\"image\":{\"@id\":\"https:\\\/\\\/www.cuencasmineras.com\\\/index.php\\\/2021\\\/10\\\/17\\\/aller-impulsa-un-concurso-de-cancion-asturiana-para-reforzar-su-vinculo-con-la-tonada\\\/#primaryimage\"},\"thumbnailUrl\":\"https:\\\/\\\/www.cuencasmineras.com\\\/wp-content\\\/uploads\\\/2021\\\/10\\\/cae38b66-538e-44a3-a5a3-a5cefe6f9e31_16-9-aspect-ratio_default_0.jpg\",\"datePublished\":\"2021-10-17T12:52:21+00:00\",\"author\":{\"@id\":\"https:\\\/\\\/www.cuencasmineras.com\\\/#\\\/schema\\\/person\\\/be0691310e8496ec555f679dd688420c\"},\"description\":\"El certamen arrancar\u00e1 tras las fiestas navide\u00f1as y se desarrollar\u00e1 a lo largo de tres fases, con las galas en el Teatro Cine Carmen de Moreda\",\"breadcrumb\":{\"@id\":\"https:\\\/\\\/www.cuencasmineras.com\\\/index.php\\\/2021\\\/10\\\/17\\\/aller-impulsa-un-concurso-de-cancion-asturiana-para-reforzar-su-vinculo-con-la-tonada\\\/#breadcrumb\"},\"inLanguage\":\"es\",\"potentialAction\":[{\"@type\":\"ReadAction\",\"target\":[\"https:\\\/\\\/www.cuencasmineras.com\\\/index.php\\\/2021\\\/10\\\/17\\\/aller-impulsa-un-concurso-de-cancion-asturiana-para-reforzar-su-vinculo-con-la-tonada\\\/\"]}]},{\"@type\":\"ImageObject\",\"inLanguage\":\"es\",\"@id\":\"https:\\\/\\\/www.cuencasmineras.com\\\/index.php\\\/2021\\\/10\\\/17\\\/aller-impulsa-un-concurso-de-cancion-asturiana-para-reforzar-su-vinculo-con-la-tonada\\\/#primaryimage\",\"url\":\"https:\\\/\\\/www.cuencasmineras.com\\\/wp-content\\\/uploads\\\/2021\\\/10\\\/cae38b66-538e-44a3-a5a3-a5cefe6f9e31_16-9-aspect-ratio_default_0.jpg\",\"contentUrl\":\"https:\\\/\\\/www.cuencasmineras.com\\\/wp-content\\\/uploads\\\/2021\\\/10\\\/cae38b66-538e-44a3-a5a3-a5cefe6f9e31_16-9-aspect-ratio_default_0.jpg\",\"width\":880,\"height\":495},{\"@type\":\"BreadcrumbList\",\"@id\":\"https:\\\/\\\/www.cuencasmineras.com\\\/index.php\\\/2021\\\/10\\\/17\\\/aller-impulsa-un-concurso-de-cancion-asturiana-para-reforzar-su-vinculo-con-la-tonada\\\/#breadcrumb\",\"itemListElement\":[{\"@type\":\"ListItem\",\"position\":1,\"name\":\"Portada\",\"item\":\"https:\\\/\\\/www.cuencasmineras.com\\\/\"},{\"@type\":\"ListItem\",\"position\":2,\"name\":\"Aller impulsa un concurso de canci\u00f3n asturiana para reforzar su v\u00ednculo con la tonada\"}]},{\"@type\":\"WebSite\",\"@id\":\"https:\\\/\\\/www.cuencasmineras.com\\\/#website\",\"url\":\"https:\\\/\\\/www.cuencasmineras.com\\\/\",\"name\":\"\",\"description\":\"\",\"potentialAction\":[{\"@type\":\"SearchAction\",\"target\":{\"@type\":\"EntryPoint\",\"urlTemplate\":\"https:\\\/\\\/www.cuencasmineras.com\\\/?s={search_term_string}\"},\"query-input\":{\"@type\":\"PropertyValueSpecification\",\"valueRequired\":true,\"valueName\":\"search_term_string\"}}],\"inLanguage\":\"es\"},{\"@type\":\"Person\",\"@id\":\"https:\\\/\\\/www.cuencasmineras.com\\\/#\\\/schema\\\/person\\\/be0691310e8496ec555f679dd688420c\",\"name\":\"admin\",\"image\":{\"@type\":\"ImageObject\",\"inLanguage\":\"es\",\"@id\":\"https:\\\/\\\/secure.gravatar.com\\\/avatar\\\/4afd2eed3b2fbbf36dd6707b5bd8a5b50ac648f033e36fbf85aeace2f0f859db?s=96&d=mm&r=g\",\"url\":\"https:\\\/\\\/secure.gravatar.com\\\/avatar\\\/4afd2eed3b2fbbf36dd6707b5bd8a5b50ac648f033e36fbf85aeace2f0f859db?s=96&d=mm&r=g\",\"contentUrl\":\"https:\\\/\\\/secure.gravatar.com\\\/avatar\\\/4afd2eed3b2fbbf36dd6707b5bd8a5b50ac648f033e36fbf85aeace2f0f859db?s=96&d=mm&r=g\",\"caption\":\"admin\"},\"sameAs\":[\"https:\\\/\\\/www.cuencasmineras.com\"],\"url\":\"https:\\\/\\\/www.cuencasmineras.com\\\/index.php\\\/author\\\/admin\\\/\"}]}<\/script>\n<!-- \/ Yoast SEO plugin. -->","yoast_head_json":{"title":"Aller impulsa un concurso de canci\u00f3n asturiana para reforzar su v\u00ednculo con la tonada - cm news","description":"El certamen arrancar\u00e1 tras las fiestas navide\u00f1as y se desarrollar\u00e1 a lo largo de tres fases, con las galas en el Teatro Cine Carmen de Moreda","robots":{"index":"index","follow":"follow","max-snippet":"max-snippet:-1","max-image-preview":"max-image-preview:large","max-video-preview":"max-video-preview:-1"},"canonical":"https:\/\/www.cuencasmineras.com\/index.php\/2021\/10\/17\/aller-impulsa-un-concurso-de-cancion-asturiana-para-reforzar-su-vinculo-con-la-tonada\/","og_locale":"es_ES","og_type":"article","og_title":"Aller impulsa un concurso de canci\u00f3n asturiana para reforzar su v\u00ednculo con la tonada - cm news","og_description":"El certamen arrancar\u00e1 tras las fiestas navide\u00f1as y se desarrollar\u00e1 a lo largo de tres fases, con las galas en el Teatro Cine Carmen de Moreda","og_url":"https:\/\/www.cuencasmineras.com\/index.php\/2021\/10\/17\/aller-impulsa-un-concurso-de-cancion-asturiana-para-reforzar-su-vinculo-con-la-tonada\/","article_published_time":"2021-10-17T12:52:21+00:00","og_image":[{"width":880,"height":495,"url":"https:\/\/www.cuencasmineras.com\/wp-content\/uploads\/2021\/10\/cae38b66-538e-44a3-a5a3-a5cefe6f9e31_16-9-aspect-ratio_default_0.jpg","type":"image\/jpeg"}],"author":"admin","twitter_card":"summary_large_image","twitter_misc":{"Escrito por":"admin","Tiempo de lectura":"3 minutos"},"schema":{"@context":"https:\/\/schema.org","@graph":[{"@type":"Article","@id":"https:\/\/www.cuencasmineras.com\/index.php\/2021\/10\/17\/aller-impulsa-un-concurso-de-cancion-asturiana-para-reforzar-su-vinculo-con-la-tonada\/#article","isPartOf":{"@id":"https:\/\/www.cuencasmineras.com\/index.php\/2021\/10\/17\/aller-impulsa-un-concurso-de-cancion-asturiana-para-reforzar-su-vinculo-con-la-tonada\/"},"author":{"name":"admin","@id":"https:\/\/www.cuencasmineras.com\/#\/schema\/person\/be0691310e8496ec555f679dd688420c"},"headline":"Aller impulsa un concurso de canci\u00f3n asturiana para reforzar su v\u00ednculo con la tonada","datePublished":"2021-10-17T12:52:21+00:00","mainEntityOfPage":{"@id":"https:\/\/www.cuencasmineras.com\/index.php\/2021\/10\/17\/aller-impulsa-un-concurso-de-cancion-asturiana-para-reforzar-su-vinculo-con-la-tonada\/"},"wordCount":602,"commentCount":0,"image":{"@id":"https:\/\/www.cuencasmineras.com\/index.php\/2021\/10\/17\/aller-impulsa-un-concurso-de-cancion-asturiana-para-reforzar-su-vinculo-con-la-tonada\/#primaryimage"},"thumbnailUrl":"https:\/\/www.cuencasmineras.com\/wp-content\/uploads\/2021\/10\/cae38b66-538e-44a3-a5a3-a5cefe6f9e31_16-9-aspect-ratio_default_0.jpg","articleSection":["Caudal","CM NEWS","Fiestas"],"inLanguage":"es","potentialAction":[{"@type":"CommentAction","name":"Comment","target":["https:\/\/www.cuencasmineras.com\/index.php\/2021\/10\/17\/aller-impulsa-un-concurso-de-cancion-asturiana-para-reforzar-su-vinculo-con-la-tonada\/#respond"]}]},{"@type":"WebPage","@id":"https:\/\/www.cuencasmineras.com\/index.php\/2021\/10\/17\/aller-impulsa-un-concurso-de-cancion-asturiana-para-reforzar-su-vinculo-con-la-tonada\/","url":"https:\/\/www.cuencasmineras.com\/index.php\/2021\/10\/17\/aller-impulsa-un-concurso-de-cancion-asturiana-para-reforzar-su-vinculo-con-la-tonada\/","name":"Aller impulsa un concurso de canci\u00f3n asturiana para reforzar su v\u00ednculo con la tonada - cm news","isPartOf":{"@id":"https:\/\/www.cuencasmineras.com\/#website"},"primaryImageOfPage":{"@id":"https:\/\/www.cuencasmineras.com\/index.php\/2021\/10\/17\/aller-impulsa-un-concurso-de-cancion-asturiana-para-reforzar-su-vinculo-con-la-tonada\/#primaryimage"},"image":{"@id":"https:\/\/www.cuencasmineras.com\/index.php\/2021\/10\/17\/aller-impulsa-un-concurso-de-cancion-asturiana-para-reforzar-su-vinculo-con-la-tonada\/#primaryimage"},"thumbnailUrl":"https:\/\/www.cuencasmineras.com\/wp-content\/uploads\/2021\/10\/cae38b66-538e-44a3-a5a3-a5cefe6f9e31_16-9-aspect-ratio_default_0.jpg","datePublished":"2021-10-17T12:52:21+00:00","author":{"@id":"https:\/\/www.cuencasmineras.com\/#\/schema\/person\/be0691310e8496ec555f679dd688420c"},"description":"El certamen arrancar\u00e1 tras las fiestas navide\u00f1as y se desarrollar\u00e1 a lo largo de tres fases, con las galas en el Teatro Cine Carmen de Moreda","breadcrumb":{"@id":"https:\/\/www.cuencasmineras.com\/index.php\/2021\/10\/17\/aller-impulsa-un-concurso-de-cancion-asturiana-para-reforzar-su-vinculo-con-la-tonada\/#breadcrumb"},"inLanguage":"es","potentialAction":[{"@type":"ReadAction","target":["https:\/\/www.cuencasmineras.com\/index.php\/2021\/10\/17\/aller-impulsa-un-concurso-de-cancion-asturiana-para-reforzar-su-vinculo-con-la-tonada\/"]}]},{"@type":"ImageObject","inLanguage":"es","@id":"https:\/\/www.cuencasmineras.com\/index.php\/2021\/10\/17\/aller-impulsa-un-concurso-de-cancion-asturiana-para-reforzar-su-vinculo-con-la-tonada\/#primaryimage","url":"https:\/\/www.cuencasmineras.com\/wp-content\/uploads\/2021\/10\/cae38b66-538e-44a3-a5a3-a5cefe6f9e31_16-9-aspect-ratio_default_0.jpg","contentUrl":"https:\/\/www.cuencasmineras.com\/wp-content\/uploads\/2021\/10\/cae38b66-538e-44a3-a5a3-a5cefe6f9e31_16-9-aspect-ratio_default_0.jpg","width":880,"height":495},{"@type":"BreadcrumbList","@id":"https:\/\/www.cuencasmineras.com\/index.php\/2021\/10\/17\/aller-impulsa-un-concurso-de-cancion-asturiana-para-reforzar-su-vinculo-con-la-tonada\/#breadcrumb","itemListElement":[{"@type":"ListItem","position":1,"name":"Portada","item":"https:\/\/www.cuencasmineras.com\/"},{"@type":"ListItem","position":2,"name":"Aller impulsa un concurso de canci\u00f3n asturiana para reforzar su v\u00ednculo con la tonada"}]},{"@type":"WebSite","@id":"https:\/\/www.cuencasmineras.com\/#website","url":"https:\/\/www.cuencasmineras.com\/","name":"","description":"","potentialAction":[{"@type":"SearchAction","target":{"@type":"EntryPoint","urlTemplate":"https:\/\/www.cuencasmineras.com\/?s={search_term_string}"},"query-input":{"@type":"PropertyValueSpecification","valueRequired":true,"valueName":"search_term_string"}}],"inLanguage":"es"},{"@type":"Person","@id":"https:\/\/www.cuencasmineras.com\/#\/schema\/person\/be0691310e8496ec555f679dd688420c","name":"admin","image":{"@type":"ImageObject","inLanguage":"es","@id":"https:\/\/secure.gravatar.com\/avatar\/4afd2eed3b2fbbf36dd6707b5bd8a5b50ac648f033e36fbf85aeace2f0f859db?s=96&d=mm&r=g","url":"https:\/\/secure.gravatar.com\/avatar\/4afd2eed3b2fbbf36dd6707b5bd8a5b50ac648f033e36fbf85aeace2f0f859db?s=96&d=mm&r=g","contentUrl":"https:\/\/secure.gravatar.com\/avatar\/4afd2eed3b2fbbf36dd6707b5bd8a5b50ac648f033e36fbf85aeace2f0f859db?s=96&d=mm&r=g","caption":"admin"},"sameAs":["https:\/\/www.cuencasmineras.com"],"url":"https:\/\/www.cuencasmineras.com\/index.php\/author\/admin\/"}]}},"_links":{"self":[{"href":"https:\/\/www.cuencasmineras.com\/index.php\/wp-json\/wp\/v2\/posts\/3562","targetHints":{"allow":["GET"]}}],"collection":[{"href":"https:\/\/www.cuencasmineras.com\/index.php\/wp-json\/wp\/v2\/posts"}],"about":[{"href":"https:\/\/www.cuencasmineras.com\/index.php\/wp-json\/wp\/v2\/types\/post"}],"author":[{"embeddable":true,"href":"https:\/\/www.cuencasmineras.com\/index.php\/wp-json\/wp\/v2\/users\/1"}],"replies":[{"embeddable":true,"href":"https:\/\/www.cuencasmineras.com\/index.php\/wp-json\/wp\/v2\/comments?post=3562"}],"version-history":[{"count":1,"href":"https:\/\/www.cuencasmineras.com\/index.php\/wp-json\/wp\/v2\/posts\/3562\/revisions"}],"predecessor-version":[{"id":3564,"href":"https:\/\/www.cuencasmineras.com\/index.php\/wp-json\/wp\/v2\/posts\/3562\/revisions\/3564"}],"wp:featuredmedia":[{"embeddable":true,"href":"https:\/\/www.cuencasmineras.com\/index.php\/wp-json\/wp\/v2\/media\/3563"}],"wp:attachment":[{"href":"https:\/\/www.cuencasmineras.com\/index.php\/wp-json\/wp\/v2\/media?parent=3562"}],"wp:term":[{"taxonomy":"category","embeddable":true,"href":"https:\/\/www.cuencasmineras.com\/index.php\/wp-json\/wp\/v2\/categories?post=3562"},{"taxonomy":"post_tag","embeddable":true,"href":"https:\/\/www.cuencasmineras.com\/index.php\/wp-json\/wp\/v2\/tags?post=3562"}],"curies":[{"name":"wp","href":"https:\/\/api.w.org\/{rel}","templated":true}]}}