{"id":3568,"date":"2021-10-17T12:58:25","date_gmt":"2021-10-17T12:58:25","guid":{"rendered":"https:\/\/www.cuencasmineras.com\/?p=3568"},"modified":"2021-10-17T12:58:25","modified_gmt":"2021-10-17T12:58:25","slug":"el-recinto-ferial-de-santullano-construido-en-2007-sigue-sin-acabarse","status":"publish","type":"post","link":"https:\/\/www.cuencasmineras.com\/index.php\/2021\/10\/17\/el-recinto-ferial-de-santullano-construido-en-2007-sigue-sin-acabarse\/","title":{"rendered":"El recinto ferial de Santullano, construido en 2007, sigue sin acabarse."},"content":{"rendered":"<p style=\"text-align: justify;\">El recinto ferial de Santullano pronto celebrar\u00e1 sus 15 a\u00f1os de vida. El equipamiento municipal, inaugurado en 2007, ha ido con el paso del tiempo consolid\u00e1ndose como un centro polivalente que alberga conciertos, exposiciones, actividades ganaderas y conferencias, lo \u00faltimo que se organiz\u00f3 recientemente es la veterana Feria Internacional de Coleccionismo de Asturias. Y eso que toda la zona superior del inmueble sigue sin acabarse.<\/p>\n<p><img loading=\"lazy\" decoding=\"async\" class=\"aligncenter size-large wp-image-3569\" src=\"https:\/\/www.cuencasmineras.com\/wp-content\/uploads\/2021\/10\/fe9d2645-b9f0-4946-891d-fd736bf300eb_21-9-aspect-ratio_default_0-1024x438.jpg\" alt=\"\" width=\"640\" height=\"274\" srcset=\"https:\/\/www.cuencasmineras.com\/wp-content\/uploads\/2021\/10\/fe9d2645-b9f0-4946-891d-fd736bf300eb_21-9-aspect-ratio_default_0-1024x438.jpg 1024w, https:\/\/www.cuencasmineras.com\/wp-content\/uploads\/2021\/10\/fe9d2645-b9f0-4946-891d-fd736bf300eb_21-9-aspect-ratio_default_0-300x128.jpg 300w, https:\/\/www.cuencasmineras.com\/wp-content\/uploads\/2021\/10\/fe9d2645-b9f0-4946-891d-fd736bf300eb_21-9-aspect-ratio_default_0-768x329.jpg 768w, https:\/\/www.cuencasmineras.com\/wp-content\/uploads\/2021\/10\/fe9d2645-b9f0-4946-891d-fd736bf300eb_21-9-aspect-ratio_default_0.jpg 1280w\" sizes=\"auto, (max-width: 640px) 100vw, 640px\" \/><\/p>\n<p style=\"text-align: justify;\">La instalaci\u00f3n fue proyectada en su momento como un gran centro vertebrador de la actividad municipal, con un amplio espacio para exposiciones y zonas de oficinas. Una d\u00e9cada despu\u00e9s, gran parte del inmueble a\u00fan no se ha estrenado. De hecho, las dos plantas superiores de la instalaci\u00f3n permanecen cerradas y sin equipar. Est\u00e1n igual que estaban el d\u00eda de la inauguraci\u00f3n. Las instalaciones de los dos pisos superiores, reservadas inicialmente para oficinas, a\u00fan no se han inaugurado, de hecho, ni tan siquiera est\u00e1n acondicionadas. A lo largo de los \u00faltimos a\u00f1os el Ayuntamiento ha intentado dar vida a esta instalaci\u00f3n, pero hasta la fecha los esfuerzos han resultado est\u00e9riles.<\/p>\n<p style=\"text-align: justify;\">El recinto ferial de Santullano marc\u00f3 en su momento la expansi\u00f3n de la ciudad hacia el Sur y tuvo un coste de 3,5 millones de euros, financiados \u00edntegramente por el Consistorio. Nada m\u00e1s construirse se detectaron importantes deficiencias. El inmueble sufri\u00f3 durante a\u00f1os problemas con las goteras e inicialmente se construy\u00f3 sin contar con el necesario acceso para grandes veh\u00edculos. Un temporal de viento levant\u00f3 parte de la techumbre. La zona baja del inmueble ha recuperado recientemente la normalidad tras albergar durante meses la actividad del centro comarcal de vacunaci\u00f3n por la pandemia.<\/p>\n","protected":false},"excerpt":{"rendered":"<p>El recinto ferial de Santullano pronto celebrar\u00e1 sus 15 a\u00f1os de vida. El equipamiento municipal, inaugurado en 2007, ha ido con el paso del tiempo consolid\u00e1ndose como un centro polivalente que alberga conciertos, exposiciones, actividades ganaderas y conferencias, lo \u00faltimo que se organiz\u00f3 recientemente es la veterana Feria Internacional de Coleccionismo de Asturias. Y eso [&hellip;]<\/p>\n","protected":false},"author":1,"featured_media":3569,"comment_status":"open","ping_status":"open","sticky":false,"template":"","format":"standard","meta":{"footnotes":""},"categories":[7,6],"tags":[],"class_list":["post-3568","post","type-post","status-publish","format-standard","has-post-thumbnail","hentry","category-caudal","category-noticias"],"yoast_head":"<!-- This site is optimized with the Yoast SEO plugin v27.4 - https:\/\/yoast.com\/product\/yoast-seo-wordpress\/ -->\n<title>El recinto ferial de Santullano, construido en 2007, sigue sin acabarse. - cm news<\/title>\n<meta name=\"description\" content=\"El proyecto cost\u00f3 3,5 millones, pero se ejecut\u00f3 dejando sin acabar los pisos superiores, que no se han abierto al p\u00fablico ni equipado.\" \/>\n<meta name=\"robots\" content=\"index, follow, max-snippet:-1, max-image-preview:large, max-video-preview:-1\" \/>\n<link rel=\"canonical\" href=\"https:\/\/www.cuencasmineras.com\/index.php\/2021\/10\/17\/el-recinto-ferial-de-santullano-construido-en-2007-sigue-sin-acabarse\/\" \/>\n<meta property=\"og:locale\" content=\"es_ES\" \/>\n<meta property=\"og:type\" content=\"article\" \/>\n<meta property=\"og:title\" content=\"El recinto ferial de Santullano, construido en 2007, sigue sin acabarse. - cm news\" \/>\n<meta property=\"og:description\" content=\"El proyecto cost\u00f3 3,5 millones, pero se ejecut\u00f3 dejando sin acabar los pisos superiores, que no se han abierto al p\u00fablico ni equipado.\" \/>\n<meta property=\"og:url\" content=\"https:\/\/www.cuencasmineras.com\/index.php\/2021\/10\/17\/el-recinto-ferial-de-santullano-construido-en-2007-sigue-sin-acabarse\/\" \/>\n<meta property=\"article:published_time\" content=\"2021-10-17T12:58:25+00:00\" \/>\n<meta property=\"og:image\" content=\"https:\/\/www.cuencasmineras.com\/wp-content\/uploads\/2021\/10\/fe9d2645-b9f0-4946-891d-fd736bf300eb_21-9-aspect-ratio_default_0.jpg\" \/>\n\t<meta property=\"og:image:width\" content=\"1280\" \/>\n\t<meta property=\"og:image:height\" content=\"548\" \/>\n\t<meta property=\"og:image:type\" content=\"image\/jpeg\" \/>\n<meta name=\"author\" content=\"admin\" \/>\n<meta name=\"twitter:card\" content=\"summary_large_image\" \/>\n<meta name=\"twitter:label1\" content=\"Escrito por\" \/>\n\t<meta name=\"twitter:data1\" content=\"admin\" \/>\n\t<meta name=\"twitter:label2\" content=\"Tiempo de lectura\" \/>\n\t<meta name=\"twitter:data2\" content=\"2 minutos\" \/>\n<script type=\"application\/ld+json\" class=\"yoast-schema-graph\">{\"@context\":\"https:\\\/\\\/schema.org\",\"@graph\":[{\"@type\":\"Article\",\"@id\":\"https:\\\/\\\/www.cuencasmineras.com\\\/index.php\\\/2021\\\/10\\\/17\\\/el-recinto-ferial-de-santullano-construido-en-2007-sigue-sin-acabarse\\\/#article\",\"isPartOf\":{\"@id\":\"https:\\\/\\\/www.cuencasmineras.com\\\/index.php\\\/2021\\\/10\\\/17\\\/el-recinto-ferial-de-santullano-construido-en-2007-sigue-sin-acabarse\\\/\"},\"author\":{\"name\":\"admin\",\"@id\":\"https:\\\/\\\/www.cuencasmineras.com\\\/#\\\/schema\\\/person\\\/be0691310e8496ec555f679dd688420c\"},\"headline\":\"El recinto ferial de Santullano, construido en 2007, sigue sin acabarse.\",\"datePublished\":\"2021-10-17T12:58:25+00:00\",\"mainEntityOfPage\":{\"@id\":\"https:\\\/\\\/www.cuencasmineras.com\\\/index.php\\\/2021\\\/10\\\/17\\\/el-recinto-ferial-de-santullano-construido-en-2007-sigue-sin-acabarse\\\/\"},\"wordCount\":294,\"commentCount\":0,\"image\":{\"@id\":\"https:\\\/\\\/www.cuencasmineras.com\\\/index.php\\\/2021\\\/10\\\/17\\\/el-recinto-ferial-de-santullano-construido-en-2007-sigue-sin-acabarse\\\/#primaryimage\"},\"thumbnailUrl\":\"https:\\\/\\\/www.cuencasmineras.com\\\/wp-content\\\/uploads\\\/2021\\\/10\\\/fe9d2645-b9f0-4946-891d-fd736bf300eb_21-9-aspect-ratio_default_0.jpg\",\"articleSection\":[\"Caudal\",\"CM NEWS\"],\"inLanguage\":\"es\",\"potentialAction\":[{\"@type\":\"CommentAction\",\"name\":\"Comment\",\"target\":[\"https:\\\/\\\/www.cuencasmineras.com\\\/index.php\\\/2021\\\/10\\\/17\\\/el-recinto-ferial-de-santullano-construido-en-2007-sigue-sin-acabarse\\\/#respond\"]}]},{\"@type\":\"WebPage\",\"@id\":\"https:\\\/\\\/www.cuencasmineras.com\\\/index.php\\\/2021\\\/10\\\/17\\\/el-recinto-ferial-de-santullano-construido-en-2007-sigue-sin-acabarse\\\/\",\"url\":\"https:\\\/\\\/www.cuencasmineras.com\\\/index.php\\\/2021\\\/10\\\/17\\\/el-recinto-ferial-de-santullano-construido-en-2007-sigue-sin-acabarse\\\/\",\"name\":\"El recinto ferial de Santullano, construido en 2007, sigue sin acabarse. - cm news\",\"isPartOf\":{\"@id\":\"https:\\\/\\\/www.cuencasmineras.com\\\/#website\"},\"primaryImageOfPage\":{\"@id\":\"https:\\\/\\\/www.cuencasmineras.com\\\/index.php\\\/2021\\\/10\\\/17\\\/el-recinto-ferial-de-santullano-construido-en-2007-sigue-sin-acabarse\\\/#primaryimage\"},\"image\":{\"@id\":\"https:\\\/\\\/www.cuencasmineras.com\\\/index.php\\\/2021\\\/10\\\/17\\\/el-recinto-ferial-de-santullano-construido-en-2007-sigue-sin-acabarse\\\/#primaryimage\"},\"thumbnailUrl\":\"https:\\\/\\\/www.cuencasmineras.com\\\/wp-content\\\/uploads\\\/2021\\\/10\\\/fe9d2645-b9f0-4946-891d-fd736bf300eb_21-9-aspect-ratio_default_0.jpg\",\"datePublished\":\"2021-10-17T12:58:25+00:00\",\"author\":{\"@id\":\"https:\\\/\\\/www.cuencasmineras.com\\\/#\\\/schema\\\/person\\\/be0691310e8496ec555f679dd688420c\"},\"description\":\"El proyecto cost\u00f3 3,5 millones, pero se ejecut\u00f3 dejando sin acabar los pisos superiores, que no se han abierto al p\u00fablico ni equipado.\",\"breadcrumb\":{\"@id\":\"https:\\\/\\\/www.cuencasmineras.com\\\/index.php\\\/2021\\\/10\\\/17\\\/el-recinto-ferial-de-santullano-construido-en-2007-sigue-sin-acabarse\\\/#breadcrumb\"},\"inLanguage\":\"es\",\"potentialAction\":[{\"@type\":\"ReadAction\",\"target\":[\"https:\\\/\\\/www.cuencasmineras.com\\\/index.php\\\/2021\\\/10\\\/17\\\/el-recinto-ferial-de-santullano-construido-en-2007-sigue-sin-acabarse\\\/\"]}]},{\"@type\":\"ImageObject\",\"inLanguage\":\"es\",\"@id\":\"https:\\\/\\\/www.cuencasmineras.com\\\/index.php\\\/2021\\\/10\\\/17\\\/el-recinto-ferial-de-santullano-construido-en-2007-sigue-sin-acabarse\\\/#primaryimage\",\"url\":\"https:\\\/\\\/www.cuencasmineras.com\\\/wp-content\\\/uploads\\\/2021\\\/10\\\/fe9d2645-b9f0-4946-891d-fd736bf300eb_21-9-aspect-ratio_default_0.jpg\",\"contentUrl\":\"https:\\\/\\\/www.cuencasmineras.com\\\/wp-content\\\/uploads\\\/2021\\\/10\\\/fe9d2645-b9f0-4946-891d-fd736bf300eb_21-9-aspect-ratio_default_0.jpg\",\"width\":1280,\"height\":548},{\"@type\":\"BreadcrumbList\",\"@id\":\"https:\\\/\\\/www.cuencasmineras.com\\\/index.php\\\/2021\\\/10\\\/17\\\/el-recinto-ferial-de-santullano-construido-en-2007-sigue-sin-acabarse\\\/#breadcrumb\",\"itemListElement\":[{\"@type\":\"ListItem\",\"position\":1,\"name\":\"Portada\",\"item\":\"https:\\\/\\\/www.cuencasmineras.com\\\/\"},{\"@type\":\"ListItem\",\"position\":2,\"name\":\"El recinto ferial de Santullano, construido en 2007, sigue sin acabarse.\"}]},{\"@type\":\"WebSite\",\"@id\":\"https:\\\/\\\/www.cuencasmineras.com\\\/#website\",\"url\":\"https:\\\/\\\/www.cuencasmineras.com\\\/\",\"name\":\"\",\"description\":\"\",\"potentialAction\":[{\"@type\":\"SearchAction\",\"target\":{\"@type\":\"EntryPoint\",\"urlTemplate\":\"https:\\\/\\\/www.cuencasmineras.com\\\/?s={search_term_string}\"},\"query-input\":{\"@type\":\"PropertyValueSpecification\",\"valueRequired\":true,\"valueName\":\"search_term_string\"}}],\"inLanguage\":\"es\"},{\"@type\":\"Person\",\"@id\":\"https:\\\/\\\/www.cuencasmineras.com\\\/#\\\/schema\\\/person\\\/be0691310e8496ec555f679dd688420c\",\"name\":\"admin\",\"image\":{\"@type\":\"ImageObject\",\"inLanguage\":\"es\",\"@id\":\"https:\\\/\\\/secure.gravatar.com\\\/avatar\\\/4afd2eed3b2fbbf36dd6707b5bd8a5b50ac648f033e36fbf85aeace2f0f859db?s=96&d=mm&r=g\",\"url\":\"https:\\\/\\\/secure.gravatar.com\\\/avatar\\\/4afd2eed3b2fbbf36dd6707b5bd8a5b50ac648f033e36fbf85aeace2f0f859db?s=96&d=mm&r=g\",\"contentUrl\":\"https:\\\/\\\/secure.gravatar.com\\\/avatar\\\/4afd2eed3b2fbbf36dd6707b5bd8a5b50ac648f033e36fbf85aeace2f0f859db?s=96&d=mm&r=g\",\"caption\":\"admin\"},\"sameAs\":[\"https:\\\/\\\/www.cuencasmineras.com\"],\"url\":\"https:\\\/\\\/www.cuencasmineras.com\\\/index.php\\\/author\\\/admin\\\/\"}]}<\/script>\n<!-- \/ Yoast SEO plugin. -->","yoast_head_json":{"title":"El recinto ferial de Santullano, construido en 2007, sigue sin acabarse. - cm news","description":"El proyecto cost\u00f3 3,5 millones, pero se ejecut\u00f3 dejando sin acabar los pisos superiores, que no se han abierto al p\u00fablico ni equipado.","robots":{"index":"index","follow":"follow","max-snippet":"max-snippet:-1","max-image-preview":"max-image-preview:large","max-video-preview":"max-video-preview:-1"},"canonical":"https:\/\/www.cuencasmineras.com\/index.php\/2021\/10\/17\/el-recinto-ferial-de-santullano-construido-en-2007-sigue-sin-acabarse\/","og_locale":"es_ES","og_type":"article","og_title":"El recinto ferial de Santullano, construido en 2007, sigue sin acabarse. - cm news","og_description":"El proyecto cost\u00f3 3,5 millones, pero se ejecut\u00f3 dejando sin acabar los pisos superiores, que no se han abierto al p\u00fablico ni equipado.","og_url":"https:\/\/www.cuencasmineras.com\/index.php\/2021\/10\/17\/el-recinto-ferial-de-santullano-construido-en-2007-sigue-sin-acabarse\/","article_published_time":"2021-10-17T12:58:25+00:00","og_image":[{"width":1280,"height":548,"url":"https:\/\/www.cuencasmineras.com\/wp-content\/uploads\/2021\/10\/fe9d2645-b9f0-4946-891d-fd736bf300eb_21-9-aspect-ratio_default_0.jpg","type":"image\/jpeg"}],"author":"admin","twitter_card":"summary_large_image","twitter_misc":{"Escrito por":"admin","Tiempo de lectura":"2 minutos"},"schema":{"@context":"https:\/\/schema.org","@graph":[{"@type":"Article","@id":"https:\/\/www.cuencasmineras.com\/index.php\/2021\/10\/17\/el-recinto-ferial-de-santullano-construido-en-2007-sigue-sin-acabarse\/#article","isPartOf":{"@id":"https:\/\/www.cuencasmineras.com\/index.php\/2021\/10\/17\/el-recinto-ferial-de-santullano-construido-en-2007-sigue-sin-acabarse\/"},"author":{"name":"admin","@id":"https:\/\/www.cuencasmineras.com\/#\/schema\/person\/be0691310e8496ec555f679dd688420c"},"headline":"El recinto ferial de Santullano, construido en 2007, sigue sin acabarse.","datePublished":"2021-10-17T12:58:25+00:00","mainEntityOfPage":{"@id":"https:\/\/www.cuencasmineras.com\/index.php\/2021\/10\/17\/el-recinto-ferial-de-santullano-construido-en-2007-sigue-sin-acabarse\/"},"wordCount":294,"commentCount":0,"image":{"@id":"https:\/\/www.cuencasmineras.com\/index.php\/2021\/10\/17\/el-recinto-ferial-de-santullano-construido-en-2007-sigue-sin-acabarse\/#primaryimage"},"thumbnailUrl":"https:\/\/www.cuencasmineras.com\/wp-content\/uploads\/2021\/10\/fe9d2645-b9f0-4946-891d-fd736bf300eb_21-9-aspect-ratio_default_0.jpg","articleSection":["Caudal","CM NEWS"],"inLanguage":"es","potentialAction":[{"@type":"CommentAction","name":"Comment","target":["https:\/\/www.cuencasmineras.com\/index.php\/2021\/10\/17\/el-recinto-ferial-de-santullano-construido-en-2007-sigue-sin-acabarse\/#respond"]}]},{"@type":"WebPage","@id":"https:\/\/www.cuencasmineras.com\/index.php\/2021\/10\/17\/el-recinto-ferial-de-santullano-construido-en-2007-sigue-sin-acabarse\/","url":"https:\/\/www.cuencasmineras.com\/index.php\/2021\/10\/17\/el-recinto-ferial-de-santullano-construido-en-2007-sigue-sin-acabarse\/","name":"El recinto ferial de Santullano, construido en 2007, sigue sin acabarse. - cm news","isPartOf":{"@id":"https:\/\/www.cuencasmineras.com\/#website"},"primaryImageOfPage":{"@id":"https:\/\/www.cuencasmineras.com\/index.php\/2021\/10\/17\/el-recinto-ferial-de-santullano-construido-en-2007-sigue-sin-acabarse\/#primaryimage"},"image":{"@id":"https:\/\/www.cuencasmineras.com\/index.php\/2021\/10\/17\/el-recinto-ferial-de-santullano-construido-en-2007-sigue-sin-acabarse\/#primaryimage"},"thumbnailUrl":"https:\/\/www.cuencasmineras.com\/wp-content\/uploads\/2021\/10\/fe9d2645-b9f0-4946-891d-fd736bf300eb_21-9-aspect-ratio_default_0.jpg","datePublished":"2021-10-17T12:58:25+00:00","author":{"@id":"https:\/\/www.cuencasmineras.com\/#\/schema\/person\/be0691310e8496ec555f679dd688420c"},"description":"El proyecto cost\u00f3 3,5 millones, pero se ejecut\u00f3 dejando sin acabar los pisos superiores, que no se han abierto al p\u00fablico ni equipado.","breadcrumb":{"@id":"https:\/\/www.cuencasmineras.com\/index.php\/2021\/10\/17\/el-recinto-ferial-de-santullano-construido-en-2007-sigue-sin-acabarse\/#breadcrumb"},"inLanguage":"es","potentialAction":[{"@type":"ReadAction","target":["https:\/\/www.cuencasmineras.com\/index.php\/2021\/10\/17\/el-recinto-ferial-de-santullano-construido-en-2007-sigue-sin-acabarse\/"]}]},{"@type":"ImageObject","inLanguage":"es","@id":"https:\/\/www.cuencasmineras.com\/index.php\/2021\/10\/17\/el-recinto-ferial-de-santullano-construido-en-2007-sigue-sin-acabarse\/#primaryimage","url":"https:\/\/www.cuencasmineras.com\/wp-content\/uploads\/2021\/10\/fe9d2645-b9f0-4946-891d-fd736bf300eb_21-9-aspect-ratio_default_0.jpg","contentUrl":"https:\/\/www.cuencasmineras.com\/wp-content\/uploads\/2021\/10\/fe9d2645-b9f0-4946-891d-fd736bf300eb_21-9-aspect-ratio_default_0.jpg","width":1280,"height":548},{"@type":"BreadcrumbList","@id":"https:\/\/www.cuencasmineras.com\/index.php\/2021\/10\/17\/el-recinto-ferial-de-santullano-construido-en-2007-sigue-sin-acabarse\/#breadcrumb","itemListElement":[{"@type":"ListItem","position":1,"name":"Portada","item":"https:\/\/www.cuencasmineras.com\/"},{"@type":"ListItem","position":2,"name":"El recinto ferial de Santullano, construido en 2007, sigue sin acabarse."}]},{"@type":"WebSite","@id":"https:\/\/www.cuencasmineras.com\/#website","url":"https:\/\/www.cuencasmineras.com\/","name":"","description":"","potentialAction":[{"@type":"SearchAction","target":{"@type":"EntryPoint","urlTemplate":"https:\/\/www.cuencasmineras.com\/?s={search_term_string}"},"query-input":{"@type":"PropertyValueSpecification","valueRequired":true,"valueName":"search_term_string"}}],"inLanguage":"es"},{"@type":"Person","@id":"https:\/\/www.cuencasmineras.com\/#\/schema\/person\/be0691310e8496ec555f679dd688420c","name":"admin","image":{"@type":"ImageObject","inLanguage":"es","@id":"https:\/\/secure.gravatar.com\/avatar\/4afd2eed3b2fbbf36dd6707b5bd8a5b50ac648f033e36fbf85aeace2f0f859db?s=96&d=mm&r=g","url":"https:\/\/secure.gravatar.com\/avatar\/4afd2eed3b2fbbf36dd6707b5bd8a5b50ac648f033e36fbf85aeace2f0f859db?s=96&d=mm&r=g","contentUrl":"https:\/\/secure.gravatar.com\/avatar\/4afd2eed3b2fbbf36dd6707b5bd8a5b50ac648f033e36fbf85aeace2f0f859db?s=96&d=mm&r=g","caption":"admin"},"sameAs":["https:\/\/www.cuencasmineras.com"],"url":"https:\/\/www.cuencasmineras.com\/index.php\/author\/admin\/"}]}},"_links":{"self":[{"href":"https:\/\/www.cuencasmineras.com\/index.php\/wp-json\/wp\/v2\/posts\/3568","targetHints":{"allow":["GET"]}}],"collection":[{"href":"https:\/\/www.cuencasmineras.com\/index.php\/wp-json\/wp\/v2\/posts"}],"about":[{"href":"https:\/\/www.cuencasmineras.com\/index.php\/wp-json\/wp\/v2\/types\/post"}],"author":[{"embeddable":true,"href":"https:\/\/www.cuencasmineras.com\/index.php\/wp-json\/wp\/v2\/users\/1"}],"replies":[{"embeddable":true,"href":"https:\/\/www.cuencasmineras.com\/index.php\/wp-json\/wp\/v2\/comments?post=3568"}],"version-history":[{"count":1,"href":"https:\/\/www.cuencasmineras.com\/index.php\/wp-json\/wp\/v2\/posts\/3568\/revisions"}],"predecessor-version":[{"id":3570,"href":"https:\/\/www.cuencasmineras.com\/index.php\/wp-json\/wp\/v2\/posts\/3568\/revisions\/3570"}],"wp:featuredmedia":[{"embeddable":true,"href":"https:\/\/www.cuencasmineras.com\/index.php\/wp-json\/wp\/v2\/media\/3569"}],"wp:attachment":[{"href":"https:\/\/www.cuencasmineras.com\/index.php\/wp-json\/wp\/v2\/media?parent=3568"}],"wp:term":[{"taxonomy":"category","embeddable":true,"href":"https:\/\/www.cuencasmineras.com\/index.php\/wp-json\/wp\/v2\/categories?post=3568"},{"taxonomy":"post_tag","embeddable":true,"href":"https:\/\/www.cuencasmineras.com\/index.php\/wp-json\/wp\/v2\/tags?post=3568"}],"curies":[{"name":"wp","href":"https:\/\/api.w.org\/{rel}","templated":true}]}}