{"id":3607,"date":"2021-10-20T23:30:45","date_gmt":"2021-10-20T23:30:45","guid":{"rendered":"https:\/\/www.cuencasmineras.com\/?p=3607"},"modified":"2021-10-20T23:30:45","modified_gmt":"2021-10-20T23:30:45","slug":"mieres-invierte-medio-millon-en-arreglar-la-calle-gijon-una-de-sus-grandes-arterias","status":"publish","type":"post","link":"https:\/\/www.cuencasmineras.com\/index.php\/2021\/10\/20\/mieres-invierte-medio-millon-en-arreglar-la-calle-gijon-una-de-sus-grandes-arterias\/","title":{"rendered":"Mieres invierte medio mill\u00f3n en arreglar la calle Gij\u00f3n, una de sus grandes arterias"},"content":{"rendered":"<p style=\"text-align: justify;\">El Ayuntamiento de Mieres destinar\u00e1 casi medio mill\u00f3n de euros a la reurbanizaci\u00f3n de la calle Gij\u00f3n, que es el acceso principal a la zona de la Mayacina desde la entrada norte de la villa, as\u00ed como a otros equipamientos situados en la zona sur como el campus, la estaci\u00f3n de autobuses y los nuevos aparcamientos p\u00fablicos. Una v\u00eda que, como se\u00f1ala el proyecto, \u201csoporta un importante volumen de tr\u00e1fico que ha originado que, tanto el pavimento como el firma de la calzada se encuentre en avanzado estado de deterioro con frecuentes y numerosos blandones\u201d. Pero no solo eso, a pesar de contar con un \u00fanico sentido de circulaci\u00f3n, \u201cpresenta unas anchuras totalmente descompensadas entre las zonas destinadas al tr\u00e1fico rodado y los peatones\u201d.<\/p>\n<p style=\"text-align: justify;\"><img loading=\"lazy\" decoding=\"async\" class=\"aligncenter size-large wp-image-3608\" src=\"https:\/\/www.cuencasmineras.com\/wp-content\/uploads\/2021\/10\/c48697eb-14db-4e07-b90a-36c4bc9a1e0b_21-9-aspect-ratio_default_0-1024x438.jpg\" alt=\"\" width=\"640\" height=\"274\" srcset=\"https:\/\/www.cuencasmineras.com\/wp-content\/uploads\/2021\/10\/c48697eb-14db-4e07-b90a-36c4bc9a1e0b_21-9-aspect-ratio_default_0-1024x438.jpg 1024w, https:\/\/www.cuencasmineras.com\/wp-content\/uploads\/2021\/10\/c48697eb-14db-4e07-b90a-36c4bc9a1e0b_21-9-aspect-ratio_default_0-300x128.jpg 300w, https:\/\/www.cuencasmineras.com\/wp-content\/uploads\/2021\/10\/c48697eb-14db-4e07-b90a-36c4bc9a1e0b_21-9-aspect-ratio_default_0-768x329.jpg 768w, https:\/\/www.cuencasmineras.com\/wp-content\/uploads\/2021\/10\/c48697eb-14db-4e07-b90a-36c4bc9a1e0b_21-9-aspect-ratio_default_0.jpg 1280w\" sizes=\"auto, (max-width: 640px) 100vw, 640px\" \/><\/p>\n<p style=\"text-align: justify;\">La reordenaci\u00f3n urban\u00edstica de esta calle contar\u00e1 con una inversi\u00f3n de 461.225 euros y un plazo de ejecuci\u00f3n de seis meses. Ser\u00e1 remodelada de principio a fin. As\u00ed, se ampliar\u00e1n las aceras, con lo que mejorar\u00e1 la accesibilidad, y se cambiar\u00e1 el firme de la calzada y las zonas de aparcamiento. Tambi\u00e9n se renovar\u00e1 el pavimento de las aceras y se sustituir\u00e1 el antiguo colector municipal. El proyecto engloba tambi\u00e9n la reposici\u00f3n de la canalizaci\u00f3n del alumbrado y los puntos de luz, se ejecutar\u00e1n varios cruces de la red de electricidad y, por \u00faltimo, se colocar\u00e1 nueva se\u00f1alizaci\u00f3n horizontal y vertical.<\/p>\n<p style=\"text-align: justify;\">Por otro lado, tambi\u00e9n han sacado a licitaci\u00f3n las obras para adecuar como sala de estudio un local en la Mayacina, concretamente en la calle Horacio Fern\u00e1ndez Inguanzo. Unos trabajos que, con una inversi\u00f3n prevista de algo m\u00e1s de 115.000 euros, permitir\u00e1n acondicionar uno de los bajos comerciales de las viviendas en alquiler que el Principado tiene en este c\u00e9ntrico barrio y que ha sido cedido al Ayuntamiento para este cometido. El objetivo, tal y como se\u00f1alaron fuentes municipales, \u201ces ofrecer un espacio adecuado y en las mejores condiciones a las y los estudiantes del concejo\u201d. El Ayuntamiento se encargar\u00e1, por tanto, de crear, equipar y gestionar este nuevo servicio que cubrir\u00e1 una demanda de la juventud y de la poblaci\u00f3n estudiantil del concejo, que contar\u00e1 con una instalaci\u00f3n totalmente adecuada para el estudio. Este espacio se unir\u00e1 al que ya existe en la biblioteca p\u00fablica.<\/p>\n","protected":false},"excerpt":{"rendered":"<p>El Ayuntamiento de Mieres destinar\u00e1 casi medio mill\u00f3n de euros a la reurbanizaci\u00f3n de la calle Gij\u00f3n, que es el acceso principal a la zona de la Mayacina desde la entrada norte de la villa, as\u00ed como a otros equipamientos situados en la zona sur como el campus, la estaci\u00f3n de autobuses y los nuevos [&hellip;]<\/p>\n","protected":false},"author":1,"featured_media":3608,"comment_status":"open","ping_status":"open","sticky":false,"template":"","format":"standard","meta":{"footnotes":""},"categories":[7,6],"tags":[],"class_list":["post-3607","post","type-post","status-publish","format-standard","has-post-thumbnail","hentry","category-caudal","category-noticias"],"yoast_head":"<!-- This site is optimized with the Yoast SEO plugin v27.4 - https:\/\/yoast.com\/product\/yoast-seo-wordpress\/ -->\n<title>Mieres invierte medio mill\u00f3n en arreglar la calle Gij\u00f3n, una de sus grandes arterias - cm news<\/title>\n<meta name=\"description\" content=\"Los trabajos en el principal acceso a la Mayacina desde la entrada norte consistir\u00e1n, entre otros, en la ampliaci\u00f3n de aceras y la mejora del firme.\" \/>\n<meta name=\"robots\" content=\"index, follow, max-snippet:-1, max-image-preview:large, max-video-preview:-1\" \/>\n<link rel=\"canonical\" href=\"https:\/\/www.cuencasmineras.com\/index.php\/2021\/10\/20\/mieres-invierte-medio-millon-en-arreglar-la-calle-gijon-una-de-sus-grandes-arterias\/\" \/>\n<meta property=\"og:locale\" content=\"es_ES\" \/>\n<meta property=\"og:type\" content=\"article\" \/>\n<meta property=\"og:title\" content=\"Mieres invierte medio mill\u00f3n en arreglar la calle Gij\u00f3n, una de sus grandes arterias - cm news\" \/>\n<meta property=\"og:description\" content=\"Los trabajos en el principal acceso a la Mayacina desde la entrada norte consistir\u00e1n, entre otros, en la ampliaci\u00f3n de aceras y la mejora del firme.\" \/>\n<meta property=\"og:url\" content=\"https:\/\/www.cuencasmineras.com\/index.php\/2021\/10\/20\/mieres-invierte-medio-millon-en-arreglar-la-calle-gijon-una-de-sus-grandes-arterias\/\" \/>\n<meta property=\"article:published_time\" content=\"2021-10-20T23:30:45+00:00\" \/>\n<meta property=\"og:image\" content=\"https:\/\/www.cuencasmineras.com\/wp-content\/uploads\/2021\/10\/c48697eb-14db-4e07-b90a-36c4bc9a1e0b_21-9-aspect-ratio_default_0.jpg\" \/>\n\t<meta property=\"og:image:width\" content=\"1280\" \/>\n\t<meta property=\"og:image:height\" content=\"548\" \/>\n\t<meta property=\"og:image:type\" content=\"image\/jpeg\" \/>\n<meta name=\"author\" content=\"admin\" \/>\n<meta name=\"twitter:card\" content=\"summary_large_image\" \/>\n<meta name=\"twitter:label1\" content=\"Escrito por\" \/>\n\t<meta name=\"twitter:data1\" content=\"admin\" \/>\n\t<meta name=\"twitter:label2\" content=\"Tiempo de lectura\" \/>\n\t<meta name=\"twitter:data2\" content=\"2 minutos\" \/>\n<script type=\"application\/ld+json\" class=\"yoast-schema-graph\">{\"@context\":\"https:\\\/\\\/schema.org\",\"@graph\":[{\"@type\":\"Article\",\"@id\":\"https:\\\/\\\/www.cuencasmineras.com\\\/index.php\\\/2021\\\/10\\\/20\\\/mieres-invierte-medio-millon-en-arreglar-la-calle-gijon-una-de-sus-grandes-arterias\\\/#article\",\"isPartOf\":{\"@id\":\"https:\\\/\\\/www.cuencasmineras.com\\\/index.php\\\/2021\\\/10\\\/20\\\/mieres-invierte-medio-millon-en-arreglar-la-calle-gijon-una-de-sus-grandes-arterias\\\/\"},\"author\":{\"name\":\"admin\",\"@id\":\"https:\\\/\\\/www.cuencasmineras.com\\\/#\\\/schema\\\/person\\\/be0691310e8496ec555f679dd688420c\"},\"headline\":\"Mieres invierte medio mill\u00f3n en arreglar la calle Gij\u00f3n, una de sus grandes arterias\",\"datePublished\":\"2021-10-20T23:30:45+00:00\",\"mainEntityOfPage\":{\"@id\":\"https:\\\/\\\/www.cuencasmineras.com\\\/index.php\\\/2021\\\/10\\\/20\\\/mieres-invierte-medio-millon-en-arreglar-la-calle-gijon-una-de-sus-grandes-arterias\\\/\"},\"wordCount\":418,\"commentCount\":0,\"image\":{\"@id\":\"https:\\\/\\\/www.cuencasmineras.com\\\/index.php\\\/2021\\\/10\\\/20\\\/mieres-invierte-medio-millon-en-arreglar-la-calle-gijon-una-de-sus-grandes-arterias\\\/#primaryimage\"},\"thumbnailUrl\":\"https:\\\/\\\/www.cuencasmineras.com\\\/wp-content\\\/uploads\\\/2021\\\/10\\\/c48697eb-14db-4e07-b90a-36c4bc9a1e0b_21-9-aspect-ratio_default_0.jpg\",\"articleSection\":[\"Caudal\",\"CM NEWS\"],\"inLanguage\":\"es\",\"potentialAction\":[{\"@type\":\"CommentAction\",\"name\":\"Comment\",\"target\":[\"https:\\\/\\\/www.cuencasmineras.com\\\/index.php\\\/2021\\\/10\\\/20\\\/mieres-invierte-medio-millon-en-arreglar-la-calle-gijon-una-de-sus-grandes-arterias\\\/#respond\"]}]},{\"@type\":\"WebPage\",\"@id\":\"https:\\\/\\\/www.cuencasmineras.com\\\/index.php\\\/2021\\\/10\\\/20\\\/mieres-invierte-medio-millon-en-arreglar-la-calle-gijon-una-de-sus-grandes-arterias\\\/\",\"url\":\"https:\\\/\\\/www.cuencasmineras.com\\\/index.php\\\/2021\\\/10\\\/20\\\/mieres-invierte-medio-millon-en-arreglar-la-calle-gijon-una-de-sus-grandes-arterias\\\/\",\"name\":\"Mieres invierte medio mill\u00f3n en arreglar la calle Gij\u00f3n, una de sus grandes arterias - cm news\",\"isPartOf\":{\"@id\":\"https:\\\/\\\/www.cuencasmineras.com\\\/#website\"},\"primaryImageOfPage\":{\"@id\":\"https:\\\/\\\/www.cuencasmineras.com\\\/index.php\\\/2021\\\/10\\\/20\\\/mieres-invierte-medio-millon-en-arreglar-la-calle-gijon-una-de-sus-grandes-arterias\\\/#primaryimage\"},\"image\":{\"@id\":\"https:\\\/\\\/www.cuencasmineras.com\\\/index.php\\\/2021\\\/10\\\/20\\\/mieres-invierte-medio-millon-en-arreglar-la-calle-gijon-una-de-sus-grandes-arterias\\\/#primaryimage\"},\"thumbnailUrl\":\"https:\\\/\\\/www.cuencasmineras.com\\\/wp-content\\\/uploads\\\/2021\\\/10\\\/c48697eb-14db-4e07-b90a-36c4bc9a1e0b_21-9-aspect-ratio_default_0.jpg\",\"datePublished\":\"2021-10-20T23:30:45+00:00\",\"author\":{\"@id\":\"https:\\\/\\\/www.cuencasmineras.com\\\/#\\\/schema\\\/person\\\/be0691310e8496ec555f679dd688420c\"},\"description\":\"Los trabajos en el principal acceso a la Mayacina desde la entrada norte consistir\u00e1n, entre otros, en la ampliaci\u00f3n de aceras y la mejora del firme.\",\"breadcrumb\":{\"@id\":\"https:\\\/\\\/www.cuencasmineras.com\\\/index.php\\\/2021\\\/10\\\/20\\\/mieres-invierte-medio-millon-en-arreglar-la-calle-gijon-una-de-sus-grandes-arterias\\\/#breadcrumb\"},\"inLanguage\":\"es\",\"potentialAction\":[{\"@type\":\"ReadAction\",\"target\":[\"https:\\\/\\\/www.cuencasmineras.com\\\/index.php\\\/2021\\\/10\\\/20\\\/mieres-invierte-medio-millon-en-arreglar-la-calle-gijon-una-de-sus-grandes-arterias\\\/\"]}]},{\"@type\":\"ImageObject\",\"inLanguage\":\"es\",\"@id\":\"https:\\\/\\\/www.cuencasmineras.com\\\/index.php\\\/2021\\\/10\\\/20\\\/mieres-invierte-medio-millon-en-arreglar-la-calle-gijon-una-de-sus-grandes-arterias\\\/#primaryimage\",\"url\":\"https:\\\/\\\/www.cuencasmineras.com\\\/wp-content\\\/uploads\\\/2021\\\/10\\\/c48697eb-14db-4e07-b90a-36c4bc9a1e0b_21-9-aspect-ratio_default_0.jpg\",\"contentUrl\":\"https:\\\/\\\/www.cuencasmineras.com\\\/wp-content\\\/uploads\\\/2021\\\/10\\\/c48697eb-14db-4e07-b90a-36c4bc9a1e0b_21-9-aspect-ratio_default_0.jpg\",\"width\":1280,\"height\":548},{\"@type\":\"BreadcrumbList\",\"@id\":\"https:\\\/\\\/www.cuencasmineras.com\\\/index.php\\\/2021\\\/10\\\/20\\\/mieres-invierte-medio-millon-en-arreglar-la-calle-gijon-una-de-sus-grandes-arterias\\\/#breadcrumb\",\"itemListElement\":[{\"@type\":\"ListItem\",\"position\":1,\"name\":\"Portada\",\"item\":\"https:\\\/\\\/www.cuencasmineras.com\\\/\"},{\"@type\":\"ListItem\",\"position\":2,\"name\":\"Mieres invierte medio mill\u00f3n en arreglar la calle Gij\u00f3n, una de sus grandes arterias\"}]},{\"@type\":\"WebSite\",\"@id\":\"https:\\\/\\\/www.cuencasmineras.com\\\/#website\",\"url\":\"https:\\\/\\\/www.cuencasmineras.com\\\/\",\"name\":\"\",\"description\":\"\",\"potentialAction\":[{\"@type\":\"SearchAction\",\"target\":{\"@type\":\"EntryPoint\",\"urlTemplate\":\"https:\\\/\\\/www.cuencasmineras.com\\\/?s={search_term_string}\"},\"query-input\":{\"@type\":\"PropertyValueSpecification\",\"valueRequired\":true,\"valueName\":\"search_term_string\"}}],\"inLanguage\":\"es\"},{\"@type\":\"Person\",\"@id\":\"https:\\\/\\\/www.cuencasmineras.com\\\/#\\\/schema\\\/person\\\/be0691310e8496ec555f679dd688420c\",\"name\":\"admin\",\"image\":{\"@type\":\"ImageObject\",\"inLanguage\":\"es\",\"@id\":\"https:\\\/\\\/secure.gravatar.com\\\/avatar\\\/4afd2eed3b2fbbf36dd6707b5bd8a5b50ac648f033e36fbf85aeace2f0f859db?s=96&d=mm&r=g\",\"url\":\"https:\\\/\\\/secure.gravatar.com\\\/avatar\\\/4afd2eed3b2fbbf36dd6707b5bd8a5b50ac648f033e36fbf85aeace2f0f859db?s=96&d=mm&r=g\",\"contentUrl\":\"https:\\\/\\\/secure.gravatar.com\\\/avatar\\\/4afd2eed3b2fbbf36dd6707b5bd8a5b50ac648f033e36fbf85aeace2f0f859db?s=96&d=mm&r=g\",\"caption\":\"admin\"},\"sameAs\":[\"https:\\\/\\\/www.cuencasmineras.com\"],\"url\":\"https:\\\/\\\/www.cuencasmineras.com\\\/index.php\\\/author\\\/admin\\\/\"}]}<\/script>\n<!-- \/ Yoast SEO plugin. -->","yoast_head_json":{"title":"Mieres invierte medio mill\u00f3n en arreglar la calle Gij\u00f3n, una de sus grandes arterias - cm news","description":"Los trabajos en el principal acceso a la Mayacina desde la entrada norte consistir\u00e1n, entre otros, en la ampliaci\u00f3n de aceras y la mejora del firme.","robots":{"index":"index","follow":"follow","max-snippet":"max-snippet:-1","max-image-preview":"max-image-preview:large","max-video-preview":"max-video-preview:-1"},"canonical":"https:\/\/www.cuencasmineras.com\/index.php\/2021\/10\/20\/mieres-invierte-medio-millon-en-arreglar-la-calle-gijon-una-de-sus-grandes-arterias\/","og_locale":"es_ES","og_type":"article","og_title":"Mieres invierte medio mill\u00f3n en arreglar la calle Gij\u00f3n, una de sus grandes arterias - cm news","og_description":"Los trabajos en el principal acceso a la Mayacina desde la entrada norte consistir\u00e1n, entre otros, en la ampliaci\u00f3n de aceras y la mejora del firme.","og_url":"https:\/\/www.cuencasmineras.com\/index.php\/2021\/10\/20\/mieres-invierte-medio-millon-en-arreglar-la-calle-gijon-una-de-sus-grandes-arterias\/","article_published_time":"2021-10-20T23:30:45+00:00","og_image":[{"width":1280,"height":548,"url":"https:\/\/www.cuencasmineras.com\/wp-content\/uploads\/2021\/10\/c48697eb-14db-4e07-b90a-36c4bc9a1e0b_21-9-aspect-ratio_default_0.jpg","type":"image\/jpeg"}],"author":"admin","twitter_card":"summary_large_image","twitter_misc":{"Escrito por":"admin","Tiempo de lectura":"2 minutos"},"schema":{"@context":"https:\/\/schema.org","@graph":[{"@type":"Article","@id":"https:\/\/www.cuencasmineras.com\/index.php\/2021\/10\/20\/mieres-invierte-medio-millon-en-arreglar-la-calle-gijon-una-de-sus-grandes-arterias\/#article","isPartOf":{"@id":"https:\/\/www.cuencasmineras.com\/index.php\/2021\/10\/20\/mieres-invierte-medio-millon-en-arreglar-la-calle-gijon-una-de-sus-grandes-arterias\/"},"author":{"name":"admin","@id":"https:\/\/www.cuencasmineras.com\/#\/schema\/person\/be0691310e8496ec555f679dd688420c"},"headline":"Mieres invierte medio mill\u00f3n en arreglar la calle Gij\u00f3n, una de sus grandes arterias","datePublished":"2021-10-20T23:30:45+00:00","mainEntityOfPage":{"@id":"https:\/\/www.cuencasmineras.com\/index.php\/2021\/10\/20\/mieres-invierte-medio-millon-en-arreglar-la-calle-gijon-una-de-sus-grandes-arterias\/"},"wordCount":418,"commentCount":0,"image":{"@id":"https:\/\/www.cuencasmineras.com\/index.php\/2021\/10\/20\/mieres-invierte-medio-millon-en-arreglar-la-calle-gijon-una-de-sus-grandes-arterias\/#primaryimage"},"thumbnailUrl":"https:\/\/www.cuencasmineras.com\/wp-content\/uploads\/2021\/10\/c48697eb-14db-4e07-b90a-36c4bc9a1e0b_21-9-aspect-ratio_default_0.jpg","articleSection":["Caudal","CM NEWS"],"inLanguage":"es","potentialAction":[{"@type":"CommentAction","name":"Comment","target":["https:\/\/www.cuencasmineras.com\/index.php\/2021\/10\/20\/mieres-invierte-medio-millon-en-arreglar-la-calle-gijon-una-de-sus-grandes-arterias\/#respond"]}]},{"@type":"WebPage","@id":"https:\/\/www.cuencasmineras.com\/index.php\/2021\/10\/20\/mieres-invierte-medio-millon-en-arreglar-la-calle-gijon-una-de-sus-grandes-arterias\/","url":"https:\/\/www.cuencasmineras.com\/index.php\/2021\/10\/20\/mieres-invierte-medio-millon-en-arreglar-la-calle-gijon-una-de-sus-grandes-arterias\/","name":"Mieres invierte medio mill\u00f3n en arreglar la calle Gij\u00f3n, una de sus grandes arterias - cm news","isPartOf":{"@id":"https:\/\/www.cuencasmineras.com\/#website"},"primaryImageOfPage":{"@id":"https:\/\/www.cuencasmineras.com\/index.php\/2021\/10\/20\/mieres-invierte-medio-millon-en-arreglar-la-calle-gijon-una-de-sus-grandes-arterias\/#primaryimage"},"image":{"@id":"https:\/\/www.cuencasmineras.com\/index.php\/2021\/10\/20\/mieres-invierte-medio-millon-en-arreglar-la-calle-gijon-una-de-sus-grandes-arterias\/#primaryimage"},"thumbnailUrl":"https:\/\/www.cuencasmineras.com\/wp-content\/uploads\/2021\/10\/c48697eb-14db-4e07-b90a-36c4bc9a1e0b_21-9-aspect-ratio_default_0.jpg","datePublished":"2021-10-20T23:30:45+00:00","author":{"@id":"https:\/\/www.cuencasmineras.com\/#\/schema\/person\/be0691310e8496ec555f679dd688420c"},"description":"Los trabajos en el principal acceso a la Mayacina desde la entrada norte consistir\u00e1n, entre otros, en la ampliaci\u00f3n de aceras y la mejora del firme.","breadcrumb":{"@id":"https:\/\/www.cuencasmineras.com\/index.php\/2021\/10\/20\/mieres-invierte-medio-millon-en-arreglar-la-calle-gijon-una-de-sus-grandes-arterias\/#breadcrumb"},"inLanguage":"es","potentialAction":[{"@type":"ReadAction","target":["https:\/\/www.cuencasmineras.com\/index.php\/2021\/10\/20\/mieres-invierte-medio-millon-en-arreglar-la-calle-gijon-una-de-sus-grandes-arterias\/"]}]},{"@type":"ImageObject","inLanguage":"es","@id":"https:\/\/www.cuencasmineras.com\/index.php\/2021\/10\/20\/mieres-invierte-medio-millon-en-arreglar-la-calle-gijon-una-de-sus-grandes-arterias\/#primaryimage","url":"https:\/\/www.cuencasmineras.com\/wp-content\/uploads\/2021\/10\/c48697eb-14db-4e07-b90a-36c4bc9a1e0b_21-9-aspect-ratio_default_0.jpg","contentUrl":"https:\/\/www.cuencasmineras.com\/wp-content\/uploads\/2021\/10\/c48697eb-14db-4e07-b90a-36c4bc9a1e0b_21-9-aspect-ratio_default_0.jpg","width":1280,"height":548},{"@type":"BreadcrumbList","@id":"https:\/\/www.cuencasmineras.com\/index.php\/2021\/10\/20\/mieres-invierte-medio-millon-en-arreglar-la-calle-gijon-una-de-sus-grandes-arterias\/#breadcrumb","itemListElement":[{"@type":"ListItem","position":1,"name":"Portada","item":"https:\/\/www.cuencasmineras.com\/"},{"@type":"ListItem","position":2,"name":"Mieres invierte medio mill\u00f3n en arreglar la calle Gij\u00f3n, una de sus grandes arterias"}]},{"@type":"WebSite","@id":"https:\/\/www.cuencasmineras.com\/#website","url":"https:\/\/www.cuencasmineras.com\/","name":"","description":"","potentialAction":[{"@type":"SearchAction","target":{"@type":"EntryPoint","urlTemplate":"https:\/\/www.cuencasmineras.com\/?s={search_term_string}"},"query-input":{"@type":"PropertyValueSpecification","valueRequired":true,"valueName":"search_term_string"}}],"inLanguage":"es"},{"@type":"Person","@id":"https:\/\/www.cuencasmineras.com\/#\/schema\/person\/be0691310e8496ec555f679dd688420c","name":"admin","image":{"@type":"ImageObject","inLanguage":"es","@id":"https:\/\/secure.gravatar.com\/avatar\/4afd2eed3b2fbbf36dd6707b5bd8a5b50ac648f033e36fbf85aeace2f0f859db?s=96&d=mm&r=g","url":"https:\/\/secure.gravatar.com\/avatar\/4afd2eed3b2fbbf36dd6707b5bd8a5b50ac648f033e36fbf85aeace2f0f859db?s=96&d=mm&r=g","contentUrl":"https:\/\/secure.gravatar.com\/avatar\/4afd2eed3b2fbbf36dd6707b5bd8a5b50ac648f033e36fbf85aeace2f0f859db?s=96&d=mm&r=g","caption":"admin"},"sameAs":["https:\/\/www.cuencasmineras.com"],"url":"https:\/\/www.cuencasmineras.com\/index.php\/author\/admin\/"}]}},"_links":{"self":[{"href":"https:\/\/www.cuencasmineras.com\/index.php\/wp-json\/wp\/v2\/posts\/3607","targetHints":{"allow":["GET"]}}],"collection":[{"href":"https:\/\/www.cuencasmineras.com\/index.php\/wp-json\/wp\/v2\/posts"}],"about":[{"href":"https:\/\/www.cuencasmineras.com\/index.php\/wp-json\/wp\/v2\/types\/post"}],"author":[{"embeddable":true,"href":"https:\/\/www.cuencasmineras.com\/index.php\/wp-json\/wp\/v2\/users\/1"}],"replies":[{"embeddable":true,"href":"https:\/\/www.cuencasmineras.com\/index.php\/wp-json\/wp\/v2\/comments?post=3607"}],"version-history":[{"count":1,"href":"https:\/\/www.cuencasmineras.com\/index.php\/wp-json\/wp\/v2\/posts\/3607\/revisions"}],"predecessor-version":[{"id":3609,"href":"https:\/\/www.cuencasmineras.com\/index.php\/wp-json\/wp\/v2\/posts\/3607\/revisions\/3609"}],"wp:featuredmedia":[{"embeddable":true,"href":"https:\/\/www.cuencasmineras.com\/index.php\/wp-json\/wp\/v2\/media\/3608"}],"wp:attachment":[{"href":"https:\/\/www.cuencasmineras.com\/index.php\/wp-json\/wp\/v2\/media?parent=3607"}],"wp:term":[{"taxonomy":"category","embeddable":true,"href":"https:\/\/www.cuencasmineras.com\/index.php\/wp-json\/wp\/v2\/categories?post=3607"},{"taxonomy":"post_tag","embeddable":true,"href":"https:\/\/www.cuencasmineras.com\/index.php\/wp-json\/wp\/v2\/tags?post=3607"}],"curies":[{"name":"wp","href":"https:\/\/api.w.org\/{rel}","templated":true}]}}