{"id":3637,"date":"2021-10-27T09:12:51","date_gmt":"2021-10-27T09:12:51","guid":{"rendered":"https:\/\/www.cuencasmineras.com\/?p=3637"},"modified":"2021-10-27T09:12:51","modified_gmt":"2021-10-27T09:12:51","slug":"pp-mieres-exige-una-rebaja-del-50-de-las-tasas-de-terrazas","status":"publish","type":"post","link":"https:\/\/www.cuencasmineras.com\/index.php\/2021\/10\/27\/pp-mieres-exige-una-rebaja-del-50-de-las-tasas-de-terrazas\/","title":{"rendered":"PP MIERES exige una REBAJA del 50% de las TASAS de TERRAZAS"},"content":{"rendered":"<p style=\"text-align: justify;\" align=\"JUSTIFY\"><span style=\"font-family: Arial, serif;\"><span style=\"font-size: medium;\">Viendo que Mieres tiene una presi\u00f3n fiscal de las m\u00e1s altas del Principado:<\/span><\/span><\/p>\n<p style=\"text-align: justify;\" align=\"JUSTIFY\"><span style=\"color: #000000;\"><span style=\"font-family: Arial, serif;\"><span style=\"font-size: large;\"><b>EL GRUPO MUNICIPAL DEL PARTIDO POPULAR EXIGE UNA REBAJA DEL 50% DE LAS TASAS DE TERRAZAS Y UNA BAJADA GENERALIZADA DE LA FISCALIDAD PARA EL A\u00d1O 2022<\/b><\/span><\/span><\/span><\/p>\n<ul style=\"text-align: justify;\">\n<li>\n<p align=\"JUSTIFY\"><span style=\"font-family: Arial, serif;\"><span style=\"font-size: medium;\"><b>El sector de la hosteler\u00eda de Mieres ha sufrido mucho durante la pandemia y es necesario que se le apoye por todos los medios disponibles.<\/b><\/span><\/span><\/p>\n<\/li>\n<li>\n<p align=\"JUSTIFY\"><span style=\"font-family: Arial, serif;\"><span style=\"font-size: medium;\"><b>El Partido Popular presenta un plan de choque para disminuir la presi\u00f3n fiscal que sufren los vecinos del Concejo.<\/b><\/span><\/span><\/p>\n<\/li>\n<\/ul>\n<p style=\"text-align: justify;\"><span style=\"font-family: Arial, serif;\"><span style=\"font-size: medium;\"><u><b>27<\/b><\/u><\/span><\/span><span style=\"color: #000000;\"><span style=\"font-family: Arial, serif;\"><span style=\"font-size: medium;\"><u><b>, <\/b><\/u><\/span><\/span><\/span><span style=\"font-family: Arial, serif;\"><span style=\"font-size: medium;\"><u><b>octubre de 2021<\/b><\/u><\/span><\/span><span style=\"color: #000000;\"><span style=\"font-family: Arial, serif;\"><span style=\"font-size: medium;\"><u><b>.-<\/b><\/u><\/span><\/span><\/span><\/p>\n<p style=\"text-align: justify;\" align=\"JUSTIFY\"><span style=\"color: #222222;\"><span style=\"font-family: Arial, serif;\"><span style=\"font-size: medium;\">Mieres no puede seguir siendo uno de los municipios donde los vecinos paguemos los impuestos m\u00e1s altos de toda Asturias. Esta elevada presi\u00f3n fiscal que arrastramos desde hace a\u00f1os viene condicionada por <\/span><\/span><\/span><span style=\"color: #222222;\"><span style=\"font-family: Arial, serif;\"><span style=\"font-size: medium;\"><b>el af\u00e1n recaudatorio del actual Equipo de Gobierno<\/b><\/span><\/span><\/span><span style=\"color: #222222;\"><span style=\"font-family: Arial, serif;\"><span style=\"font-size: medium;\"> y su obsesi\u00f3n de eliminar la deuda que manten\u00edan. El problema est\u00e1, como viene denunciando en reiteradas ocasiones el Grupo Municipal del Partido Popular, que no han sabido parar esa obsesi\u00f3n por recaudar. <\/span><\/span><\/span><\/p>\n<p style=\"text-align: justify;\" align=\"JUSTIFY\"><span style=\"color: #222222;\"><span style=\"font-family: Arial, serif;\"><span style=\"font-size: medium;\">Seg\u00fan declaraciones del Portavoz Municipal Fernando Hern\u00e1ndez: \u201c<\/span><\/span><\/span><span style=\"color: #222222;\"><span style=\"font-family: Arial, serif;\"><span style=\"font-size: medium;\"><i>Aunque anuncien una congelaci\u00f3n de las tasas es insuficiente, mantienen unas tasas con af\u00e1n recaudatorio, no han sabido parar y adecuar el presupuesto municipal a la realidad del Concejo. <\/i><\/span><\/span><\/span><span style=\"color: #222222;\"><span style=\"font-family: Arial, serif;\"><span style=\"font-size: medium;\"><i><b>Si al final del a\u00f1o sobran 3 millones de super\u00e1vit, se ingresa m\u00e1s de lo que se gasta, es que falla algo<\/b><\/i><\/span><\/span><\/span><span style=\"color: #222222;\"><span style=\"font-family: Arial, serif;\"><span style=\"font-size: medium;\">\u201d.<\/span><\/span><\/span><\/p>\n<p style=\"text-align: justify;\" align=\"JUSTIFY\"><span style=\"color: #222222;\"><span style=\"font-family: Arial, serif;\"><span style=\"font-size: medium;\">Dentro <\/span><\/span><\/span><span style=\"color: #222222;\"><span style=\"font-family: Arial, serif;\"><span style=\"font-size: medium;\"><b>las propuestas de choque<\/b><\/span><\/span><\/span><span style=\"color: #222222;\"><span style=\"font-family: Arial, serif;\"><span style=\"font-size: medium;\"> que plantea el Partido Popular de Mieres esta principalmente <\/span><\/span><\/span><span style=\"color: #222222;\"><span style=\"font-family: Arial, serif;\"><span style=\"font-size: medium;\"><b>una rebaja del 50% de la tasa de terrazas para el a\u00f1o 2022<\/b><\/span><\/span><\/span><span style=\"color: #222222;\"><span style=\"font-family: Arial, serif;\"><span style=\"font-size: medium;\">. El sector de la hosteler\u00eda de Mieres ha sufrido mucho durante la pandemia y es necesario que se le apoye por todos los medios disponibles. Actualmente seguimos esperando y reclamando las prometidas ayudas de 800.000\u20ac que no acaban de llegar. Tambi\u00e9n relacionado con este sector se solicitar\u00e1 <\/span><\/span><\/span><span style=\"color: #222222;\"><span style=\"font-family: Arial, serif;\"><span style=\"font-size: medium;\"><b>una bajada de la recogida de basuras y residuos de un 50%<\/b><\/span><\/span><\/span><span style=\"color: #222222;\"><span style=\"font-family: Arial, serif;\"><span style=\"font-size: medium;\"> tambi\u00e9n, para impulsar el sector.<\/span><\/span><\/span><\/p>\n<p style=\"text-align: justify;\" align=\"JUSTIFY\"><span style=\"color: #222222;\"><span style=\"font-family: Arial, serif;\"><span style=\"font-size: medium;\">Tambi\u00e9n se solicitar\u00e1n bajadas en el impuesto de actividades econ\u00f3micas para fomentar la instalaci\u00f3n de nuevas empresas o inicios de nuevas actividades empresariales, en el impuesto sobre construcciones para ayudar en las rehabilitaciones de viviendas, en la vi\u00f1eta para bonificar los veh\u00edculos destinados a una actividad industrial o en las tasas deportivas y la creaci\u00f3n de un bono deportivo familiar m\u00faltiple para fomentar el deporte familiar. <\/span><\/span><\/span><\/p>\n<p style=\"text-align: justify;\" align=\"JUSTIFY\"><span style=\"color: #222222;\"><span style=\"font-family: Arial, serif;\"><span style=\"font-size: medium;\">Seg\u00fan Fernando Hern\u00e1ndez: \u201c<\/span><\/span><\/span><span style=\"color: #222222;\"><span style=\"font-family: Arial, serif;\"><span style=\"font-size: medium;\"><i><b>Es vital para la econom\u00eda del Concejo que se apliquen estas rebajas,<\/b><\/i><\/span><\/span><\/span><i> <\/i><span style=\"color: #222222;\"><span style=\"font-family: Arial, serif;\"><span style=\"font-size: medium;\"><i><b>hay que fomentar la actividad econ\u00f3mica e impulsar la existente<\/b><\/i><\/span><\/span><\/span><span style=\"color: #222222;\"><span style=\"font-family: Arial, serif;\"><span style=\"font-size: medium;\"><i>. Hay que ser realistas, sino luchamos por lo poco que tenemos nadie va a traernos el man\u00e1 del cielo. El Equipo de Gobierno sigue exprimiendo a los vecinos econ\u00f3micamente y esperando que alguien venga darles una soluci\u00f3n por no ponerse ellos a trabajar por el Concejo<\/i><\/span><\/span><\/span><span style=\"color: #222222;\"><span style=\"font-family: Arial, serif;\"><span style=\"font-size: medium;\">.\u201d Por \u00faltimo, el portavoz municipal matizo:\u201d <\/span><\/span><\/span><span style=\"color: #222222;\"><span style=\"font-family: Arial, serif;\"><span style=\"font-size: medium;\"><i>Nosotros hemos realizado nuestro trabajo, calculando cual es la merma de aplicaci\u00f3n de estas rebajas y, <\/i><\/span><\/span><\/span><span style=\"color: #222222;\"><span style=\"font-family: Arial, serif;\"><span style=\"font-size: medium;\"><i><b>con un simple ajuste del presupuesto, todas estas medidas propuestas son m\u00e1s que asumibles por nuestro Ayuntamiento<\/b><\/i><\/span><\/span><\/span><span style=\"color: #222222;\"><span style=\"font-family: Arial, serif;\"><span style=\"font-size: medium;\"><i>. Si no se aplican es porque no se quiere, no porque no se pueda y se prefiere mantener el af\u00e1n recaudatorio.<\/i><\/span><\/span><\/span><span style=\"color: #222222;\"><span style=\"font-family: Arial, serif;\"><span style=\"font-size: medium;\">\u201d<\/span><\/span><\/span><\/p>\n<p style=\"text-align: justify;\" align=\"JUSTIFY\"><img loading=\"lazy\" decoding=\"async\" class=\"aligncenter size-large wp-image-3638\" src=\"https:\/\/www.cuencasmineras.com\/wp-content\/uploads\/2021\/10\/IMG_20211007_095951-1024x576.jpg\" alt=\"\" width=\"640\" height=\"360\" srcset=\"https:\/\/www.cuencasmineras.com\/wp-content\/uploads\/2021\/10\/IMG_20211007_095951-1024x576.jpg 1024w, https:\/\/www.cuencasmineras.com\/wp-content\/uploads\/2021\/10\/IMG_20211007_095951-300x169.jpg 300w, https:\/\/www.cuencasmineras.com\/wp-content\/uploads\/2021\/10\/IMG_20211007_095951-768x432.jpg 768w, https:\/\/www.cuencasmineras.com\/wp-content\/uploads\/2021\/10\/IMG_20211007_095951-1536x864.jpg 1536w, https:\/\/www.cuencasmineras.com\/wp-content\/uploads\/2021\/10\/IMG_20211007_095951-2048x1152.jpg 2048w\" sizes=\"auto, (max-width: 640px) 100vw, 640px\" \/><\/p>\n<p style=\"text-align: justify;\" align=\"JUSTIFY\">\n<p style=\"text-align: justify;\" align=\"JUSTIFY\">\n","protected":false},"excerpt":{"rendered":"<p>Viendo que Mieres tiene una presi\u00f3n fiscal de las m\u00e1s altas del Principado: EL GRUPO MUNICIPAL DEL PARTIDO POPULAR EXIGE UNA REBAJA DEL 50% DE LAS TASAS DE TERRAZAS Y UNA BAJADA GENERALIZADA DE LA FISCALIDAD PARA EL A\u00d1O 2022 El sector de la hosteler\u00eda de Mieres ha sufrido mucho durante la pandemia y es [&hellip;]<\/p>\n","protected":false},"author":1,"featured_media":0,"comment_status":"open","ping_status":"open","sticky":false,"template":"","format":"standard","meta":{"footnotes":""},"categories":[7,6],"tags":[190,31,125,118,189],"class_list":["post-3637","post","type-post","status-publish","format-standard","hentry","category-caudal","category-noticias","tag-impuestos","tag-mieres","tag-pp-mieres","tag-tasas","tag-terrazas"],"yoast_head":"<!-- This site is optimized with the Yoast SEO plugin v27.4 - https:\/\/yoast.com\/product\/yoast-seo-wordpress\/ -->\n<title>PP MIERES exige una REBAJA del 50% de las TASAS de TERRAZAS - CuencasMineras<\/title>\n<meta name=\"robots\" content=\"index, follow, max-snippet:-1, max-image-preview:large, max-video-preview:-1\" \/>\n<link rel=\"canonical\" href=\"https:\/\/www.cuencasmineras.com\/index.php\/2021\/10\/27\/pp-mieres-exige-una-rebaja-del-50-de-las-tasas-de-terrazas\/\" \/>\n<meta property=\"og:locale\" content=\"es_ES\" \/>\n<meta property=\"og:type\" content=\"article\" \/>\n<meta property=\"og:title\" content=\"PP MIERES exige una REBAJA del 50% de las TASAS de TERRAZAS - CuencasMineras\" \/>\n<meta property=\"og:description\" content=\"Viendo que Mieres tiene una presi\u00f3n fiscal de las m\u00e1s altas del Principado: EL GRUPO MUNICIPAL DEL PARTIDO POPULAR EXIGE UNA REBAJA DEL 50% DE LAS TASAS DE TERRAZAS Y UNA BAJADA GENERALIZADA DE LA FISCALIDAD PARA EL A\u00d1O 2022 El sector de la hosteler\u00eda de Mieres ha sufrido mucho durante la pandemia y es [&hellip;]\" \/>\n<meta property=\"og:url\" content=\"https:\/\/www.cuencasmineras.com\/index.php\/2021\/10\/27\/pp-mieres-exige-una-rebaja-del-50-de-las-tasas-de-terrazas\/\" \/>\n<meta property=\"article:published_time\" content=\"2021-10-27T09:12:51+00:00\" \/>\n<meta property=\"og:image\" content=\"https:\/\/www.cuencasmineras.com\/wp-content\/uploads\/2021\/10\/IMG_20211007_095951-1024x576.jpg\" \/>\n<meta name=\"author\" content=\"admin\" \/>\n<meta name=\"twitter:card\" content=\"summary_large_image\" \/>\n<meta name=\"twitter:label1\" content=\"Escrito por\" \/>\n\t<meta name=\"twitter:data1\" content=\"admin\" \/>\n\t<meta name=\"twitter:label2\" content=\"Tiempo de lectura\" \/>\n\t<meta name=\"twitter:data2\" content=\"3 minutos\" \/>\n<script type=\"application\/ld+json\" class=\"yoast-schema-graph\">{\"@context\":\"https:\\\/\\\/schema.org\",\"@graph\":[{\"@type\":\"Article\",\"@id\":\"https:\\\/\\\/www.cuencasmineras.com\\\/index.php\\\/2021\\\/10\\\/27\\\/pp-mieres-exige-una-rebaja-del-50-de-las-tasas-de-terrazas\\\/#article\",\"isPartOf\":{\"@id\":\"https:\\\/\\\/www.cuencasmineras.com\\\/index.php\\\/2021\\\/10\\\/27\\\/pp-mieres-exige-una-rebaja-del-50-de-las-tasas-de-terrazas\\\/\"},\"author\":{\"name\":\"admin\",\"@id\":\"https:\\\/\\\/www.cuencasmineras.com\\\/#\\\/schema\\\/person\\\/be0691310e8496ec555f679dd688420c\"},\"headline\":\"PP MIERES exige una REBAJA del 50% de las TASAS de TERRAZAS\",\"datePublished\":\"2021-10-27T09:12:51+00:00\",\"mainEntityOfPage\":{\"@id\":\"https:\\\/\\\/www.cuencasmineras.com\\\/index.php\\\/2021\\\/10\\\/27\\\/pp-mieres-exige-una-rebaja-del-50-de-las-tasas-de-terrazas\\\/\"},\"wordCount\":550,\"commentCount\":0,\"image\":{\"@id\":\"https:\\\/\\\/www.cuencasmineras.com\\\/index.php\\\/2021\\\/10\\\/27\\\/pp-mieres-exige-una-rebaja-del-50-de-las-tasas-de-terrazas\\\/#primaryimage\"},\"thumbnailUrl\":\"https:\\\/\\\/www.cuencasmineras.com\\\/wp-content\\\/uploads\\\/2021\\\/10\\\/IMG_20211007_095951-1024x576.jpg\",\"keywords\":[\"impuestos\",\"mieres\",\"PP MIERES\",\"tasas\",\"terrazas\"],\"articleSection\":[\"Caudal\",\"CM NEWS\"],\"inLanguage\":\"es\",\"potentialAction\":[{\"@type\":\"CommentAction\",\"name\":\"Comment\",\"target\":[\"https:\\\/\\\/www.cuencasmineras.com\\\/index.php\\\/2021\\\/10\\\/27\\\/pp-mieres-exige-una-rebaja-del-50-de-las-tasas-de-terrazas\\\/#respond\"]}]},{\"@type\":\"WebPage\",\"@id\":\"https:\\\/\\\/www.cuencasmineras.com\\\/index.php\\\/2021\\\/10\\\/27\\\/pp-mieres-exige-una-rebaja-del-50-de-las-tasas-de-terrazas\\\/\",\"url\":\"https:\\\/\\\/www.cuencasmineras.com\\\/index.php\\\/2021\\\/10\\\/27\\\/pp-mieres-exige-una-rebaja-del-50-de-las-tasas-de-terrazas\\\/\",\"name\":\"PP MIERES exige una REBAJA del 50% de las TASAS de TERRAZAS - CuencasMineras\",\"isPartOf\":{\"@id\":\"https:\\\/\\\/www.cuencasmineras.com\\\/#website\"},\"primaryImageOfPage\":{\"@id\":\"https:\\\/\\\/www.cuencasmineras.com\\\/index.php\\\/2021\\\/10\\\/27\\\/pp-mieres-exige-una-rebaja-del-50-de-las-tasas-de-terrazas\\\/#primaryimage\"},\"image\":{\"@id\":\"https:\\\/\\\/www.cuencasmineras.com\\\/index.php\\\/2021\\\/10\\\/27\\\/pp-mieres-exige-una-rebaja-del-50-de-las-tasas-de-terrazas\\\/#primaryimage\"},\"thumbnailUrl\":\"https:\\\/\\\/www.cuencasmineras.com\\\/wp-content\\\/uploads\\\/2021\\\/10\\\/IMG_20211007_095951-1024x576.jpg\",\"datePublished\":\"2021-10-27T09:12:51+00:00\",\"author\":{\"@id\":\"https:\\\/\\\/www.cuencasmineras.com\\\/#\\\/schema\\\/person\\\/be0691310e8496ec555f679dd688420c\"},\"breadcrumb\":{\"@id\":\"https:\\\/\\\/www.cuencasmineras.com\\\/index.php\\\/2021\\\/10\\\/27\\\/pp-mieres-exige-una-rebaja-del-50-de-las-tasas-de-terrazas\\\/#breadcrumb\"},\"inLanguage\":\"es\",\"potentialAction\":[{\"@type\":\"ReadAction\",\"target\":[\"https:\\\/\\\/www.cuencasmineras.com\\\/index.php\\\/2021\\\/10\\\/27\\\/pp-mieres-exige-una-rebaja-del-50-de-las-tasas-de-terrazas\\\/\"]}]},{\"@type\":\"ImageObject\",\"inLanguage\":\"es\",\"@id\":\"https:\\\/\\\/www.cuencasmineras.com\\\/index.php\\\/2021\\\/10\\\/27\\\/pp-mieres-exige-una-rebaja-del-50-de-las-tasas-de-terrazas\\\/#primaryimage\",\"url\":\"https:\\\/\\\/www.cuencasmineras.com\\\/wp-content\\\/uploads\\\/2021\\\/10\\\/IMG_20211007_095951-scaled.jpg\",\"contentUrl\":\"https:\\\/\\\/www.cuencasmineras.com\\\/wp-content\\\/uploads\\\/2021\\\/10\\\/IMG_20211007_095951-scaled.jpg\",\"width\":2560,\"height\":1440},{\"@type\":\"BreadcrumbList\",\"@id\":\"https:\\\/\\\/www.cuencasmineras.com\\\/index.php\\\/2021\\\/10\\\/27\\\/pp-mieres-exige-una-rebaja-del-50-de-las-tasas-de-terrazas\\\/#breadcrumb\",\"itemListElement\":[{\"@type\":\"ListItem\",\"position\":1,\"name\":\"Portada\",\"item\":\"https:\\\/\\\/www.cuencasmineras.com\\\/\"},{\"@type\":\"ListItem\",\"position\":2,\"name\":\"PP MIERES exige una REBAJA del 50% de las TASAS de TERRAZAS\"}]},{\"@type\":\"WebSite\",\"@id\":\"https:\\\/\\\/www.cuencasmineras.com\\\/#website\",\"url\":\"https:\\\/\\\/www.cuencasmineras.com\\\/\",\"name\":\"\",\"description\":\"\",\"potentialAction\":[{\"@type\":\"SearchAction\",\"target\":{\"@type\":\"EntryPoint\",\"urlTemplate\":\"https:\\\/\\\/www.cuencasmineras.com\\\/?s={search_term_string}\"},\"query-input\":{\"@type\":\"PropertyValueSpecification\",\"valueRequired\":true,\"valueName\":\"search_term_string\"}}],\"inLanguage\":\"es\"},{\"@type\":\"Person\",\"@id\":\"https:\\\/\\\/www.cuencasmineras.com\\\/#\\\/schema\\\/person\\\/be0691310e8496ec555f679dd688420c\",\"name\":\"admin\",\"image\":{\"@type\":\"ImageObject\",\"inLanguage\":\"es\",\"@id\":\"https:\\\/\\\/secure.gravatar.com\\\/avatar\\\/4afd2eed3b2fbbf36dd6707b5bd8a5b50ac648f033e36fbf85aeace2f0f859db?s=96&d=mm&r=g\",\"url\":\"https:\\\/\\\/secure.gravatar.com\\\/avatar\\\/4afd2eed3b2fbbf36dd6707b5bd8a5b50ac648f033e36fbf85aeace2f0f859db?s=96&d=mm&r=g\",\"contentUrl\":\"https:\\\/\\\/secure.gravatar.com\\\/avatar\\\/4afd2eed3b2fbbf36dd6707b5bd8a5b50ac648f033e36fbf85aeace2f0f859db?s=96&d=mm&r=g\",\"caption\":\"admin\"},\"sameAs\":[\"https:\\\/\\\/www.cuencasmineras.com\"],\"url\":\"https:\\\/\\\/www.cuencasmineras.com\\\/index.php\\\/author\\\/admin\\\/\"}]}<\/script>\n<!-- \/ Yoast SEO plugin. -->","yoast_head_json":{"title":"PP MIERES exige una REBAJA del 50% de las TASAS de TERRAZAS - CuencasMineras","robots":{"index":"index","follow":"follow","max-snippet":"max-snippet:-1","max-image-preview":"max-image-preview:large","max-video-preview":"max-video-preview:-1"},"canonical":"https:\/\/www.cuencasmineras.com\/index.php\/2021\/10\/27\/pp-mieres-exige-una-rebaja-del-50-de-las-tasas-de-terrazas\/","og_locale":"es_ES","og_type":"article","og_title":"PP MIERES exige una REBAJA del 50% de las TASAS de TERRAZAS - CuencasMineras","og_description":"Viendo que Mieres tiene una presi\u00f3n fiscal de las m\u00e1s altas del Principado: EL GRUPO MUNICIPAL DEL PARTIDO POPULAR EXIGE UNA REBAJA DEL 50% DE LAS TASAS DE TERRAZAS Y UNA BAJADA GENERALIZADA DE LA FISCALIDAD PARA EL A\u00d1O 2022 El sector de la hosteler\u00eda de Mieres ha sufrido mucho durante la pandemia y es [&hellip;]","og_url":"https:\/\/www.cuencasmineras.com\/index.php\/2021\/10\/27\/pp-mieres-exige-una-rebaja-del-50-de-las-tasas-de-terrazas\/","article_published_time":"2021-10-27T09:12:51+00:00","og_image":[{"url":"https:\/\/www.cuencasmineras.com\/wp-content\/uploads\/2021\/10\/IMG_20211007_095951-1024x576.jpg","type":"","width":"","height":""}],"author":"admin","twitter_card":"summary_large_image","twitter_misc":{"Escrito por":"admin","Tiempo de lectura":"3 minutos"},"schema":{"@context":"https:\/\/schema.org","@graph":[{"@type":"Article","@id":"https:\/\/www.cuencasmineras.com\/index.php\/2021\/10\/27\/pp-mieres-exige-una-rebaja-del-50-de-las-tasas-de-terrazas\/#article","isPartOf":{"@id":"https:\/\/www.cuencasmineras.com\/index.php\/2021\/10\/27\/pp-mieres-exige-una-rebaja-del-50-de-las-tasas-de-terrazas\/"},"author":{"name":"admin","@id":"https:\/\/www.cuencasmineras.com\/#\/schema\/person\/be0691310e8496ec555f679dd688420c"},"headline":"PP MIERES exige una REBAJA del 50% de las TASAS de TERRAZAS","datePublished":"2021-10-27T09:12:51+00:00","mainEntityOfPage":{"@id":"https:\/\/www.cuencasmineras.com\/index.php\/2021\/10\/27\/pp-mieres-exige-una-rebaja-del-50-de-las-tasas-de-terrazas\/"},"wordCount":550,"commentCount":0,"image":{"@id":"https:\/\/www.cuencasmineras.com\/index.php\/2021\/10\/27\/pp-mieres-exige-una-rebaja-del-50-de-las-tasas-de-terrazas\/#primaryimage"},"thumbnailUrl":"https:\/\/www.cuencasmineras.com\/wp-content\/uploads\/2021\/10\/IMG_20211007_095951-1024x576.jpg","keywords":["impuestos","mieres","PP MIERES","tasas","terrazas"],"articleSection":["Caudal","CM NEWS"],"inLanguage":"es","potentialAction":[{"@type":"CommentAction","name":"Comment","target":["https:\/\/www.cuencasmineras.com\/index.php\/2021\/10\/27\/pp-mieres-exige-una-rebaja-del-50-de-las-tasas-de-terrazas\/#respond"]}]},{"@type":"WebPage","@id":"https:\/\/www.cuencasmineras.com\/index.php\/2021\/10\/27\/pp-mieres-exige-una-rebaja-del-50-de-las-tasas-de-terrazas\/","url":"https:\/\/www.cuencasmineras.com\/index.php\/2021\/10\/27\/pp-mieres-exige-una-rebaja-del-50-de-las-tasas-de-terrazas\/","name":"PP MIERES exige una REBAJA del 50% de las TASAS de TERRAZAS - CuencasMineras","isPartOf":{"@id":"https:\/\/www.cuencasmineras.com\/#website"},"primaryImageOfPage":{"@id":"https:\/\/www.cuencasmineras.com\/index.php\/2021\/10\/27\/pp-mieres-exige-una-rebaja-del-50-de-las-tasas-de-terrazas\/#primaryimage"},"image":{"@id":"https:\/\/www.cuencasmineras.com\/index.php\/2021\/10\/27\/pp-mieres-exige-una-rebaja-del-50-de-las-tasas-de-terrazas\/#primaryimage"},"thumbnailUrl":"https:\/\/www.cuencasmineras.com\/wp-content\/uploads\/2021\/10\/IMG_20211007_095951-1024x576.jpg","datePublished":"2021-10-27T09:12:51+00:00","author":{"@id":"https:\/\/www.cuencasmineras.com\/#\/schema\/person\/be0691310e8496ec555f679dd688420c"},"breadcrumb":{"@id":"https:\/\/www.cuencasmineras.com\/index.php\/2021\/10\/27\/pp-mieres-exige-una-rebaja-del-50-de-las-tasas-de-terrazas\/#breadcrumb"},"inLanguage":"es","potentialAction":[{"@type":"ReadAction","target":["https:\/\/www.cuencasmineras.com\/index.php\/2021\/10\/27\/pp-mieres-exige-una-rebaja-del-50-de-las-tasas-de-terrazas\/"]}]},{"@type":"ImageObject","inLanguage":"es","@id":"https:\/\/www.cuencasmineras.com\/index.php\/2021\/10\/27\/pp-mieres-exige-una-rebaja-del-50-de-las-tasas-de-terrazas\/#primaryimage","url":"https:\/\/www.cuencasmineras.com\/wp-content\/uploads\/2021\/10\/IMG_20211007_095951-scaled.jpg","contentUrl":"https:\/\/www.cuencasmineras.com\/wp-content\/uploads\/2021\/10\/IMG_20211007_095951-scaled.jpg","width":2560,"height":1440},{"@type":"BreadcrumbList","@id":"https:\/\/www.cuencasmineras.com\/index.php\/2021\/10\/27\/pp-mieres-exige-una-rebaja-del-50-de-las-tasas-de-terrazas\/#breadcrumb","itemListElement":[{"@type":"ListItem","position":1,"name":"Portada","item":"https:\/\/www.cuencasmineras.com\/"},{"@type":"ListItem","position":2,"name":"PP MIERES exige una REBAJA del 50% de las TASAS de TERRAZAS"}]},{"@type":"WebSite","@id":"https:\/\/www.cuencasmineras.com\/#website","url":"https:\/\/www.cuencasmineras.com\/","name":"","description":"","potentialAction":[{"@type":"SearchAction","target":{"@type":"EntryPoint","urlTemplate":"https:\/\/www.cuencasmineras.com\/?s={search_term_string}"},"query-input":{"@type":"PropertyValueSpecification","valueRequired":true,"valueName":"search_term_string"}}],"inLanguage":"es"},{"@type":"Person","@id":"https:\/\/www.cuencasmineras.com\/#\/schema\/person\/be0691310e8496ec555f679dd688420c","name":"admin","image":{"@type":"ImageObject","inLanguage":"es","@id":"https:\/\/secure.gravatar.com\/avatar\/4afd2eed3b2fbbf36dd6707b5bd8a5b50ac648f033e36fbf85aeace2f0f859db?s=96&d=mm&r=g","url":"https:\/\/secure.gravatar.com\/avatar\/4afd2eed3b2fbbf36dd6707b5bd8a5b50ac648f033e36fbf85aeace2f0f859db?s=96&d=mm&r=g","contentUrl":"https:\/\/secure.gravatar.com\/avatar\/4afd2eed3b2fbbf36dd6707b5bd8a5b50ac648f033e36fbf85aeace2f0f859db?s=96&d=mm&r=g","caption":"admin"},"sameAs":["https:\/\/www.cuencasmineras.com"],"url":"https:\/\/www.cuencasmineras.com\/index.php\/author\/admin\/"}]}},"_links":{"self":[{"href":"https:\/\/www.cuencasmineras.com\/index.php\/wp-json\/wp\/v2\/posts\/3637","targetHints":{"allow":["GET"]}}],"collection":[{"href":"https:\/\/www.cuencasmineras.com\/index.php\/wp-json\/wp\/v2\/posts"}],"about":[{"href":"https:\/\/www.cuencasmineras.com\/index.php\/wp-json\/wp\/v2\/types\/post"}],"author":[{"embeddable":true,"href":"https:\/\/www.cuencasmineras.com\/index.php\/wp-json\/wp\/v2\/users\/1"}],"replies":[{"embeddable":true,"href":"https:\/\/www.cuencasmineras.com\/index.php\/wp-json\/wp\/v2\/comments?post=3637"}],"version-history":[{"count":1,"href":"https:\/\/www.cuencasmineras.com\/index.php\/wp-json\/wp\/v2\/posts\/3637\/revisions"}],"predecessor-version":[{"id":3639,"href":"https:\/\/www.cuencasmineras.com\/index.php\/wp-json\/wp\/v2\/posts\/3637\/revisions\/3639"}],"wp:attachment":[{"href":"https:\/\/www.cuencasmineras.com\/index.php\/wp-json\/wp\/v2\/media?parent=3637"}],"wp:term":[{"taxonomy":"category","embeddable":true,"href":"https:\/\/www.cuencasmineras.com\/index.php\/wp-json\/wp\/v2\/categories?post=3637"},{"taxonomy":"post_tag","embeddable":true,"href":"https:\/\/www.cuencasmineras.com\/index.php\/wp-json\/wp\/v2\/tags?post=3637"}],"curies":[{"name":"wp","href":"https:\/\/api.w.org\/{rel}","templated":true}]}}