{"id":3665,"date":"2021-10-28T13:45:55","date_gmt":"2021-10-28T13:45:55","guid":{"rendered":"https:\/\/www.cuencasmineras.com\/?p=3665"},"modified":"2021-10-28T13:45:55","modified_gmt":"2021-10-28T13:45:55","slug":"el-regreso-de-la-feria-ganadera-en-aller","status":"publish","type":"post","link":"https:\/\/www.cuencasmineras.com\/index.php\/2021\/10\/28\/el-regreso-de-la-feria-ganadera-en-aller\/","title":{"rendered":"El regreso de la feria ganadera en Aller"},"content":{"rendered":"<p style=\"text-align: justify;\">Las ferias ganaderas vuelven al mercado de Caba\u00f1aquinta, tras el \u201cpar\u00f3n\u201d obligado por la crisis sanitaria del covid-19. Lo hicieron ayer con la Feria de Los Santos, con buena asistencia de p\u00fablico. Es un encuentro que sirve de antesala para una de las grandes fiestas locales: el Merca\u00f3n, que se celebra el 26 de noviembre.<\/p>\n<p><img loading=\"lazy\" decoding=\"async\" class=\"aligncenter size-large wp-image-3666\" src=\"https:\/\/www.cuencasmineras.com\/wp-content\/uploads\/2021\/10\/d5e9c395-b092-4a91-9180-8ab295cd3b29_21-9-aspect-ratio_default_0-1024x438.jpg\" alt=\"\" width=\"640\" height=\"274\" srcset=\"https:\/\/www.cuencasmineras.com\/wp-content\/uploads\/2021\/10\/d5e9c395-b092-4a91-9180-8ab295cd3b29_21-9-aspect-ratio_default_0-1024x438.jpg 1024w, https:\/\/www.cuencasmineras.com\/wp-content\/uploads\/2021\/10\/d5e9c395-b092-4a91-9180-8ab295cd3b29_21-9-aspect-ratio_default_0-300x128.jpg 300w, https:\/\/www.cuencasmineras.com\/wp-content\/uploads\/2021\/10\/d5e9c395-b092-4a91-9180-8ab295cd3b29_21-9-aspect-ratio_default_0-768x329.jpg 768w, https:\/\/www.cuencasmineras.com\/wp-content\/uploads\/2021\/10\/d5e9c395-b092-4a91-9180-8ab295cd3b29_21-9-aspect-ratio_default_0.jpg 1280w\" sizes=\"auto, (max-width: 640px) 100vw, 640px\" \/><\/p>\n<p style=\"text-align: justify;\">La cita de Los Santos est\u00e1 organizada por la concejal\u00eda de Ganader\u00eda, que dirige el edil Joaqu\u00edn Cabrerizo (PSOE). La valoraci\u00f3n es positiva: \u201cHubo afluencia de ganader\u00edas y de p\u00fablico\u201d. Pujaron por reses y lotes de las ganader\u00edas locales. Los restaurantes tambi\u00e9n pusieron los fogones calientes, con men\u00fas tradicionales. Todo listo, por tanto, para acoger en unas semanas el Merca\u00f3n. Es una de las ferias con m\u00e1s renombre en la regi\u00f3n.<\/p>\n","protected":false},"excerpt":{"rendered":"<p>Las ferias ganaderas vuelven al mercado de Caba\u00f1aquinta, tras el \u201cpar\u00f3n\u201d obligado por la crisis sanitaria del covid-19. Lo hicieron ayer con la Feria de Los Santos, con buena asistencia de p\u00fablico. Es un encuentro que sirve de antesala para una de las grandes fiestas locales: el Merca\u00f3n, que se celebra el 26 de noviembre. [&hellip;]<\/p>\n","protected":false},"author":1,"featured_media":3666,"comment_status":"open","ping_status":"open","sticky":false,"template":"","format":"standard","meta":{"footnotes":""},"categories":[7,6],"tags":[],"class_list":["post-3665","post","type-post","status-publish","format-standard","has-post-thumbnail","hentry","category-caudal","category-noticias"],"yoast_head":"<!-- This site is optimized with the Yoast SEO plugin v27.4 - https:\/\/yoast.com\/product\/yoast-seo-wordpress\/ -->\n<title>El regreso de la feria ganadera en Aller - cm news<\/title>\n<meta name=\"description\" content=\"Caba\u00f1aquinta acogi\u00f3 ayer el encuentro ganadero, con relativa normalidad tras el \u201cpar\u00f3n\u201d del covid, antesala del Merca\u00f3n.\" \/>\n<meta name=\"robots\" content=\"index, follow, max-snippet:-1, max-image-preview:large, max-video-preview:-1\" \/>\n<link rel=\"canonical\" href=\"https:\/\/www.cuencasmineras.com\/index.php\/2021\/10\/28\/el-regreso-de-la-feria-ganadera-en-aller\/\" \/>\n<meta property=\"og:locale\" content=\"es_ES\" \/>\n<meta property=\"og:type\" content=\"article\" \/>\n<meta property=\"og:title\" content=\"El regreso de la feria ganadera en Aller - cm news\" \/>\n<meta property=\"og:description\" content=\"Caba\u00f1aquinta acogi\u00f3 ayer el encuentro ganadero, con relativa normalidad tras el \u201cpar\u00f3n\u201d del covid, antesala del Merca\u00f3n.\" \/>\n<meta property=\"og:url\" content=\"https:\/\/www.cuencasmineras.com\/index.php\/2021\/10\/28\/el-regreso-de-la-feria-ganadera-en-aller\/\" \/>\n<meta property=\"article:published_time\" content=\"2021-10-28T13:45:55+00:00\" \/>\n<meta property=\"og:image\" content=\"https:\/\/www.cuencasmineras.com\/wp-content\/uploads\/2021\/10\/d5e9c395-b092-4a91-9180-8ab295cd3b29_21-9-aspect-ratio_default_0.jpg\" \/>\n\t<meta property=\"og:image:width\" content=\"1280\" \/>\n\t<meta property=\"og:image:height\" content=\"548\" \/>\n\t<meta property=\"og:image:type\" content=\"image\/jpeg\" \/>\n<meta name=\"author\" content=\"admin\" \/>\n<meta name=\"twitter:card\" content=\"summary_large_image\" \/>\n<meta name=\"twitter:label1\" content=\"Escrito por\" \/>\n\t<meta name=\"twitter:data1\" content=\"admin\" \/>\n\t<meta name=\"twitter:label2\" content=\"Tiempo de lectura\" \/>\n\t<meta name=\"twitter:data2\" content=\"1 minuto\" \/>\n<script type=\"application\/ld+json\" class=\"yoast-schema-graph\">{\"@context\":\"https:\\\/\\\/schema.org\",\"@graph\":[{\"@type\":\"Article\",\"@id\":\"https:\\\/\\\/www.cuencasmineras.com\\\/index.php\\\/2021\\\/10\\\/28\\\/el-regreso-de-la-feria-ganadera-en-aller\\\/#article\",\"isPartOf\":{\"@id\":\"https:\\\/\\\/www.cuencasmineras.com\\\/index.php\\\/2021\\\/10\\\/28\\\/el-regreso-de-la-feria-ganadera-en-aller\\\/\"},\"author\":{\"name\":\"admin\",\"@id\":\"https:\\\/\\\/www.cuencasmineras.com\\\/#\\\/schema\\\/person\\\/be0691310e8496ec555f679dd688420c\"},\"headline\":\"El regreso de la feria ganadera en Aller\",\"datePublished\":\"2021-10-28T13:45:55+00:00\",\"mainEntityOfPage\":{\"@id\":\"https:\\\/\\\/www.cuencasmineras.com\\\/index.php\\\/2021\\\/10\\\/28\\\/el-regreso-de-la-feria-ganadera-en-aller\\\/\"},\"wordCount\":149,\"commentCount\":0,\"image\":{\"@id\":\"https:\\\/\\\/www.cuencasmineras.com\\\/index.php\\\/2021\\\/10\\\/28\\\/el-regreso-de-la-feria-ganadera-en-aller\\\/#primaryimage\"},\"thumbnailUrl\":\"https:\\\/\\\/www.cuencasmineras.com\\\/wp-content\\\/uploads\\\/2021\\\/10\\\/d5e9c395-b092-4a91-9180-8ab295cd3b29_21-9-aspect-ratio_default_0.jpg\",\"articleSection\":[\"Caudal\",\"CM NEWS\"],\"inLanguage\":\"es\",\"potentialAction\":[{\"@type\":\"CommentAction\",\"name\":\"Comment\",\"target\":[\"https:\\\/\\\/www.cuencasmineras.com\\\/index.php\\\/2021\\\/10\\\/28\\\/el-regreso-de-la-feria-ganadera-en-aller\\\/#respond\"]}]},{\"@type\":\"WebPage\",\"@id\":\"https:\\\/\\\/www.cuencasmineras.com\\\/index.php\\\/2021\\\/10\\\/28\\\/el-regreso-de-la-feria-ganadera-en-aller\\\/\",\"url\":\"https:\\\/\\\/www.cuencasmineras.com\\\/index.php\\\/2021\\\/10\\\/28\\\/el-regreso-de-la-feria-ganadera-en-aller\\\/\",\"name\":\"El regreso de la feria ganadera en Aller - cm news\",\"isPartOf\":{\"@id\":\"https:\\\/\\\/www.cuencasmineras.com\\\/#website\"},\"primaryImageOfPage\":{\"@id\":\"https:\\\/\\\/www.cuencasmineras.com\\\/index.php\\\/2021\\\/10\\\/28\\\/el-regreso-de-la-feria-ganadera-en-aller\\\/#primaryimage\"},\"image\":{\"@id\":\"https:\\\/\\\/www.cuencasmineras.com\\\/index.php\\\/2021\\\/10\\\/28\\\/el-regreso-de-la-feria-ganadera-en-aller\\\/#primaryimage\"},\"thumbnailUrl\":\"https:\\\/\\\/www.cuencasmineras.com\\\/wp-content\\\/uploads\\\/2021\\\/10\\\/d5e9c395-b092-4a91-9180-8ab295cd3b29_21-9-aspect-ratio_default_0.jpg\",\"datePublished\":\"2021-10-28T13:45:55+00:00\",\"author\":{\"@id\":\"https:\\\/\\\/www.cuencasmineras.com\\\/#\\\/schema\\\/person\\\/be0691310e8496ec555f679dd688420c\"},\"description\":\"Caba\u00f1aquinta acogi\u00f3 ayer el encuentro ganadero, con relativa normalidad tras el \u201cpar\u00f3n\u201d del covid, antesala del Merca\u00f3n.\",\"breadcrumb\":{\"@id\":\"https:\\\/\\\/www.cuencasmineras.com\\\/index.php\\\/2021\\\/10\\\/28\\\/el-regreso-de-la-feria-ganadera-en-aller\\\/#breadcrumb\"},\"inLanguage\":\"es\",\"potentialAction\":[{\"@type\":\"ReadAction\",\"target\":[\"https:\\\/\\\/www.cuencasmineras.com\\\/index.php\\\/2021\\\/10\\\/28\\\/el-regreso-de-la-feria-ganadera-en-aller\\\/\"]}]},{\"@type\":\"ImageObject\",\"inLanguage\":\"es\",\"@id\":\"https:\\\/\\\/www.cuencasmineras.com\\\/index.php\\\/2021\\\/10\\\/28\\\/el-regreso-de-la-feria-ganadera-en-aller\\\/#primaryimage\",\"url\":\"https:\\\/\\\/www.cuencasmineras.com\\\/wp-content\\\/uploads\\\/2021\\\/10\\\/d5e9c395-b092-4a91-9180-8ab295cd3b29_21-9-aspect-ratio_default_0.jpg\",\"contentUrl\":\"https:\\\/\\\/www.cuencasmineras.com\\\/wp-content\\\/uploads\\\/2021\\\/10\\\/d5e9c395-b092-4a91-9180-8ab295cd3b29_21-9-aspect-ratio_default_0.jpg\",\"width\":1280,\"height\":548},{\"@type\":\"BreadcrumbList\",\"@id\":\"https:\\\/\\\/www.cuencasmineras.com\\\/index.php\\\/2021\\\/10\\\/28\\\/el-regreso-de-la-feria-ganadera-en-aller\\\/#breadcrumb\",\"itemListElement\":[{\"@type\":\"ListItem\",\"position\":1,\"name\":\"Portada\",\"item\":\"https:\\\/\\\/www.cuencasmineras.com\\\/\"},{\"@type\":\"ListItem\",\"position\":2,\"name\":\"El regreso de la feria ganadera en Aller\"}]},{\"@type\":\"WebSite\",\"@id\":\"https:\\\/\\\/www.cuencasmineras.com\\\/#website\",\"url\":\"https:\\\/\\\/www.cuencasmineras.com\\\/\",\"name\":\"\",\"description\":\"\",\"potentialAction\":[{\"@type\":\"SearchAction\",\"target\":{\"@type\":\"EntryPoint\",\"urlTemplate\":\"https:\\\/\\\/www.cuencasmineras.com\\\/?s={search_term_string}\"},\"query-input\":{\"@type\":\"PropertyValueSpecification\",\"valueRequired\":true,\"valueName\":\"search_term_string\"}}],\"inLanguage\":\"es\"},{\"@type\":\"Person\",\"@id\":\"https:\\\/\\\/www.cuencasmineras.com\\\/#\\\/schema\\\/person\\\/be0691310e8496ec555f679dd688420c\",\"name\":\"admin\",\"image\":{\"@type\":\"ImageObject\",\"inLanguage\":\"es\",\"@id\":\"https:\\\/\\\/secure.gravatar.com\\\/avatar\\\/4afd2eed3b2fbbf36dd6707b5bd8a5b50ac648f033e36fbf85aeace2f0f859db?s=96&d=mm&r=g\",\"url\":\"https:\\\/\\\/secure.gravatar.com\\\/avatar\\\/4afd2eed3b2fbbf36dd6707b5bd8a5b50ac648f033e36fbf85aeace2f0f859db?s=96&d=mm&r=g\",\"contentUrl\":\"https:\\\/\\\/secure.gravatar.com\\\/avatar\\\/4afd2eed3b2fbbf36dd6707b5bd8a5b50ac648f033e36fbf85aeace2f0f859db?s=96&d=mm&r=g\",\"caption\":\"admin\"},\"sameAs\":[\"https:\\\/\\\/www.cuencasmineras.com\"],\"url\":\"https:\\\/\\\/www.cuencasmineras.com\\\/index.php\\\/author\\\/admin\\\/\"}]}<\/script>\n<!-- \/ Yoast SEO plugin. -->","yoast_head_json":{"title":"El regreso de la feria ganadera en Aller - cm news","description":"Caba\u00f1aquinta acogi\u00f3 ayer el encuentro ganadero, con relativa normalidad tras el \u201cpar\u00f3n\u201d del covid, antesala del Merca\u00f3n.","robots":{"index":"index","follow":"follow","max-snippet":"max-snippet:-1","max-image-preview":"max-image-preview:large","max-video-preview":"max-video-preview:-1"},"canonical":"https:\/\/www.cuencasmineras.com\/index.php\/2021\/10\/28\/el-regreso-de-la-feria-ganadera-en-aller\/","og_locale":"es_ES","og_type":"article","og_title":"El regreso de la feria ganadera en Aller - cm news","og_description":"Caba\u00f1aquinta acogi\u00f3 ayer el encuentro ganadero, con relativa normalidad tras el \u201cpar\u00f3n\u201d del covid, antesala del Merca\u00f3n.","og_url":"https:\/\/www.cuencasmineras.com\/index.php\/2021\/10\/28\/el-regreso-de-la-feria-ganadera-en-aller\/","article_published_time":"2021-10-28T13:45:55+00:00","og_image":[{"width":1280,"height":548,"url":"https:\/\/www.cuencasmineras.com\/wp-content\/uploads\/2021\/10\/d5e9c395-b092-4a91-9180-8ab295cd3b29_21-9-aspect-ratio_default_0.jpg","type":"image\/jpeg"}],"author":"admin","twitter_card":"summary_large_image","twitter_misc":{"Escrito por":"admin","Tiempo de lectura":"1 minuto"},"schema":{"@context":"https:\/\/schema.org","@graph":[{"@type":"Article","@id":"https:\/\/www.cuencasmineras.com\/index.php\/2021\/10\/28\/el-regreso-de-la-feria-ganadera-en-aller\/#article","isPartOf":{"@id":"https:\/\/www.cuencasmineras.com\/index.php\/2021\/10\/28\/el-regreso-de-la-feria-ganadera-en-aller\/"},"author":{"name":"admin","@id":"https:\/\/www.cuencasmineras.com\/#\/schema\/person\/be0691310e8496ec555f679dd688420c"},"headline":"El regreso de la feria ganadera en Aller","datePublished":"2021-10-28T13:45:55+00:00","mainEntityOfPage":{"@id":"https:\/\/www.cuencasmineras.com\/index.php\/2021\/10\/28\/el-regreso-de-la-feria-ganadera-en-aller\/"},"wordCount":149,"commentCount":0,"image":{"@id":"https:\/\/www.cuencasmineras.com\/index.php\/2021\/10\/28\/el-regreso-de-la-feria-ganadera-en-aller\/#primaryimage"},"thumbnailUrl":"https:\/\/www.cuencasmineras.com\/wp-content\/uploads\/2021\/10\/d5e9c395-b092-4a91-9180-8ab295cd3b29_21-9-aspect-ratio_default_0.jpg","articleSection":["Caudal","CM NEWS"],"inLanguage":"es","potentialAction":[{"@type":"CommentAction","name":"Comment","target":["https:\/\/www.cuencasmineras.com\/index.php\/2021\/10\/28\/el-regreso-de-la-feria-ganadera-en-aller\/#respond"]}]},{"@type":"WebPage","@id":"https:\/\/www.cuencasmineras.com\/index.php\/2021\/10\/28\/el-regreso-de-la-feria-ganadera-en-aller\/","url":"https:\/\/www.cuencasmineras.com\/index.php\/2021\/10\/28\/el-regreso-de-la-feria-ganadera-en-aller\/","name":"El regreso de la feria ganadera en Aller - cm news","isPartOf":{"@id":"https:\/\/www.cuencasmineras.com\/#website"},"primaryImageOfPage":{"@id":"https:\/\/www.cuencasmineras.com\/index.php\/2021\/10\/28\/el-regreso-de-la-feria-ganadera-en-aller\/#primaryimage"},"image":{"@id":"https:\/\/www.cuencasmineras.com\/index.php\/2021\/10\/28\/el-regreso-de-la-feria-ganadera-en-aller\/#primaryimage"},"thumbnailUrl":"https:\/\/www.cuencasmineras.com\/wp-content\/uploads\/2021\/10\/d5e9c395-b092-4a91-9180-8ab295cd3b29_21-9-aspect-ratio_default_0.jpg","datePublished":"2021-10-28T13:45:55+00:00","author":{"@id":"https:\/\/www.cuencasmineras.com\/#\/schema\/person\/be0691310e8496ec555f679dd688420c"},"description":"Caba\u00f1aquinta acogi\u00f3 ayer el encuentro ganadero, con relativa normalidad tras el \u201cpar\u00f3n\u201d del covid, antesala del Merca\u00f3n.","breadcrumb":{"@id":"https:\/\/www.cuencasmineras.com\/index.php\/2021\/10\/28\/el-regreso-de-la-feria-ganadera-en-aller\/#breadcrumb"},"inLanguage":"es","potentialAction":[{"@type":"ReadAction","target":["https:\/\/www.cuencasmineras.com\/index.php\/2021\/10\/28\/el-regreso-de-la-feria-ganadera-en-aller\/"]}]},{"@type":"ImageObject","inLanguage":"es","@id":"https:\/\/www.cuencasmineras.com\/index.php\/2021\/10\/28\/el-regreso-de-la-feria-ganadera-en-aller\/#primaryimage","url":"https:\/\/www.cuencasmineras.com\/wp-content\/uploads\/2021\/10\/d5e9c395-b092-4a91-9180-8ab295cd3b29_21-9-aspect-ratio_default_0.jpg","contentUrl":"https:\/\/www.cuencasmineras.com\/wp-content\/uploads\/2021\/10\/d5e9c395-b092-4a91-9180-8ab295cd3b29_21-9-aspect-ratio_default_0.jpg","width":1280,"height":548},{"@type":"BreadcrumbList","@id":"https:\/\/www.cuencasmineras.com\/index.php\/2021\/10\/28\/el-regreso-de-la-feria-ganadera-en-aller\/#breadcrumb","itemListElement":[{"@type":"ListItem","position":1,"name":"Portada","item":"https:\/\/www.cuencasmineras.com\/"},{"@type":"ListItem","position":2,"name":"El regreso de la feria ganadera en Aller"}]},{"@type":"WebSite","@id":"https:\/\/www.cuencasmineras.com\/#website","url":"https:\/\/www.cuencasmineras.com\/","name":"","description":"","potentialAction":[{"@type":"SearchAction","target":{"@type":"EntryPoint","urlTemplate":"https:\/\/www.cuencasmineras.com\/?s={search_term_string}"},"query-input":{"@type":"PropertyValueSpecification","valueRequired":true,"valueName":"search_term_string"}}],"inLanguage":"es"},{"@type":"Person","@id":"https:\/\/www.cuencasmineras.com\/#\/schema\/person\/be0691310e8496ec555f679dd688420c","name":"admin","image":{"@type":"ImageObject","inLanguage":"es","@id":"https:\/\/secure.gravatar.com\/avatar\/4afd2eed3b2fbbf36dd6707b5bd8a5b50ac648f033e36fbf85aeace2f0f859db?s=96&d=mm&r=g","url":"https:\/\/secure.gravatar.com\/avatar\/4afd2eed3b2fbbf36dd6707b5bd8a5b50ac648f033e36fbf85aeace2f0f859db?s=96&d=mm&r=g","contentUrl":"https:\/\/secure.gravatar.com\/avatar\/4afd2eed3b2fbbf36dd6707b5bd8a5b50ac648f033e36fbf85aeace2f0f859db?s=96&d=mm&r=g","caption":"admin"},"sameAs":["https:\/\/www.cuencasmineras.com"],"url":"https:\/\/www.cuencasmineras.com\/index.php\/author\/admin\/"}]}},"_links":{"self":[{"href":"https:\/\/www.cuencasmineras.com\/index.php\/wp-json\/wp\/v2\/posts\/3665","targetHints":{"allow":["GET"]}}],"collection":[{"href":"https:\/\/www.cuencasmineras.com\/index.php\/wp-json\/wp\/v2\/posts"}],"about":[{"href":"https:\/\/www.cuencasmineras.com\/index.php\/wp-json\/wp\/v2\/types\/post"}],"author":[{"embeddable":true,"href":"https:\/\/www.cuencasmineras.com\/index.php\/wp-json\/wp\/v2\/users\/1"}],"replies":[{"embeddable":true,"href":"https:\/\/www.cuencasmineras.com\/index.php\/wp-json\/wp\/v2\/comments?post=3665"}],"version-history":[{"count":2,"href":"https:\/\/www.cuencasmineras.com\/index.php\/wp-json\/wp\/v2\/posts\/3665\/revisions"}],"predecessor-version":[{"id":3668,"href":"https:\/\/www.cuencasmineras.com\/index.php\/wp-json\/wp\/v2\/posts\/3665\/revisions\/3668"}],"wp:featuredmedia":[{"embeddable":true,"href":"https:\/\/www.cuencasmineras.com\/index.php\/wp-json\/wp\/v2\/media\/3666"}],"wp:attachment":[{"href":"https:\/\/www.cuencasmineras.com\/index.php\/wp-json\/wp\/v2\/media?parent=3665"}],"wp:term":[{"taxonomy":"category","embeddable":true,"href":"https:\/\/www.cuencasmineras.com\/index.php\/wp-json\/wp\/v2\/categories?post=3665"},{"taxonomy":"post_tag","embeddable":true,"href":"https:\/\/www.cuencasmineras.com\/index.php\/wp-json\/wp\/v2\/tags?post=3665"}],"curies":[{"name":"wp","href":"https:\/\/api.w.org\/{rel}","templated":true}]}}