{"id":3672,"date":"2021-10-29T16:46:12","date_gmt":"2021-10-29T16:46:12","guid":{"rendered":"https:\/\/www.cuencasmineras.com\/?p=3672"},"modified":"2021-10-29T16:46:12","modified_gmt":"2021-10-29T16:46:12","slug":"el-90-del-personal-laboral-del-ayuntamiento-de-mieres-evito-irregularmente-la-oposicion-de-acceso","status":"publish","type":"post","link":"https:\/\/www.cuencasmineras.com\/index.php\/2021\/10\/29\/el-90-del-personal-laboral-del-ayuntamiento-de-mieres-evito-irregularmente-la-oposicion-de-acceso\/","title":{"rendered":"El 90% del personal laboral del Ayuntamiento de Mieres evit\u00f3 \u201cirregularmente\u201d la oposici\u00f3n de acceso"},"content":{"rendered":"<p style=\"text-align: justify;\">El Pleno de Mieres volvi\u00f3 a ayer a la presencialidad tras a\u00f1o y medio de restricciones por la pandemia. Toda la Corporaci\u00f3n, como se aprecia en la foto, pudo participar en la sesi\u00f3n del principal \u00f3rgano de representaci\u00f3n municipal. Hasta ahora, solo los portavoces de cada grupo acud\u00edan a los plenos, junto con los principales miembros del gobierno local. El resto participaba online, lo que dificultaba la agilidad de las reuniones mensuales. El concejal de Personal y Recursos Humanos, Francisco Garc\u00eda (IU), fue ayer tajante: \u201cEn el Ayuntamiento de Mieres solo entrar\u00e1n nuevos trabajadores a trav\u00e9s de ofertas p\u00fablicas de empleo convocadas con todas las garant\u00edas de transparencia\u201d. Este matiz parecer\u00eda superfluo de no ser por el dato que aport\u00f3 a continuaci\u00f3n. El 90 por ciento de los trabajadores laborales que integran la plantilla municipal ocupan sus puestos de manera \u201cirregular\u201d. Dicho de otra manera, no accedieron a los mismos a trav\u00e9s de ofertas p\u00fablicas de empleo, sino a trav\u00e9s de otros procedimientos de contrataci\u00f3n temporal que, bien por defectos de forma o mala aplicaci\u00f3n de los mismos, terminaron facilitando la continuidad de unos trabajadores que acabaron adquiriendo la condici\u00f3n de interinos.<\/p>\n<p><img loading=\"lazy\" decoding=\"async\" class=\"aligncenter size-large wp-image-3673\" src=\"https:\/\/www.cuencasmineras.com\/wp-content\/uploads\/2021\/10\/5f245560-8aef-4256-b1dd-73644ee7f810_21-9-aspect-ratio_default_0-1024x438.jpg\" alt=\"\" width=\"640\" height=\"274\" srcset=\"https:\/\/www.cuencasmineras.com\/wp-content\/uploads\/2021\/10\/5f245560-8aef-4256-b1dd-73644ee7f810_21-9-aspect-ratio_default_0-1024x438.jpg 1024w, https:\/\/www.cuencasmineras.com\/wp-content\/uploads\/2021\/10\/5f245560-8aef-4256-b1dd-73644ee7f810_21-9-aspect-ratio_default_0-300x128.jpg 300w, https:\/\/www.cuencasmineras.com\/wp-content\/uploads\/2021\/10\/5f245560-8aef-4256-b1dd-73644ee7f810_21-9-aspect-ratio_default_0-768x329.jpg 768w, https:\/\/www.cuencasmineras.com\/wp-content\/uploads\/2021\/10\/5f245560-8aef-4256-b1dd-73644ee7f810_21-9-aspect-ratio_default_0.jpg 1280w\" sizes=\"auto, (max-width: 640px) 100vw, 640px\" \/><\/p>\n<p style=\"text-align: justify;\">El PSOE pidi\u00f3 ayer en el Pleno que en momentos puntuales la plantilla municipal pueda reforzarse con personal temporal proveniente de las oficinas del Servicio P\u00fablico de Empleo del Principado (Sepepa). El gobierno local de IU rechaz\u00f3 la propuesta y la explicaci\u00f3n de esta postura pone en solfa las contrataciones que se hicieron antes de 2011, cuando, coincidiendo con la llegada de IU a la Alcald\u00eda, la crisis econ\u00f3mica y las nuevas directrices estatales suspendieron por completo la contrataciones en el \u00e1mbito p\u00fablico.<\/p>\n<p style=\"text-align: justify;\">De los aproximadamente 220 trabajadores laborales del Ayuntamiento de Mieres, solo 19 tienen su plazas en propiedad tras haber superado los pertinentes procesos de oposici\u00f3n a trav\u00e9s de una oferta p\u00fablica de empleo, procedimiento demandado por la ley. Cuatro de ellos, adem\u00e1s, acaban de incorporarse a la plantilla. Y es que hasta que en 2018 el actual gobierno de An\u00edbal V\u00e1zquez retom\u00f3 las ofertas p\u00fablicas de empleo, tras liberarse de las restricciones impuestas por los planes de ajuste a trav\u00e9s de los que se sane\u00f3 la deuda municipal, el Consistorio sumaba 16 a\u00f1os sin abordar un procedimiento de estas caracter\u00edsticas.<\/p>\n<p style=\"text-align: justify;\">La totalidad de los m\u00e1s de 200 trabajadores laborales que integran la plantilla municipal sin tener la plaza en propiedad accedieron a sus puestos antes de 2011. Los actuales gestores municipales calificaron ayer su situaci\u00f3n de \u201cirregular\u201d. Son indefinidos, pero no fijos. Si el Ayuntamiento de Mieres decidiese convocar oposiciones para cubrir legalmente las plazas, \u201ctendr\u00eda que concurrir como un aspirante m\u00e1s\u201d. El gobierno local, tras analizar la actual situaci\u00f3n laboral, cifra en el 90,47% el n\u00famero de trabajadores que ocupan su puesto sin haber superado los procesos que demanda la normativa laboral.<\/p>\n<p style=\"text-align: justify;\">Contratos relevo que se volvieron permanentes, servicios temporales subvencionados por el Principado que adquirieron tambi\u00e9n la condici\u00f3n de permanentes sin estar inicialmente as\u00ed previsto o contratos que caducaron sin que, simplemente, el consistorio les pusiera fin. Los portavoces municipales consultados ayer por este diario explicaron que son variados los procedimientos por los que decenas y decenas de trabajadores se han quedado indefinidos en el Ayuntamiento de Mieres de manera an\u00f3mala. \u201cMuchos de ellos reclamaron en los juzgados y el consistorio prefiri\u00f3 entonces mantenerlos en sus puestos antes de que indemnizarlos e iniciar un proceso de contrataci\u00f3n en base a la regla de m\u00e9ritos e igualdad de oportunidades\u201d.<\/p>\n<p style=\"text-align: justify;\">Un ejemplo que ilustra el cambio de las pol\u00edticas de empleo son las indemnizaciones pagadas a los trabajadores del plan de empleo de 2015 que denunciaron judicialmente al Ayuntamiento tras realizar tareas propias del personal fijo municipal percibiendo por ello sueldos sensiblemente inferiores. Algo m\u00e1s de medio mill\u00f3n de euros recibieron, en global, los 31 trabajadores que reclamaron por v\u00eda judicial su reincorporaci\u00f3n al Ayuntamiento a\u00fan sabiendo que su contrato era por un a\u00f1o. De esta forma se evit\u00f3 que pasaran a engrosar la plantilla laboral del consistorio. Y es que el actual gobierno local es tajante: \u201cAqu\u00ed ya no hay margen para posibles picarescas y favoritismos, y todas las contrataciones ser\u00e1 a trav\u00e9s de oferta p\u00fablica\u201d.<\/p>\n","protected":false},"excerpt":{"rendered":"<p>El Pleno de Mieres volvi\u00f3 a ayer a la presencialidad tras a\u00f1o y medio de restricciones por la pandemia. Toda la Corporaci\u00f3n, como se aprecia en la foto, pudo participar en la sesi\u00f3n del principal \u00f3rgano de representaci\u00f3n municipal. Hasta ahora, solo los portavoces de cada grupo acud\u00edan a los plenos, junto con los principales [&hellip;]<\/p>\n","protected":false},"author":1,"featured_media":3673,"comment_status":"open","ping_status":"open","sticky":false,"template":"","format":"standard","meta":{"footnotes":""},"categories":[7,6],"tags":[],"class_list":["post-3672","post","type-post","status-publish","format-standard","has-post-thumbnail","hentry","category-caudal","category-noticias"],"yoast_head":"<!-- This site is optimized with the Yoast SEO plugin v27.4 - https:\/\/yoast.com\/product\/yoast-seo-wordpress\/ -->\n<title>El 90% del personal laboral del Ayuntamiento de Mieres evit\u00f3 \u201cirregularmente\u201d la oposici\u00f3n de acceso - cm news<\/title>\n<meta name=\"description\" content=\"El gobierno local advierte de que m\u00e1s de 200 contratos anteriores a 2011 debieron ser temporales: \u201cAhora solo nos vale la oferta p\u00fablica\u201d\" \/>\n<meta name=\"robots\" content=\"index, follow, max-snippet:-1, max-image-preview:large, max-video-preview:-1\" \/>\n<link rel=\"canonical\" href=\"https:\/\/www.cuencasmineras.com\/index.php\/2021\/10\/29\/el-90-del-personal-laboral-del-ayuntamiento-de-mieres-evito-irregularmente-la-oposicion-de-acceso\/\" \/>\n<meta property=\"og:locale\" content=\"es_ES\" \/>\n<meta property=\"og:type\" content=\"article\" \/>\n<meta property=\"og:title\" content=\"El 90% del personal laboral del Ayuntamiento de Mieres evit\u00f3 \u201cirregularmente\u201d la oposici\u00f3n de acceso - cm news\" \/>\n<meta property=\"og:description\" content=\"El gobierno local advierte de que m\u00e1s de 200 contratos anteriores a 2011 debieron ser temporales: \u201cAhora solo nos vale la oferta p\u00fablica\u201d\" \/>\n<meta property=\"og:url\" content=\"https:\/\/www.cuencasmineras.com\/index.php\/2021\/10\/29\/el-90-del-personal-laboral-del-ayuntamiento-de-mieres-evito-irregularmente-la-oposicion-de-acceso\/\" \/>\n<meta property=\"article:published_time\" content=\"2021-10-29T16:46:12+00:00\" \/>\n<meta property=\"og:image\" content=\"https:\/\/www.cuencasmineras.com\/wp-content\/uploads\/2021\/10\/5f245560-8aef-4256-b1dd-73644ee7f810_21-9-aspect-ratio_default_0.jpg\" \/>\n\t<meta property=\"og:image:width\" content=\"1280\" \/>\n\t<meta property=\"og:image:height\" content=\"548\" \/>\n\t<meta property=\"og:image:type\" content=\"image\/jpeg\" \/>\n<meta name=\"author\" content=\"admin\" \/>\n<meta name=\"twitter:card\" content=\"summary_large_image\" \/>\n<meta name=\"twitter:label1\" content=\"Escrito por\" \/>\n\t<meta name=\"twitter:data1\" content=\"admin\" \/>\n\t<meta name=\"twitter:label2\" content=\"Tiempo de lectura\" \/>\n\t<meta name=\"twitter:data2\" content=\"4 minutos\" \/>\n<script type=\"application\/ld+json\" class=\"yoast-schema-graph\">{\"@context\":\"https:\\\/\\\/schema.org\",\"@graph\":[{\"@type\":\"Article\",\"@id\":\"https:\\\/\\\/www.cuencasmineras.com\\\/index.php\\\/2021\\\/10\\\/29\\\/el-90-del-personal-laboral-del-ayuntamiento-de-mieres-evito-irregularmente-la-oposicion-de-acceso\\\/#article\",\"isPartOf\":{\"@id\":\"https:\\\/\\\/www.cuencasmineras.com\\\/index.php\\\/2021\\\/10\\\/29\\\/el-90-del-personal-laboral-del-ayuntamiento-de-mieres-evito-irregularmente-la-oposicion-de-acceso\\\/\"},\"author\":{\"name\":\"admin\",\"@id\":\"https:\\\/\\\/www.cuencasmineras.com\\\/#\\\/schema\\\/person\\\/be0691310e8496ec555f679dd688420c\"},\"headline\":\"El 90% del personal laboral del Ayuntamiento de Mieres evit\u00f3 \u201cirregularmente\u201d la oposici\u00f3n de acceso\",\"datePublished\":\"2021-10-29T16:46:12+00:00\",\"mainEntityOfPage\":{\"@id\":\"https:\\\/\\\/www.cuencasmineras.com\\\/index.php\\\/2021\\\/10\\\/29\\\/el-90-del-personal-laboral-del-ayuntamiento-de-mieres-evito-irregularmente-la-oposicion-de-acceso\\\/\"},\"wordCount\":749,\"commentCount\":0,\"image\":{\"@id\":\"https:\\\/\\\/www.cuencasmineras.com\\\/index.php\\\/2021\\\/10\\\/29\\\/el-90-del-personal-laboral-del-ayuntamiento-de-mieres-evito-irregularmente-la-oposicion-de-acceso\\\/#primaryimage\"},\"thumbnailUrl\":\"https:\\\/\\\/www.cuencasmineras.com\\\/wp-content\\\/uploads\\\/2021\\\/10\\\/5f245560-8aef-4256-b1dd-73644ee7f810_21-9-aspect-ratio_default_0.jpg\",\"articleSection\":[\"Caudal\",\"CM NEWS\"],\"inLanguage\":\"es\",\"potentialAction\":[{\"@type\":\"CommentAction\",\"name\":\"Comment\",\"target\":[\"https:\\\/\\\/www.cuencasmineras.com\\\/index.php\\\/2021\\\/10\\\/29\\\/el-90-del-personal-laboral-del-ayuntamiento-de-mieres-evito-irregularmente-la-oposicion-de-acceso\\\/#respond\"]}]},{\"@type\":\"WebPage\",\"@id\":\"https:\\\/\\\/www.cuencasmineras.com\\\/index.php\\\/2021\\\/10\\\/29\\\/el-90-del-personal-laboral-del-ayuntamiento-de-mieres-evito-irregularmente-la-oposicion-de-acceso\\\/\",\"url\":\"https:\\\/\\\/www.cuencasmineras.com\\\/index.php\\\/2021\\\/10\\\/29\\\/el-90-del-personal-laboral-del-ayuntamiento-de-mieres-evito-irregularmente-la-oposicion-de-acceso\\\/\",\"name\":\"El 90% del personal laboral del Ayuntamiento de Mieres evit\u00f3 \u201cirregularmente\u201d la oposici\u00f3n de acceso - cm news\",\"isPartOf\":{\"@id\":\"https:\\\/\\\/www.cuencasmineras.com\\\/#website\"},\"primaryImageOfPage\":{\"@id\":\"https:\\\/\\\/www.cuencasmineras.com\\\/index.php\\\/2021\\\/10\\\/29\\\/el-90-del-personal-laboral-del-ayuntamiento-de-mieres-evito-irregularmente-la-oposicion-de-acceso\\\/#primaryimage\"},\"image\":{\"@id\":\"https:\\\/\\\/www.cuencasmineras.com\\\/index.php\\\/2021\\\/10\\\/29\\\/el-90-del-personal-laboral-del-ayuntamiento-de-mieres-evito-irregularmente-la-oposicion-de-acceso\\\/#primaryimage\"},\"thumbnailUrl\":\"https:\\\/\\\/www.cuencasmineras.com\\\/wp-content\\\/uploads\\\/2021\\\/10\\\/5f245560-8aef-4256-b1dd-73644ee7f810_21-9-aspect-ratio_default_0.jpg\",\"datePublished\":\"2021-10-29T16:46:12+00:00\",\"author\":{\"@id\":\"https:\\\/\\\/www.cuencasmineras.com\\\/#\\\/schema\\\/person\\\/be0691310e8496ec555f679dd688420c\"},\"description\":\"El gobierno local advierte de que m\u00e1s de 200 contratos anteriores a 2011 debieron ser temporales: \u201cAhora solo nos vale la oferta p\u00fablica\u201d\",\"breadcrumb\":{\"@id\":\"https:\\\/\\\/www.cuencasmineras.com\\\/index.php\\\/2021\\\/10\\\/29\\\/el-90-del-personal-laboral-del-ayuntamiento-de-mieres-evito-irregularmente-la-oposicion-de-acceso\\\/#breadcrumb\"},\"inLanguage\":\"es\",\"potentialAction\":[{\"@type\":\"ReadAction\",\"target\":[\"https:\\\/\\\/www.cuencasmineras.com\\\/index.php\\\/2021\\\/10\\\/29\\\/el-90-del-personal-laboral-del-ayuntamiento-de-mieres-evito-irregularmente-la-oposicion-de-acceso\\\/\"]}]},{\"@type\":\"ImageObject\",\"inLanguage\":\"es\",\"@id\":\"https:\\\/\\\/www.cuencasmineras.com\\\/index.php\\\/2021\\\/10\\\/29\\\/el-90-del-personal-laboral-del-ayuntamiento-de-mieres-evito-irregularmente-la-oposicion-de-acceso\\\/#primaryimage\",\"url\":\"https:\\\/\\\/www.cuencasmineras.com\\\/wp-content\\\/uploads\\\/2021\\\/10\\\/5f245560-8aef-4256-b1dd-73644ee7f810_21-9-aspect-ratio_default_0.jpg\",\"contentUrl\":\"https:\\\/\\\/www.cuencasmineras.com\\\/wp-content\\\/uploads\\\/2021\\\/10\\\/5f245560-8aef-4256-b1dd-73644ee7f810_21-9-aspect-ratio_default_0.jpg\",\"width\":1280,\"height\":548},{\"@type\":\"BreadcrumbList\",\"@id\":\"https:\\\/\\\/www.cuencasmineras.com\\\/index.php\\\/2021\\\/10\\\/29\\\/el-90-del-personal-laboral-del-ayuntamiento-de-mieres-evito-irregularmente-la-oposicion-de-acceso\\\/#breadcrumb\",\"itemListElement\":[{\"@type\":\"ListItem\",\"position\":1,\"name\":\"Portada\",\"item\":\"https:\\\/\\\/www.cuencasmineras.com\\\/\"},{\"@type\":\"ListItem\",\"position\":2,\"name\":\"El 90% del personal laboral del Ayuntamiento de Mieres evit\u00f3 \u201cirregularmente\u201d la oposici\u00f3n de acceso\"}]},{\"@type\":\"WebSite\",\"@id\":\"https:\\\/\\\/www.cuencasmineras.com\\\/#website\",\"url\":\"https:\\\/\\\/www.cuencasmineras.com\\\/\",\"name\":\"\",\"description\":\"\",\"potentialAction\":[{\"@type\":\"SearchAction\",\"target\":{\"@type\":\"EntryPoint\",\"urlTemplate\":\"https:\\\/\\\/www.cuencasmineras.com\\\/?s={search_term_string}\"},\"query-input\":{\"@type\":\"PropertyValueSpecification\",\"valueRequired\":true,\"valueName\":\"search_term_string\"}}],\"inLanguage\":\"es\"},{\"@type\":\"Person\",\"@id\":\"https:\\\/\\\/www.cuencasmineras.com\\\/#\\\/schema\\\/person\\\/be0691310e8496ec555f679dd688420c\",\"name\":\"admin\",\"image\":{\"@type\":\"ImageObject\",\"inLanguage\":\"es\",\"@id\":\"https:\\\/\\\/secure.gravatar.com\\\/avatar\\\/4afd2eed3b2fbbf36dd6707b5bd8a5b50ac648f033e36fbf85aeace2f0f859db?s=96&d=mm&r=g\",\"url\":\"https:\\\/\\\/secure.gravatar.com\\\/avatar\\\/4afd2eed3b2fbbf36dd6707b5bd8a5b50ac648f033e36fbf85aeace2f0f859db?s=96&d=mm&r=g\",\"contentUrl\":\"https:\\\/\\\/secure.gravatar.com\\\/avatar\\\/4afd2eed3b2fbbf36dd6707b5bd8a5b50ac648f033e36fbf85aeace2f0f859db?s=96&d=mm&r=g\",\"caption\":\"admin\"},\"sameAs\":[\"https:\\\/\\\/www.cuencasmineras.com\"],\"url\":\"https:\\\/\\\/www.cuencasmineras.com\\\/index.php\\\/author\\\/admin\\\/\"}]}<\/script>\n<!-- \/ Yoast SEO plugin. -->","yoast_head_json":{"title":"El 90% del personal laboral del Ayuntamiento de Mieres evit\u00f3 \u201cirregularmente\u201d la oposici\u00f3n de acceso - cm news","description":"El gobierno local advierte de que m\u00e1s de 200 contratos anteriores a 2011 debieron ser temporales: \u201cAhora solo nos vale la oferta p\u00fablica\u201d","robots":{"index":"index","follow":"follow","max-snippet":"max-snippet:-1","max-image-preview":"max-image-preview:large","max-video-preview":"max-video-preview:-1"},"canonical":"https:\/\/www.cuencasmineras.com\/index.php\/2021\/10\/29\/el-90-del-personal-laboral-del-ayuntamiento-de-mieres-evito-irregularmente-la-oposicion-de-acceso\/","og_locale":"es_ES","og_type":"article","og_title":"El 90% del personal laboral del Ayuntamiento de Mieres evit\u00f3 \u201cirregularmente\u201d la oposici\u00f3n de acceso - cm news","og_description":"El gobierno local advierte de que m\u00e1s de 200 contratos anteriores a 2011 debieron ser temporales: \u201cAhora solo nos vale la oferta p\u00fablica\u201d","og_url":"https:\/\/www.cuencasmineras.com\/index.php\/2021\/10\/29\/el-90-del-personal-laboral-del-ayuntamiento-de-mieres-evito-irregularmente-la-oposicion-de-acceso\/","article_published_time":"2021-10-29T16:46:12+00:00","og_image":[{"width":1280,"height":548,"url":"https:\/\/www.cuencasmineras.com\/wp-content\/uploads\/2021\/10\/5f245560-8aef-4256-b1dd-73644ee7f810_21-9-aspect-ratio_default_0.jpg","type":"image\/jpeg"}],"author":"admin","twitter_card":"summary_large_image","twitter_misc":{"Escrito por":"admin","Tiempo de lectura":"4 minutos"},"schema":{"@context":"https:\/\/schema.org","@graph":[{"@type":"Article","@id":"https:\/\/www.cuencasmineras.com\/index.php\/2021\/10\/29\/el-90-del-personal-laboral-del-ayuntamiento-de-mieres-evito-irregularmente-la-oposicion-de-acceso\/#article","isPartOf":{"@id":"https:\/\/www.cuencasmineras.com\/index.php\/2021\/10\/29\/el-90-del-personal-laboral-del-ayuntamiento-de-mieres-evito-irregularmente-la-oposicion-de-acceso\/"},"author":{"name":"admin","@id":"https:\/\/www.cuencasmineras.com\/#\/schema\/person\/be0691310e8496ec555f679dd688420c"},"headline":"El 90% del personal laboral del Ayuntamiento de Mieres evit\u00f3 \u201cirregularmente\u201d la oposici\u00f3n de acceso","datePublished":"2021-10-29T16:46:12+00:00","mainEntityOfPage":{"@id":"https:\/\/www.cuencasmineras.com\/index.php\/2021\/10\/29\/el-90-del-personal-laboral-del-ayuntamiento-de-mieres-evito-irregularmente-la-oposicion-de-acceso\/"},"wordCount":749,"commentCount":0,"image":{"@id":"https:\/\/www.cuencasmineras.com\/index.php\/2021\/10\/29\/el-90-del-personal-laboral-del-ayuntamiento-de-mieres-evito-irregularmente-la-oposicion-de-acceso\/#primaryimage"},"thumbnailUrl":"https:\/\/www.cuencasmineras.com\/wp-content\/uploads\/2021\/10\/5f245560-8aef-4256-b1dd-73644ee7f810_21-9-aspect-ratio_default_0.jpg","articleSection":["Caudal","CM NEWS"],"inLanguage":"es","potentialAction":[{"@type":"CommentAction","name":"Comment","target":["https:\/\/www.cuencasmineras.com\/index.php\/2021\/10\/29\/el-90-del-personal-laboral-del-ayuntamiento-de-mieres-evito-irregularmente-la-oposicion-de-acceso\/#respond"]}]},{"@type":"WebPage","@id":"https:\/\/www.cuencasmineras.com\/index.php\/2021\/10\/29\/el-90-del-personal-laboral-del-ayuntamiento-de-mieres-evito-irregularmente-la-oposicion-de-acceso\/","url":"https:\/\/www.cuencasmineras.com\/index.php\/2021\/10\/29\/el-90-del-personal-laboral-del-ayuntamiento-de-mieres-evito-irregularmente-la-oposicion-de-acceso\/","name":"El 90% del personal laboral del Ayuntamiento de Mieres evit\u00f3 \u201cirregularmente\u201d la oposici\u00f3n de acceso - cm news","isPartOf":{"@id":"https:\/\/www.cuencasmineras.com\/#website"},"primaryImageOfPage":{"@id":"https:\/\/www.cuencasmineras.com\/index.php\/2021\/10\/29\/el-90-del-personal-laboral-del-ayuntamiento-de-mieres-evito-irregularmente-la-oposicion-de-acceso\/#primaryimage"},"image":{"@id":"https:\/\/www.cuencasmineras.com\/index.php\/2021\/10\/29\/el-90-del-personal-laboral-del-ayuntamiento-de-mieres-evito-irregularmente-la-oposicion-de-acceso\/#primaryimage"},"thumbnailUrl":"https:\/\/www.cuencasmineras.com\/wp-content\/uploads\/2021\/10\/5f245560-8aef-4256-b1dd-73644ee7f810_21-9-aspect-ratio_default_0.jpg","datePublished":"2021-10-29T16:46:12+00:00","author":{"@id":"https:\/\/www.cuencasmineras.com\/#\/schema\/person\/be0691310e8496ec555f679dd688420c"},"description":"El gobierno local advierte de que m\u00e1s de 200 contratos anteriores a 2011 debieron ser temporales: \u201cAhora solo nos vale la oferta p\u00fablica\u201d","breadcrumb":{"@id":"https:\/\/www.cuencasmineras.com\/index.php\/2021\/10\/29\/el-90-del-personal-laboral-del-ayuntamiento-de-mieres-evito-irregularmente-la-oposicion-de-acceso\/#breadcrumb"},"inLanguage":"es","potentialAction":[{"@type":"ReadAction","target":["https:\/\/www.cuencasmineras.com\/index.php\/2021\/10\/29\/el-90-del-personal-laboral-del-ayuntamiento-de-mieres-evito-irregularmente-la-oposicion-de-acceso\/"]}]},{"@type":"ImageObject","inLanguage":"es","@id":"https:\/\/www.cuencasmineras.com\/index.php\/2021\/10\/29\/el-90-del-personal-laboral-del-ayuntamiento-de-mieres-evito-irregularmente-la-oposicion-de-acceso\/#primaryimage","url":"https:\/\/www.cuencasmineras.com\/wp-content\/uploads\/2021\/10\/5f245560-8aef-4256-b1dd-73644ee7f810_21-9-aspect-ratio_default_0.jpg","contentUrl":"https:\/\/www.cuencasmineras.com\/wp-content\/uploads\/2021\/10\/5f245560-8aef-4256-b1dd-73644ee7f810_21-9-aspect-ratio_default_0.jpg","width":1280,"height":548},{"@type":"BreadcrumbList","@id":"https:\/\/www.cuencasmineras.com\/index.php\/2021\/10\/29\/el-90-del-personal-laboral-del-ayuntamiento-de-mieres-evito-irregularmente-la-oposicion-de-acceso\/#breadcrumb","itemListElement":[{"@type":"ListItem","position":1,"name":"Portada","item":"https:\/\/www.cuencasmineras.com\/"},{"@type":"ListItem","position":2,"name":"El 90% del personal laboral del Ayuntamiento de Mieres evit\u00f3 \u201cirregularmente\u201d la oposici\u00f3n de acceso"}]},{"@type":"WebSite","@id":"https:\/\/www.cuencasmineras.com\/#website","url":"https:\/\/www.cuencasmineras.com\/","name":"","description":"","potentialAction":[{"@type":"SearchAction","target":{"@type":"EntryPoint","urlTemplate":"https:\/\/www.cuencasmineras.com\/?s={search_term_string}"},"query-input":{"@type":"PropertyValueSpecification","valueRequired":true,"valueName":"search_term_string"}}],"inLanguage":"es"},{"@type":"Person","@id":"https:\/\/www.cuencasmineras.com\/#\/schema\/person\/be0691310e8496ec555f679dd688420c","name":"admin","image":{"@type":"ImageObject","inLanguage":"es","@id":"https:\/\/secure.gravatar.com\/avatar\/4afd2eed3b2fbbf36dd6707b5bd8a5b50ac648f033e36fbf85aeace2f0f859db?s=96&d=mm&r=g","url":"https:\/\/secure.gravatar.com\/avatar\/4afd2eed3b2fbbf36dd6707b5bd8a5b50ac648f033e36fbf85aeace2f0f859db?s=96&d=mm&r=g","contentUrl":"https:\/\/secure.gravatar.com\/avatar\/4afd2eed3b2fbbf36dd6707b5bd8a5b50ac648f033e36fbf85aeace2f0f859db?s=96&d=mm&r=g","caption":"admin"},"sameAs":["https:\/\/www.cuencasmineras.com"],"url":"https:\/\/www.cuencasmineras.com\/index.php\/author\/admin\/"}]}},"_links":{"self":[{"href":"https:\/\/www.cuencasmineras.com\/index.php\/wp-json\/wp\/v2\/posts\/3672","targetHints":{"allow":["GET"]}}],"collection":[{"href":"https:\/\/www.cuencasmineras.com\/index.php\/wp-json\/wp\/v2\/posts"}],"about":[{"href":"https:\/\/www.cuencasmineras.com\/index.php\/wp-json\/wp\/v2\/types\/post"}],"author":[{"embeddable":true,"href":"https:\/\/www.cuencasmineras.com\/index.php\/wp-json\/wp\/v2\/users\/1"}],"replies":[{"embeddable":true,"href":"https:\/\/www.cuencasmineras.com\/index.php\/wp-json\/wp\/v2\/comments?post=3672"}],"version-history":[{"count":1,"href":"https:\/\/www.cuencasmineras.com\/index.php\/wp-json\/wp\/v2\/posts\/3672\/revisions"}],"predecessor-version":[{"id":3674,"href":"https:\/\/www.cuencasmineras.com\/index.php\/wp-json\/wp\/v2\/posts\/3672\/revisions\/3674"}],"wp:featuredmedia":[{"embeddable":true,"href":"https:\/\/www.cuencasmineras.com\/index.php\/wp-json\/wp\/v2\/media\/3673"}],"wp:attachment":[{"href":"https:\/\/www.cuencasmineras.com\/index.php\/wp-json\/wp\/v2\/media?parent=3672"}],"wp:term":[{"taxonomy":"category","embeddable":true,"href":"https:\/\/www.cuencasmineras.com\/index.php\/wp-json\/wp\/v2\/categories?post=3672"},{"taxonomy":"post_tag","embeddable":true,"href":"https:\/\/www.cuencasmineras.com\/index.php\/wp-json\/wp\/v2\/tags?post=3672"}],"curies":[{"name":"wp","href":"https:\/\/api.w.org\/{rel}","templated":true}]}}