{"id":3675,"date":"2021-11-02T14:21:22","date_gmt":"2021-11-02T14:21:22","guid":{"rendered":"https:\/\/www.cuencasmineras.com\/?p=3675"},"modified":"2021-11-02T14:21:22","modified_gmt":"2021-11-02T14:21:22","slug":"psoe-mieres-corrige-al-gobierno-de-iu","status":"publish","type":"post","link":"https:\/\/www.cuencasmineras.com\/index.php\/2021\/11\/02\/psoe-mieres-corrige-al-gobierno-de-iu\/","title":{"rendered":"PSOE MIERES corrige al gobierno de IU"},"content":{"rendered":"<p style=\"text-align: justify;\"><u>La portavoz socialista reafirma que \u201cExisten f\u00f3rmulas totalmente legales para prestar servicios y cubrir la falta de personal que tanto utilizan como excusa ante la ciudadan\u00eda.\u201d<\/u><\/p>\n<p style=\"text-align: justify;\">El equipo de gobierno de IU s\u00ed ha realizado contrataciones temporales en estos diez a\u00f1os, escasas para las necesidades de los servicios a prestar, pero necesarias. Incluso ha creado un organismo aut\u00f3nomo para la residencia.<\/p>\n<p style=\"text-align: justify;\">\u00bfAcaso esas decisiones han sido contrarias a ley o sin garant\u00edas de trasparencia?<\/p>\n<p style=\"text-align: justify;\">Saben pues que hay diversas posibilidades que se pueden aplicar, (planes de empleo locales, adem\u00e1s de los que paga el Principado, no hay esfuerzo propio.\u00a0 Contrataciones temporales para cubrir necesidades y hasta empresas p\u00fablicas de servicios, organismos aut\u00f3nomos).<\/p>\n<p style=\"text-align: justify;\">Otra cosa es la voluntad de trabajar y gestionar para dar respuestas eficientes a las necesidades de la ciudadan\u00eda, y no escudarse en medias verdades y darles largas, con dos coletillas famosas ya de este gobierno de IU \u201cno es competencia nuestra\u201d \u201cestamos en ello\u201d. O a\u00fan peor el \u201cno tenemos dinero y no hay personal\u201d, mientras aumenta el remanente y seguimos pagando sin recibir servicios de calidad, ni responder a las peticiones ciudadanas.<\/p>\n<p style=\"text-align: justify;\">Seg\u00fan explica Gloria Mu\u00f1oz, portavoz socialista, es una pena la memoria selectiva de IU, \u00a0se olvida de sus responsabilidades de gobierno en el pasado, ignora sus propios principios y prefiere cargar contra todos antes de reconocer los errores que comenten.\u00a0 La reclamaci\u00f3n del plan de empleo de 2015, un plan que gestion\u00f3 IU en solitario, tiene que ver, no con la temporalidad sino el uso, ya que utilizaron a los trabajadores para cubrir puestos y labores de la plantilla y no singulares como marca un plan de empleo, algo que su momento ya se le advirti\u00f3.<\/p>\n<p style=\"text-align: justify;\">Hay posibilidades si hay voluntad. Que no quieren hacerlo es su decisi\u00f3n, prefieren la privatizaci\u00f3n, una opci\u00f3n que cuadra m\u00e1s con otras ideolog\u00edas, pero repetimos es su voluntad soberana apoyada en esa mayor\u00eda absoluta que ejercen para demoler y no para construir, \u00a0concluye Gloria Mu\u00f1oz.<\/p>\n","protected":false},"excerpt":{"rendered":"<p>La portavoz socialista reafirma que \u201cExisten f\u00f3rmulas totalmente legales para prestar servicios y cubrir la falta de personal que tanto utilizan como excusa ante la ciudadan\u00eda.\u201d El equipo de gobierno de IU s\u00ed ha realizado contrataciones temporales en estos diez a\u00f1os, escasas para las necesidades de los servicios a prestar, pero necesarias. Incluso ha creado [&hellip;]<\/p>\n","protected":false},"author":1,"featured_media":3627,"comment_status":"open","ping_status":"open","sticky":false,"template":"","format":"standard","meta":{"footnotes":""},"categories":[7,6],"tags":[191,31,152],"class_list":["post-3675","post","type-post","status-publish","format-standard","has-post-thumbnail","hentry","category-caudal","category-noticias","tag-contratos","tag-mieres","tag-psoe-mieres"],"yoast_head":"<!-- This site is optimized with the Yoast SEO plugin v27.4 - https:\/\/yoast.com\/product\/yoast-seo-wordpress\/ -->\n<title>PSOE MIERES corrige al gobierno de IU -<\/title>\n<meta name=\"robots\" content=\"index, follow, max-snippet:-1, max-image-preview:large, max-video-preview:-1\" \/>\n<link rel=\"canonical\" href=\"https:\/\/www.cuencasmineras.com\/index.php\/2021\/11\/02\/psoe-mieres-corrige-al-gobierno-de-iu\/\" \/>\n<meta property=\"og:locale\" content=\"es_ES\" \/>\n<meta property=\"og:type\" content=\"article\" \/>\n<meta property=\"og:title\" content=\"PSOE MIERES corrige al gobierno de IU -\" \/>\n<meta property=\"og:description\" content=\"La portavoz socialista reafirma que \u201cExisten f\u00f3rmulas totalmente legales para prestar servicios y cubrir la falta de personal que tanto utilizan como excusa ante la ciudadan\u00eda.\u201d El equipo de gobierno de IU s\u00ed ha realizado contrataciones temporales en estos diez a\u00f1os, escasas para las necesidades de los servicios a prestar, pero necesarias. Incluso ha creado [&hellip;]\" \/>\n<meta property=\"og:url\" content=\"https:\/\/www.cuencasmineras.com\/index.php\/2021\/11\/02\/psoe-mieres-corrige-al-gobierno-de-iu\/\" \/>\n<meta property=\"article:published_time\" content=\"2021-11-02T14:21:22+00:00\" \/>\n<meta property=\"og:image\" content=\"https:\/\/www.cuencasmineras.com\/wp-content\/uploads\/2021\/10\/FSAPSOE.png\" \/>\n\t<meta property=\"og:image:width\" content=\"204\" \/>\n\t<meta property=\"og:image:height\" content=\"100\" \/>\n\t<meta property=\"og:image:type\" content=\"image\/png\" \/>\n<meta name=\"author\" content=\"admin\" \/>\n<meta name=\"twitter:card\" content=\"summary_large_image\" \/>\n<meta name=\"twitter:label1\" content=\"Escrito por\" \/>\n\t<meta name=\"twitter:data1\" content=\"admin\" \/>\n\t<meta name=\"twitter:label2\" content=\"Tiempo de lectura\" \/>\n\t<meta name=\"twitter:data2\" content=\"2 minutos\" \/>\n<script type=\"application\/ld+json\" class=\"yoast-schema-graph\">{\"@context\":\"https:\\\/\\\/schema.org\",\"@graph\":[{\"@type\":\"Article\",\"@id\":\"https:\\\/\\\/www.cuencasmineras.com\\\/index.php\\\/2021\\\/11\\\/02\\\/psoe-mieres-corrige-al-gobierno-de-iu\\\/#article\",\"isPartOf\":{\"@id\":\"https:\\\/\\\/www.cuencasmineras.com\\\/index.php\\\/2021\\\/11\\\/02\\\/psoe-mieres-corrige-al-gobierno-de-iu\\\/\"},\"author\":{\"name\":\"admin\",\"@id\":\"https:\\\/\\\/www.cuencasmineras.com\\\/#\\\/schema\\\/person\\\/be0691310e8496ec555f679dd688420c\"},\"headline\":\"PSOE MIERES corrige al gobierno de IU\",\"datePublished\":\"2021-11-02T14:21:22+00:00\",\"mainEntityOfPage\":{\"@id\":\"https:\\\/\\\/www.cuencasmineras.com\\\/index.php\\\/2021\\\/11\\\/02\\\/psoe-mieres-corrige-al-gobierno-de-iu\\\/\"},\"wordCount\":353,\"commentCount\":0,\"image\":{\"@id\":\"https:\\\/\\\/www.cuencasmineras.com\\\/index.php\\\/2021\\\/11\\\/02\\\/psoe-mieres-corrige-al-gobierno-de-iu\\\/#primaryimage\"},\"thumbnailUrl\":\"https:\\\/\\\/www.cuencasmineras.com\\\/wp-content\\\/uploads\\\/2021\\\/10\\\/FSAPSOE.png\",\"keywords\":[\"CONTRATOS\",\"mieres\",\"PSOE MIERES\"],\"articleSection\":[\"Caudal\",\"CM NEWS\"],\"inLanguage\":\"es\",\"potentialAction\":[{\"@type\":\"CommentAction\",\"name\":\"Comment\",\"target\":[\"https:\\\/\\\/www.cuencasmineras.com\\\/index.php\\\/2021\\\/11\\\/02\\\/psoe-mieres-corrige-al-gobierno-de-iu\\\/#respond\"]}]},{\"@type\":\"WebPage\",\"@id\":\"https:\\\/\\\/www.cuencasmineras.com\\\/index.php\\\/2021\\\/11\\\/02\\\/psoe-mieres-corrige-al-gobierno-de-iu\\\/\",\"url\":\"https:\\\/\\\/www.cuencasmineras.com\\\/index.php\\\/2021\\\/11\\\/02\\\/psoe-mieres-corrige-al-gobierno-de-iu\\\/\",\"name\":\"PSOE MIERES corrige al gobierno de IU -\",\"isPartOf\":{\"@id\":\"https:\\\/\\\/www.cuencasmineras.com\\\/#website\"},\"primaryImageOfPage\":{\"@id\":\"https:\\\/\\\/www.cuencasmineras.com\\\/index.php\\\/2021\\\/11\\\/02\\\/psoe-mieres-corrige-al-gobierno-de-iu\\\/#primaryimage\"},\"image\":{\"@id\":\"https:\\\/\\\/www.cuencasmineras.com\\\/index.php\\\/2021\\\/11\\\/02\\\/psoe-mieres-corrige-al-gobierno-de-iu\\\/#primaryimage\"},\"thumbnailUrl\":\"https:\\\/\\\/www.cuencasmineras.com\\\/wp-content\\\/uploads\\\/2021\\\/10\\\/FSAPSOE.png\",\"datePublished\":\"2021-11-02T14:21:22+00:00\",\"author\":{\"@id\":\"https:\\\/\\\/www.cuencasmineras.com\\\/#\\\/schema\\\/person\\\/be0691310e8496ec555f679dd688420c\"},\"breadcrumb\":{\"@id\":\"https:\\\/\\\/www.cuencasmineras.com\\\/index.php\\\/2021\\\/11\\\/02\\\/psoe-mieres-corrige-al-gobierno-de-iu\\\/#breadcrumb\"},\"inLanguage\":\"es\",\"potentialAction\":[{\"@type\":\"ReadAction\",\"target\":[\"https:\\\/\\\/www.cuencasmineras.com\\\/index.php\\\/2021\\\/11\\\/02\\\/psoe-mieres-corrige-al-gobierno-de-iu\\\/\"]}]},{\"@type\":\"ImageObject\",\"inLanguage\":\"es\",\"@id\":\"https:\\\/\\\/www.cuencasmineras.com\\\/index.php\\\/2021\\\/11\\\/02\\\/psoe-mieres-corrige-al-gobierno-de-iu\\\/#primaryimage\",\"url\":\"https:\\\/\\\/www.cuencasmineras.com\\\/wp-content\\\/uploads\\\/2021\\\/10\\\/FSAPSOE.png\",\"contentUrl\":\"https:\\\/\\\/www.cuencasmineras.com\\\/wp-content\\\/uploads\\\/2021\\\/10\\\/FSAPSOE.png\",\"width\":204,\"height\":100},{\"@type\":\"BreadcrumbList\",\"@id\":\"https:\\\/\\\/www.cuencasmineras.com\\\/index.php\\\/2021\\\/11\\\/02\\\/psoe-mieres-corrige-al-gobierno-de-iu\\\/#breadcrumb\",\"itemListElement\":[{\"@type\":\"ListItem\",\"position\":1,\"name\":\"Portada\",\"item\":\"https:\\\/\\\/www.cuencasmineras.com\\\/\"},{\"@type\":\"ListItem\",\"position\":2,\"name\":\"PSOE MIERES corrige al gobierno de IU\"}]},{\"@type\":\"WebSite\",\"@id\":\"https:\\\/\\\/www.cuencasmineras.com\\\/#website\",\"url\":\"https:\\\/\\\/www.cuencasmineras.com\\\/\",\"name\":\"\",\"description\":\"\",\"potentialAction\":[{\"@type\":\"SearchAction\",\"target\":{\"@type\":\"EntryPoint\",\"urlTemplate\":\"https:\\\/\\\/www.cuencasmineras.com\\\/?s={search_term_string}\"},\"query-input\":{\"@type\":\"PropertyValueSpecification\",\"valueRequired\":true,\"valueName\":\"search_term_string\"}}],\"inLanguage\":\"es\"},{\"@type\":\"Person\",\"@id\":\"https:\\\/\\\/www.cuencasmineras.com\\\/#\\\/schema\\\/person\\\/be0691310e8496ec555f679dd688420c\",\"name\":\"admin\",\"image\":{\"@type\":\"ImageObject\",\"inLanguage\":\"es\",\"@id\":\"https:\\\/\\\/secure.gravatar.com\\\/avatar\\\/4afd2eed3b2fbbf36dd6707b5bd8a5b50ac648f033e36fbf85aeace2f0f859db?s=96&d=mm&r=g\",\"url\":\"https:\\\/\\\/secure.gravatar.com\\\/avatar\\\/4afd2eed3b2fbbf36dd6707b5bd8a5b50ac648f033e36fbf85aeace2f0f859db?s=96&d=mm&r=g\",\"contentUrl\":\"https:\\\/\\\/secure.gravatar.com\\\/avatar\\\/4afd2eed3b2fbbf36dd6707b5bd8a5b50ac648f033e36fbf85aeace2f0f859db?s=96&d=mm&r=g\",\"caption\":\"admin\"},\"sameAs\":[\"https:\\\/\\\/www.cuencasmineras.com\"],\"url\":\"https:\\\/\\\/www.cuencasmineras.com\\\/index.php\\\/author\\\/admin\\\/\"}]}<\/script>\n<!-- \/ Yoast SEO plugin. -->","yoast_head_json":{"title":"PSOE MIERES corrige al gobierno de IU -","robots":{"index":"index","follow":"follow","max-snippet":"max-snippet:-1","max-image-preview":"max-image-preview:large","max-video-preview":"max-video-preview:-1"},"canonical":"https:\/\/www.cuencasmineras.com\/index.php\/2021\/11\/02\/psoe-mieres-corrige-al-gobierno-de-iu\/","og_locale":"es_ES","og_type":"article","og_title":"PSOE MIERES corrige al gobierno de IU -","og_description":"La portavoz socialista reafirma que \u201cExisten f\u00f3rmulas totalmente legales para prestar servicios y cubrir la falta de personal que tanto utilizan como excusa ante la ciudadan\u00eda.\u201d El equipo de gobierno de IU s\u00ed ha realizado contrataciones temporales en estos diez a\u00f1os, escasas para las necesidades de los servicios a prestar, pero necesarias. Incluso ha creado [&hellip;]","og_url":"https:\/\/www.cuencasmineras.com\/index.php\/2021\/11\/02\/psoe-mieres-corrige-al-gobierno-de-iu\/","article_published_time":"2021-11-02T14:21:22+00:00","og_image":[{"width":204,"height":100,"url":"https:\/\/www.cuencasmineras.com\/wp-content\/uploads\/2021\/10\/FSAPSOE.png","type":"image\/png"}],"author":"admin","twitter_card":"summary_large_image","twitter_misc":{"Escrito por":"admin","Tiempo de lectura":"2 minutos"},"schema":{"@context":"https:\/\/schema.org","@graph":[{"@type":"Article","@id":"https:\/\/www.cuencasmineras.com\/index.php\/2021\/11\/02\/psoe-mieres-corrige-al-gobierno-de-iu\/#article","isPartOf":{"@id":"https:\/\/www.cuencasmineras.com\/index.php\/2021\/11\/02\/psoe-mieres-corrige-al-gobierno-de-iu\/"},"author":{"name":"admin","@id":"https:\/\/www.cuencasmineras.com\/#\/schema\/person\/be0691310e8496ec555f679dd688420c"},"headline":"PSOE MIERES corrige al gobierno de IU","datePublished":"2021-11-02T14:21:22+00:00","mainEntityOfPage":{"@id":"https:\/\/www.cuencasmineras.com\/index.php\/2021\/11\/02\/psoe-mieres-corrige-al-gobierno-de-iu\/"},"wordCount":353,"commentCount":0,"image":{"@id":"https:\/\/www.cuencasmineras.com\/index.php\/2021\/11\/02\/psoe-mieres-corrige-al-gobierno-de-iu\/#primaryimage"},"thumbnailUrl":"https:\/\/www.cuencasmineras.com\/wp-content\/uploads\/2021\/10\/FSAPSOE.png","keywords":["CONTRATOS","mieres","PSOE MIERES"],"articleSection":["Caudal","CM NEWS"],"inLanguage":"es","potentialAction":[{"@type":"CommentAction","name":"Comment","target":["https:\/\/www.cuencasmineras.com\/index.php\/2021\/11\/02\/psoe-mieres-corrige-al-gobierno-de-iu\/#respond"]}]},{"@type":"WebPage","@id":"https:\/\/www.cuencasmineras.com\/index.php\/2021\/11\/02\/psoe-mieres-corrige-al-gobierno-de-iu\/","url":"https:\/\/www.cuencasmineras.com\/index.php\/2021\/11\/02\/psoe-mieres-corrige-al-gobierno-de-iu\/","name":"PSOE MIERES corrige al gobierno de IU -","isPartOf":{"@id":"https:\/\/www.cuencasmineras.com\/#website"},"primaryImageOfPage":{"@id":"https:\/\/www.cuencasmineras.com\/index.php\/2021\/11\/02\/psoe-mieres-corrige-al-gobierno-de-iu\/#primaryimage"},"image":{"@id":"https:\/\/www.cuencasmineras.com\/index.php\/2021\/11\/02\/psoe-mieres-corrige-al-gobierno-de-iu\/#primaryimage"},"thumbnailUrl":"https:\/\/www.cuencasmineras.com\/wp-content\/uploads\/2021\/10\/FSAPSOE.png","datePublished":"2021-11-02T14:21:22+00:00","author":{"@id":"https:\/\/www.cuencasmineras.com\/#\/schema\/person\/be0691310e8496ec555f679dd688420c"},"breadcrumb":{"@id":"https:\/\/www.cuencasmineras.com\/index.php\/2021\/11\/02\/psoe-mieres-corrige-al-gobierno-de-iu\/#breadcrumb"},"inLanguage":"es","potentialAction":[{"@type":"ReadAction","target":["https:\/\/www.cuencasmineras.com\/index.php\/2021\/11\/02\/psoe-mieres-corrige-al-gobierno-de-iu\/"]}]},{"@type":"ImageObject","inLanguage":"es","@id":"https:\/\/www.cuencasmineras.com\/index.php\/2021\/11\/02\/psoe-mieres-corrige-al-gobierno-de-iu\/#primaryimage","url":"https:\/\/www.cuencasmineras.com\/wp-content\/uploads\/2021\/10\/FSAPSOE.png","contentUrl":"https:\/\/www.cuencasmineras.com\/wp-content\/uploads\/2021\/10\/FSAPSOE.png","width":204,"height":100},{"@type":"BreadcrumbList","@id":"https:\/\/www.cuencasmineras.com\/index.php\/2021\/11\/02\/psoe-mieres-corrige-al-gobierno-de-iu\/#breadcrumb","itemListElement":[{"@type":"ListItem","position":1,"name":"Portada","item":"https:\/\/www.cuencasmineras.com\/"},{"@type":"ListItem","position":2,"name":"PSOE MIERES corrige al gobierno de IU"}]},{"@type":"WebSite","@id":"https:\/\/www.cuencasmineras.com\/#website","url":"https:\/\/www.cuencasmineras.com\/","name":"","description":"","potentialAction":[{"@type":"SearchAction","target":{"@type":"EntryPoint","urlTemplate":"https:\/\/www.cuencasmineras.com\/?s={search_term_string}"},"query-input":{"@type":"PropertyValueSpecification","valueRequired":true,"valueName":"search_term_string"}}],"inLanguage":"es"},{"@type":"Person","@id":"https:\/\/www.cuencasmineras.com\/#\/schema\/person\/be0691310e8496ec555f679dd688420c","name":"admin","image":{"@type":"ImageObject","inLanguage":"es","@id":"https:\/\/secure.gravatar.com\/avatar\/4afd2eed3b2fbbf36dd6707b5bd8a5b50ac648f033e36fbf85aeace2f0f859db?s=96&d=mm&r=g","url":"https:\/\/secure.gravatar.com\/avatar\/4afd2eed3b2fbbf36dd6707b5bd8a5b50ac648f033e36fbf85aeace2f0f859db?s=96&d=mm&r=g","contentUrl":"https:\/\/secure.gravatar.com\/avatar\/4afd2eed3b2fbbf36dd6707b5bd8a5b50ac648f033e36fbf85aeace2f0f859db?s=96&d=mm&r=g","caption":"admin"},"sameAs":["https:\/\/www.cuencasmineras.com"],"url":"https:\/\/www.cuencasmineras.com\/index.php\/author\/admin\/"}]}},"_links":{"self":[{"href":"https:\/\/www.cuencasmineras.com\/index.php\/wp-json\/wp\/v2\/posts\/3675","targetHints":{"allow":["GET"]}}],"collection":[{"href":"https:\/\/www.cuencasmineras.com\/index.php\/wp-json\/wp\/v2\/posts"}],"about":[{"href":"https:\/\/www.cuencasmineras.com\/index.php\/wp-json\/wp\/v2\/types\/post"}],"author":[{"embeddable":true,"href":"https:\/\/www.cuencasmineras.com\/index.php\/wp-json\/wp\/v2\/users\/1"}],"replies":[{"embeddable":true,"href":"https:\/\/www.cuencasmineras.com\/index.php\/wp-json\/wp\/v2\/comments?post=3675"}],"version-history":[{"count":1,"href":"https:\/\/www.cuencasmineras.com\/index.php\/wp-json\/wp\/v2\/posts\/3675\/revisions"}],"predecessor-version":[{"id":3676,"href":"https:\/\/www.cuencasmineras.com\/index.php\/wp-json\/wp\/v2\/posts\/3675\/revisions\/3676"}],"wp:featuredmedia":[{"embeddable":true,"href":"https:\/\/www.cuencasmineras.com\/index.php\/wp-json\/wp\/v2\/media\/3627"}],"wp:attachment":[{"href":"https:\/\/www.cuencasmineras.com\/index.php\/wp-json\/wp\/v2\/media?parent=3675"}],"wp:term":[{"taxonomy":"category","embeddable":true,"href":"https:\/\/www.cuencasmineras.com\/index.php\/wp-json\/wp\/v2\/categories?post=3675"},{"taxonomy":"post_tag","embeddable":true,"href":"https:\/\/www.cuencasmineras.com\/index.php\/wp-json\/wp\/v2\/tags?post=3675"}],"curies":[{"name":"wp","href":"https:\/\/api.w.org\/{rel}","templated":true}]}}