{"id":3677,"date":"2021-11-02T22:57:10","date_gmt":"2021-11-02T22:57:10","guid":{"rendered":"https:\/\/www.cuencasmineras.com\/?p=3677"},"modified":"2021-11-02T22:57:10","modified_gmt":"2021-11-02T22:57:10","slug":"el-ayuntamiento-exige-al-principado-que-refuerce-el-mantenimiento-de-sus-carreteras-en-mieres","status":"publish","type":"post","link":"https:\/\/www.cuencasmineras.com\/index.php\/2021\/11\/02\/el-ayuntamiento-exige-al-principado-que-refuerce-el-mantenimiento-de-sus-carreteras-en-mieres\/","title":{"rendered":"El Ayuntamiento exige al Principado que refuerce el mantenimiento de sus carreteras en Mieres"},"content":{"rendered":"<p style=\"text-align: justify;\">El Ayuntamiento de Mieres quiere que el Principado refuerce las labores de mantenimiento que desarrolla en las carreteras de titularidad auton\u00f3mica que pasan por el concejo. El Pleno municipal, a propuesta del PP y con el respaldo del gobierno local de IU, aprob\u00f3 solicitar a la Administraci\u00f3n regional que refuerce las intervenciones en calzadas como la de Tur\u00f3n o Santo Emiliano, pasando de una actuaci\u00f3n al a\u00f1o a por lo menos dos. Los gestores municipales consideran que el mantenimiento de las cunetas de las carreteras auton\u00f3micas requiere de una frecuencia de siegas y desbroces mayor. As\u00ed se lo trasladar\u00e1 al Gobierno regional en breve tras el acuerdo alcanzado en el Pleno. El grupo socialista subray\u00f3 durante la celebraci\u00f3n de la \u00faltima sesi\u00f3n plenaria que en los planes del Principado ya se contempla aumentar las actuaciones que se realizan anualmente en las calzadas de la red regional, incluidas claro est\u00e1 las de Mieres. Por ese motivo se demarcaron del acuerdo.<\/p>\n<p><img loading=\"lazy\" decoding=\"async\" class=\"aligncenter size-large wp-image-3678\" src=\"https:\/\/www.cuencasmineras.com\/wp-content\/uploads\/2021\/11\/5c865123-d51e-4a3e-863c-23034683fed1_21-9-aspect-ratio_default_0-1024x438.jpg\" alt=\"\" width=\"640\" height=\"274\" srcset=\"https:\/\/www.cuencasmineras.com\/wp-content\/uploads\/2021\/11\/5c865123-d51e-4a3e-863c-23034683fed1_21-9-aspect-ratio_default_0-1024x438.jpg 1024w, https:\/\/www.cuencasmineras.com\/wp-content\/uploads\/2021\/11\/5c865123-d51e-4a3e-863c-23034683fed1_21-9-aspect-ratio_default_0-300x128.jpg 300w, https:\/\/www.cuencasmineras.com\/wp-content\/uploads\/2021\/11\/5c865123-d51e-4a3e-863c-23034683fed1_21-9-aspect-ratio_default_0-768x329.jpg 768w, https:\/\/www.cuencasmineras.com\/wp-content\/uploads\/2021\/11\/5c865123-d51e-4a3e-863c-23034683fed1_21-9-aspect-ratio_default_0.jpg 1280w\" sizes=\"auto, (max-width: 640px) 100vw, 640px\" \/><\/p>\n<p style=\"text-align: justify;\">La Consejer\u00eda de Medio Rural y Cohesi\u00f3n Territorial del Gobierno del Principado adjudic\u00f3 hace ya meses el servicio de desbroce y limpieza de carreteras, que por primera vez se realiza a trav\u00e9s de un contrato plurianual. Este cambio en el contrato, seg\u00fan el Principado, busca \u201cagilizar estos trabajos en los pr\u00f3ximos a\u00f1os y mejorar la calidad del servicio, al garantizar la correcta ejecuci\u00f3n de las labores en el momento id\u00f3neo\u201d sin tener que depender de cu\u00e1ndo est\u00e9n dispuestos los tr\u00e1mites de la adjudicaci\u00f3n.<\/p>\n<p style=\"text-align: justify;\">Este contrato implica, en teor\u00eda, un refuerzo de la tarea que llevan a cabo las brigadas de carreteras de la Direcci\u00f3n General de Infraestructuras Viarias y Portuarias. La vigencia del mismo es hasta 2023 y los dos a\u00f1os adjudicados pueden ser prorrogables otros dos, con una inversi\u00f3n de 2,5 millones anuales. La red asturiana de carreteras est\u00e1 compuesta por 472 carreteras que suman cerca de 4.200 kil\u00f3metros de longitud. El Ayuntamiento de Mieres quiere que los planes del Principado tengan su reflejo en el estado de las carreteras del concejo. El gobierno local considera que se ser\u00eda necesario que se realizasen dos actuaciones al a\u00f1o. Recordaron que esa es la frecuencia con la que actualmente siega y desbroza el Consistorio.<\/p>\n<p style=\"text-align: justify;\">El mantenimiento de carreteras y sendas ha venido generando quejas durante los \u00faltimos a\u00f1os en el concejo. Sin embargo, la cobertura mejor\u00f3 notablemente desde el a\u00f1o pasado. Adem\u00e1s, del contrato con la empresa que se encarga del mantenimiento de viales rodados y peatonales, el Ayuntamiento de Mieres tiene en marcha un plan de empleo con 33 trabajadores dedicados al acondicionamiento de rutas de senderismo y caminos municipales. No obstante, la iniciativa se centra en la mejora de pasos que actualmente son relativamente accesibles. Los responsables municipales asumen que la recuperaci\u00f3n de los caminos de la zona rural que han desaparecido en los \u00faltimos a\u00f1os excede de las competencias y capacidad de prestar servicios del propio Ayuntamiento.<\/p>\n<p style=\"text-align: justify;\">El gobierno local tambi\u00e9n anunci\u00f3 hace meses un \u201cplan de choque\u201d para mejorar el servicio de limpieza. El gobierno local tiene en cartera, entre otras medidas, la privatizaci\u00f3n de labores en el casco urbano para \u201cdesahogar\u201d a la plantilla. De esta forma, se crear\u00e1n brigadas con trabajadores propios para otras localidades. \u201cEstamos atados de pies y manos en las contrataciones\u201d, afirmaron, en referencia a la legislaci\u00f3n estatal que impide a las administraciones locales convocar libremente nuevas plazas. Actualmente, solo 54 operarios llevan a cabo la limpieza viaria y la recogida de basuras, la atenci\u00f3n de caminos y carreteras y la jardiner\u00eda.<\/p>\n<p style=\"text-align: justify;\">La partida para el plan en los presupuestos alcanza los 750.000 euros. \u201cMieres tiene casi 38.000 habitantes, en un territorio con m\u00e1s de 146 kil\u00f3metros cuadrados\u201d, explicaron desde el gobierno local. Hay 42 trabajadores para la limpieza viaria y recogida de basura. Adem\u00e1s, el concejo cuenta con \u201cuna important\u00edsima red de carreteras que conecta los principales n\u00facleos y el elevado n\u00famero de pueblos, pero solo tenemos nueves trabajadores en el servicio de caminos y carreteras\u201d.<\/p>\n","protected":false},"excerpt":{"rendered":"<p>El Ayuntamiento de Mieres quiere que el Principado refuerce las labores de mantenimiento que desarrolla en las carreteras de titularidad auton\u00f3mica que pasan por el concejo. El Pleno municipal, a propuesta del PP y con el respaldo del gobierno local de IU, aprob\u00f3 solicitar a la Administraci\u00f3n regional que refuerce las intervenciones en calzadas como [&hellip;]<\/p>\n","protected":false},"author":1,"featured_media":3678,"comment_status":"open","ping_status":"open","sticky":false,"template":"","format":"standard","meta":{"footnotes":""},"categories":[7,6],"tags":[],"class_list":["post-3677","post","type-post","status-publish","format-standard","has-post-thumbnail","hentry","category-caudal","category-noticias"],"yoast_head":"<!-- This site is optimized with the Yoast SEO plugin v27.4 - https:\/\/yoast.com\/product\/yoast-seo-wordpress\/ -->\n<title>El Ayuntamiento exige al Principado que refuerce el mantenimiento de sus carreteras en Mieres - cm news<\/title>\n<meta name=\"description\" content=\"El Consistorio expone la necesidad de realizar al menos dos desbroces al a\u00f1o en los m\u00e1rgenes de las calzadas de titularidad regional.\" \/>\n<meta name=\"robots\" content=\"index, follow, max-snippet:-1, max-image-preview:large, max-video-preview:-1\" \/>\n<link rel=\"canonical\" href=\"https:\/\/www.cuencasmineras.com\/index.php\/2021\/11\/02\/el-ayuntamiento-exige-al-principado-que-refuerce-el-mantenimiento-de-sus-carreteras-en-mieres\/\" \/>\n<meta property=\"og:locale\" content=\"es_ES\" \/>\n<meta property=\"og:type\" content=\"article\" \/>\n<meta property=\"og:title\" content=\"El Ayuntamiento exige al Principado que refuerce el mantenimiento de sus carreteras en Mieres - cm news\" \/>\n<meta property=\"og:description\" content=\"El Consistorio expone la necesidad de realizar al menos dos desbroces al a\u00f1o en los m\u00e1rgenes de las calzadas de titularidad regional.\" \/>\n<meta property=\"og:url\" content=\"https:\/\/www.cuencasmineras.com\/index.php\/2021\/11\/02\/el-ayuntamiento-exige-al-principado-que-refuerce-el-mantenimiento-de-sus-carreteras-en-mieres\/\" \/>\n<meta property=\"article:published_time\" content=\"2021-11-02T22:57:10+00:00\" \/>\n<meta property=\"og:image\" content=\"https:\/\/www.cuencasmineras.com\/wp-content\/uploads\/2021\/11\/5c865123-d51e-4a3e-863c-23034683fed1_21-9-aspect-ratio_default_0.jpg\" \/>\n\t<meta property=\"og:image:width\" content=\"1280\" \/>\n\t<meta property=\"og:image:height\" content=\"548\" \/>\n\t<meta property=\"og:image:type\" content=\"image\/jpeg\" \/>\n<meta name=\"author\" content=\"admin\" \/>\n<meta name=\"twitter:card\" content=\"summary_large_image\" \/>\n<meta name=\"twitter:label1\" content=\"Escrito por\" \/>\n\t<meta name=\"twitter:data1\" content=\"admin\" \/>\n\t<meta name=\"twitter:label2\" content=\"Tiempo de lectura\" \/>\n\t<meta name=\"twitter:data2\" content=\"3 minutos\" \/>\n<script type=\"application\/ld+json\" class=\"yoast-schema-graph\">{\"@context\":\"https:\\\/\\\/schema.org\",\"@graph\":[{\"@type\":\"Article\",\"@id\":\"https:\\\/\\\/www.cuencasmineras.com\\\/index.php\\\/2021\\\/11\\\/02\\\/el-ayuntamiento-exige-al-principado-que-refuerce-el-mantenimiento-de-sus-carreteras-en-mieres\\\/#article\",\"isPartOf\":{\"@id\":\"https:\\\/\\\/www.cuencasmineras.com\\\/index.php\\\/2021\\\/11\\\/02\\\/el-ayuntamiento-exige-al-principado-que-refuerce-el-mantenimiento-de-sus-carreteras-en-mieres\\\/\"},\"author\":{\"name\":\"admin\",\"@id\":\"https:\\\/\\\/www.cuencasmineras.com\\\/#\\\/schema\\\/person\\\/be0691310e8496ec555f679dd688420c\"},\"headline\":\"El Ayuntamiento exige al Principado que refuerce el mantenimiento de sus carreteras en Mieres\",\"datePublished\":\"2021-11-02T22:57:10+00:00\",\"mainEntityOfPage\":{\"@id\":\"https:\\\/\\\/www.cuencasmineras.com\\\/index.php\\\/2021\\\/11\\\/02\\\/el-ayuntamiento-exige-al-principado-que-refuerce-el-mantenimiento-de-sus-carreteras-en-mieres\\\/\"},\"wordCount\":702,\"commentCount\":0,\"image\":{\"@id\":\"https:\\\/\\\/www.cuencasmineras.com\\\/index.php\\\/2021\\\/11\\\/02\\\/el-ayuntamiento-exige-al-principado-que-refuerce-el-mantenimiento-de-sus-carreteras-en-mieres\\\/#primaryimage\"},\"thumbnailUrl\":\"https:\\\/\\\/www.cuencasmineras.com\\\/wp-content\\\/uploads\\\/2021\\\/11\\\/5c865123-d51e-4a3e-863c-23034683fed1_21-9-aspect-ratio_default_0.jpg\",\"articleSection\":[\"Caudal\",\"CM NEWS\"],\"inLanguage\":\"es\",\"potentialAction\":[{\"@type\":\"CommentAction\",\"name\":\"Comment\",\"target\":[\"https:\\\/\\\/www.cuencasmineras.com\\\/index.php\\\/2021\\\/11\\\/02\\\/el-ayuntamiento-exige-al-principado-que-refuerce-el-mantenimiento-de-sus-carreteras-en-mieres\\\/#respond\"]}]},{\"@type\":\"WebPage\",\"@id\":\"https:\\\/\\\/www.cuencasmineras.com\\\/index.php\\\/2021\\\/11\\\/02\\\/el-ayuntamiento-exige-al-principado-que-refuerce-el-mantenimiento-de-sus-carreteras-en-mieres\\\/\",\"url\":\"https:\\\/\\\/www.cuencasmineras.com\\\/index.php\\\/2021\\\/11\\\/02\\\/el-ayuntamiento-exige-al-principado-que-refuerce-el-mantenimiento-de-sus-carreteras-en-mieres\\\/\",\"name\":\"El Ayuntamiento exige al Principado que refuerce el mantenimiento de sus carreteras en Mieres - cm news\",\"isPartOf\":{\"@id\":\"https:\\\/\\\/www.cuencasmineras.com\\\/#website\"},\"primaryImageOfPage\":{\"@id\":\"https:\\\/\\\/www.cuencasmineras.com\\\/index.php\\\/2021\\\/11\\\/02\\\/el-ayuntamiento-exige-al-principado-que-refuerce-el-mantenimiento-de-sus-carreteras-en-mieres\\\/#primaryimage\"},\"image\":{\"@id\":\"https:\\\/\\\/www.cuencasmineras.com\\\/index.php\\\/2021\\\/11\\\/02\\\/el-ayuntamiento-exige-al-principado-que-refuerce-el-mantenimiento-de-sus-carreteras-en-mieres\\\/#primaryimage\"},\"thumbnailUrl\":\"https:\\\/\\\/www.cuencasmineras.com\\\/wp-content\\\/uploads\\\/2021\\\/11\\\/5c865123-d51e-4a3e-863c-23034683fed1_21-9-aspect-ratio_default_0.jpg\",\"datePublished\":\"2021-11-02T22:57:10+00:00\",\"author\":{\"@id\":\"https:\\\/\\\/www.cuencasmineras.com\\\/#\\\/schema\\\/person\\\/be0691310e8496ec555f679dd688420c\"},\"description\":\"El Consistorio expone la necesidad de realizar al menos dos desbroces al a\u00f1o en los m\u00e1rgenes de las calzadas de titularidad regional.\",\"breadcrumb\":{\"@id\":\"https:\\\/\\\/www.cuencasmineras.com\\\/index.php\\\/2021\\\/11\\\/02\\\/el-ayuntamiento-exige-al-principado-que-refuerce-el-mantenimiento-de-sus-carreteras-en-mieres\\\/#breadcrumb\"},\"inLanguage\":\"es\",\"potentialAction\":[{\"@type\":\"ReadAction\",\"target\":[\"https:\\\/\\\/www.cuencasmineras.com\\\/index.php\\\/2021\\\/11\\\/02\\\/el-ayuntamiento-exige-al-principado-que-refuerce-el-mantenimiento-de-sus-carreteras-en-mieres\\\/\"]}]},{\"@type\":\"ImageObject\",\"inLanguage\":\"es\",\"@id\":\"https:\\\/\\\/www.cuencasmineras.com\\\/index.php\\\/2021\\\/11\\\/02\\\/el-ayuntamiento-exige-al-principado-que-refuerce-el-mantenimiento-de-sus-carreteras-en-mieres\\\/#primaryimage\",\"url\":\"https:\\\/\\\/www.cuencasmineras.com\\\/wp-content\\\/uploads\\\/2021\\\/11\\\/5c865123-d51e-4a3e-863c-23034683fed1_21-9-aspect-ratio_default_0.jpg\",\"contentUrl\":\"https:\\\/\\\/www.cuencasmineras.com\\\/wp-content\\\/uploads\\\/2021\\\/11\\\/5c865123-d51e-4a3e-863c-23034683fed1_21-9-aspect-ratio_default_0.jpg\",\"width\":1280,\"height\":548},{\"@type\":\"BreadcrumbList\",\"@id\":\"https:\\\/\\\/www.cuencasmineras.com\\\/index.php\\\/2021\\\/11\\\/02\\\/el-ayuntamiento-exige-al-principado-que-refuerce-el-mantenimiento-de-sus-carreteras-en-mieres\\\/#breadcrumb\",\"itemListElement\":[{\"@type\":\"ListItem\",\"position\":1,\"name\":\"Portada\",\"item\":\"https:\\\/\\\/www.cuencasmineras.com\\\/\"},{\"@type\":\"ListItem\",\"position\":2,\"name\":\"El Ayuntamiento exige al Principado que refuerce el mantenimiento de sus carreteras en Mieres\"}]},{\"@type\":\"WebSite\",\"@id\":\"https:\\\/\\\/www.cuencasmineras.com\\\/#website\",\"url\":\"https:\\\/\\\/www.cuencasmineras.com\\\/\",\"name\":\"\",\"description\":\"\",\"potentialAction\":[{\"@type\":\"SearchAction\",\"target\":{\"@type\":\"EntryPoint\",\"urlTemplate\":\"https:\\\/\\\/www.cuencasmineras.com\\\/?s={search_term_string}\"},\"query-input\":{\"@type\":\"PropertyValueSpecification\",\"valueRequired\":true,\"valueName\":\"search_term_string\"}}],\"inLanguage\":\"es\"},{\"@type\":\"Person\",\"@id\":\"https:\\\/\\\/www.cuencasmineras.com\\\/#\\\/schema\\\/person\\\/be0691310e8496ec555f679dd688420c\",\"name\":\"admin\",\"image\":{\"@type\":\"ImageObject\",\"inLanguage\":\"es\",\"@id\":\"https:\\\/\\\/secure.gravatar.com\\\/avatar\\\/4afd2eed3b2fbbf36dd6707b5bd8a5b50ac648f033e36fbf85aeace2f0f859db?s=96&d=mm&r=g\",\"url\":\"https:\\\/\\\/secure.gravatar.com\\\/avatar\\\/4afd2eed3b2fbbf36dd6707b5bd8a5b50ac648f033e36fbf85aeace2f0f859db?s=96&d=mm&r=g\",\"contentUrl\":\"https:\\\/\\\/secure.gravatar.com\\\/avatar\\\/4afd2eed3b2fbbf36dd6707b5bd8a5b50ac648f033e36fbf85aeace2f0f859db?s=96&d=mm&r=g\",\"caption\":\"admin\"},\"sameAs\":[\"https:\\\/\\\/www.cuencasmineras.com\"],\"url\":\"https:\\\/\\\/www.cuencasmineras.com\\\/index.php\\\/author\\\/admin\\\/\"}]}<\/script>\n<!-- \/ Yoast SEO plugin. -->","yoast_head_json":{"title":"El Ayuntamiento exige al Principado que refuerce el mantenimiento de sus carreteras en Mieres - cm news","description":"El Consistorio expone la necesidad de realizar al menos dos desbroces al a\u00f1o en los m\u00e1rgenes de las calzadas de titularidad regional.","robots":{"index":"index","follow":"follow","max-snippet":"max-snippet:-1","max-image-preview":"max-image-preview:large","max-video-preview":"max-video-preview:-1"},"canonical":"https:\/\/www.cuencasmineras.com\/index.php\/2021\/11\/02\/el-ayuntamiento-exige-al-principado-que-refuerce-el-mantenimiento-de-sus-carreteras-en-mieres\/","og_locale":"es_ES","og_type":"article","og_title":"El Ayuntamiento exige al Principado que refuerce el mantenimiento de sus carreteras en Mieres - cm news","og_description":"El Consistorio expone la necesidad de realizar al menos dos desbroces al a\u00f1o en los m\u00e1rgenes de las calzadas de titularidad regional.","og_url":"https:\/\/www.cuencasmineras.com\/index.php\/2021\/11\/02\/el-ayuntamiento-exige-al-principado-que-refuerce-el-mantenimiento-de-sus-carreteras-en-mieres\/","article_published_time":"2021-11-02T22:57:10+00:00","og_image":[{"width":1280,"height":548,"url":"https:\/\/www.cuencasmineras.com\/wp-content\/uploads\/2021\/11\/5c865123-d51e-4a3e-863c-23034683fed1_21-9-aspect-ratio_default_0.jpg","type":"image\/jpeg"}],"author":"admin","twitter_card":"summary_large_image","twitter_misc":{"Escrito por":"admin","Tiempo de lectura":"3 minutos"},"schema":{"@context":"https:\/\/schema.org","@graph":[{"@type":"Article","@id":"https:\/\/www.cuencasmineras.com\/index.php\/2021\/11\/02\/el-ayuntamiento-exige-al-principado-que-refuerce-el-mantenimiento-de-sus-carreteras-en-mieres\/#article","isPartOf":{"@id":"https:\/\/www.cuencasmineras.com\/index.php\/2021\/11\/02\/el-ayuntamiento-exige-al-principado-que-refuerce-el-mantenimiento-de-sus-carreteras-en-mieres\/"},"author":{"name":"admin","@id":"https:\/\/www.cuencasmineras.com\/#\/schema\/person\/be0691310e8496ec555f679dd688420c"},"headline":"El Ayuntamiento exige al Principado que refuerce el mantenimiento de sus carreteras en Mieres","datePublished":"2021-11-02T22:57:10+00:00","mainEntityOfPage":{"@id":"https:\/\/www.cuencasmineras.com\/index.php\/2021\/11\/02\/el-ayuntamiento-exige-al-principado-que-refuerce-el-mantenimiento-de-sus-carreteras-en-mieres\/"},"wordCount":702,"commentCount":0,"image":{"@id":"https:\/\/www.cuencasmineras.com\/index.php\/2021\/11\/02\/el-ayuntamiento-exige-al-principado-que-refuerce-el-mantenimiento-de-sus-carreteras-en-mieres\/#primaryimage"},"thumbnailUrl":"https:\/\/www.cuencasmineras.com\/wp-content\/uploads\/2021\/11\/5c865123-d51e-4a3e-863c-23034683fed1_21-9-aspect-ratio_default_0.jpg","articleSection":["Caudal","CM NEWS"],"inLanguage":"es","potentialAction":[{"@type":"CommentAction","name":"Comment","target":["https:\/\/www.cuencasmineras.com\/index.php\/2021\/11\/02\/el-ayuntamiento-exige-al-principado-que-refuerce-el-mantenimiento-de-sus-carreteras-en-mieres\/#respond"]}]},{"@type":"WebPage","@id":"https:\/\/www.cuencasmineras.com\/index.php\/2021\/11\/02\/el-ayuntamiento-exige-al-principado-que-refuerce-el-mantenimiento-de-sus-carreteras-en-mieres\/","url":"https:\/\/www.cuencasmineras.com\/index.php\/2021\/11\/02\/el-ayuntamiento-exige-al-principado-que-refuerce-el-mantenimiento-de-sus-carreteras-en-mieres\/","name":"El Ayuntamiento exige al Principado que refuerce el mantenimiento de sus carreteras en Mieres - cm news","isPartOf":{"@id":"https:\/\/www.cuencasmineras.com\/#website"},"primaryImageOfPage":{"@id":"https:\/\/www.cuencasmineras.com\/index.php\/2021\/11\/02\/el-ayuntamiento-exige-al-principado-que-refuerce-el-mantenimiento-de-sus-carreteras-en-mieres\/#primaryimage"},"image":{"@id":"https:\/\/www.cuencasmineras.com\/index.php\/2021\/11\/02\/el-ayuntamiento-exige-al-principado-que-refuerce-el-mantenimiento-de-sus-carreteras-en-mieres\/#primaryimage"},"thumbnailUrl":"https:\/\/www.cuencasmineras.com\/wp-content\/uploads\/2021\/11\/5c865123-d51e-4a3e-863c-23034683fed1_21-9-aspect-ratio_default_0.jpg","datePublished":"2021-11-02T22:57:10+00:00","author":{"@id":"https:\/\/www.cuencasmineras.com\/#\/schema\/person\/be0691310e8496ec555f679dd688420c"},"description":"El Consistorio expone la necesidad de realizar al menos dos desbroces al a\u00f1o en los m\u00e1rgenes de las calzadas de titularidad regional.","breadcrumb":{"@id":"https:\/\/www.cuencasmineras.com\/index.php\/2021\/11\/02\/el-ayuntamiento-exige-al-principado-que-refuerce-el-mantenimiento-de-sus-carreteras-en-mieres\/#breadcrumb"},"inLanguage":"es","potentialAction":[{"@type":"ReadAction","target":["https:\/\/www.cuencasmineras.com\/index.php\/2021\/11\/02\/el-ayuntamiento-exige-al-principado-que-refuerce-el-mantenimiento-de-sus-carreteras-en-mieres\/"]}]},{"@type":"ImageObject","inLanguage":"es","@id":"https:\/\/www.cuencasmineras.com\/index.php\/2021\/11\/02\/el-ayuntamiento-exige-al-principado-que-refuerce-el-mantenimiento-de-sus-carreteras-en-mieres\/#primaryimage","url":"https:\/\/www.cuencasmineras.com\/wp-content\/uploads\/2021\/11\/5c865123-d51e-4a3e-863c-23034683fed1_21-9-aspect-ratio_default_0.jpg","contentUrl":"https:\/\/www.cuencasmineras.com\/wp-content\/uploads\/2021\/11\/5c865123-d51e-4a3e-863c-23034683fed1_21-9-aspect-ratio_default_0.jpg","width":1280,"height":548},{"@type":"BreadcrumbList","@id":"https:\/\/www.cuencasmineras.com\/index.php\/2021\/11\/02\/el-ayuntamiento-exige-al-principado-que-refuerce-el-mantenimiento-de-sus-carreteras-en-mieres\/#breadcrumb","itemListElement":[{"@type":"ListItem","position":1,"name":"Portada","item":"https:\/\/www.cuencasmineras.com\/"},{"@type":"ListItem","position":2,"name":"El Ayuntamiento exige al Principado que refuerce el mantenimiento de sus carreteras en Mieres"}]},{"@type":"WebSite","@id":"https:\/\/www.cuencasmineras.com\/#website","url":"https:\/\/www.cuencasmineras.com\/","name":"","description":"","potentialAction":[{"@type":"SearchAction","target":{"@type":"EntryPoint","urlTemplate":"https:\/\/www.cuencasmineras.com\/?s={search_term_string}"},"query-input":{"@type":"PropertyValueSpecification","valueRequired":true,"valueName":"search_term_string"}}],"inLanguage":"es"},{"@type":"Person","@id":"https:\/\/www.cuencasmineras.com\/#\/schema\/person\/be0691310e8496ec555f679dd688420c","name":"admin","image":{"@type":"ImageObject","inLanguage":"es","@id":"https:\/\/secure.gravatar.com\/avatar\/4afd2eed3b2fbbf36dd6707b5bd8a5b50ac648f033e36fbf85aeace2f0f859db?s=96&d=mm&r=g","url":"https:\/\/secure.gravatar.com\/avatar\/4afd2eed3b2fbbf36dd6707b5bd8a5b50ac648f033e36fbf85aeace2f0f859db?s=96&d=mm&r=g","contentUrl":"https:\/\/secure.gravatar.com\/avatar\/4afd2eed3b2fbbf36dd6707b5bd8a5b50ac648f033e36fbf85aeace2f0f859db?s=96&d=mm&r=g","caption":"admin"},"sameAs":["https:\/\/www.cuencasmineras.com"],"url":"https:\/\/www.cuencasmineras.com\/index.php\/author\/admin\/"}]}},"_links":{"self":[{"href":"https:\/\/www.cuencasmineras.com\/index.php\/wp-json\/wp\/v2\/posts\/3677","targetHints":{"allow":["GET"]}}],"collection":[{"href":"https:\/\/www.cuencasmineras.com\/index.php\/wp-json\/wp\/v2\/posts"}],"about":[{"href":"https:\/\/www.cuencasmineras.com\/index.php\/wp-json\/wp\/v2\/types\/post"}],"author":[{"embeddable":true,"href":"https:\/\/www.cuencasmineras.com\/index.php\/wp-json\/wp\/v2\/users\/1"}],"replies":[{"embeddable":true,"href":"https:\/\/www.cuencasmineras.com\/index.php\/wp-json\/wp\/v2\/comments?post=3677"}],"version-history":[{"count":2,"href":"https:\/\/www.cuencasmineras.com\/index.php\/wp-json\/wp\/v2\/posts\/3677\/revisions"}],"predecessor-version":[{"id":3680,"href":"https:\/\/www.cuencasmineras.com\/index.php\/wp-json\/wp\/v2\/posts\/3677\/revisions\/3680"}],"wp:featuredmedia":[{"embeddable":true,"href":"https:\/\/www.cuencasmineras.com\/index.php\/wp-json\/wp\/v2\/media\/3678"}],"wp:attachment":[{"href":"https:\/\/www.cuencasmineras.com\/index.php\/wp-json\/wp\/v2\/media?parent=3677"}],"wp:term":[{"taxonomy":"category","embeddable":true,"href":"https:\/\/www.cuencasmineras.com\/index.php\/wp-json\/wp\/v2\/categories?post=3677"},{"taxonomy":"post_tag","embeddable":true,"href":"https:\/\/www.cuencasmineras.com\/index.php\/wp-json\/wp\/v2\/tags?post=3677"}],"curies":[{"name":"wp","href":"https:\/\/api.w.org\/{rel}","templated":true}]}}