{"id":3684,"date":"2021-11-02T23:01:26","date_gmt":"2021-11-02T23:01:26","guid":{"rendered":"https:\/\/www.cuencasmineras.com\/?p=3684"},"modified":"2021-11-02T23:01:26","modified_gmt":"2021-11-02T23:01:26","slug":"nuevos-actos-vandalicos-en-los-parques-de-langreo-los-vecinos-piden-mas-vigilancia","status":"publish","type":"post","link":"https:\/\/www.cuencasmineras.com\/index.php\/2021\/11\/02\/nuevos-actos-vandalicos-en-los-parques-de-langreo-los-vecinos-piden-mas-vigilancia\/","title":{"rendered":"Nuevos actos vand\u00e1licos en los parques de Langreo: los vecinos piden \u201cm\u00e1s vigilancia\u201d"},"content":{"rendered":"<p style=\"text-align: justify;\">Los vecinos del distrito langreano de Lada han mostrado su preocupaci\u00f3n por los \u201ccontinuos actos vand\u00e1licos\u201d que se vienen produciendo en el mobiliario urbano, pero sobre todo en la zona del parque infantil. Tal y como explican los propios afectados, \u201chan desaparecido los dos laterales de la casita que hab\u00eda en el parque para que los ni\u00f1os pudiesen jugar\u201d. Pero no solo eso, tambi\u00e9n han producido una serie de agujeros profundos en la capa protectora que cubre el suelo de esta zona de juego.<\/p>\n<p><img loading=\"lazy\" decoding=\"async\" class=\"aligncenter size-large wp-image-3685\" src=\"https:\/\/www.cuencasmineras.com\/wp-content\/uploads\/2021\/11\/1a08d4d4-04c0-425b-9641-5dad5b510991_21-9-aspect-ratio_default_0-1024x438.jpg\" alt=\"\" width=\"640\" height=\"274\" srcset=\"https:\/\/www.cuencasmineras.com\/wp-content\/uploads\/2021\/11\/1a08d4d4-04c0-425b-9641-5dad5b510991_21-9-aspect-ratio_default_0-1024x438.jpg 1024w, https:\/\/www.cuencasmineras.com\/wp-content\/uploads\/2021\/11\/1a08d4d4-04c0-425b-9641-5dad5b510991_21-9-aspect-ratio_default_0-300x128.jpg 300w, https:\/\/www.cuencasmineras.com\/wp-content\/uploads\/2021\/11\/1a08d4d4-04c0-425b-9641-5dad5b510991_21-9-aspect-ratio_default_0-768x329.jpg 768w, https:\/\/www.cuencasmineras.com\/wp-content\/uploads\/2021\/11\/1a08d4d4-04c0-425b-9641-5dad5b510991_21-9-aspect-ratio_default_0.jpg 1280w\" sizes=\"auto, (max-width: 640px) 100vw, 640px\" \/><\/p>\n<p style=\"text-align: justify;\">Los da\u00f1os tambi\u00e9n afectan a los bancos que se utilizan, sobre todo, para el descanso de los padres y abuelos cuando los peque\u00f1os est\u00e1n en el parque. As\u00ed, algunos de ellos tienen las maderas arrancadas mientras que otros han sido v\u00edctimas de los v\u00e1ndalos al haber sido volcados contra el suelo. Tambi\u00e9n hay grietas en las paredes que delimitan el \u00e1rea de juego infantil. \u201cNo solo hay v\u00e1ndalos, tambi\u00e9n absolutos irresponsables con la limpieza del entorno\u201d, ya que \u201cel suelo est\u00e1 plagado de restos de papeles, mascarillas y botellas de pl\u00e1stico. Parece un estercolero\u201d, aseguran los vecinos, que dan cuenta de una falta \u201ctotal\u201d de limpieza de estas instalaciones, donde la \u201cvigilancia brilla por ausencia\u201d.<\/p>\n<p style=\"text-align: justify;\">Sobre esta falta de limpieza, los vecinos tambi\u00e9n observan que, a la entrada del parque infantil, \u201chay decenas de botellas de vidrio tiradas en la acera\u201d. Esto s\u00ed que tiene una explicaci\u00f3n, porque el contenedor \u201cdedicado al vidrio para reciclar siempre est\u00e1 completo\u201d. Por ello, demandan que se vac\u00eden este tipo de contenedores con una mayor asiduidad. Pero los actos vand\u00e1licos no se limitan a la zona de ocio infantil de Lada sino que, como denuncian los vecinos, \u201ctambi\u00e9n han roto los cristales de la iglesia que est\u00e1 junto al parque. De hecho, han tenido que poner protecciones en todas las ventanas para evitar que se produzcan nuevos da\u00f1os\u201d en estos elementos. La situaci\u00f3n que se da en el parque de Lada se ha repetido tambi\u00e9n en otras zonas de Langreo. Concretamente en el parque Antonio Garc\u00eda Lago, en La Felguera. El pasado mes de agosto, la Polic\u00eda Local de Langreo anunci\u00f3 que reforzar\u00eda la vigilancia en este equipamiento tras haber detectado la destrucci\u00f3n intencionada de mobiliario urbano y otros desperfectos varias zonas del espacio verde.<\/p>\n<p style=\"text-align: justify;\">Los empleados municipales encontraron siete bancos arrancados de su sitio y quemados, desmontados o cortados. En este caso, no se ech\u00f3 la culpa a la celebraci\u00f3n de botellones en el parque, sino que se asegur\u00f3 que se trataba de una conducta puntual de un n\u00famero muy reducido de personas del distrito.<\/p>\n","protected":false},"excerpt":{"rendered":"<p>Los vecinos del distrito langreano de Lada han mostrado su preocupaci\u00f3n por los \u201ccontinuos actos vand\u00e1licos\u201d que se vienen produciendo en el mobiliario urbano, pero sobre todo en la zona del parque infantil. Tal y como explican los propios afectados, \u201chan desaparecido los dos laterales de la casita que hab\u00eda en el parque para que [&hellip;]<\/p>\n","protected":false},"author":1,"featured_media":3685,"comment_status":"open","ping_status":"open","sticky":false,"template":"","format":"standard","meta":{"footnotes":""},"categories":[6,8],"tags":[],"class_list":["post-3684","post","type-post","status-publish","format-standard","has-post-thumbnail","hentry","category-noticias","category-nalon"],"yoast_head":"<!-- This site is optimized with the Yoast SEO plugin v27.4 - https:\/\/yoast.com\/product\/yoast-seo-wordpress\/ -->\n<title>Nuevos actos vand\u00e1licos en los parques de Langreo: los vecinos piden \u201cm\u00e1s vigilancia\u201d - cm news<\/title>\n<meta name=\"description\" content=\"Los ataques registrados en la zona de ocio infantil y en la iglesia de Lada se suman a los producidos el pasado agosto en La Felguera.\" \/>\n<meta name=\"robots\" content=\"index, follow, max-snippet:-1, max-image-preview:large, max-video-preview:-1\" \/>\n<link rel=\"canonical\" href=\"https:\/\/www.cuencasmineras.com\/index.php\/2021\/11\/02\/nuevos-actos-vandalicos-en-los-parques-de-langreo-los-vecinos-piden-mas-vigilancia\/\" \/>\n<meta property=\"og:locale\" content=\"es_ES\" \/>\n<meta property=\"og:type\" content=\"article\" \/>\n<meta property=\"og:title\" content=\"Nuevos actos vand\u00e1licos en los parques de Langreo: los vecinos piden \u201cm\u00e1s vigilancia\u201d - cm news\" \/>\n<meta property=\"og:description\" content=\"Los ataques registrados en la zona de ocio infantil y en la iglesia de Lada se suman a los producidos el pasado agosto en La Felguera.\" \/>\n<meta property=\"og:url\" content=\"https:\/\/www.cuencasmineras.com\/index.php\/2021\/11\/02\/nuevos-actos-vandalicos-en-los-parques-de-langreo-los-vecinos-piden-mas-vigilancia\/\" \/>\n<meta property=\"article:published_time\" content=\"2021-11-02T23:01:26+00:00\" \/>\n<meta property=\"og:image\" content=\"https:\/\/www.cuencasmineras.com\/wp-content\/uploads\/2021\/11\/1a08d4d4-04c0-425b-9641-5dad5b510991_21-9-aspect-ratio_default_0.jpg\" \/>\n\t<meta property=\"og:image:width\" content=\"1280\" \/>\n\t<meta property=\"og:image:height\" content=\"548\" \/>\n\t<meta property=\"og:image:type\" content=\"image\/jpeg\" \/>\n<meta name=\"author\" content=\"admin\" \/>\n<meta name=\"twitter:card\" content=\"summary_large_image\" \/>\n<meta name=\"twitter:label1\" content=\"Escrito por\" \/>\n\t<meta name=\"twitter:data1\" content=\"admin\" \/>\n\t<meta name=\"twitter:label2\" content=\"Tiempo de lectura\" \/>\n\t<meta name=\"twitter:data2\" content=\"3 minutos\" \/>\n<script type=\"application\/ld+json\" class=\"yoast-schema-graph\">{\"@context\":\"https:\\\/\\\/schema.org\",\"@graph\":[{\"@type\":\"Article\",\"@id\":\"https:\\\/\\\/www.cuencasmineras.com\\\/index.php\\\/2021\\\/11\\\/02\\\/nuevos-actos-vandalicos-en-los-parques-de-langreo-los-vecinos-piden-mas-vigilancia\\\/#article\",\"isPartOf\":{\"@id\":\"https:\\\/\\\/www.cuencasmineras.com\\\/index.php\\\/2021\\\/11\\\/02\\\/nuevos-actos-vandalicos-en-los-parques-de-langreo-los-vecinos-piden-mas-vigilancia\\\/\"},\"author\":{\"name\":\"admin\",\"@id\":\"https:\\\/\\\/www.cuencasmineras.com\\\/#\\\/schema\\\/person\\\/be0691310e8496ec555f679dd688420c\"},\"headline\":\"Nuevos actos vand\u00e1licos en los parques de Langreo: los vecinos piden \u201cm\u00e1s vigilancia\u201d\",\"datePublished\":\"2021-11-02T23:01:26+00:00\",\"mainEntityOfPage\":{\"@id\":\"https:\\\/\\\/www.cuencasmineras.com\\\/index.php\\\/2021\\\/11\\\/02\\\/nuevos-actos-vandalicos-en-los-parques-de-langreo-los-vecinos-piden-mas-vigilancia\\\/\"},\"wordCount\":470,\"commentCount\":0,\"image\":{\"@id\":\"https:\\\/\\\/www.cuencasmineras.com\\\/index.php\\\/2021\\\/11\\\/02\\\/nuevos-actos-vandalicos-en-los-parques-de-langreo-los-vecinos-piden-mas-vigilancia\\\/#primaryimage\"},\"thumbnailUrl\":\"https:\\\/\\\/www.cuencasmineras.com\\\/wp-content\\\/uploads\\\/2021\\\/11\\\/1a08d4d4-04c0-425b-9641-5dad5b510991_21-9-aspect-ratio_default_0.jpg\",\"articleSection\":[\"CM NEWS\",\"Nal\u00f3n\"],\"inLanguage\":\"es\",\"potentialAction\":[{\"@type\":\"CommentAction\",\"name\":\"Comment\",\"target\":[\"https:\\\/\\\/www.cuencasmineras.com\\\/index.php\\\/2021\\\/11\\\/02\\\/nuevos-actos-vandalicos-en-los-parques-de-langreo-los-vecinos-piden-mas-vigilancia\\\/#respond\"]}]},{\"@type\":\"WebPage\",\"@id\":\"https:\\\/\\\/www.cuencasmineras.com\\\/index.php\\\/2021\\\/11\\\/02\\\/nuevos-actos-vandalicos-en-los-parques-de-langreo-los-vecinos-piden-mas-vigilancia\\\/\",\"url\":\"https:\\\/\\\/www.cuencasmineras.com\\\/index.php\\\/2021\\\/11\\\/02\\\/nuevos-actos-vandalicos-en-los-parques-de-langreo-los-vecinos-piden-mas-vigilancia\\\/\",\"name\":\"Nuevos actos vand\u00e1licos en los parques de Langreo: los vecinos piden \u201cm\u00e1s vigilancia\u201d - cm news\",\"isPartOf\":{\"@id\":\"https:\\\/\\\/www.cuencasmineras.com\\\/#website\"},\"primaryImageOfPage\":{\"@id\":\"https:\\\/\\\/www.cuencasmineras.com\\\/index.php\\\/2021\\\/11\\\/02\\\/nuevos-actos-vandalicos-en-los-parques-de-langreo-los-vecinos-piden-mas-vigilancia\\\/#primaryimage\"},\"image\":{\"@id\":\"https:\\\/\\\/www.cuencasmineras.com\\\/index.php\\\/2021\\\/11\\\/02\\\/nuevos-actos-vandalicos-en-los-parques-de-langreo-los-vecinos-piden-mas-vigilancia\\\/#primaryimage\"},\"thumbnailUrl\":\"https:\\\/\\\/www.cuencasmineras.com\\\/wp-content\\\/uploads\\\/2021\\\/11\\\/1a08d4d4-04c0-425b-9641-5dad5b510991_21-9-aspect-ratio_default_0.jpg\",\"datePublished\":\"2021-11-02T23:01:26+00:00\",\"author\":{\"@id\":\"https:\\\/\\\/www.cuencasmineras.com\\\/#\\\/schema\\\/person\\\/be0691310e8496ec555f679dd688420c\"},\"description\":\"Los ataques registrados en la zona de ocio infantil y en la iglesia de Lada se suman a los producidos el pasado agosto en La Felguera.\",\"breadcrumb\":{\"@id\":\"https:\\\/\\\/www.cuencasmineras.com\\\/index.php\\\/2021\\\/11\\\/02\\\/nuevos-actos-vandalicos-en-los-parques-de-langreo-los-vecinos-piden-mas-vigilancia\\\/#breadcrumb\"},\"inLanguage\":\"es\",\"potentialAction\":[{\"@type\":\"ReadAction\",\"target\":[\"https:\\\/\\\/www.cuencasmineras.com\\\/index.php\\\/2021\\\/11\\\/02\\\/nuevos-actos-vandalicos-en-los-parques-de-langreo-los-vecinos-piden-mas-vigilancia\\\/\"]}]},{\"@type\":\"ImageObject\",\"inLanguage\":\"es\",\"@id\":\"https:\\\/\\\/www.cuencasmineras.com\\\/index.php\\\/2021\\\/11\\\/02\\\/nuevos-actos-vandalicos-en-los-parques-de-langreo-los-vecinos-piden-mas-vigilancia\\\/#primaryimage\",\"url\":\"https:\\\/\\\/www.cuencasmineras.com\\\/wp-content\\\/uploads\\\/2021\\\/11\\\/1a08d4d4-04c0-425b-9641-5dad5b510991_21-9-aspect-ratio_default_0.jpg\",\"contentUrl\":\"https:\\\/\\\/www.cuencasmineras.com\\\/wp-content\\\/uploads\\\/2021\\\/11\\\/1a08d4d4-04c0-425b-9641-5dad5b510991_21-9-aspect-ratio_default_0.jpg\",\"width\":1280,\"height\":548},{\"@type\":\"BreadcrumbList\",\"@id\":\"https:\\\/\\\/www.cuencasmineras.com\\\/index.php\\\/2021\\\/11\\\/02\\\/nuevos-actos-vandalicos-en-los-parques-de-langreo-los-vecinos-piden-mas-vigilancia\\\/#breadcrumb\",\"itemListElement\":[{\"@type\":\"ListItem\",\"position\":1,\"name\":\"Portada\",\"item\":\"https:\\\/\\\/www.cuencasmineras.com\\\/\"},{\"@type\":\"ListItem\",\"position\":2,\"name\":\"Nuevos actos vand\u00e1licos en los parques de Langreo: los vecinos piden \u201cm\u00e1s vigilancia\u201d\"}]},{\"@type\":\"WebSite\",\"@id\":\"https:\\\/\\\/www.cuencasmineras.com\\\/#website\",\"url\":\"https:\\\/\\\/www.cuencasmineras.com\\\/\",\"name\":\"\",\"description\":\"\",\"potentialAction\":[{\"@type\":\"SearchAction\",\"target\":{\"@type\":\"EntryPoint\",\"urlTemplate\":\"https:\\\/\\\/www.cuencasmineras.com\\\/?s={search_term_string}\"},\"query-input\":{\"@type\":\"PropertyValueSpecification\",\"valueRequired\":true,\"valueName\":\"search_term_string\"}}],\"inLanguage\":\"es\"},{\"@type\":\"Person\",\"@id\":\"https:\\\/\\\/www.cuencasmineras.com\\\/#\\\/schema\\\/person\\\/be0691310e8496ec555f679dd688420c\",\"name\":\"admin\",\"image\":{\"@type\":\"ImageObject\",\"inLanguage\":\"es\",\"@id\":\"https:\\\/\\\/secure.gravatar.com\\\/avatar\\\/4afd2eed3b2fbbf36dd6707b5bd8a5b50ac648f033e36fbf85aeace2f0f859db?s=96&d=mm&r=g\",\"url\":\"https:\\\/\\\/secure.gravatar.com\\\/avatar\\\/4afd2eed3b2fbbf36dd6707b5bd8a5b50ac648f033e36fbf85aeace2f0f859db?s=96&d=mm&r=g\",\"contentUrl\":\"https:\\\/\\\/secure.gravatar.com\\\/avatar\\\/4afd2eed3b2fbbf36dd6707b5bd8a5b50ac648f033e36fbf85aeace2f0f859db?s=96&d=mm&r=g\",\"caption\":\"admin\"},\"sameAs\":[\"https:\\\/\\\/www.cuencasmineras.com\"],\"url\":\"https:\\\/\\\/www.cuencasmineras.com\\\/index.php\\\/author\\\/admin\\\/\"}]}<\/script>\n<!-- \/ Yoast SEO plugin. -->","yoast_head_json":{"title":"Nuevos actos vand\u00e1licos en los parques de Langreo: los vecinos piden \u201cm\u00e1s vigilancia\u201d - cm news","description":"Los ataques registrados en la zona de ocio infantil y en la iglesia de Lada se suman a los producidos el pasado agosto en La Felguera.","robots":{"index":"index","follow":"follow","max-snippet":"max-snippet:-1","max-image-preview":"max-image-preview:large","max-video-preview":"max-video-preview:-1"},"canonical":"https:\/\/www.cuencasmineras.com\/index.php\/2021\/11\/02\/nuevos-actos-vandalicos-en-los-parques-de-langreo-los-vecinos-piden-mas-vigilancia\/","og_locale":"es_ES","og_type":"article","og_title":"Nuevos actos vand\u00e1licos en los parques de Langreo: los vecinos piden \u201cm\u00e1s vigilancia\u201d - cm news","og_description":"Los ataques registrados en la zona de ocio infantil y en la iglesia de Lada se suman a los producidos el pasado agosto en La Felguera.","og_url":"https:\/\/www.cuencasmineras.com\/index.php\/2021\/11\/02\/nuevos-actos-vandalicos-en-los-parques-de-langreo-los-vecinos-piden-mas-vigilancia\/","article_published_time":"2021-11-02T23:01:26+00:00","og_image":[{"width":1280,"height":548,"url":"https:\/\/www.cuencasmineras.com\/wp-content\/uploads\/2021\/11\/1a08d4d4-04c0-425b-9641-5dad5b510991_21-9-aspect-ratio_default_0.jpg","type":"image\/jpeg"}],"author":"admin","twitter_card":"summary_large_image","twitter_misc":{"Escrito por":"admin","Tiempo de lectura":"3 minutos"},"schema":{"@context":"https:\/\/schema.org","@graph":[{"@type":"Article","@id":"https:\/\/www.cuencasmineras.com\/index.php\/2021\/11\/02\/nuevos-actos-vandalicos-en-los-parques-de-langreo-los-vecinos-piden-mas-vigilancia\/#article","isPartOf":{"@id":"https:\/\/www.cuencasmineras.com\/index.php\/2021\/11\/02\/nuevos-actos-vandalicos-en-los-parques-de-langreo-los-vecinos-piden-mas-vigilancia\/"},"author":{"name":"admin","@id":"https:\/\/www.cuencasmineras.com\/#\/schema\/person\/be0691310e8496ec555f679dd688420c"},"headline":"Nuevos actos vand\u00e1licos en los parques de Langreo: los vecinos piden \u201cm\u00e1s vigilancia\u201d","datePublished":"2021-11-02T23:01:26+00:00","mainEntityOfPage":{"@id":"https:\/\/www.cuencasmineras.com\/index.php\/2021\/11\/02\/nuevos-actos-vandalicos-en-los-parques-de-langreo-los-vecinos-piden-mas-vigilancia\/"},"wordCount":470,"commentCount":0,"image":{"@id":"https:\/\/www.cuencasmineras.com\/index.php\/2021\/11\/02\/nuevos-actos-vandalicos-en-los-parques-de-langreo-los-vecinos-piden-mas-vigilancia\/#primaryimage"},"thumbnailUrl":"https:\/\/www.cuencasmineras.com\/wp-content\/uploads\/2021\/11\/1a08d4d4-04c0-425b-9641-5dad5b510991_21-9-aspect-ratio_default_0.jpg","articleSection":["CM NEWS","Nal\u00f3n"],"inLanguage":"es","potentialAction":[{"@type":"CommentAction","name":"Comment","target":["https:\/\/www.cuencasmineras.com\/index.php\/2021\/11\/02\/nuevos-actos-vandalicos-en-los-parques-de-langreo-los-vecinos-piden-mas-vigilancia\/#respond"]}]},{"@type":"WebPage","@id":"https:\/\/www.cuencasmineras.com\/index.php\/2021\/11\/02\/nuevos-actos-vandalicos-en-los-parques-de-langreo-los-vecinos-piden-mas-vigilancia\/","url":"https:\/\/www.cuencasmineras.com\/index.php\/2021\/11\/02\/nuevos-actos-vandalicos-en-los-parques-de-langreo-los-vecinos-piden-mas-vigilancia\/","name":"Nuevos actos vand\u00e1licos en los parques de Langreo: los vecinos piden \u201cm\u00e1s vigilancia\u201d - cm news","isPartOf":{"@id":"https:\/\/www.cuencasmineras.com\/#website"},"primaryImageOfPage":{"@id":"https:\/\/www.cuencasmineras.com\/index.php\/2021\/11\/02\/nuevos-actos-vandalicos-en-los-parques-de-langreo-los-vecinos-piden-mas-vigilancia\/#primaryimage"},"image":{"@id":"https:\/\/www.cuencasmineras.com\/index.php\/2021\/11\/02\/nuevos-actos-vandalicos-en-los-parques-de-langreo-los-vecinos-piden-mas-vigilancia\/#primaryimage"},"thumbnailUrl":"https:\/\/www.cuencasmineras.com\/wp-content\/uploads\/2021\/11\/1a08d4d4-04c0-425b-9641-5dad5b510991_21-9-aspect-ratio_default_0.jpg","datePublished":"2021-11-02T23:01:26+00:00","author":{"@id":"https:\/\/www.cuencasmineras.com\/#\/schema\/person\/be0691310e8496ec555f679dd688420c"},"description":"Los ataques registrados en la zona de ocio infantil y en la iglesia de Lada se suman a los producidos el pasado agosto en La Felguera.","breadcrumb":{"@id":"https:\/\/www.cuencasmineras.com\/index.php\/2021\/11\/02\/nuevos-actos-vandalicos-en-los-parques-de-langreo-los-vecinos-piden-mas-vigilancia\/#breadcrumb"},"inLanguage":"es","potentialAction":[{"@type":"ReadAction","target":["https:\/\/www.cuencasmineras.com\/index.php\/2021\/11\/02\/nuevos-actos-vandalicos-en-los-parques-de-langreo-los-vecinos-piden-mas-vigilancia\/"]}]},{"@type":"ImageObject","inLanguage":"es","@id":"https:\/\/www.cuencasmineras.com\/index.php\/2021\/11\/02\/nuevos-actos-vandalicos-en-los-parques-de-langreo-los-vecinos-piden-mas-vigilancia\/#primaryimage","url":"https:\/\/www.cuencasmineras.com\/wp-content\/uploads\/2021\/11\/1a08d4d4-04c0-425b-9641-5dad5b510991_21-9-aspect-ratio_default_0.jpg","contentUrl":"https:\/\/www.cuencasmineras.com\/wp-content\/uploads\/2021\/11\/1a08d4d4-04c0-425b-9641-5dad5b510991_21-9-aspect-ratio_default_0.jpg","width":1280,"height":548},{"@type":"BreadcrumbList","@id":"https:\/\/www.cuencasmineras.com\/index.php\/2021\/11\/02\/nuevos-actos-vandalicos-en-los-parques-de-langreo-los-vecinos-piden-mas-vigilancia\/#breadcrumb","itemListElement":[{"@type":"ListItem","position":1,"name":"Portada","item":"https:\/\/www.cuencasmineras.com\/"},{"@type":"ListItem","position":2,"name":"Nuevos actos vand\u00e1licos en los parques de Langreo: los vecinos piden \u201cm\u00e1s vigilancia\u201d"}]},{"@type":"WebSite","@id":"https:\/\/www.cuencasmineras.com\/#website","url":"https:\/\/www.cuencasmineras.com\/","name":"","description":"","potentialAction":[{"@type":"SearchAction","target":{"@type":"EntryPoint","urlTemplate":"https:\/\/www.cuencasmineras.com\/?s={search_term_string}"},"query-input":{"@type":"PropertyValueSpecification","valueRequired":true,"valueName":"search_term_string"}}],"inLanguage":"es"},{"@type":"Person","@id":"https:\/\/www.cuencasmineras.com\/#\/schema\/person\/be0691310e8496ec555f679dd688420c","name":"admin","image":{"@type":"ImageObject","inLanguage":"es","@id":"https:\/\/secure.gravatar.com\/avatar\/4afd2eed3b2fbbf36dd6707b5bd8a5b50ac648f033e36fbf85aeace2f0f859db?s=96&d=mm&r=g","url":"https:\/\/secure.gravatar.com\/avatar\/4afd2eed3b2fbbf36dd6707b5bd8a5b50ac648f033e36fbf85aeace2f0f859db?s=96&d=mm&r=g","contentUrl":"https:\/\/secure.gravatar.com\/avatar\/4afd2eed3b2fbbf36dd6707b5bd8a5b50ac648f033e36fbf85aeace2f0f859db?s=96&d=mm&r=g","caption":"admin"},"sameAs":["https:\/\/www.cuencasmineras.com"],"url":"https:\/\/www.cuencasmineras.com\/index.php\/author\/admin\/"}]}},"_links":{"self":[{"href":"https:\/\/www.cuencasmineras.com\/index.php\/wp-json\/wp\/v2\/posts\/3684","targetHints":{"allow":["GET"]}}],"collection":[{"href":"https:\/\/www.cuencasmineras.com\/index.php\/wp-json\/wp\/v2\/posts"}],"about":[{"href":"https:\/\/www.cuencasmineras.com\/index.php\/wp-json\/wp\/v2\/types\/post"}],"author":[{"embeddable":true,"href":"https:\/\/www.cuencasmineras.com\/index.php\/wp-json\/wp\/v2\/users\/1"}],"replies":[{"embeddable":true,"href":"https:\/\/www.cuencasmineras.com\/index.php\/wp-json\/wp\/v2\/comments?post=3684"}],"version-history":[{"count":1,"href":"https:\/\/www.cuencasmineras.com\/index.php\/wp-json\/wp\/v2\/posts\/3684\/revisions"}],"predecessor-version":[{"id":3686,"href":"https:\/\/www.cuencasmineras.com\/index.php\/wp-json\/wp\/v2\/posts\/3684\/revisions\/3686"}],"wp:featuredmedia":[{"embeddable":true,"href":"https:\/\/www.cuencasmineras.com\/index.php\/wp-json\/wp\/v2\/media\/3685"}],"wp:attachment":[{"href":"https:\/\/www.cuencasmineras.com\/index.php\/wp-json\/wp\/v2\/media?parent=3684"}],"wp:term":[{"taxonomy":"category","embeddable":true,"href":"https:\/\/www.cuencasmineras.com\/index.php\/wp-json\/wp\/v2\/categories?post=3684"},{"taxonomy":"post_tag","embeddable":true,"href":"https:\/\/www.cuencasmineras.com\/index.php\/wp-json\/wp\/v2\/tags?post=3684"}],"curies":[{"name":"wp","href":"https:\/\/api.w.org\/{rel}","templated":true}]}}