{"id":3760,"date":"2021-11-11T15:04:47","date_gmt":"2021-11-11T15:04:47","guid":{"rendered":"https:\/\/www.cuencasmineras.com\/?p=3760"},"modified":"2021-11-11T15:04:47","modified_gmt":"2021-11-11T15:04:47","slug":"una-feria-de-ciencia-en-barredo","status":"publish","type":"post","link":"https:\/\/www.cuencasmineras.com\/index.php\/2021\/11\/11\/una-feria-de-ciencia-en-barredo\/","title":{"rendered":"Una feria de ciencia en Barredo"},"content":{"rendered":"<p style=\"text-align: justify;\">Trescientos escolares asturianos ejercieron ayer de j\u00f3venes investigadores en el campus de Mieres. Lo hicieron explorando el empleo m\u00e1s ameno y divertido de la ciencia. \u201cTodo ha resultado muy interesante y hemos aprendido un mont\u00f3n de cosas\u201d, asegur\u00f3 emocionada Celia P\u00e9rez, del colegio Carmen Ruiz-Tilve (Oviedo). \u201cMe llam\u00f3 la atenci\u00f3n el procedimiento que nos han ense\u00f1ado para conocer la densidad de los l\u00edquidos y para ello hemos trabajado con miel, aceite. desengrasante, alcohol y agua. Si pon\u00edamos en el recipiente el agua antes que el aceite, al ser m\u00e1s ligero, flotaba sobre el agua\u201d. Con esta experimentada explicaci\u00f3n, esta joven ovetense demostraba que la jornada hab\u00eda sido provechosa. Las instalaciones universitarias de Barredo acogieron ayer una feria de ciencia para principiantes. Esta actividad, en la que particip\u00f3 personal del Indurot y de la Polit\u00e9cnica de Mieres, se desarroll\u00f3 en colaboraci\u00f3n con el Consejo Superior de Investigaciones Cient\u00edficas (CSIC).<\/p>\n<p><img loading=\"lazy\" decoding=\"async\" class=\"aligncenter size-large wp-image-3761\" src=\"https:\/\/www.cuencasmineras.com\/wp-content\/uploads\/2021\/11\/1aff39b3-314c-408d-ae39-54a3049eda05_21-9-aspect-ratio_default_0-1024x438.jpg\" alt=\"\" width=\"640\" height=\"274\" srcset=\"https:\/\/www.cuencasmineras.com\/wp-content\/uploads\/2021\/11\/1aff39b3-314c-408d-ae39-54a3049eda05_21-9-aspect-ratio_default_0-1024x438.jpg 1024w, https:\/\/www.cuencasmineras.com\/wp-content\/uploads\/2021\/11\/1aff39b3-314c-408d-ae39-54a3049eda05_21-9-aspect-ratio_default_0-300x128.jpg 300w, https:\/\/www.cuencasmineras.com\/wp-content\/uploads\/2021\/11\/1aff39b3-314c-408d-ae39-54a3049eda05_21-9-aspect-ratio_default_0-768x329.jpg 768w, https:\/\/www.cuencasmineras.com\/wp-content\/uploads\/2021\/11\/1aff39b3-314c-408d-ae39-54a3049eda05_21-9-aspect-ratio_default_0.jpg 1280w\" sizes=\"auto, (max-width: 640px) 100vw, 640px\" \/><\/p>\n<p style=\"text-align: justify;\">Concha Prieto es la responsable de divulgaci\u00f3n cient\u00edfica de CSIC en Asturias. \u201c Lo que se busca es fomentar las vocaciones cient\u00edficas acercando la investigaci\u00f3n a los ni\u00f1os m\u00e1s peque\u00f1os\u201d. Esta feria se enmarca en la XXI Semana de la Ciencia y Tecnolog\u00eda que organiza la Universidad de Oviedo. \u201cEste a\u00f1o hemos querido dar protagonismo al entorno rural . El objetivo es acercarse desde la perspectiva cient\u00edfica a los h\u00e1bitats y ecosistemas asturianos\u201d, destaca Prieto.<\/p>\n<p style=\"text-align: justify;\">La iniciativa se centra en dos frentes. \u201cEn Somiedo estamos trabajando con la biodiversidad en el medio rural. Tenemos un taller dedicado al oso, con salidas al campo para ver sus marcas en los \u00e1rboles. Tambi\u00e9n organizamos salidas para conocer el canto de los p\u00e1jaros. Ma\u00f1ana habr\u00e1 un taller de avistamiento de aves y otro de prevenci\u00f3n de incendios\u201d, indic\u00f3. Barredo tiene asignado este a\u00f1o un papel relevante, con la organizaci\u00f3n de la citada feria de la ciencia, con diversos puestos en los que hubo talleres, demostraciones, experimentos, juegos y hasta concursos para que los m\u00e1s peque\u00f1os entiendan que la ciencia \u201ctambi\u00e9n puede ser divertida\u201d. Entre las propuestas que organizaron est\u00e1 la gu\u00eda cient\u00edfica para sobrevivir en la selva.<\/p>\n<p style=\"text-align: justify;\">La iniciativa narra la historia de dos exploradoras que est\u00e1n buscando \u201cel perdido arco\u00edris asturiano\u201d por lo que necesitar\u00e1n la ayuda de los cient\u00edficos para superar las diferentes pruebas y experimentos que se vayan encontrando. As\u00ed, los escolares se adentraron en el mundo de los sentidos, las diferencias entre humanos y animales a nivel cerebral y profundizaron sobre \u201cnuestro segundo cerebro y su microbiota intestinal\u201d.<\/p>\n<p style=\"text-align: justify;\">El rastro del oso pardo asturiano tambi\u00e9n fue ayer objeto de atenci\u00f3n cient\u00edfica en el campus. El Instituto Mixto de Investigaci\u00f3n en Biodiversidad (IMIB), con sede en el edificio de investigaci\u00f3n del campus de Mieres, trabaja actualmente en un programa de radiomarcaje de plant\u00edgrados en colaboraci\u00f3n con la Junta de Castilla y Le\u00f3n. \u201cL\u00f3gicamente nosotros no podemos trasladar un oso a un laboratorio. Lo que proponemos es un juego estilo trivial para que los ni\u00f1os puedan evaluar sus conocimientos sobre el monte asturiano.\u201d, se\u00f1al\u00f3 el investigador Enrique Gonz\u00e1lez. Los osos pardos hacen marcas en los \u00e1rboles para comunicarse entre ellos . Los futuros cient\u00edficos asturianos disfrutaron ayer imitando esta conducta. \u201cEs importante lograr que los ni\u00f1os se lo pasen bien compartiendo conocimientos\u201d, apunt\u00f3 Gonz\u00e1lez.<\/p>\n<p style=\"text-align: justify;\">Los peque\u00f1os tambi\u00e9n visitaron el Ayuntamiento de Mieres. Los colegios participantes fueron el Jes\u00fas Neira de Lena; el Carmen Ruiz-Tilve, Ventanielles y Germ\u00e1n Fern\u00e1ndez Ramos, de Oviedo; el Narciso S\u00e1nchez de Olloniego; y el Fomento Pe\u00f1amayor, de Siero.<\/p>\n","protected":false},"excerpt":{"rendered":"<p>Trescientos escolares asturianos ejercieron ayer de j\u00f3venes investigadores en el campus de Mieres. Lo hicieron explorando el empleo m\u00e1s ameno y divertido de la ciencia. \u201cTodo ha resultado muy interesante y hemos aprendido un mont\u00f3n de cosas\u201d, asegur\u00f3 emocionada Celia P\u00e9rez, del colegio Carmen Ruiz-Tilve (Oviedo). \u201cMe llam\u00f3 la atenci\u00f3n el procedimiento que nos han [&hellip;]<\/p>\n","protected":false},"author":1,"featured_media":3761,"comment_status":"open","ping_status":"open","sticky":false,"template":"","format":"standard","meta":{"footnotes":""},"categories":[7,6],"tags":[],"class_list":["post-3760","post","type-post","status-publish","format-standard","has-post-thumbnail","hentry","category-caudal","category-noticias"],"yoast_head":"<!-- This site is optimized with the Yoast SEO plugin v27.4 - https:\/\/yoast.com\/product\/yoast-seo-wordpress\/ -->\n<title>Una feria de ciencia en Barredo - cm news<\/title>\n<meta name=\"description\" content=\"El campus universitario de Mieres acogi\u00f3 una feria cient\u00edfica con 300 escolares asturianos: \u201cHay que fomentar la vocaci\u00f3n por la investigaci\u00f3n\u201d.\" \/>\n<meta name=\"robots\" content=\"index, follow, max-snippet:-1, max-image-preview:large, max-video-preview:-1\" \/>\n<link rel=\"canonical\" href=\"https:\/\/www.cuencasmineras.com\/index.php\/2021\/11\/11\/una-feria-de-ciencia-en-barredo\/\" \/>\n<meta property=\"og:locale\" content=\"es_ES\" \/>\n<meta property=\"og:type\" content=\"article\" \/>\n<meta property=\"og:title\" content=\"Una feria de ciencia en Barredo - cm news\" \/>\n<meta property=\"og:description\" content=\"El campus universitario de Mieres acogi\u00f3 una feria cient\u00edfica con 300 escolares asturianos: \u201cHay que fomentar la vocaci\u00f3n por la investigaci\u00f3n\u201d.\" \/>\n<meta property=\"og:url\" content=\"https:\/\/www.cuencasmineras.com\/index.php\/2021\/11\/11\/una-feria-de-ciencia-en-barredo\/\" \/>\n<meta property=\"article:published_time\" content=\"2021-11-11T15:04:47+00:00\" \/>\n<meta property=\"og:image\" content=\"https:\/\/www.cuencasmineras.com\/wp-content\/uploads\/2021\/11\/1aff39b3-314c-408d-ae39-54a3049eda05_21-9-aspect-ratio_default_0.jpg\" \/>\n\t<meta property=\"og:image:width\" content=\"1280\" \/>\n\t<meta property=\"og:image:height\" content=\"548\" \/>\n\t<meta property=\"og:image:type\" content=\"image\/jpeg\" \/>\n<meta name=\"author\" content=\"admin\" \/>\n<meta name=\"twitter:card\" content=\"summary_large_image\" \/>\n<meta name=\"twitter:label1\" content=\"Escrito por\" \/>\n\t<meta name=\"twitter:data1\" content=\"admin\" \/>\n\t<meta name=\"twitter:label2\" content=\"Tiempo de lectura\" \/>\n\t<meta name=\"twitter:data2\" content=\"3 minutos\" \/>\n<script type=\"application\/ld+json\" class=\"yoast-schema-graph\">{\"@context\":\"https:\\\/\\\/schema.org\",\"@graph\":[{\"@type\":\"Article\",\"@id\":\"https:\\\/\\\/www.cuencasmineras.com\\\/index.php\\\/2021\\\/11\\\/11\\\/una-feria-de-ciencia-en-barredo\\\/#article\",\"isPartOf\":{\"@id\":\"https:\\\/\\\/www.cuencasmineras.com\\\/index.php\\\/2021\\\/11\\\/11\\\/una-feria-de-ciencia-en-barredo\\\/\"},\"author\":{\"name\":\"admin\",\"@id\":\"https:\\\/\\\/www.cuencasmineras.com\\\/#\\\/schema\\\/person\\\/be0691310e8496ec555f679dd688420c\"},\"headline\":\"Una feria de ciencia en Barredo\",\"datePublished\":\"2021-11-11T15:04:47+00:00\",\"mainEntityOfPage\":{\"@id\":\"https:\\\/\\\/www.cuencasmineras.com\\\/index.php\\\/2021\\\/11\\\/11\\\/una-feria-de-ciencia-en-barredo\\\/\"},\"wordCount\":634,\"commentCount\":0,\"image\":{\"@id\":\"https:\\\/\\\/www.cuencasmineras.com\\\/index.php\\\/2021\\\/11\\\/11\\\/una-feria-de-ciencia-en-barredo\\\/#primaryimage\"},\"thumbnailUrl\":\"https:\\\/\\\/www.cuencasmineras.com\\\/wp-content\\\/uploads\\\/2021\\\/11\\\/1aff39b3-314c-408d-ae39-54a3049eda05_21-9-aspect-ratio_default_0.jpg\",\"articleSection\":[\"Caudal\",\"CM NEWS\"],\"inLanguage\":\"es\",\"potentialAction\":[{\"@type\":\"CommentAction\",\"name\":\"Comment\",\"target\":[\"https:\\\/\\\/www.cuencasmineras.com\\\/index.php\\\/2021\\\/11\\\/11\\\/una-feria-de-ciencia-en-barredo\\\/#respond\"]}]},{\"@type\":\"WebPage\",\"@id\":\"https:\\\/\\\/www.cuencasmineras.com\\\/index.php\\\/2021\\\/11\\\/11\\\/una-feria-de-ciencia-en-barredo\\\/\",\"url\":\"https:\\\/\\\/www.cuencasmineras.com\\\/index.php\\\/2021\\\/11\\\/11\\\/una-feria-de-ciencia-en-barredo\\\/\",\"name\":\"Una feria de ciencia en Barredo - cm news\",\"isPartOf\":{\"@id\":\"https:\\\/\\\/www.cuencasmineras.com\\\/#website\"},\"primaryImageOfPage\":{\"@id\":\"https:\\\/\\\/www.cuencasmineras.com\\\/index.php\\\/2021\\\/11\\\/11\\\/una-feria-de-ciencia-en-barredo\\\/#primaryimage\"},\"image\":{\"@id\":\"https:\\\/\\\/www.cuencasmineras.com\\\/index.php\\\/2021\\\/11\\\/11\\\/una-feria-de-ciencia-en-barredo\\\/#primaryimage\"},\"thumbnailUrl\":\"https:\\\/\\\/www.cuencasmineras.com\\\/wp-content\\\/uploads\\\/2021\\\/11\\\/1aff39b3-314c-408d-ae39-54a3049eda05_21-9-aspect-ratio_default_0.jpg\",\"datePublished\":\"2021-11-11T15:04:47+00:00\",\"author\":{\"@id\":\"https:\\\/\\\/www.cuencasmineras.com\\\/#\\\/schema\\\/person\\\/be0691310e8496ec555f679dd688420c\"},\"description\":\"El campus universitario de Mieres acogi\u00f3 una feria cient\u00edfica con 300 escolares asturianos: \u201cHay que fomentar la vocaci\u00f3n por la investigaci\u00f3n\u201d.\",\"breadcrumb\":{\"@id\":\"https:\\\/\\\/www.cuencasmineras.com\\\/index.php\\\/2021\\\/11\\\/11\\\/una-feria-de-ciencia-en-barredo\\\/#breadcrumb\"},\"inLanguage\":\"es\",\"potentialAction\":[{\"@type\":\"ReadAction\",\"target\":[\"https:\\\/\\\/www.cuencasmineras.com\\\/index.php\\\/2021\\\/11\\\/11\\\/una-feria-de-ciencia-en-barredo\\\/\"]}]},{\"@type\":\"ImageObject\",\"inLanguage\":\"es\",\"@id\":\"https:\\\/\\\/www.cuencasmineras.com\\\/index.php\\\/2021\\\/11\\\/11\\\/una-feria-de-ciencia-en-barredo\\\/#primaryimage\",\"url\":\"https:\\\/\\\/www.cuencasmineras.com\\\/wp-content\\\/uploads\\\/2021\\\/11\\\/1aff39b3-314c-408d-ae39-54a3049eda05_21-9-aspect-ratio_default_0.jpg\",\"contentUrl\":\"https:\\\/\\\/www.cuencasmineras.com\\\/wp-content\\\/uploads\\\/2021\\\/11\\\/1aff39b3-314c-408d-ae39-54a3049eda05_21-9-aspect-ratio_default_0.jpg\",\"width\":1280,\"height\":548},{\"@type\":\"BreadcrumbList\",\"@id\":\"https:\\\/\\\/www.cuencasmineras.com\\\/index.php\\\/2021\\\/11\\\/11\\\/una-feria-de-ciencia-en-barredo\\\/#breadcrumb\",\"itemListElement\":[{\"@type\":\"ListItem\",\"position\":1,\"name\":\"Portada\",\"item\":\"https:\\\/\\\/www.cuencasmineras.com\\\/\"},{\"@type\":\"ListItem\",\"position\":2,\"name\":\"Una feria de ciencia en Barredo\"}]},{\"@type\":\"WebSite\",\"@id\":\"https:\\\/\\\/www.cuencasmineras.com\\\/#website\",\"url\":\"https:\\\/\\\/www.cuencasmineras.com\\\/\",\"name\":\"\",\"description\":\"\",\"potentialAction\":[{\"@type\":\"SearchAction\",\"target\":{\"@type\":\"EntryPoint\",\"urlTemplate\":\"https:\\\/\\\/www.cuencasmineras.com\\\/?s={search_term_string}\"},\"query-input\":{\"@type\":\"PropertyValueSpecification\",\"valueRequired\":true,\"valueName\":\"search_term_string\"}}],\"inLanguage\":\"es\"},{\"@type\":\"Person\",\"@id\":\"https:\\\/\\\/www.cuencasmineras.com\\\/#\\\/schema\\\/person\\\/be0691310e8496ec555f679dd688420c\",\"name\":\"admin\",\"image\":{\"@type\":\"ImageObject\",\"inLanguage\":\"es\",\"@id\":\"https:\\\/\\\/secure.gravatar.com\\\/avatar\\\/4afd2eed3b2fbbf36dd6707b5bd8a5b50ac648f033e36fbf85aeace2f0f859db?s=96&d=mm&r=g\",\"url\":\"https:\\\/\\\/secure.gravatar.com\\\/avatar\\\/4afd2eed3b2fbbf36dd6707b5bd8a5b50ac648f033e36fbf85aeace2f0f859db?s=96&d=mm&r=g\",\"contentUrl\":\"https:\\\/\\\/secure.gravatar.com\\\/avatar\\\/4afd2eed3b2fbbf36dd6707b5bd8a5b50ac648f033e36fbf85aeace2f0f859db?s=96&d=mm&r=g\",\"caption\":\"admin\"},\"sameAs\":[\"https:\\\/\\\/www.cuencasmineras.com\"],\"url\":\"https:\\\/\\\/www.cuencasmineras.com\\\/index.php\\\/author\\\/admin\\\/\"}]}<\/script>\n<!-- \/ Yoast SEO plugin. -->","yoast_head_json":{"title":"Una feria de ciencia en Barredo - cm news","description":"El campus universitario de Mieres acogi\u00f3 una feria cient\u00edfica con 300 escolares asturianos: \u201cHay que fomentar la vocaci\u00f3n por la investigaci\u00f3n\u201d.","robots":{"index":"index","follow":"follow","max-snippet":"max-snippet:-1","max-image-preview":"max-image-preview:large","max-video-preview":"max-video-preview:-1"},"canonical":"https:\/\/www.cuencasmineras.com\/index.php\/2021\/11\/11\/una-feria-de-ciencia-en-barredo\/","og_locale":"es_ES","og_type":"article","og_title":"Una feria de ciencia en Barredo - cm news","og_description":"El campus universitario de Mieres acogi\u00f3 una feria cient\u00edfica con 300 escolares asturianos: \u201cHay que fomentar la vocaci\u00f3n por la investigaci\u00f3n\u201d.","og_url":"https:\/\/www.cuencasmineras.com\/index.php\/2021\/11\/11\/una-feria-de-ciencia-en-barredo\/","article_published_time":"2021-11-11T15:04:47+00:00","og_image":[{"width":1280,"height":548,"url":"https:\/\/www.cuencasmineras.com\/wp-content\/uploads\/2021\/11\/1aff39b3-314c-408d-ae39-54a3049eda05_21-9-aspect-ratio_default_0.jpg","type":"image\/jpeg"}],"author":"admin","twitter_card":"summary_large_image","twitter_misc":{"Escrito por":"admin","Tiempo de lectura":"3 minutos"},"schema":{"@context":"https:\/\/schema.org","@graph":[{"@type":"Article","@id":"https:\/\/www.cuencasmineras.com\/index.php\/2021\/11\/11\/una-feria-de-ciencia-en-barredo\/#article","isPartOf":{"@id":"https:\/\/www.cuencasmineras.com\/index.php\/2021\/11\/11\/una-feria-de-ciencia-en-barredo\/"},"author":{"name":"admin","@id":"https:\/\/www.cuencasmineras.com\/#\/schema\/person\/be0691310e8496ec555f679dd688420c"},"headline":"Una feria de ciencia en Barredo","datePublished":"2021-11-11T15:04:47+00:00","mainEntityOfPage":{"@id":"https:\/\/www.cuencasmineras.com\/index.php\/2021\/11\/11\/una-feria-de-ciencia-en-barredo\/"},"wordCount":634,"commentCount":0,"image":{"@id":"https:\/\/www.cuencasmineras.com\/index.php\/2021\/11\/11\/una-feria-de-ciencia-en-barredo\/#primaryimage"},"thumbnailUrl":"https:\/\/www.cuencasmineras.com\/wp-content\/uploads\/2021\/11\/1aff39b3-314c-408d-ae39-54a3049eda05_21-9-aspect-ratio_default_0.jpg","articleSection":["Caudal","CM NEWS"],"inLanguage":"es","potentialAction":[{"@type":"CommentAction","name":"Comment","target":["https:\/\/www.cuencasmineras.com\/index.php\/2021\/11\/11\/una-feria-de-ciencia-en-barredo\/#respond"]}]},{"@type":"WebPage","@id":"https:\/\/www.cuencasmineras.com\/index.php\/2021\/11\/11\/una-feria-de-ciencia-en-barredo\/","url":"https:\/\/www.cuencasmineras.com\/index.php\/2021\/11\/11\/una-feria-de-ciencia-en-barredo\/","name":"Una feria de ciencia en Barredo - cm news","isPartOf":{"@id":"https:\/\/www.cuencasmineras.com\/#website"},"primaryImageOfPage":{"@id":"https:\/\/www.cuencasmineras.com\/index.php\/2021\/11\/11\/una-feria-de-ciencia-en-barredo\/#primaryimage"},"image":{"@id":"https:\/\/www.cuencasmineras.com\/index.php\/2021\/11\/11\/una-feria-de-ciencia-en-barredo\/#primaryimage"},"thumbnailUrl":"https:\/\/www.cuencasmineras.com\/wp-content\/uploads\/2021\/11\/1aff39b3-314c-408d-ae39-54a3049eda05_21-9-aspect-ratio_default_0.jpg","datePublished":"2021-11-11T15:04:47+00:00","author":{"@id":"https:\/\/www.cuencasmineras.com\/#\/schema\/person\/be0691310e8496ec555f679dd688420c"},"description":"El campus universitario de Mieres acogi\u00f3 una feria cient\u00edfica con 300 escolares asturianos: \u201cHay que fomentar la vocaci\u00f3n por la investigaci\u00f3n\u201d.","breadcrumb":{"@id":"https:\/\/www.cuencasmineras.com\/index.php\/2021\/11\/11\/una-feria-de-ciencia-en-barredo\/#breadcrumb"},"inLanguage":"es","potentialAction":[{"@type":"ReadAction","target":["https:\/\/www.cuencasmineras.com\/index.php\/2021\/11\/11\/una-feria-de-ciencia-en-barredo\/"]}]},{"@type":"ImageObject","inLanguage":"es","@id":"https:\/\/www.cuencasmineras.com\/index.php\/2021\/11\/11\/una-feria-de-ciencia-en-barredo\/#primaryimage","url":"https:\/\/www.cuencasmineras.com\/wp-content\/uploads\/2021\/11\/1aff39b3-314c-408d-ae39-54a3049eda05_21-9-aspect-ratio_default_0.jpg","contentUrl":"https:\/\/www.cuencasmineras.com\/wp-content\/uploads\/2021\/11\/1aff39b3-314c-408d-ae39-54a3049eda05_21-9-aspect-ratio_default_0.jpg","width":1280,"height":548},{"@type":"BreadcrumbList","@id":"https:\/\/www.cuencasmineras.com\/index.php\/2021\/11\/11\/una-feria-de-ciencia-en-barredo\/#breadcrumb","itemListElement":[{"@type":"ListItem","position":1,"name":"Portada","item":"https:\/\/www.cuencasmineras.com\/"},{"@type":"ListItem","position":2,"name":"Una feria de ciencia en Barredo"}]},{"@type":"WebSite","@id":"https:\/\/www.cuencasmineras.com\/#website","url":"https:\/\/www.cuencasmineras.com\/","name":"","description":"","potentialAction":[{"@type":"SearchAction","target":{"@type":"EntryPoint","urlTemplate":"https:\/\/www.cuencasmineras.com\/?s={search_term_string}"},"query-input":{"@type":"PropertyValueSpecification","valueRequired":true,"valueName":"search_term_string"}}],"inLanguage":"es"},{"@type":"Person","@id":"https:\/\/www.cuencasmineras.com\/#\/schema\/person\/be0691310e8496ec555f679dd688420c","name":"admin","image":{"@type":"ImageObject","inLanguage":"es","@id":"https:\/\/secure.gravatar.com\/avatar\/4afd2eed3b2fbbf36dd6707b5bd8a5b50ac648f033e36fbf85aeace2f0f859db?s=96&d=mm&r=g","url":"https:\/\/secure.gravatar.com\/avatar\/4afd2eed3b2fbbf36dd6707b5bd8a5b50ac648f033e36fbf85aeace2f0f859db?s=96&d=mm&r=g","contentUrl":"https:\/\/secure.gravatar.com\/avatar\/4afd2eed3b2fbbf36dd6707b5bd8a5b50ac648f033e36fbf85aeace2f0f859db?s=96&d=mm&r=g","caption":"admin"},"sameAs":["https:\/\/www.cuencasmineras.com"],"url":"https:\/\/www.cuencasmineras.com\/index.php\/author\/admin\/"}]}},"_links":{"self":[{"href":"https:\/\/www.cuencasmineras.com\/index.php\/wp-json\/wp\/v2\/posts\/3760","targetHints":{"allow":["GET"]}}],"collection":[{"href":"https:\/\/www.cuencasmineras.com\/index.php\/wp-json\/wp\/v2\/posts"}],"about":[{"href":"https:\/\/www.cuencasmineras.com\/index.php\/wp-json\/wp\/v2\/types\/post"}],"author":[{"embeddable":true,"href":"https:\/\/www.cuencasmineras.com\/index.php\/wp-json\/wp\/v2\/users\/1"}],"replies":[{"embeddable":true,"href":"https:\/\/www.cuencasmineras.com\/index.php\/wp-json\/wp\/v2\/comments?post=3760"}],"version-history":[{"count":2,"href":"https:\/\/www.cuencasmineras.com\/index.php\/wp-json\/wp\/v2\/posts\/3760\/revisions"}],"predecessor-version":[{"id":3763,"href":"https:\/\/www.cuencasmineras.com\/index.php\/wp-json\/wp\/v2\/posts\/3760\/revisions\/3763"}],"wp:featuredmedia":[{"embeddable":true,"href":"https:\/\/www.cuencasmineras.com\/index.php\/wp-json\/wp\/v2\/media\/3761"}],"wp:attachment":[{"href":"https:\/\/www.cuencasmineras.com\/index.php\/wp-json\/wp\/v2\/media?parent=3760"}],"wp:term":[{"taxonomy":"category","embeddable":true,"href":"https:\/\/www.cuencasmineras.com\/index.php\/wp-json\/wp\/v2\/categories?post=3760"},{"taxonomy":"post_tag","embeddable":true,"href":"https:\/\/www.cuencasmineras.com\/index.php\/wp-json\/wp\/v2\/tags?post=3760"}],"curies":[{"name":"wp","href":"https:\/\/api.w.org\/{rel}","templated":true}]}}