{"id":3786,"date":"2021-11-15T15:01:45","date_gmt":"2021-11-15T15:01:45","guid":{"rendered":"https:\/\/www.cuencasmineras.com\/?p=3786"},"modified":"2021-11-15T18:15:20","modified_gmt":"2021-11-15T18:15:20","slug":"se-admite-a-demanda-la-reclamacion-patrimonial-de-la-hostelera-por-los-cierres-decretados-por-la-pandemia","status":"publish","type":"post","link":"https:\/\/www.cuencasmineras.com\/index.php\/2021\/11\/15\/se-admite-a-demanda-la-reclamacion-patrimonial-de-la-hostelera-por-los-cierres-decretados-por-la-pandemia\/","title":{"rendered":"Se admite a DEMANDA la reclamaci\u00f3n patrimonial de la HOSTELERA  por los cierres decretados por la PANDEMIA"},"content":{"rendered":"<div style=\"text-align: justify;\">El despacho P\u00e9rez Luengo Abogados de Gij\u00f3n est\u00e1 gestionando la primera reclamaci\u00f3n patrimonial de la hosteler\u00eda contra el Principado de Asturias por los cierres decretados por la pandemia, del Bar La Caleya de Carabanzo (Lena).<\/div>\n<div>\n<div style=\"text-align: justify;\"><\/div>\n<div style=\"text-align: justify;\">Actualmente\u00a0 reclaman el cierre de noviembre y diciembre, con el fin de obtener un precedente para reclamar los cierres posteriores a navidad.<\/div>\n<div style=\"text-align: justify;\"><\/div>\n<div style=\"text-align: justify;\">El Juzgado que resolver\u00e1 este conflicto es el Juzgado de lo Contencioso Administrativo de Oviedo n\u00ba6, y ahora, la administraci\u00f3n tiene 20 d\u00edas h\u00e1biles para contestar a la demanda.<\/div>\n<div style=\"text-align: justify;\"><\/div>\n<div style=\"text-align: justify;\">Basan la reclamaci\u00f3n en que ning\u00fan particular tiene la obligaci\u00f3n de soportar un bien p\u00fablico como es la salud p\u00fablica, sino que deben de ser el conjunto de los ciudadanos a trav\u00e9s de la administraci\u00f3n. Si para mantener la salud p\u00fablica, es necesario intervenir el negocio de una persona, la administraci\u00f3n debe indemnizarla, del mismo modo que cuando es necesario expropiar un terreno para construir una carretera, el propietario es indemnizado por la expropiaci\u00f3n.<\/div>\n<\/div>\n<div><\/div>\n<div>\n<div><\/div>\n<\/div>\n<div>\n<div><\/div>\n<\/div>\n","protected":false},"excerpt":{"rendered":"<p>El despacho P\u00e9rez Luengo Abogados de Gij\u00f3n est\u00e1 gestionando la primera reclamaci\u00f3n patrimonial de la hosteler\u00eda contra el Principado de Asturias por los cierres decretados por la pandemia, del Bar La Caleya de Carabanzo (Lena). Actualmente\u00a0 reclaman el cierre de noviembre y diciembre, con el fin de obtener un precedente para reclamar los cierres posteriores [&hellip;]<\/p>\n","protected":false},"author":1,"featured_media":3789,"comment_status":"open","ping_status":"open","sticky":false,"template":"","format":"standard","meta":{"footnotes":""},"categories":[7,6],"tags":[195,194,196],"class_list":["post-3786","post","type-post","status-publish","format-standard","has-post-thumbnail","hentry","category-caudal","category-noticias","tag-cierres-perimetrales","tag-hostelera-lenense","tag-victor-ferreira"],"yoast_head":"<!-- This site is optimized with the Yoast SEO plugin v27.4 - https:\/\/yoast.com\/product\/yoast-seo-wordpress\/ -->\n<title>Se admite a DEMANDA la reclamaci\u00f3n patrimonial de la HOSTELERA por los cierres decretados por la PANDEMIA<\/title>\n<meta name=\"robots\" content=\"index, follow, max-snippet:-1, max-image-preview:large, max-video-preview:-1\" \/>\n<link rel=\"canonical\" href=\"https:\/\/www.cuencasmineras.com\/index.php\/2021\/11\/15\/se-admite-a-demanda-la-reclamacion-patrimonial-de-la-hostelera-por-los-cierres-decretados-por-la-pandemia\/\" \/>\n<meta property=\"og:locale\" content=\"es_ES\" \/>\n<meta property=\"og:type\" content=\"article\" \/>\n<meta property=\"og:title\" content=\"Se admite a DEMANDA la reclamaci\u00f3n patrimonial de la HOSTELERA por los cierres decretados por la PANDEMIA\" \/>\n<meta property=\"og:description\" content=\"El despacho P\u00e9rez Luengo Abogados de Gij\u00f3n est\u00e1 gestionando la primera reclamaci\u00f3n patrimonial de la hosteler\u00eda contra el Principado de Asturias por los cierres decretados por la pandemia, del Bar La Caleya de Carabanzo (Lena). Actualmente\u00a0 reclaman el cierre de noviembre y diciembre, con el fin de obtener un precedente para reclamar los cierres posteriores [&hellip;]\" \/>\n<meta property=\"og:url\" content=\"https:\/\/www.cuencasmineras.com\/index.php\/2021\/11\/15\/se-admite-a-demanda-la-reclamacion-patrimonial-de-la-hostelera-por-los-cierres-decretados-por-la-pandemia\/\" \/>\n<meta property=\"article:published_time\" content=\"2021-11-15T15:01:45+00:00\" \/>\n<meta property=\"article:modified_time\" content=\"2021-11-15T18:15:20+00:00\" \/>\n<meta property=\"og:image\" content=\"https:\/\/www.cuencasmineras.com\/wp-content\/uploads\/2021\/11\/WhatsApp-Image-2021-11-15-at-13.01.54.jpeg\" \/>\n\t<meta property=\"og:image:width\" content=\"768\" \/>\n\t<meta property=\"og:image:height\" content=\"1024\" \/>\n\t<meta property=\"og:image:type\" content=\"image\/jpeg\" \/>\n<meta name=\"author\" content=\"admin\" \/>\n<meta name=\"twitter:card\" content=\"summary_large_image\" \/>\n<meta name=\"twitter:label1\" content=\"Escrito por\" \/>\n\t<meta name=\"twitter:data1\" content=\"admin\" \/>\n\t<meta name=\"twitter:label2\" content=\"Tiempo de lectura\" \/>\n\t<meta name=\"twitter:data2\" content=\"1 minuto\" \/>\n<script type=\"application\/ld+json\" class=\"yoast-schema-graph\">{\"@context\":\"https:\\\/\\\/schema.org\",\"@graph\":[{\"@type\":\"Article\",\"@id\":\"https:\\\/\\\/www.cuencasmineras.com\\\/index.php\\\/2021\\\/11\\\/15\\\/se-admite-a-demanda-la-reclamacion-patrimonial-de-la-hostelera-por-los-cierres-decretados-por-la-pandemia\\\/#article\",\"isPartOf\":{\"@id\":\"https:\\\/\\\/www.cuencasmineras.com\\\/index.php\\\/2021\\\/11\\\/15\\\/se-admite-a-demanda-la-reclamacion-patrimonial-de-la-hostelera-por-los-cierres-decretados-por-la-pandemia\\\/\"},\"author\":{\"name\":\"admin\",\"@id\":\"https:\\\/\\\/www.cuencasmineras.com\\\/#\\\/schema\\\/person\\\/be0691310e8496ec555f679dd688420c\"},\"headline\":\"Se admite a DEMANDA la reclamaci\u00f3n patrimonial de la HOSTELERA por los cierres decretados por la PANDEMIA\",\"datePublished\":\"2021-11-15T15:01:45+00:00\",\"dateModified\":\"2021-11-15T18:15:20+00:00\",\"mainEntityOfPage\":{\"@id\":\"https:\\\/\\\/www.cuencasmineras.com\\\/index.php\\\/2021\\\/11\\\/15\\\/se-admite-a-demanda-la-reclamacion-patrimonial-de-la-hostelera-por-los-cierres-decretados-por-la-pandemia\\\/\"},\"wordCount\":194,\"commentCount\":0,\"image\":{\"@id\":\"https:\\\/\\\/www.cuencasmineras.com\\\/index.php\\\/2021\\\/11\\\/15\\\/se-admite-a-demanda-la-reclamacion-patrimonial-de-la-hostelera-por-los-cierres-decretados-por-la-pandemia\\\/#primaryimage\"},\"thumbnailUrl\":\"https:\\\/\\\/www.cuencasmineras.com\\\/wp-content\\\/uploads\\\/2021\\\/11\\\/WhatsApp-Image-2021-11-15-at-13.01.54.jpeg\",\"keywords\":[\"CIERRES PERIMETRALES\",\"HOSTELERA LENENSE\",\"VICTOR FERREIRA\"],\"articleSection\":[\"Caudal\",\"CM NEWS\"],\"inLanguage\":\"es\",\"potentialAction\":[{\"@type\":\"CommentAction\",\"name\":\"Comment\",\"target\":[\"https:\\\/\\\/www.cuencasmineras.com\\\/index.php\\\/2021\\\/11\\\/15\\\/se-admite-a-demanda-la-reclamacion-patrimonial-de-la-hostelera-por-los-cierres-decretados-por-la-pandemia\\\/#respond\"]}]},{\"@type\":\"WebPage\",\"@id\":\"https:\\\/\\\/www.cuencasmineras.com\\\/index.php\\\/2021\\\/11\\\/15\\\/se-admite-a-demanda-la-reclamacion-patrimonial-de-la-hostelera-por-los-cierres-decretados-por-la-pandemia\\\/\",\"url\":\"https:\\\/\\\/www.cuencasmineras.com\\\/index.php\\\/2021\\\/11\\\/15\\\/se-admite-a-demanda-la-reclamacion-patrimonial-de-la-hostelera-por-los-cierres-decretados-por-la-pandemia\\\/\",\"name\":\"Se admite a DEMANDA la reclamaci\u00f3n patrimonial de la HOSTELERA por los cierres decretados por la PANDEMIA\",\"isPartOf\":{\"@id\":\"https:\\\/\\\/www.cuencasmineras.com\\\/#website\"},\"primaryImageOfPage\":{\"@id\":\"https:\\\/\\\/www.cuencasmineras.com\\\/index.php\\\/2021\\\/11\\\/15\\\/se-admite-a-demanda-la-reclamacion-patrimonial-de-la-hostelera-por-los-cierres-decretados-por-la-pandemia\\\/#primaryimage\"},\"image\":{\"@id\":\"https:\\\/\\\/www.cuencasmineras.com\\\/index.php\\\/2021\\\/11\\\/15\\\/se-admite-a-demanda-la-reclamacion-patrimonial-de-la-hostelera-por-los-cierres-decretados-por-la-pandemia\\\/#primaryimage\"},\"thumbnailUrl\":\"https:\\\/\\\/www.cuencasmineras.com\\\/wp-content\\\/uploads\\\/2021\\\/11\\\/WhatsApp-Image-2021-11-15-at-13.01.54.jpeg\",\"datePublished\":\"2021-11-15T15:01:45+00:00\",\"dateModified\":\"2021-11-15T18:15:20+00:00\",\"author\":{\"@id\":\"https:\\\/\\\/www.cuencasmineras.com\\\/#\\\/schema\\\/person\\\/be0691310e8496ec555f679dd688420c\"},\"breadcrumb\":{\"@id\":\"https:\\\/\\\/www.cuencasmineras.com\\\/index.php\\\/2021\\\/11\\\/15\\\/se-admite-a-demanda-la-reclamacion-patrimonial-de-la-hostelera-por-los-cierres-decretados-por-la-pandemia\\\/#breadcrumb\"},\"inLanguage\":\"es\",\"potentialAction\":[{\"@type\":\"ReadAction\",\"target\":[\"https:\\\/\\\/www.cuencasmineras.com\\\/index.php\\\/2021\\\/11\\\/15\\\/se-admite-a-demanda-la-reclamacion-patrimonial-de-la-hostelera-por-los-cierres-decretados-por-la-pandemia\\\/\"]}]},{\"@type\":\"ImageObject\",\"inLanguage\":\"es\",\"@id\":\"https:\\\/\\\/www.cuencasmineras.com\\\/index.php\\\/2021\\\/11\\\/15\\\/se-admite-a-demanda-la-reclamacion-patrimonial-de-la-hostelera-por-los-cierres-decretados-por-la-pandemia\\\/#primaryimage\",\"url\":\"https:\\\/\\\/www.cuencasmineras.com\\\/wp-content\\\/uploads\\\/2021\\\/11\\\/WhatsApp-Image-2021-11-15-at-13.01.54.jpeg\",\"contentUrl\":\"https:\\\/\\\/www.cuencasmineras.com\\\/wp-content\\\/uploads\\\/2021\\\/11\\\/WhatsApp-Image-2021-11-15-at-13.01.54.jpeg\",\"width\":768,\"height\":1024},{\"@type\":\"BreadcrumbList\",\"@id\":\"https:\\\/\\\/www.cuencasmineras.com\\\/index.php\\\/2021\\\/11\\\/15\\\/se-admite-a-demanda-la-reclamacion-patrimonial-de-la-hostelera-por-los-cierres-decretados-por-la-pandemia\\\/#breadcrumb\",\"itemListElement\":[{\"@type\":\"ListItem\",\"position\":1,\"name\":\"Portada\",\"item\":\"https:\\\/\\\/www.cuencasmineras.com\\\/\"},{\"@type\":\"ListItem\",\"position\":2,\"name\":\"Se admite a DEMANDA la reclamaci\u00f3n patrimonial de la HOSTELERA por los cierres decretados por la PANDEMIA\"}]},{\"@type\":\"WebSite\",\"@id\":\"https:\\\/\\\/www.cuencasmineras.com\\\/#website\",\"url\":\"https:\\\/\\\/www.cuencasmineras.com\\\/\",\"name\":\"\",\"description\":\"\",\"potentialAction\":[{\"@type\":\"SearchAction\",\"target\":{\"@type\":\"EntryPoint\",\"urlTemplate\":\"https:\\\/\\\/www.cuencasmineras.com\\\/?s={search_term_string}\"},\"query-input\":{\"@type\":\"PropertyValueSpecification\",\"valueRequired\":true,\"valueName\":\"search_term_string\"}}],\"inLanguage\":\"es\"},{\"@type\":\"Person\",\"@id\":\"https:\\\/\\\/www.cuencasmineras.com\\\/#\\\/schema\\\/person\\\/be0691310e8496ec555f679dd688420c\",\"name\":\"admin\",\"image\":{\"@type\":\"ImageObject\",\"inLanguage\":\"es\",\"@id\":\"https:\\\/\\\/secure.gravatar.com\\\/avatar\\\/4afd2eed3b2fbbf36dd6707b5bd8a5b50ac648f033e36fbf85aeace2f0f859db?s=96&d=mm&r=g\",\"url\":\"https:\\\/\\\/secure.gravatar.com\\\/avatar\\\/4afd2eed3b2fbbf36dd6707b5bd8a5b50ac648f033e36fbf85aeace2f0f859db?s=96&d=mm&r=g\",\"contentUrl\":\"https:\\\/\\\/secure.gravatar.com\\\/avatar\\\/4afd2eed3b2fbbf36dd6707b5bd8a5b50ac648f033e36fbf85aeace2f0f859db?s=96&d=mm&r=g\",\"caption\":\"admin\"},\"sameAs\":[\"https:\\\/\\\/www.cuencasmineras.com\"],\"url\":\"https:\\\/\\\/www.cuencasmineras.com\\\/index.php\\\/author\\\/admin\\\/\"}]}<\/script>\n<!-- \/ Yoast SEO plugin. -->","yoast_head_json":{"title":"Se admite a DEMANDA la reclamaci\u00f3n patrimonial de la HOSTELERA por los cierres decretados por la PANDEMIA","robots":{"index":"index","follow":"follow","max-snippet":"max-snippet:-1","max-image-preview":"max-image-preview:large","max-video-preview":"max-video-preview:-1"},"canonical":"https:\/\/www.cuencasmineras.com\/index.php\/2021\/11\/15\/se-admite-a-demanda-la-reclamacion-patrimonial-de-la-hostelera-por-los-cierres-decretados-por-la-pandemia\/","og_locale":"es_ES","og_type":"article","og_title":"Se admite a DEMANDA la reclamaci\u00f3n patrimonial de la HOSTELERA por los cierres decretados por la PANDEMIA","og_description":"El despacho P\u00e9rez Luengo Abogados de Gij\u00f3n est\u00e1 gestionando la primera reclamaci\u00f3n patrimonial de la hosteler\u00eda contra el Principado de Asturias por los cierres decretados por la pandemia, del Bar La Caleya de Carabanzo (Lena). Actualmente\u00a0 reclaman el cierre de noviembre y diciembre, con el fin de obtener un precedente para reclamar los cierres posteriores [&hellip;]","og_url":"https:\/\/www.cuencasmineras.com\/index.php\/2021\/11\/15\/se-admite-a-demanda-la-reclamacion-patrimonial-de-la-hostelera-por-los-cierres-decretados-por-la-pandemia\/","article_published_time":"2021-11-15T15:01:45+00:00","article_modified_time":"2021-11-15T18:15:20+00:00","og_image":[{"width":768,"height":1024,"url":"https:\/\/www.cuencasmineras.com\/wp-content\/uploads\/2021\/11\/WhatsApp-Image-2021-11-15-at-13.01.54.jpeg","type":"image\/jpeg"}],"author":"admin","twitter_card":"summary_large_image","twitter_misc":{"Escrito por":"admin","Tiempo de lectura":"1 minuto"},"schema":{"@context":"https:\/\/schema.org","@graph":[{"@type":"Article","@id":"https:\/\/www.cuencasmineras.com\/index.php\/2021\/11\/15\/se-admite-a-demanda-la-reclamacion-patrimonial-de-la-hostelera-por-los-cierres-decretados-por-la-pandemia\/#article","isPartOf":{"@id":"https:\/\/www.cuencasmineras.com\/index.php\/2021\/11\/15\/se-admite-a-demanda-la-reclamacion-patrimonial-de-la-hostelera-por-los-cierres-decretados-por-la-pandemia\/"},"author":{"name":"admin","@id":"https:\/\/www.cuencasmineras.com\/#\/schema\/person\/be0691310e8496ec555f679dd688420c"},"headline":"Se admite a DEMANDA la reclamaci\u00f3n patrimonial de la HOSTELERA por los cierres decretados por la PANDEMIA","datePublished":"2021-11-15T15:01:45+00:00","dateModified":"2021-11-15T18:15:20+00:00","mainEntityOfPage":{"@id":"https:\/\/www.cuencasmineras.com\/index.php\/2021\/11\/15\/se-admite-a-demanda-la-reclamacion-patrimonial-de-la-hostelera-por-los-cierres-decretados-por-la-pandemia\/"},"wordCount":194,"commentCount":0,"image":{"@id":"https:\/\/www.cuencasmineras.com\/index.php\/2021\/11\/15\/se-admite-a-demanda-la-reclamacion-patrimonial-de-la-hostelera-por-los-cierres-decretados-por-la-pandemia\/#primaryimage"},"thumbnailUrl":"https:\/\/www.cuencasmineras.com\/wp-content\/uploads\/2021\/11\/WhatsApp-Image-2021-11-15-at-13.01.54.jpeg","keywords":["CIERRES PERIMETRALES","HOSTELERA LENENSE","VICTOR FERREIRA"],"articleSection":["Caudal","CM NEWS"],"inLanguage":"es","potentialAction":[{"@type":"CommentAction","name":"Comment","target":["https:\/\/www.cuencasmineras.com\/index.php\/2021\/11\/15\/se-admite-a-demanda-la-reclamacion-patrimonial-de-la-hostelera-por-los-cierres-decretados-por-la-pandemia\/#respond"]}]},{"@type":"WebPage","@id":"https:\/\/www.cuencasmineras.com\/index.php\/2021\/11\/15\/se-admite-a-demanda-la-reclamacion-patrimonial-de-la-hostelera-por-los-cierres-decretados-por-la-pandemia\/","url":"https:\/\/www.cuencasmineras.com\/index.php\/2021\/11\/15\/se-admite-a-demanda-la-reclamacion-patrimonial-de-la-hostelera-por-los-cierres-decretados-por-la-pandemia\/","name":"Se admite a DEMANDA la reclamaci\u00f3n patrimonial de la HOSTELERA por los cierres decretados por la PANDEMIA","isPartOf":{"@id":"https:\/\/www.cuencasmineras.com\/#website"},"primaryImageOfPage":{"@id":"https:\/\/www.cuencasmineras.com\/index.php\/2021\/11\/15\/se-admite-a-demanda-la-reclamacion-patrimonial-de-la-hostelera-por-los-cierres-decretados-por-la-pandemia\/#primaryimage"},"image":{"@id":"https:\/\/www.cuencasmineras.com\/index.php\/2021\/11\/15\/se-admite-a-demanda-la-reclamacion-patrimonial-de-la-hostelera-por-los-cierres-decretados-por-la-pandemia\/#primaryimage"},"thumbnailUrl":"https:\/\/www.cuencasmineras.com\/wp-content\/uploads\/2021\/11\/WhatsApp-Image-2021-11-15-at-13.01.54.jpeg","datePublished":"2021-11-15T15:01:45+00:00","dateModified":"2021-11-15T18:15:20+00:00","author":{"@id":"https:\/\/www.cuencasmineras.com\/#\/schema\/person\/be0691310e8496ec555f679dd688420c"},"breadcrumb":{"@id":"https:\/\/www.cuencasmineras.com\/index.php\/2021\/11\/15\/se-admite-a-demanda-la-reclamacion-patrimonial-de-la-hostelera-por-los-cierres-decretados-por-la-pandemia\/#breadcrumb"},"inLanguage":"es","potentialAction":[{"@type":"ReadAction","target":["https:\/\/www.cuencasmineras.com\/index.php\/2021\/11\/15\/se-admite-a-demanda-la-reclamacion-patrimonial-de-la-hostelera-por-los-cierres-decretados-por-la-pandemia\/"]}]},{"@type":"ImageObject","inLanguage":"es","@id":"https:\/\/www.cuencasmineras.com\/index.php\/2021\/11\/15\/se-admite-a-demanda-la-reclamacion-patrimonial-de-la-hostelera-por-los-cierres-decretados-por-la-pandemia\/#primaryimage","url":"https:\/\/www.cuencasmineras.com\/wp-content\/uploads\/2021\/11\/WhatsApp-Image-2021-11-15-at-13.01.54.jpeg","contentUrl":"https:\/\/www.cuencasmineras.com\/wp-content\/uploads\/2021\/11\/WhatsApp-Image-2021-11-15-at-13.01.54.jpeg","width":768,"height":1024},{"@type":"BreadcrumbList","@id":"https:\/\/www.cuencasmineras.com\/index.php\/2021\/11\/15\/se-admite-a-demanda-la-reclamacion-patrimonial-de-la-hostelera-por-los-cierres-decretados-por-la-pandemia\/#breadcrumb","itemListElement":[{"@type":"ListItem","position":1,"name":"Portada","item":"https:\/\/www.cuencasmineras.com\/"},{"@type":"ListItem","position":2,"name":"Se admite a DEMANDA la reclamaci\u00f3n patrimonial de la HOSTELERA por los cierres decretados por la PANDEMIA"}]},{"@type":"WebSite","@id":"https:\/\/www.cuencasmineras.com\/#website","url":"https:\/\/www.cuencasmineras.com\/","name":"","description":"","potentialAction":[{"@type":"SearchAction","target":{"@type":"EntryPoint","urlTemplate":"https:\/\/www.cuencasmineras.com\/?s={search_term_string}"},"query-input":{"@type":"PropertyValueSpecification","valueRequired":true,"valueName":"search_term_string"}}],"inLanguage":"es"},{"@type":"Person","@id":"https:\/\/www.cuencasmineras.com\/#\/schema\/person\/be0691310e8496ec555f679dd688420c","name":"admin","image":{"@type":"ImageObject","inLanguage":"es","@id":"https:\/\/secure.gravatar.com\/avatar\/4afd2eed3b2fbbf36dd6707b5bd8a5b50ac648f033e36fbf85aeace2f0f859db?s=96&d=mm&r=g","url":"https:\/\/secure.gravatar.com\/avatar\/4afd2eed3b2fbbf36dd6707b5bd8a5b50ac648f033e36fbf85aeace2f0f859db?s=96&d=mm&r=g","contentUrl":"https:\/\/secure.gravatar.com\/avatar\/4afd2eed3b2fbbf36dd6707b5bd8a5b50ac648f033e36fbf85aeace2f0f859db?s=96&d=mm&r=g","caption":"admin"},"sameAs":["https:\/\/www.cuencasmineras.com"],"url":"https:\/\/www.cuencasmineras.com\/index.php\/author\/admin\/"}]}},"_links":{"self":[{"href":"https:\/\/www.cuencasmineras.com\/index.php\/wp-json\/wp\/v2\/posts\/3786","targetHints":{"allow":["GET"]}}],"collection":[{"href":"https:\/\/www.cuencasmineras.com\/index.php\/wp-json\/wp\/v2\/posts"}],"about":[{"href":"https:\/\/www.cuencasmineras.com\/index.php\/wp-json\/wp\/v2\/types\/post"}],"author":[{"embeddable":true,"href":"https:\/\/www.cuencasmineras.com\/index.php\/wp-json\/wp\/v2\/users\/1"}],"replies":[{"embeddable":true,"href":"https:\/\/www.cuencasmineras.com\/index.php\/wp-json\/wp\/v2\/comments?post=3786"}],"version-history":[{"count":3,"href":"https:\/\/www.cuencasmineras.com\/index.php\/wp-json\/wp\/v2\/posts\/3786\/revisions"}],"predecessor-version":[{"id":3793,"href":"https:\/\/www.cuencasmineras.com\/index.php\/wp-json\/wp\/v2\/posts\/3786\/revisions\/3793"}],"wp:featuredmedia":[{"embeddable":true,"href":"https:\/\/www.cuencasmineras.com\/index.php\/wp-json\/wp\/v2\/media\/3789"}],"wp:attachment":[{"href":"https:\/\/www.cuencasmineras.com\/index.php\/wp-json\/wp\/v2\/media?parent=3786"}],"wp:term":[{"taxonomy":"category","embeddable":true,"href":"https:\/\/www.cuencasmineras.com\/index.php\/wp-json\/wp\/v2\/categories?post=3786"},{"taxonomy":"post_tag","embeddable":true,"href":"https:\/\/www.cuencasmineras.com\/index.php\/wp-json\/wp\/v2\/tags?post=3786"}],"curies":[{"name":"wp","href":"https:\/\/api.w.org\/{rel}","templated":true}]}}