{"id":3800,"date":"2021-11-16T19:06:24","date_gmt":"2021-11-16T19:06:24","guid":{"rendered":"https:\/\/www.cuencasmineras.com\/?p=3800"},"modified":"2021-11-16T19:06:24","modified_gmt":"2021-11-16T19:06:24","slug":"langreo-capital-del-emprendimiento","status":"publish","type":"post","link":"https:\/\/www.cuencasmineras.com\/index.php\/2021\/11\/16\/langreo-capital-del-emprendimiento\/","title":{"rendered":"Langreo, capital del emprendimiento"},"content":{"rendered":"<p style=\"text-align: justify;\">Poco a poco, Langreo apunta maneras para convertirse en la cuna del emprendimiento dentro del Principado. Y es que al trabajo desempe\u00f1ado por la Ciudad Tecnol\u00f3gica de Valnalon, se sumar\u00e1 pr\u00f3ximamente el Centro de Orientaci\u00f3n, Emprendimiento e Innovaci\u00f3n para el Empleo (COE), que desarrollar\u00e1 el Servicio P\u00fablico de Empleo del Principado. Y pensando en los m\u00e1s peque\u00f1os, el germen del emprendimiento, hace un mes que se abri\u00f3 en Langreo el centro \u201cArkuos\u201d Espacio de Acci\u00f3n Social Educativa, una suerte de laboratorio para alimentar vocaciones entre los j\u00f3venes que encabeza la Fundaci\u00f3n Cruz de los \u00c1ngeles.<\/p>\n<p><img loading=\"lazy\" decoding=\"async\" class=\"aligncenter size-large wp-image-3801\" src=\"https:\/\/www.cuencasmineras.com\/wp-content\/uploads\/2021\/11\/76cc6f8a-1867-4518-a80b-07b0d68a455e_21-9-aspect-ratio_default_0-1024x438.jpg\" alt=\"\" width=\"640\" height=\"274\" srcset=\"https:\/\/www.cuencasmineras.com\/wp-content\/uploads\/2021\/11\/76cc6f8a-1867-4518-a80b-07b0d68a455e_21-9-aspect-ratio_default_0-1024x438.jpg 1024w, https:\/\/www.cuencasmineras.com\/wp-content\/uploads\/2021\/11\/76cc6f8a-1867-4518-a80b-07b0d68a455e_21-9-aspect-ratio_default_0-300x128.jpg 300w, https:\/\/www.cuencasmineras.com\/wp-content\/uploads\/2021\/11\/76cc6f8a-1867-4518-a80b-07b0d68a455e_21-9-aspect-ratio_default_0-768x329.jpg 768w, https:\/\/www.cuencasmineras.com\/wp-content\/uploads\/2021\/11\/76cc6f8a-1867-4518-a80b-07b0d68a455e_21-9-aspect-ratio_default_0.jpg 1280w\" sizes=\"auto, (max-width: 640px) 100vw, 640px\" \/><\/p>\n<p style=\"text-align: justify;\">Tres centros que, aunque cada uno tiene su idiosincrasia, s\u00ed pueden surgir sinergias y colaboraciones. As\u00ed lo se\u00f1ala la gerente de Valnal\u00f3n, Marta P\u00e9rez, quien asegura que la relaci\u00f3n con el COE, vinculada con el emprendimiento, \u201ces clara, porque una de las cosas que debe priorizarse en todas las pol\u00edticas es aprovechar lo que tenemos en lugar de duplicar\u201d. \u201cHay una clara coordinaci\u00f3n desde el Servicio de Empleo, pero creo que las dem\u00e1s instituciones tambi\u00e9n podemos aportar mucho a este nuevo proceso\u201d.<\/p>\n<p style=\"text-align: justify;\">Adem\u00e1s, P\u00e9rez da cuenta de que, en el pasado, ya se hizo alguna actividad similar a lo que pretende ser el COE. \u201cEn el pasado hicimos talleres con los t\u00e9cnicos de orientaci\u00f3n del Servicio P\u00fablico de Empleo, porque muchas de las personas que quieren emprender pasan antes por all\u00ed, pero acaban dirigi\u00e9ndolos a nosotros\u201d. \u201cAdem\u00e1s siempre tuvimos una buena relaci\u00f3n\u201d. Esto tambi\u00e9n fue confirmado por la propia gerente del Servicio P\u00fablico de Empleo del Principado, Pilar Varela, quien apunt\u00f3 que, aunque el centro de nueva creaci\u00f3n tiene diversos objetivos adem\u00e1s del emprendimiento, como es la orientaci\u00f3n, la prospecci\u00f3n o el acompa\u00f1amiento, \u201cclaro que buscaremos la colaboraci\u00f3n de Valnal\u00f3n en el emprendimiento, de hecho tenemos que articular esta colaboraci\u00f3n\u201d.<\/p>\n<p style=\"text-align: justify;\">Y es que las cifras hablan por s\u00ed solas. La Ciudad Tecnol\u00f3gica de Valnal\u00f3n es todo un referente en el emprendimiento. Gracias a su trabajo se han creado 856 empresas desde su puesta en marcha en 1992, teniendo como \u00faltimo a\u00f1o de referencia 2019. No es de extra\u00f1ar que tambi\u00e9n tenga inter\u00e9s la colaboraci\u00f3n con el centro Arkuos, del que P\u00e9rez considera que \u201cda una salida al ocio, a la exploraci\u00f3n, a la inquietud de los m\u00e1s j\u00f3venes, ayud\u00e1ndoles a desarrollar su creatividad\u201d. As\u00ed que \u201ctodo lo que sea sumar, pues bienvenido sea\u201d. El centro Arkuos, inaugurado el pasado mes de octubre, es un espacio dirigido a los j\u00f3venes de entre 7 y 22 a\u00f1os donde se organizan actividades intergeneracionales. Entre sus objetivos se encuentran motivar la creatividad y el esp\u00edritu innovador.<\/p>\n","protected":false},"excerpt":{"rendered":"<p>Poco a poco, Langreo apunta maneras para convertirse en la cuna del emprendimiento dentro del Principado. Y es que al trabajo desempe\u00f1ado por la Ciudad Tecnol\u00f3gica de Valnalon, se sumar\u00e1 pr\u00f3ximamente el Centro de Orientaci\u00f3n, Emprendimiento e Innovaci\u00f3n para el Empleo (COE), que desarrollar\u00e1 el Servicio P\u00fablico de Empleo del Principado. Y pensando en los [&hellip;]<\/p>\n","protected":false},"author":1,"featured_media":3801,"comment_status":"open","ping_status":"open","sticky":false,"template":"","format":"standard","meta":{"footnotes":""},"categories":[6,8],"tags":[],"class_list":["post-3800","post","type-post","status-publish","format-standard","has-post-thumbnail","hentry","category-noticias","category-nalon"],"yoast_head":"<!-- This site is optimized with the Yoast SEO plugin v27.4 - https:\/\/yoast.com\/product\/yoast-seo-wordpress\/ -->\n<title>Langreo, capital del emprendimiento - cm news<\/title>\n<meta name=\"description\" content=\"La puesta en marcha del centro regional de empleo y el proyecto Arkuos reforzar\u00e1n el trabajo de la ciudad tecnol\u00f3gica de Valnal\u00f3n.\" \/>\n<meta name=\"robots\" content=\"index, follow, max-snippet:-1, max-image-preview:large, max-video-preview:-1\" \/>\n<link rel=\"canonical\" href=\"https:\/\/www.cuencasmineras.com\/index.php\/2021\/11\/16\/langreo-capital-del-emprendimiento\/\" \/>\n<meta property=\"og:locale\" content=\"es_ES\" \/>\n<meta property=\"og:type\" content=\"article\" \/>\n<meta property=\"og:title\" content=\"Langreo, capital del emprendimiento - cm news\" \/>\n<meta property=\"og:description\" content=\"La puesta en marcha del centro regional de empleo y el proyecto Arkuos reforzar\u00e1n el trabajo de la ciudad tecnol\u00f3gica de Valnal\u00f3n.\" \/>\n<meta property=\"og:url\" content=\"https:\/\/www.cuencasmineras.com\/index.php\/2021\/11\/16\/langreo-capital-del-emprendimiento\/\" \/>\n<meta property=\"article:published_time\" content=\"2021-11-16T19:06:24+00:00\" \/>\n<meta property=\"og:image\" content=\"https:\/\/www.cuencasmineras.com\/wp-content\/uploads\/2021\/11\/76cc6f8a-1867-4518-a80b-07b0d68a455e_21-9-aspect-ratio_default_0.jpg\" \/>\n\t<meta property=\"og:image:width\" content=\"1280\" \/>\n\t<meta property=\"og:image:height\" content=\"548\" \/>\n\t<meta property=\"og:image:type\" content=\"image\/jpeg\" \/>\n<meta name=\"author\" content=\"admin\" \/>\n<meta name=\"twitter:card\" content=\"summary_large_image\" \/>\n<meta name=\"twitter:label1\" content=\"Escrito por\" \/>\n\t<meta name=\"twitter:data1\" content=\"admin\" \/>\n\t<meta name=\"twitter:label2\" content=\"Tiempo de lectura\" \/>\n\t<meta name=\"twitter:data2\" content=\"2 minutos\" \/>\n<script type=\"application\/ld+json\" class=\"yoast-schema-graph\">{\"@context\":\"https:\\\/\\\/schema.org\",\"@graph\":[{\"@type\":\"Article\",\"@id\":\"https:\\\/\\\/www.cuencasmineras.com\\\/index.php\\\/2021\\\/11\\\/16\\\/langreo-capital-del-emprendimiento\\\/#article\",\"isPartOf\":{\"@id\":\"https:\\\/\\\/www.cuencasmineras.com\\\/index.php\\\/2021\\\/11\\\/16\\\/langreo-capital-del-emprendimiento\\\/\"},\"author\":{\"name\":\"admin\",\"@id\":\"https:\\\/\\\/www.cuencasmineras.com\\\/#\\\/schema\\\/person\\\/be0691310e8496ec555f679dd688420c\"},\"headline\":\"Langreo, capital del emprendimiento\",\"datePublished\":\"2021-11-16T19:06:24+00:00\",\"mainEntityOfPage\":{\"@id\":\"https:\\\/\\\/www.cuencasmineras.com\\\/index.php\\\/2021\\\/11\\\/16\\\/langreo-capital-del-emprendimiento\\\/\"},\"wordCount\":478,\"commentCount\":0,\"image\":{\"@id\":\"https:\\\/\\\/www.cuencasmineras.com\\\/index.php\\\/2021\\\/11\\\/16\\\/langreo-capital-del-emprendimiento\\\/#primaryimage\"},\"thumbnailUrl\":\"https:\\\/\\\/www.cuencasmineras.com\\\/wp-content\\\/uploads\\\/2021\\\/11\\\/76cc6f8a-1867-4518-a80b-07b0d68a455e_21-9-aspect-ratio_default_0.jpg\",\"articleSection\":[\"CM NEWS\",\"Nal\u00f3n\"],\"inLanguage\":\"es\",\"potentialAction\":[{\"@type\":\"CommentAction\",\"name\":\"Comment\",\"target\":[\"https:\\\/\\\/www.cuencasmineras.com\\\/index.php\\\/2021\\\/11\\\/16\\\/langreo-capital-del-emprendimiento\\\/#respond\"]}]},{\"@type\":\"WebPage\",\"@id\":\"https:\\\/\\\/www.cuencasmineras.com\\\/index.php\\\/2021\\\/11\\\/16\\\/langreo-capital-del-emprendimiento\\\/\",\"url\":\"https:\\\/\\\/www.cuencasmineras.com\\\/index.php\\\/2021\\\/11\\\/16\\\/langreo-capital-del-emprendimiento\\\/\",\"name\":\"Langreo, capital del emprendimiento - cm news\",\"isPartOf\":{\"@id\":\"https:\\\/\\\/www.cuencasmineras.com\\\/#website\"},\"primaryImageOfPage\":{\"@id\":\"https:\\\/\\\/www.cuencasmineras.com\\\/index.php\\\/2021\\\/11\\\/16\\\/langreo-capital-del-emprendimiento\\\/#primaryimage\"},\"image\":{\"@id\":\"https:\\\/\\\/www.cuencasmineras.com\\\/index.php\\\/2021\\\/11\\\/16\\\/langreo-capital-del-emprendimiento\\\/#primaryimage\"},\"thumbnailUrl\":\"https:\\\/\\\/www.cuencasmineras.com\\\/wp-content\\\/uploads\\\/2021\\\/11\\\/76cc6f8a-1867-4518-a80b-07b0d68a455e_21-9-aspect-ratio_default_0.jpg\",\"datePublished\":\"2021-11-16T19:06:24+00:00\",\"author\":{\"@id\":\"https:\\\/\\\/www.cuencasmineras.com\\\/#\\\/schema\\\/person\\\/be0691310e8496ec555f679dd688420c\"},\"description\":\"La puesta en marcha del centro regional de empleo y el proyecto Arkuos reforzar\u00e1n el trabajo de la ciudad tecnol\u00f3gica de Valnal\u00f3n.\",\"breadcrumb\":{\"@id\":\"https:\\\/\\\/www.cuencasmineras.com\\\/index.php\\\/2021\\\/11\\\/16\\\/langreo-capital-del-emprendimiento\\\/#breadcrumb\"},\"inLanguage\":\"es\",\"potentialAction\":[{\"@type\":\"ReadAction\",\"target\":[\"https:\\\/\\\/www.cuencasmineras.com\\\/index.php\\\/2021\\\/11\\\/16\\\/langreo-capital-del-emprendimiento\\\/\"]}]},{\"@type\":\"ImageObject\",\"inLanguage\":\"es\",\"@id\":\"https:\\\/\\\/www.cuencasmineras.com\\\/index.php\\\/2021\\\/11\\\/16\\\/langreo-capital-del-emprendimiento\\\/#primaryimage\",\"url\":\"https:\\\/\\\/www.cuencasmineras.com\\\/wp-content\\\/uploads\\\/2021\\\/11\\\/76cc6f8a-1867-4518-a80b-07b0d68a455e_21-9-aspect-ratio_default_0.jpg\",\"contentUrl\":\"https:\\\/\\\/www.cuencasmineras.com\\\/wp-content\\\/uploads\\\/2021\\\/11\\\/76cc6f8a-1867-4518-a80b-07b0d68a455e_21-9-aspect-ratio_default_0.jpg\",\"width\":1280,\"height\":548},{\"@type\":\"BreadcrumbList\",\"@id\":\"https:\\\/\\\/www.cuencasmineras.com\\\/index.php\\\/2021\\\/11\\\/16\\\/langreo-capital-del-emprendimiento\\\/#breadcrumb\",\"itemListElement\":[{\"@type\":\"ListItem\",\"position\":1,\"name\":\"Portada\",\"item\":\"https:\\\/\\\/www.cuencasmineras.com\\\/\"},{\"@type\":\"ListItem\",\"position\":2,\"name\":\"Langreo, capital del emprendimiento\"}]},{\"@type\":\"WebSite\",\"@id\":\"https:\\\/\\\/www.cuencasmineras.com\\\/#website\",\"url\":\"https:\\\/\\\/www.cuencasmineras.com\\\/\",\"name\":\"\",\"description\":\"\",\"potentialAction\":[{\"@type\":\"SearchAction\",\"target\":{\"@type\":\"EntryPoint\",\"urlTemplate\":\"https:\\\/\\\/www.cuencasmineras.com\\\/?s={search_term_string}\"},\"query-input\":{\"@type\":\"PropertyValueSpecification\",\"valueRequired\":true,\"valueName\":\"search_term_string\"}}],\"inLanguage\":\"es\"},{\"@type\":\"Person\",\"@id\":\"https:\\\/\\\/www.cuencasmineras.com\\\/#\\\/schema\\\/person\\\/be0691310e8496ec555f679dd688420c\",\"name\":\"admin\",\"image\":{\"@type\":\"ImageObject\",\"inLanguage\":\"es\",\"@id\":\"https:\\\/\\\/secure.gravatar.com\\\/avatar\\\/4afd2eed3b2fbbf36dd6707b5bd8a5b50ac648f033e36fbf85aeace2f0f859db?s=96&d=mm&r=g\",\"url\":\"https:\\\/\\\/secure.gravatar.com\\\/avatar\\\/4afd2eed3b2fbbf36dd6707b5bd8a5b50ac648f033e36fbf85aeace2f0f859db?s=96&d=mm&r=g\",\"contentUrl\":\"https:\\\/\\\/secure.gravatar.com\\\/avatar\\\/4afd2eed3b2fbbf36dd6707b5bd8a5b50ac648f033e36fbf85aeace2f0f859db?s=96&d=mm&r=g\",\"caption\":\"admin\"},\"sameAs\":[\"https:\\\/\\\/www.cuencasmineras.com\"],\"url\":\"https:\\\/\\\/www.cuencasmineras.com\\\/index.php\\\/author\\\/admin\\\/\"}]}<\/script>\n<!-- \/ Yoast SEO plugin. -->","yoast_head_json":{"title":"Langreo, capital del emprendimiento - cm news","description":"La puesta en marcha del centro regional de empleo y el proyecto Arkuos reforzar\u00e1n el trabajo de la ciudad tecnol\u00f3gica de Valnal\u00f3n.","robots":{"index":"index","follow":"follow","max-snippet":"max-snippet:-1","max-image-preview":"max-image-preview:large","max-video-preview":"max-video-preview:-1"},"canonical":"https:\/\/www.cuencasmineras.com\/index.php\/2021\/11\/16\/langreo-capital-del-emprendimiento\/","og_locale":"es_ES","og_type":"article","og_title":"Langreo, capital del emprendimiento - cm news","og_description":"La puesta en marcha del centro regional de empleo y el proyecto Arkuos reforzar\u00e1n el trabajo de la ciudad tecnol\u00f3gica de Valnal\u00f3n.","og_url":"https:\/\/www.cuencasmineras.com\/index.php\/2021\/11\/16\/langreo-capital-del-emprendimiento\/","article_published_time":"2021-11-16T19:06:24+00:00","og_image":[{"width":1280,"height":548,"url":"https:\/\/www.cuencasmineras.com\/wp-content\/uploads\/2021\/11\/76cc6f8a-1867-4518-a80b-07b0d68a455e_21-9-aspect-ratio_default_0.jpg","type":"image\/jpeg"}],"author":"admin","twitter_card":"summary_large_image","twitter_misc":{"Escrito por":"admin","Tiempo de lectura":"2 minutos"},"schema":{"@context":"https:\/\/schema.org","@graph":[{"@type":"Article","@id":"https:\/\/www.cuencasmineras.com\/index.php\/2021\/11\/16\/langreo-capital-del-emprendimiento\/#article","isPartOf":{"@id":"https:\/\/www.cuencasmineras.com\/index.php\/2021\/11\/16\/langreo-capital-del-emprendimiento\/"},"author":{"name":"admin","@id":"https:\/\/www.cuencasmineras.com\/#\/schema\/person\/be0691310e8496ec555f679dd688420c"},"headline":"Langreo, capital del emprendimiento","datePublished":"2021-11-16T19:06:24+00:00","mainEntityOfPage":{"@id":"https:\/\/www.cuencasmineras.com\/index.php\/2021\/11\/16\/langreo-capital-del-emprendimiento\/"},"wordCount":478,"commentCount":0,"image":{"@id":"https:\/\/www.cuencasmineras.com\/index.php\/2021\/11\/16\/langreo-capital-del-emprendimiento\/#primaryimage"},"thumbnailUrl":"https:\/\/www.cuencasmineras.com\/wp-content\/uploads\/2021\/11\/76cc6f8a-1867-4518-a80b-07b0d68a455e_21-9-aspect-ratio_default_0.jpg","articleSection":["CM NEWS","Nal\u00f3n"],"inLanguage":"es","potentialAction":[{"@type":"CommentAction","name":"Comment","target":["https:\/\/www.cuencasmineras.com\/index.php\/2021\/11\/16\/langreo-capital-del-emprendimiento\/#respond"]}]},{"@type":"WebPage","@id":"https:\/\/www.cuencasmineras.com\/index.php\/2021\/11\/16\/langreo-capital-del-emprendimiento\/","url":"https:\/\/www.cuencasmineras.com\/index.php\/2021\/11\/16\/langreo-capital-del-emprendimiento\/","name":"Langreo, capital del emprendimiento - cm news","isPartOf":{"@id":"https:\/\/www.cuencasmineras.com\/#website"},"primaryImageOfPage":{"@id":"https:\/\/www.cuencasmineras.com\/index.php\/2021\/11\/16\/langreo-capital-del-emprendimiento\/#primaryimage"},"image":{"@id":"https:\/\/www.cuencasmineras.com\/index.php\/2021\/11\/16\/langreo-capital-del-emprendimiento\/#primaryimage"},"thumbnailUrl":"https:\/\/www.cuencasmineras.com\/wp-content\/uploads\/2021\/11\/76cc6f8a-1867-4518-a80b-07b0d68a455e_21-9-aspect-ratio_default_0.jpg","datePublished":"2021-11-16T19:06:24+00:00","author":{"@id":"https:\/\/www.cuencasmineras.com\/#\/schema\/person\/be0691310e8496ec555f679dd688420c"},"description":"La puesta en marcha del centro regional de empleo y el proyecto Arkuos reforzar\u00e1n el trabajo de la ciudad tecnol\u00f3gica de Valnal\u00f3n.","breadcrumb":{"@id":"https:\/\/www.cuencasmineras.com\/index.php\/2021\/11\/16\/langreo-capital-del-emprendimiento\/#breadcrumb"},"inLanguage":"es","potentialAction":[{"@type":"ReadAction","target":["https:\/\/www.cuencasmineras.com\/index.php\/2021\/11\/16\/langreo-capital-del-emprendimiento\/"]}]},{"@type":"ImageObject","inLanguage":"es","@id":"https:\/\/www.cuencasmineras.com\/index.php\/2021\/11\/16\/langreo-capital-del-emprendimiento\/#primaryimage","url":"https:\/\/www.cuencasmineras.com\/wp-content\/uploads\/2021\/11\/76cc6f8a-1867-4518-a80b-07b0d68a455e_21-9-aspect-ratio_default_0.jpg","contentUrl":"https:\/\/www.cuencasmineras.com\/wp-content\/uploads\/2021\/11\/76cc6f8a-1867-4518-a80b-07b0d68a455e_21-9-aspect-ratio_default_0.jpg","width":1280,"height":548},{"@type":"BreadcrumbList","@id":"https:\/\/www.cuencasmineras.com\/index.php\/2021\/11\/16\/langreo-capital-del-emprendimiento\/#breadcrumb","itemListElement":[{"@type":"ListItem","position":1,"name":"Portada","item":"https:\/\/www.cuencasmineras.com\/"},{"@type":"ListItem","position":2,"name":"Langreo, capital del emprendimiento"}]},{"@type":"WebSite","@id":"https:\/\/www.cuencasmineras.com\/#website","url":"https:\/\/www.cuencasmineras.com\/","name":"","description":"","potentialAction":[{"@type":"SearchAction","target":{"@type":"EntryPoint","urlTemplate":"https:\/\/www.cuencasmineras.com\/?s={search_term_string}"},"query-input":{"@type":"PropertyValueSpecification","valueRequired":true,"valueName":"search_term_string"}}],"inLanguage":"es"},{"@type":"Person","@id":"https:\/\/www.cuencasmineras.com\/#\/schema\/person\/be0691310e8496ec555f679dd688420c","name":"admin","image":{"@type":"ImageObject","inLanguage":"es","@id":"https:\/\/secure.gravatar.com\/avatar\/4afd2eed3b2fbbf36dd6707b5bd8a5b50ac648f033e36fbf85aeace2f0f859db?s=96&d=mm&r=g","url":"https:\/\/secure.gravatar.com\/avatar\/4afd2eed3b2fbbf36dd6707b5bd8a5b50ac648f033e36fbf85aeace2f0f859db?s=96&d=mm&r=g","contentUrl":"https:\/\/secure.gravatar.com\/avatar\/4afd2eed3b2fbbf36dd6707b5bd8a5b50ac648f033e36fbf85aeace2f0f859db?s=96&d=mm&r=g","caption":"admin"},"sameAs":["https:\/\/www.cuencasmineras.com"],"url":"https:\/\/www.cuencasmineras.com\/index.php\/author\/admin\/"}]}},"_links":{"self":[{"href":"https:\/\/www.cuencasmineras.com\/index.php\/wp-json\/wp\/v2\/posts\/3800","targetHints":{"allow":["GET"]}}],"collection":[{"href":"https:\/\/www.cuencasmineras.com\/index.php\/wp-json\/wp\/v2\/posts"}],"about":[{"href":"https:\/\/www.cuencasmineras.com\/index.php\/wp-json\/wp\/v2\/types\/post"}],"author":[{"embeddable":true,"href":"https:\/\/www.cuencasmineras.com\/index.php\/wp-json\/wp\/v2\/users\/1"}],"replies":[{"embeddable":true,"href":"https:\/\/www.cuencasmineras.com\/index.php\/wp-json\/wp\/v2\/comments?post=3800"}],"version-history":[{"count":1,"href":"https:\/\/www.cuencasmineras.com\/index.php\/wp-json\/wp\/v2\/posts\/3800\/revisions"}],"predecessor-version":[{"id":3802,"href":"https:\/\/www.cuencasmineras.com\/index.php\/wp-json\/wp\/v2\/posts\/3800\/revisions\/3802"}],"wp:featuredmedia":[{"embeddable":true,"href":"https:\/\/www.cuencasmineras.com\/index.php\/wp-json\/wp\/v2\/media\/3801"}],"wp:attachment":[{"href":"https:\/\/www.cuencasmineras.com\/index.php\/wp-json\/wp\/v2\/media?parent=3800"}],"wp:term":[{"taxonomy":"category","embeddable":true,"href":"https:\/\/www.cuencasmineras.com\/index.php\/wp-json\/wp\/v2\/categories?post=3800"},{"taxonomy":"post_tag","embeddable":true,"href":"https:\/\/www.cuencasmineras.com\/index.php\/wp-json\/wp\/v2\/tags?post=3800"}],"curies":[{"name":"wp","href":"https:\/\/api.w.org\/{rel}","templated":true}]}}