{"id":3812,"date":"2021-11-17T23:44:07","date_gmt":"2021-11-17T23:44:07","guid":{"rendered":"https:\/\/www.cuencasmineras.com\/?p=3812"},"modified":"2021-11-17T23:44:07","modified_gmt":"2021-11-17T23:44:07","slug":"la-urbanizacion-de-venturo-pendiente-de-un-ultimo-informe-de-infraestructuras","status":"publish","type":"post","link":"https:\/\/www.cuencasmineras.com\/index.php\/2021\/11\/17\/la-urbanizacion-de-venturo-pendiente-de-un-ultimo-informe-de-infraestructuras\/","title":{"rendered":"La urbanizaci\u00f3n de Venturo, pendiente de un \u00faltimo informe de Infraestructuras"},"content":{"rendered":"<p style=\"text-align: justify;\">La urbanizaci\u00f3n de la primera fase del pol\u00edgono empresarial de Venturo ya dispone de las autorizaciones de la Confederaci\u00f3n Hidrogr\u00e1fica del Cant\u00e1brico y de la Consejer\u00eda de Medio Ambiente. El proyecto impulsado por el Ayuntamiento de San Mart\u00edn del Rey Aurelio, que ser\u00e1 financiado con cargo a los fondos mineros del Plan del Carb\u00f3n 2013-2018 con 601.000 euros, est\u00e1 pendiente ahora del informe favorable de la direcci\u00f3n general de Infraestructuras Viarias, indic\u00f3 el ejecutivo municipal. Este visto bueno es el \u00faltimo que necesita antes de que el proyecto de urbanizaci\u00f3n sea aprobado por resoluci\u00f3n de la Alcald\u00eda. Posteriormente, tendr\u00e1 que ser sometido a exposici\u00f3n p\u00fablica durante un mes. Si en ese plazo se presentasen alegaciones el documento tendr\u00eda que ser aprobado de nuevo por el Pleno. Si no fuese as\u00ed ya podr\u00eda ser licitado.<\/p>\n<p><img loading=\"lazy\" decoding=\"async\" class=\"aligncenter size-large wp-image-3813\" src=\"https:\/\/www.cuencasmineras.com\/wp-content\/uploads\/2021\/11\/4ac30a21-a0f1-4a50-aee3-e6cf1f5cf8b6_21-9-aspect-ratio_default_0-1024x438.jpg\" alt=\"\" width=\"640\" height=\"274\" srcset=\"https:\/\/www.cuencasmineras.com\/wp-content\/uploads\/2021\/11\/4ac30a21-a0f1-4a50-aee3-e6cf1f5cf8b6_21-9-aspect-ratio_default_0-1024x438.jpg 1024w, https:\/\/www.cuencasmineras.com\/wp-content\/uploads\/2021\/11\/4ac30a21-a0f1-4a50-aee3-e6cf1f5cf8b6_21-9-aspect-ratio_default_0-300x128.jpg 300w, https:\/\/www.cuencasmineras.com\/wp-content\/uploads\/2021\/11\/4ac30a21-a0f1-4a50-aee3-e6cf1f5cf8b6_21-9-aspect-ratio_default_0-768x329.jpg 768w, https:\/\/www.cuencasmineras.com\/wp-content\/uploads\/2021\/11\/4ac30a21-a0f1-4a50-aee3-e6cf1f5cf8b6_21-9-aspect-ratio_default_0.jpg 1280w\" sizes=\"auto, (max-width: 640px) 100vw, 640px\" \/><\/p>\n<p style=\"text-align: justify;\">El convenio espec\u00edfico de colaboraci\u00f3n entre el Principado y el Ayuntamiento para ejecutar la actuaci\u00f3n fue firmado el pasado mes de julio junto a otras once actuaciones de seis concejos. Tras este acto, el alcalde de San Mart\u00edn del Rey Aurelio, Jos\u00e9 \u00c1ngel \u00c1lvarez \u201cQuir\u00f3s\u201d, asegur\u00f3 que el proyecto ya ten\u00eda garantizada \u201cla financiaci\u00f3n necesaria para la ejecuci\u00f3n de la obra, que se va a licitar en los pr\u00f3ximos meses\u201d. Esta primera fase de las dos previstas para desarrollar el pol\u00edgono empresarial de Venturo se desarrollar\u00e1 en una parcela de propiedad municipal de 22.000 metros cuadrados. Es aproximadamente la mitad de la superficie total del \u00e1rea industrial, que tiene 49.620 metros cuadrados. El coste de la urbanizaci\u00f3n todo el pol\u00edgono asciende a 1.382.314 euros. El proyecto del pol\u00edgono empresarial de Venturo define tres bloques diferenciados de actuaci\u00f3n: la zona colindante a la AS-338, el \u00e1rea pr\u00f3xima al r\u00edo Silvestre y las inmediaciones del Pozo Venturo. En la primera de ellas se acometer\u00e1 esta fase inicial. El \u00e1rea industrial ubicada en San Mart\u00edn del Rey Aurelio tendr\u00e1 un per\u00edmetro irregular. El terreno dispone de dos zonas claramente diferenciadas en cuanto a niveles topogr\u00e1ficos, que est\u00e1n separadas entre s\u00ed por el arroyo Silvestre.<\/p>\n<p style=\"text-align: justify;\">En el documento redactado por el Ayuntamiento de San Mart\u00edn del Rey Aurelio se incluye el cambio de trazado de la senda peatonal pr\u00f3xima y la sustituci\u00f3n de la b\u00f3veda a la salida del tramo soterrado del r\u00edo Silvestre. Adem\u00e1s de la construcci\u00f3n de los viales interiores para el aprovechamiento urban\u00edstico de las parcelas y la instalaci\u00f3n de las infraestructuras de las redes de saneamiento, abastecimiento, electricidad, telefon\u00eda, alumbrado y gas, se acondicionar\u00e1 la intersecci\u00f3n con la carretera AS-388.<\/p>\n<p style=\"text-align: justify;\">En noviembre de 2007 se aprob\u00f3 de forma definitiva el plan parcial que desarrolla el \u00e1mbito. Un a\u00f1o despu\u00e9s se redact\u00f3 el proyecto de urbanizaci\u00f3n, aunque no se lleg\u00f3 a tramitar y ha tenido que ser actualizado meses atr\u00e1s. Una vez se ejecute la primera fase del proyecto de urbanizaci\u00f3n del pol\u00edgono del pozo Venturo quedar\u00edan pendientes los trabajos en dos \u00e1reas. La intenci\u00f3n del Ayuntamiento de San Mart\u00edn es emprenderlas de una sola vez. La previsi\u00f3n inicial del equipo de gobierno municipal era que las obras de urbanizaci\u00f3n del pol\u00edgono empresarial de Venturo se iniciasen a finales de este a\u00f1o o principios del pr\u00f3ximo. La fecha vendr\u00e1 marcada por la autorizaci\u00f3n de la direcci\u00f3n general de Infraestructuras Viarias y los plazos de la tramitaci\u00f3n que resta por realizar en el Consistorio.<\/p>\n","protected":false},"excerpt":{"rendered":"<p>La urbanizaci\u00f3n de la primera fase del pol\u00edgono empresarial de Venturo ya dispone de las autorizaciones de la Confederaci\u00f3n Hidrogr\u00e1fica del Cant\u00e1brico y de la Consejer\u00eda de Medio Ambiente. El proyecto impulsado por el Ayuntamiento de San Mart\u00edn del Rey Aurelio, que ser\u00e1 financiado con cargo a los fondos mineros del Plan del Carb\u00f3n 2013-2018 [&hellip;]<\/p>\n","protected":false},"author":1,"featured_media":3813,"comment_status":"open","ping_status":"open","sticky":false,"template":"","format":"standard","meta":{"footnotes":""},"categories":[6,8],"tags":[],"class_list":["post-3812","post","type-post","status-publish","format-standard","has-post-thumbnail","hentry","category-noticias","category-nalon"],"yoast_head":"<!-- This site is optimized with the Yoast SEO plugin v27.4 - https:\/\/yoast.com\/product\/yoast-seo-wordpress\/ -->\n<title>La urbanizaci\u00f3n de Venturo, pendiente de un \u00faltimo informe de Infraestructuras - cm news<\/title>\n<meta name=\"description\" content=\"La obra ser\u00e1 financiada con 601.000 euros de fondos mineros, ya disponibles desde la autorizaci\u00f3n de la Confederaci\u00f3n y Medio Ambiente.\" \/>\n<meta name=\"robots\" content=\"index, follow, max-snippet:-1, max-image-preview:large, max-video-preview:-1\" \/>\n<link rel=\"canonical\" href=\"https:\/\/www.cuencasmineras.com\/index.php\/2021\/11\/17\/la-urbanizacion-de-venturo-pendiente-de-un-ultimo-informe-de-infraestructuras\/\" \/>\n<meta property=\"og:locale\" content=\"es_ES\" \/>\n<meta property=\"og:type\" content=\"article\" \/>\n<meta property=\"og:title\" content=\"La urbanizaci\u00f3n de Venturo, pendiente de un \u00faltimo informe de Infraestructuras - cm news\" \/>\n<meta property=\"og:description\" content=\"La obra ser\u00e1 financiada con 601.000 euros de fondos mineros, ya disponibles desde la autorizaci\u00f3n de la Confederaci\u00f3n y Medio Ambiente.\" \/>\n<meta property=\"og:url\" content=\"https:\/\/www.cuencasmineras.com\/index.php\/2021\/11\/17\/la-urbanizacion-de-venturo-pendiente-de-un-ultimo-informe-de-infraestructuras\/\" \/>\n<meta property=\"article:published_time\" content=\"2021-11-17T23:44:07+00:00\" \/>\n<meta property=\"og:image\" content=\"https:\/\/www.cuencasmineras.com\/wp-content\/uploads\/2021\/11\/4ac30a21-a0f1-4a50-aee3-e6cf1f5cf8b6_21-9-aspect-ratio_default_0.jpg\" \/>\n\t<meta property=\"og:image:width\" content=\"1280\" \/>\n\t<meta property=\"og:image:height\" content=\"548\" \/>\n\t<meta property=\"og:image:type\" content=\"image\/jpeg\" \/>\n<meta name=\"author\" content=\"admin\" \/>\n<meta name=\"twitter:card\" content=\"summary_large_image\" \/>\n<meta name=\"twitter:label1\" content=\"Escrito por\" \/>\n\t<meta name=\"twitter:data1\" content=\"admin\" \/>\n\t<meta name=\"twitter:label2\" content=\"Tiempo de lectura\" \/>\n\t<meta name=\"twitter:data2\" content=\"3 minutos\" \/>\n<script type=\"application\/ld+json\" class=\"yoast-schema-graph\">{\"@context\":\"https:\\\/\\\/schema.org\",\"@graph\":[{\"@type\":\"Article\",\"@id\":\"https:\\\/\\\/www.cuencasmineras.com\\\/index.php\\\/2021\\\/11\\\/17\\\/la-urbanizacion-de-venturo-pendiente-de-un-ultimo-informe-de-infraestructuras\\\/#article\",\"isPartOf\":{\"@id\":\"https:\\\/\\\/www.cuencasmineras.com\\\/index.php\\\/2021\\\/11\\\/17\\\/la-urbanizacion-de-venturo-pendiente-de-un-ultimo-informe-de-infraestructuras\\\/\"},\"author\":{\"name\":\"admin\",\"@id\":\"https:\\\/\\\/www.cuencasmineras.com\\\/#\\\/schema\\\/person\\\/be0691310e8496ec555f679dd688420c\"},\"headline\":\"La urbanizaci\u00f3n de Venturo, pendiente de un \u00faltimo informe de Infraestructuras\",\"datePublished\":\"2021-11-17T23:44:07+00:00\",\"mainEntityOfPage\":{\"@id\":\"https:\\\/\\\/www.cuencasmineras.com\\\/index.php\\\/2021\\\/11\\\/17\\\/la-urbanizacion-de-venturo-pendiente-de-un-ultimo-informe-de-infraestructuras\\\/\"},\"wordCount\":617,\"commentCount\":0,\"image\":{\"@id\":\"https:\\\/\\\/www.cuencasmineras.com\\\/index.php\\\/2021\\\/11\\\/17\\\/la-urbanizacion-de-venturo-pendiente-de-un-ultimo-informe-de-infraestructuras\\\/#primaryimage\"},\"thumbnailUrl\":\"https:\\\/\\\/www.cuencasmineras.com\\\/wp-content\\\/uploads\\\/2021\\\/11\\\/4ac30a21-a0f1-4a50-aee3-e6cf1f5cf8b6_21-9-aspect-ratio_default_0.jpg\",\"articleSection\":[\"CM NEWS\",\"Nal\u00f3n\"],\"inLanguage\":\"es\",\"potentialAction\":[{\"@type\":\"CommentAction\",\"name\":\"Comment\",\"target\":[\"https:\\\/\\\/www.cuencasmineras.com\\\/index.php\\\/2021\\\/11\\\/17\\\/la-urbanizacion-de-venturo-pendiente-de-un-ultimo-informe-de-infraestructuras\\\/#respond\"]}]},{\"@type\":\"WebPage\",\"@id\":\"https:\\\/\\\/www.cuencasmineras.com\\\/index.php\\\/2021\\\/11\\\/17\\\/la-urbanizacion-de-venturo-pendiente-de-un-ultimo-informe-de-infraestructuras\\\/\",\"url\":\"https:\\\/\\\/www.cuencasmineras.com\\\/index.php\\\/2021\\\/11\\\/17\\\/la-urbanizacion-de-venturo-pendiente-de-un-ultimo-informe-de-infraestructuras\\\/\",\"name\":\"La urbanizaci\u00f3n de Venturo, pendiente de un \u00faltimo informe de Infraestructuras - cm news\",\"isPartOf\":{\"@id\":\"https:\\\/\\\/www.cuencasmineras.com\\\/#website\"},\"primaryImageOfPage\":{\"@id\":\"https:\\\/\\\/www.cuencasmineras.com\\\/index.php\\\/2021\\\/11\\\/17\\\/la-urbanizacion-de-venturo-pendiente-de-un-ultimo-informe-de-infraestructuras\\\/#primaryimage\"},\"image\":{\"@id\":\"https:\\\/\\\/www.cuencasmineras.com\\\/index.php\\\/2021\\\/11\\\/17\\\/la-urbanizacion-de-venturo-pendiente-de-un-ultimo-informe-de-infraestructuras\\\/#primaryimage\"},\"thumbnailUrl\":\"https:\\\/\\\/www.cuencasmineras.com\\\/wp-content\\\/uploads\\\/2021\\\/11\\\/4ac30a21-a0f1-4a50-aee3-e6cf1f5cf8b6_21-9-aspect-ratio_default_0.jpg\",\"datePublished\":\"2021-11-17T23:44:07+00:00\",\"author\":{\"@id\":\"https:\\\/\\\/www.cuencasmineras.com\\\/#\\\/schema\\\/person\\\/be0691310e8496ec555f679dd688420c\"},\"description\":\"La obra ser\u00e1 financiada con 601.000 euros de fondos mineros, ya disponibles desde la autorizaci\u00f3n de la Confederaci\u00f3n y Medio Ambiente.\",\"breadcrumb\":{\"@id\":\"https:\\\/\\\/www.cuencasmineras.com\\\/index.php\\\/2021\\\/11\\\/17\\\/la-urbanizacion-de-venturo-pendiente-de-un-ultimo-informe-de-infraestructuras\\\/#breadcrumb\"},\"inLanguage\":\"es\",\"potentialAction\":[{\"@type\":\"ReadAction\",\"target\":[\"https:\\\/\\\/www.cuencasmineras.com\\\/index.php\\\/2021\\\/11\\\/17\\\/la-urbanizacion-de-venturo-pendiente-de-un-ultimo-informe-de-infraestructuras\\\/\"]}]},{\"@type\":\"ImageObject\",\"inLanguage\":\"es\",\"@id\":\"https:\\\/\\\/www.cuencasmineras.com\\\/index.php\\\/2021\\\/11\\\/17\\\/la-urbanizacion-de-venturo-pendiente-de-un-ultimo-informe-de-infraestructuras\\\/#primaryimage\",\"url\":\"https:\\\/\\\/www.cuencasmineras.com\\\/wp-content\\\/uploads\\\/2021\\\/11\\\/4ac30a21-a0f1-4a50-aee3-e6cf1f5cf8b6_21-9-aspect-ratio_default_0.jpg\",\"contentUrl\":\"https:\\\/\\\/www.cuencasmineras.com\\\/wp-content\\\/uploads\\\/2021\\\/11\\\/4ac30a21-a0f1-4a50-aee3-e6cf1f5cf8b6_21-9-aspect-ratio_default_0.jpg\",\"width\":1280,\"height\":548},{\"@type\":\"BreadcrumbList\",\"@id\":\"https:\\\/\\\/www.cuencasmineras.com\\\/index.php\\\/2021\\\/11\\\/17\\\/la-urbanizacion-de-venturo-pendiente-de-un-ultimo-informe-de-infraestructuras\\\/#breadcrumb\",\"itemListElement\":[{\"@type\":\"ListItem\",\"position\":1,\"name\":\"Portada\",\"item\":\"https:\\\/\\\/www.cuencasmineras.com\\\/\"},{\"@type\":\"ListItem\",\"position\":2,\"name\":\"La urbanizaci\u00f3n de Venturo, pendiente de un \u00faltimo informe de Infraestructuras\"}]},{\"@type\":\"WebSite\",\"@id\":\"https:\\\/\\\/www.cuencasmineras.com\\\/#website\",\"url\":\"https:\\\/\\\/www.cuencasmineras.com\\\/\",\"name\":\"\",\"description\":\"\",\"potentialAction\":[{\"@type\":\"SearchAction\",\"target\":{\"@type\":\"EntryPoint\",\"urlTemplate\":\"https:\\\/\\\/www.cuencasmineras.com\\\/?s={search_term_string}\"},\"query-input\":{\"@type\":\"PropertyValueSpecification\",\"valueRequired\":true,\"valueName\":\"search_term_string\"}}],\"inLanguage\":\"es\"},{\"@type\":\"Person\",\"@id\":\"https:\\\/\\\/www.cuencasmineras.com\\\/#\\\/schema\\\/person\\\/be0691310e8496ec555f679dd688420c\",\"name\":\"admin\",\"image\":{\"@type\":\"ImageObject\",\"inLanguage\":\"es\",\"@id\":\"https:\\\/\\\/secure.gravatar.com\\\/avatar\\\/4afd2eed3b2fbbf36dd6707b5bd8a5b50ac648f033e36fbf85aeace2f0f859db?s=96&d=mm&r=g\",\"url\":\"https:\\\/\\\/secure.gravatar.com\\\/avatar\\\/4afd2eed3b2fbbf36dd6707b5bd8a5b50ac648f033e36fbf85aeace2f0f859db?s=96&d=mm&r=g\",\"contentUrl\":\"https:\\\/\\\/secure.gravatar.com\\\/avatar\\\/4afd2eed3b2fbbf36dd6707b5bd8a5b50ac648f033e36fbf85aeace2f0f859db?s=96&d=mm&r=g\",\"caption\":\"admin\"},\"sameAs\":[\"https:\\\/\\\/www.cuencasmineras.com\"],\"url\":\"https:\\\/\\\/www.cuencasmineras.com\\\/index.php\\\/author\\\/admin\\\/\"}]}<\/script>\n<!-- \/ Yoast SEO plugin. -->","yoast_head_json":{"title":"La urbanizaci\u00f3n de Venturo, pendiente de un \u00faltimo informe de Infraestructuras - cm news","description":"La obra ser\u00e1 financiada con 601.000 euros de fondos mineros, ya disponibles desde la autorizaci\u00f3n de la Confederaci\u00f3n y Medio Ambiente.","robots":{"index":"index","follow":"follow","max-snippet":"max-snippet:-1","max-image-preview":"max-image-preview:large","max-video-preview":"max-video-preview:-1"},"canonical":"https:\/\/www.cuencasmineras.com\/index.php\/2021\/11\/17\/la-urbanizacion-de-venturo-pendiente-de-un-ultimo-informe-de-infraestructuras\/","og_locale":"es_ES","og_type":"article","og_title":"La urbanizaci\u00f3n de Venturo, pendiente de un \u00faltimo informe de Infraestructuras - cm news","og_description":"La obra ser\u00e1 financiada con 601.000 euros de fondos mineros, ya disponibles desde la autorizaci\u00f3n de la Confederaci\u00f3n y Medio Ambiente.","og_url":"https:\/\/www.cuencasmineras.com\/index.php\/2021\/11\/17\/la-urbanizacion-de-venturo-pendiente-de-un-ultimo-informe-de-infraestructuras\/","article_published_time":"2021-11-17T23:44:07+00:00","og_image":[{"width":1280,"height":548,"url":"https:\/\/www.cuencasmineras.com\/wp-content\/uploads\/2021\/11\/4ac30a21-a0f1-4a50-aee3-e6cf1f5cf8b6_21-9-aspect-ratio_default_0.jpg","type":"image\/jpeg"}],"author":"admin","twitter_card":"summary_large_image","twitter_misc":{"Escrito por":"admin","Tiempo de lectura":"3 minutos"},"schema":{"@context":"https:\/\/schema.org","@graph":[{"@type":"Article","@id":"https:\/\/www.cuencasmineras.com\/index.php\/2021\/11\/17\/la-urbanizacion-de-venturo-pendiente-de-un-ultimo-informe-de-infraestructuras\/#article","isPartOf":{"@id":"https:\/\/www.cuencasmineras.com\/index.php\/2021\/11\/17\/la-urbanizacion-de-venturo-pendiente-de-un-ultimo-informe-de-infraestructuras\/"},"author":{"name":"admin","@id":"https:\/\/www.cuencasmineras.com\/#\/schema\/person\/be0691310e8496ec555f679dd688420c"},"headline":"La urbanizaci\u00f3n de Venturo, pendiente de un \u00faltimo informe de Infraestructuras","datePublished":"2021-11-17T23:44:07+00:00","mainEntityOfPage":{"@id":"https:\/\/www.cuencasmineras.com\/index.php\/2021\/11\/17\/la-urbanizacion-de-venturo-pendiente-de-un-ultimo-informe-de-infraestructuras\/"},"wordCount":617,"commentCount":0,"image":{"@id":"https:\/\/www.cuencasmineras.com\/index.php\/2021\/11\/17\/la-urbanizacion-de-venturo-pendiente-de-un-ultimo-informe-de-infraestructuras\/#primaryimage"},"thumbnailUrl":"https:\/\/www.cuencasmineras.com\/wp-content\/uploads\/2021\/11\/4ac30a21-a0f1-4a50-aee3-e6cf1f5cf8b6_21-9-aspect-ratio_default_0.jpg","articleSection":["CM NEWS","Nal\u00f3n"],"inLanguage":"es","potentialAction":[{"@type":"CommentAction","name":"Comment","target":["https:\/\/www.cuencasmineras.com\/index.php\/2021\/11\/17\/la-urbanizacion-de-venturo-pendiente-de-un-ultimo-informe-de-infraestructuras\/#respond"]}]},{"@type":"WebPage","@id":"https:\/\/www.cuencasmineras.com\/index.php\/2021\/11\/17\/la-urbanizacion-de-venturo-pendiente-de-un-ultimo-informe-de-infraestructuras\/","url":"https:\/\/www.cuencasmineras.com\/index.php\/2021\/11\/17\/la-urbanizacion-de-venturo-pendiente-de-un-ultimo-informe-de-infraestructuras\/","name":"La urbanizaci\u00f3n de Venturo, pendiente de un \u00faltimo informe de Infraestructuras - cm news","isPartOf":{"@id":"https:\/\/www.cuencasmineras.com\/#website"},"primaryImageOfPage":{"@id":"https:\/\/www.cuencasmineras.com\/index.php\/2021\/11\/17\/la-urbanizacion-de-venturo-pendiente-de-un-ultimo-informe-de-infraestructuras\/#primaryimage"},"image":{"@id":"https:\/\/www.cuencasmineras.com\/index.php\/2021\/11\/17\/la-urbanizacion-de-venturo-pendiente-de-un-ultimo-informe-de-infraestructuras\/#primaryimage"},"thumbnailUrl":"https:\/\/www.cuencasmineras.com\/wp-content\/uploads\/2021\/11\/4ac30a21-a0f1-4a50-aee3-e6cf1f5cf8b6_21-9-aspect-ratio_default_0.jpg","datePublished":"2021-11-17T23:44:07+00:00","author":{"@id":"https:\/\/www.cuencasmineras.com\/#\/schema\/person\/be0691310e8496ec555f679dd688420c"},"description":"La obra ser\u00e1 financiada con 601.000 euros de fondos mineros, ya disponibles desde la autorizaci\u00f3n de la Confederaci\u00f3n y Medio Ambiente.","breadcrumb":{"@id":"https:\/\/www.cuencasmineras.com\/index.php\/2021\/11\/17\/la-urbanizacion-de-venturo-pendiente-de-un-ultimo-informe-de-infraestructuras\/#breadcrumb"},"inLanguage":"es","potentialAction":[{"@type":"ReadAction","target":["https:\/\/www.cuencasmineras.com\/index.php\/2021\/11\/17\/la-urbanizacion-de-venturo-pendiente-de-un-ultimo-informe-de-infraestructuras\/"]}]},{"@type":"ImageObject","inLanguage":"es","@id":"https:\/\/www.cuencasmineras.com\/index.php\/2021\/11\/17\/la-urbanizacion-de-venturo-pendiente-de-un-ultimo-informe-de-infraestructuras\/#primaryimage","url":"https:\/\/www.cuencasmineras.com\/wp-content\/uploads\/2021\/11\/4ac30a21-a0f1-4a50-aee3-e6cf1f5cf8b6_21-9-aspect-ratio_default_0.jpg","contentUrl":"https:\/\/www.cuencasmineras.com\/wp-content\/uploads\/2021\/11\/4ac30a21-a0f1-4a50-aee3-e6cf1f5cf8b6_21-9-aspect-ratio_default_0.jpg","width":1280,"height":548},{"@type":"BreadcrumbList","@id":"https:\/\/www.cuencasmineras.com\/index.php\/2021\/11\/17\/la-urbanizacion-de-venturo-pendiente-de-un-ultimo-informe-de-infraestructuras\/#breadcrumb","itemListElement":[{"@type":"ListItem","position":1,"name":"Portada","item":"https:\/\/www.cuencasmineras.com\/"},{"@type":"ListItem","position":2,"name":"La urbanizaci\u00f3n de Venturo, pendiente de un \u00faltimo informe de Infraestructuras"}]},{"@type":"WebSite","@id":"https:\/\/www.cuencasmineras.com\/#website","url":"https:\/\/www.cuencasmineras.com\/","name":"","description":"","potentialAction":[{"@type":"SearchAction","target":{"@type":"EntryPoint","urlTemplate":"https:\/\/www.cuencasmineras.com\/?s={search_term_string}"},"query-input":{"@type":"PropertyValueSpecification","valueRequired":true,"valueName":"search_term_string"}}],"inLanguage":"es"},{"@type":"Person","@id":"https:\/\/www.cuencasmineras.com\/#\/schema\/person\/be0691310e8496ec555f679dd688420c","name":"admin","image":{"@type":"ImageObject","inLanguage":"es","@id":"https:\/\/secure.gravatar.com\/avatar\/4afd2eed3b2fbbf36dd6707b5bd8a5b50ac648f033e36fbf85aeace2f0f859db?s=96&d=mm&r=g","url":"https:\/\/secure.gravatar.com\/avatar\/4afd2eed3b2fbbf36dd6707b5bd8a5b50ac648f033e36fbf85aeace2f0f859db?s=96&d=mm&r=g","contentUrl":"https:\/\/secure.gravatar.com\/avatar\/4afd2eed3b2fbbf36dd6707b5bd8a5b50ac648f033e36fbf85aeace2f0f859db?s=96&d=mm&r=g","caption":"admin"},"sameAs":["https:\/\/www.cuencasmineras.com"],"url":"https:\/\/www.cuencasmineras.com\/index.php\/author\/admin\/"}]}},"_links":{"self":[{"href":"https:\/\/www.cuencasmineras.com\/index.php\/wp-json\/wp\/v2\/posts\/3812","targetHints":{"allow":["GET"]}}],"collection":[{"href":"https:\/\/www.cuencasmineras.com\/index.php\/wp-json\/wp\/v2\/posts"}],"about":[{"href":"https:\/\/www.cuencasmineras.com\/index.php\/wp-json\/wp\/v2\/types\/post"}],"author":[{"embeddable":true,"href":"https:\/\/www.cuencasmineras.com\/index.php\/wp-json\/wp\/v2\/users\/1"}],"replies":[{"embeddable":true,"href":"https:\/\/www.cuencasmineras.com\/index.php\/wp-json\/wp\/v2\/comments?post=3812"}],"version-history":[{"count":1,"href":"https:\/\/www.cuencasmineras.com\/index.php\/wp-json\/wp\/v2\/posts\/3812\/revisions"}],"predecessor-version":[{"id":3814,"href":"https:\/\/www.cuencasmineras.com\/index.php\/wp-json\/wp\/v2\/posts\/3812\/revisions\/3814"}],"wp:featuredmedia":[{"embeddable":true,"href":"https:\/\/www.cuencasmineras.com\/index.php\/wp-json\/wp\/v2\/media\/3813"}],"wp:attachment":[{"href":"https:\/\/www.cuencasmineras.com\/index.php\/wp-json\/wp\/v2\/media?parent=3812"}],"wp:term":[{"taxonomy":"category","embeddable":true,"href":"https:\/\/www.cuencasmineras.com\/index.php\/wp-json\/wp\/v2\/categories?post=3812"},{"taxonomy":"post_tag","embeddable":true,"href":"https:\/\/www.cuencasmineras.com\/index.php\/wp-json\/wp\/v2\/tags?post=3812"}],"curies":[{"name":"wp","href":"https:\/\/api.w.org\/{rel}","templated":true}]}}