{"id":3815,"date":"2021-11-17T23:45:55","date_gmt":"2021-11-17T23:45:55","guid":{"rendered":"https:\/\/www.cuencasmineras.com\/?p=3815"},"modified":"2021-11-17T23:45:55","modified_gmt":"2021-11-17T23:45:55","slug":"langreo-saca-a-licitacion-la-cubierta-de-las-canchas-de-riano-por-578-776-euros","status":"publish","type":"post","link":"https:\/\/www.cuencasmineras.com\/index.php\/2021\/11\/17\/langreo-saca-a-licitacion-la-cubierta-de-las-canchas-de-riano-por-578-776-euros\/","title":{"rendered":"Langreo saca a licitaci\u00f3n la cubierta de las canchas de Ria\u00f1o por 578.776 euros"},"content":{"rendered":"<p style=\"text-align: justify;\">El Ayuntamiento de Langreo acaba de sacar a licitaci\u00f3n las obras para colocar una cubierta sobre las canchas exteriores del polideportivo de Ria\u00f1o. Un proyecto que contar\u00e1 con una inversi\u00f3n de 578.776 euros y un plazo de ejecuci\u00f3n de cinco meses, seg\u00fan consta en el pliego de la licitaci\u00f3n. El objetivo, como hab\u00edan destacado fuentes municipales, es contar con \u201cun equipamiento multideporte que pueda ser usado todo el a\u00f1o\u201d, independientemente de que llueva o no.<\/p>\n<p><img loading=\"lazy\" decoding=\"async\" class=\"aligncenter size-large wp-image-3816\" src=\"https:\/\/www.cuencasmineras.com\/wp-content\/uploads\/2021\/11\/a0ecc9db-0f01-4b10-b8e7-c0c9f4e6de1b_21-9-aspect-ratio_default_0-1024x438.jpg\" alt=\"\" width=\"640\" height=\"274\" srcset=\"https:\/\/www.cuencasmineras.com\/wp-content\/uploads\/2021\/11\/a0ecc9db-0f01-4b10-b8e7-c0c9f4e6de1b_21-9-aspect-ratio_default_0-1024x438.jpg 1024w, https:\/\/www.cuencasmineras.com\/wp-content\/uploads\/2021\/11\/a0ecc9db-0f01-4b10-b8e7-c0c9f4e6de1b_21-9-aspect-ratio_default_0-300x128.jpg 300w, https:\/\/www.cuencasmineras.com\/wp-content\/uploads\/2021\/11\/a0ecc9db-0f01-4b10-b8e7-c0c9f4e6de1b_21-9-aspect-ratio_default_0-768x329.jpg 768w, https:\/\/www.cuencasmineras.com\/wp-content\/uploads\/2021\/11\/a0ecc9db-0f01-4b10-b8e7-c0c9f4e6de1b_21-9-aspect-ratio_default_0.jpg 1280w\" sizes=\"auto, (max-width: 640px) 100vw, 640px\" \/><\/p>\n<p style=\"text-align: justify;\">La cubierta se levantar\u00e1 sobre una de las dos pistas de tenis que tiene el complejo y la cancha de f\u00fatbol. De este modo, el nuevo espacio resultante servir\u00e1 \u201cpara promocionar e impulsar la actividad de las diferentes escuelas deportivas\u201d. Adem\u00e1s, estar\u00e1 \u201cespecializado en las actividades de tenis y hockey sobre patines\u201d. Adem\u00e1s, existe un compromiso por parte de ambas federaciones de llevar a cabo en Ria\u00f1o \u201ceventos deportivos de car\u00e1cter nacional e internacional, lo que redundar\u00e1 positivamente en la promoci\u00f3n de otros planes locales y un beneficio al tejido empresarial local, como la hosteler\u00eda o los lugares de alojamiento\u201d. Tambi\u00e9n podr\u00e1 utilizarse para otros deportes, como f\u00fatbol y baloncesto.<\/p>\n<p style=\"text-align: justify;\">Las obras consistir\u00e1n, seg\u00fan el pliego, en la construcci\u00f3n de una cubierta autoportante que impida la entrada del agua de lluvia porque actualmente las pistas quedaban inutilizadas durante gran parte del a\u00f1o. La superficie total que se pretende cubrir es de una cubierta de 38,15 por 43,40 metros para la pista polideportiva con una altura libre central de 10,06 metros. El complejo deportivo de Ria\u00f1o fue rehabilitado por fases tras su cierre en 2010 por parte del Principado.<\/p>\n","protected":false},"excerpt":{"rendered":"<p>El Ayuntamiento de Langreo acaba de sacar a licitaci\u00f3n las obras para colocar una cubierta sobre las canchas exteriores del polideportivo de Ria\u00f1o. Un proyecto que contar\u00e1 con una inversi\u00f3n de 578.776 euros y un plazo de ejecuci\u00f3n de cinco meses, seg\u00fan consta en el pliego de la licitaci\u00f3n. El objetivo, como hab\u00edan destacado fuentes [&hellip;]<\/p>\n","protected":false},"author":1,"featured_media":3816,"comment_status":"open","ping_status":"open","sticky":false,"template":"","format":"standard","meta":{"footnotes":""},"categories":[6,8],"tags":[],"class_list":["post-3815","post","type-post","status-publish","format-standard","has-post-thumbnail","hentry","category-noticias","category-nalon"],"yoast_head":"<!-- This site is optimized with the Yoast SEO plugin v27.4 - https:\/\/yoast.com\/product\/yoast-seo-wordpress\/ -->\n<title>Langreo saca a licitaci\u00f3n la cubierta de las canchas de Ria\u00f1o por 578.776 euros - cm news<\/title>\n<meta name=\"description\" content=\"El objetivo es \u201cdisponer de un equipamiento multideporte que pueda ser usado todo el a\u00f1o\u201d.\" \/>\n<meta name=\"robots\" content=\"index, follow, max-snippet:-1, max-image-preview:large, max-video-preview:-1\" \/>\n<link rel=\"canonical\" href=\"https:\/\/www.cuencasmineras.com\/index.php\/2021\/11\/17\/langreo-saca-a-licitacion-la-cubierta-de-las-canchas-de-riano-por-578-776-euros\/\" \/>\n<meta property=\"og:locale\" content=\"es_ES\" \/>\n<meta property=\"og:type\" content=\"article\" \/>\n<meta property=\"og:title\" content=\"Langreo saca a licitaci\u00f3n la cubierta de las canchas de Ria\u00f1o por 578.776 euros - cm news\" \/>\n<meta property=\"og:description\" content=\"El objetivo es \u201cdisponer de un equipamiento multideporte que pueda ser usado todo el a\u00f1o\u201d.\" \/>\n<meta property=\"og:url\" content=\"https:\/\/www.cuencasmineras.com\/index.php\/2021\/11\/17\/langreo-saca-a-licitacion-la-cubierta-de-las-canchas-de-riano-por-578-776-euros\/\" \/>\n<meta property=\"article:published_time\" content=\"2021-11-17T23:45:55+00:00\" \/>\n<meta property=\"og:image\" content=\"https:\/\/www.cuencasmineras.com\/wp-content\/uploads\/2021\/11\/a0ecc9db-0f01-4b10-b8e7-c0c9f4e6de1b_21-9-aspect-ratio_default_0.jpg\" \/>\n\t<meta property=\"og:image:width\" content=\"1280\" \/>\n\t<meta property=\"og:image:height\" content=\"548\" \/>\n\t<meta property=\"og:image:type\" content=\"image\/jpeg\" \/>\n<meta name=\"author\" content=\"admin\" \/>\n<meta name=\"twitter:card\" content=\"summary_large_image\" \/>\n<meta name=\"twitter:label1\" content=\"Escrito por\" \/>\n\t<meta name=\"twitter:data1\" content=\"admin\" \/>\n\t<meta name=\"twitter:label2\" content=\"Tiempo de lectura\" \/>\n\t<meta name=\"twitter:data2\" content=\"2 minutos\" \/>\n<script type=\"application\/ld+json\" class=\"yoast-schema-graph\">{\"@context\":\"https:\\\/\\\/schema.org\",\"@graph\":[{\"@type\":\"Article\",\"@id\":\"https:\\\/\\\/www.cuencasmineras.com\\\/index.php\\\/2021\\\/11\\\/17\\\/langreo-saca-a-licitacion-la-cubierta-de-las-canchas-de-riano-por-578-776-euros\\\/#article\",\"isPartOf\":{\"@id\":\"https:\\\/\\\/www.cuencasmineras.com\\\/index.php\\\/2021\\\/11\\\/17\\\/langreo-saca-a-licitacion-la-cubierta-de-las-canchas-de-riano-por-578-776-euros\\\/\"},\"author\":{\"name\":\"admin\",\"@id\":\"https:\\\/\\\/www.cuencasmineras.com\\\/#\\\/schema\\\/person\\\/be0691310e8496ec555f679dd688420c\"},\"headline\":\"Langreo saca a licitaci\u00f3n la cubierta de las canchas de Ria\u00f1o por 578.776 euros\",\"datePublished\":\"2021-11-17T23:45:55+00:00\",\"mainEntityOfPage\":{\"@id\":\"https:\\\/\\\/www.cuencasmineras.com\\\/index.php\\\/2021\\\/11\\\/17\\\/langreo-saca-a-licitacion-la-cubierta-de-las-canchas-de-riano-por-578-776-euros\\\/\"},\"wordCount\":295,\"commentCount\":0,\"image\":{\"@id\":\"https:\\\/\\\/www.cuencasmineras.com\\\/index.php\\\/2021\\\/11\\\/17\\\/langreo-saca-a-licitacion-la-cubierta-de-las-canchas-de-riano-por-578-776-euros\\\/#primaryimage\"},\"thumbnailUrl\":\"https:\\\/\\\/www.cuencasmineras.com\\\/wp-content\\\/uploads\\\/2021\\\/11\\\/a0ecc9db-0f01-4b10-b8e7-c0c9f4e6de1b_21-9-aspect-ratio_default_0.jpg\",\"articleSection\":[\"CM NEWS\",\"Nal\u00f3n\"],\"inLanguage\":\"es\",\"potentialAction\":[{\"@type\":\"CommentAction\",\"name\":\"Comment\",\"target\":[\"https:\\\/\\\/www.cuencasmineras.com\\\/index.php\\\/2021\\\/11\\\/17\\\/langreo-saca-a-licitacion-la-cubierta-de-las-canchas-de-riano-por-578-776-euros\\\/#respond\"]}]},{\"@type\":\"WebPage\",\"@id\":\"https:\\\/\\\/www.cuencasmineras.com\\\/index.php\\\/2021\\\/11\\\/17\\\/langreo-saca-a-licitacion-la-cubierta-de-las-canchas-de-riano-por-578-776-euros\\\/\",\"url\":\"https:\\\/\\\/www.cuencasmineras.com\\\/index.php\\\/2021\\\/11\\\/17\\\/langreo-saca-a-licitacion-la-cubierta-de-las-canchas-de-riano-por-578-776-euros\\\/\",\"name\":\"Langreo saca a licitaci\u00f3n la cubierta de las canchas de Ria\u00f1o por 578.776 euros - cm news\",\"isPartOf\":{\"@id\":\"https:\\\/\\\/www.cuencasmineras.com\\\/#website\"},\"primaryImageOfPage\":{\"@id\":\"https:\\\/\\\/www.cuencasmineras.com\\\/index.php\\\/2021\\\/11\\\/17\\\/langreo-saca-a-licitacion-la-cubierta-de-las-canchas-de-riano-por-578-776-euros\\\/#primaryimage\"},\"image\":{\"@id\":\"https:\\\/\\\/www.cuencasmineras.com\\\/index.php\\\/2021\\\/11\\\/17\\\/langreo-saca-a-licitacion-la-cubierta-de-las-canchas-de-riano-por-578-776-euros\\\/#primaryimage\"},\"thumbnailUrl\":\"https:\\\/\\\/www.cuencasmineras.com\\\/wp-content\\\/uploads\\\/2021\\\/11\\\/a0ecc9db-0f01-4b10-b8e7-c0c9f4e6de1b_21-9-aspect-ratio_default_0.jpg\",\"datePublished\":\"2021-11-17T23:45:55+00:00\",\"author\":{\"@id\":\"https:\\\/\\\/www.cuencasmineras.com\\\/#\\\/schema\\\/person\\\/be0691310e8496ec555f679dd688420c\"},\"description\":\"El objetivo es \u201cdisponer de un equipamiento multideporte que pueda ser usado todo el a\u00f1o\u201d.\",\"breadcrumb\":{\"@id\":\"https:\\\/\\\/www.cuencasmineras.com\\\/index.php\\\/2021\\\/11\\\/17\\\/langreo-saca-a-licitacion-la-cubierta-de-las-canchas-de-riano-por-578-776-euros\\\/#breadcrumb\"},\"inLanguage\":\"es\",\"potentialAction\":[{\"@type\":\"ReadAction\",\"target\":[\"https:\\\/\\\/www.cuencasmineras.com\\\/index.php\\\/2021\\\/11\\\/17\\\/langreo-saca-a-licitacion-la-cubierta-de-las-canchas-de-riano-por-578-776-euros\\\/\"]}]},{\"@type\":\"ImageObject\",\"inLanguage\":\"es\",\"@id\":\"https:\\\/\\\/www.cuencasmineras.com\\\/index.php\\\/2021\\\/11\\\/17\\\/langreo-saca-a-licitacion-la-cubierta-de-las-canchas-de-riano-por-578-776-euros\\\/#primaryimage\",\"url\":\"https:\\\/\\\/www.cuencasmineras.com\\\/wp-content\\\/uploads\\\/2021\\\/11\\\/a0ecc9db-0f01-4b10-b8e7-c0c9f4e6de1b_21-9-aspect-ratio_default_0.jpg\",\"contentUrl\":\"https:\\\/\\\/www.cuencasmineras.com\\\/wp-content\\\/uploads\\\/2021\\\/11\\\/a0ecc9db-0f01-4b10-b8e7-c0c9f4e6de1b_21-9-aspect-ratio_default_0.jpg\",\"width\":1280,\"height\":548},{\"@type\":\"BreadcrumbList\",\"@id\":\"https:\\\/\\\/www.cuencasmineras.com\\\/index.php\\\/2021\\\/11\\\/17\\\/langreo-saca-a-licitacion-la-cubierta-de-las-canchas-de-riano-por-578-776-euros\\\/#breadcrumb\",\"itemListElement\":[{\"@type\":\"ListItem\",\"position\":1,\"name\":\"Portada\",\"item\":\"https:\\\/\\\/www.cuencasmineras.com\\\/\"},{\"@type\":\"ListItem\",\"position\":2,\"name\":\"Langreo saca a licitaci\u00f3n la cubierta de las canchas de Ria\u00f1o por 578.776 euros\"}]},{\"@type\":\"WebSite\",\"@id\":\"https:\\\/\\\/www.cuencasmineras.com\\\/#website\",\"url\":\"https:\\\/\\\/www.cuencasmineras.com\\\/\",\"name\":\"\",\"description\":\"\",\"potentialAction\":[{\"@type\":\"SearchAction\",\"target\":{\"@type\":\"EntryPoint\",\"urlTemplate\":\"https:\\\/\\\/www.cuencasmineras.com\\\/?s={search_term_string}\"},\"query-input\":{\"@type\":\"PropertyValueSpecification\",\"valueRequired\":true,\"valueName\":\"search_term_string\"}}],\"inLanguage\":\"es\"},{\"@type\":\"Person\",\"@id\":\"https:\\\/\\\/www.cuencasmineras.com\\\/#\\\/schema\\\/person\\\/be0691310e8496ec555f679dd688420c\",\"name\":\"admin\",\"image\":{\"@type\":\"ImageObject\",\"inLanguage\":\"es\",\"@id\":\"https:\\\/\\\/secure.gravatar.com\\\/avatar\\\/4afd2eed3b2fbbf36dd6707b5bd8a5b50ac648f033e36fbf85aeace2f0f859db?s=96&d=mm&r=g\",\"url\":\"https:\\\/\\\/secure.gravatar.com\\\/avatar\\\/4afd2eed3b2fbbf36dd6707b5bd8a5b50ac648f033e36fbf85aeace2f0f859db?s=96&d=mm&r=g\",\"contentUrl\":\"https:\\\/\\\/secure.gravatar.com\\\/avatar\\\/4afd2eed3b2fbbf36dd6707b5bd8a5b50ac648f033e36fbf85aeace2f0f859db?s=96&d=mm&r=g\",\"caption\":\"admin\"},\"sameAs\":[\"https:\\\/\\\/www.cuencasmineras.com\"],\"url\":\"https:\\\/\\\/www.cuencasmineras.com\\\/index.php\\\/author\\\/admin\\\/\"}]}<\/script>\n<!-- \/ Yoast SEO plugin. -->","yoast_head_json":{"title":"Langreo saca a licitaci\u00f3n la cubierta de las canchas de Ria\u00f1o por 578.776 euros - cm news","description":"El objetivo es \u201cdisponer de un equipamiento multideporte que pueda ser usado todo el a\u00f1o\u201d.","robots":{"index":"index","follow":"follow","max-snippet":"max-snippet:-1","max-image-preview":"max-image-preview:large","max-video-preview":"max-video-preview:-1"},"canonical":"https:\/\/www.cuencasmineras.com\/index.php\/2021\/11\/17\/langreo-saca-a-licitacion-la-cubierta-de-las-canchas-de-riano-por-578-776-euros\/","og_locale":"es_ES","og_type":"article","og_title":"Langreo saca a licitaci\u00f3n la cubierta de las canchas de Ria\u00f1o por 578.776 euros - cm news","og_description":"El objetivo es \u201cdisponer de un equipamiento multideporte que pueda ser usado todo el a\u00f1o\u201d.","og_url":"https:\/\/www.cuencasmineras.com\/index.php\/2021\/11\/17\/langreo-saca-a-licitacion-la-cubierta-de-las-canchas-de-riano-por-578-776-euros\/","article_published_time":"2021-11-17T23:45:55+00:00","og_image":[{"width":1280,"height":548,"url":"https:\/\/www.cuencasmineras.com\/wp-content\/uploads\/2021\/11\/a0ecc9db-0f01-4b10-b8e7-c0c9f4e6de1b_21-9-aspect-ratio_default_0.jpg","type":"image\/jpeg"}],"author":"admin","twitter_card":"summary_large_image","twitter_misc":{"Escrito por":"admin","Tiempo de lectura":"2 minutos"},"schema":{"@context":"https:\/\/schema.org","@graph":[{"@type":"Article","@id":"https:\/\/www.cuencasmineras.com\/index.php\/2021\/11\/17\/langreo-saca-a-licitacion-la-cubierta-de-las-canchas-de-riano-por-578-776-euros\/#article","isPartOf":{"@id":"https:\/\/www.cuencasmineras.com\/index.php\/2021\/11\/17\/langreo-saca-a-licitacion-la-cubierta-de-las-canchas-de-riano-por-578-776-euros\/"},"author":{"name":"admin","@id":"https:\/\/www.cuencasmineras.com\/#\/schema\/person\/be0691310e8496ec555f679dd688420c"},"headline":"Langreo saca a licitaci\u00f3n la cubierta de las canchas de Ria\u00f1o por 578.776 euros","datePublished":"2021-11-17T23:45:55+00:00","mainEntityOfPage":{"@id":"https:\/\/www.cuencasmineras.com\/index.php\/2021\/11\/17\/langreo-saca-a-licitacion-la-cubierta-de-las-canchas-de-riano-por-578-776-euros\/"},"wordCount":295,"commentCount":0,"image":{"@id":"https:\/\/www.cuencasmineras.com\/index.php\/2021\/11\/17\/langreo-saca-a-licitacion-la-cubierta-de-las-canchas-de-riano-por-578-776-euros\/#primaryimage"},"thumbnailUrl":"https:\/\/www.cuencasmineras.com\/wp-content\/uploads\/2021\/11\/a0ecc9db-0f01-4b10-b8e7-c0c9f4e6de1b_21-9-aspect-ratio_default_0.jpg","articleSection":["CM NEWS","Nal\u00f3n"],"inLanguage":"es","potentialAction":[{"@type":"CommentAction","name":"Comment","target":["https:\/\/www.cuencasmineras.com\/index.php\/2021\/11\/17\/langreo-saca-a-licitacion-la-cubierta-de-las-canchas-de-riano-por-578-776-euros\/#respond"]}]},{"@type":"WebPage","@id":"https:\/\/www.cuencasmineras.com\/index.php\/2021\/11\/17\/langreo-saca-a-licitacion-la-cubierta-de-las-canchas-de-riano-por-578-776-euros\/","url":"https:\/\/www.cuencasmineras.com\/index.php\/2021\/11\/17\/langreo-saca-a-licitacion-la-cubierta-de-las-canchas-de-riano-por-578-776-euros\/","name":"Langreo saca a licitaci\u00f3n la cubierta de las canchas de Ria\u00f1o por 578.776 euros - cm news","isPartOf":{"@id":"https:\/\/www.cuencasmineras.com\/#website"},"primaryImageOfPage":{"@id":"https:\/\/www.cuencasmineras.com\/index.php\/2021\/11\/17\/langreo-saca-a-licitacion-la-cubierta-de-las-canchas-de-riano-por-578-776-euros\/#primaryimage"},"image":{"@id":"https:\/\/www.cuencasmineras.com\/index.php\/2021\/11\/17\/langreo-saca-a-licitacion-la-cubierta-de-las-canchas-de-riano-por-578-776-euros\/#primaryimage"},"thumbnailUrl":"https:\/\/www.cuencasmineras.com\/wp-content\/uploads\/2021\/11\/a0ecc9db-0f01-4b10-b8e7-c0c9f4e6de1b_21-9-aspect-ratio_default_0.jpg","datePublished":"2021-11-17T23:45:55+00:00","author":{"@id":"https:\/\/www.cuencasmineras.com\/#\/schema\/person\/be0691310e8496ec555f679dd688420c"},"description":"El objetivo es \u201cdisponer de un equipamiento multideporte que pueda ser usado todo el a\u00f1o\u201d.","breadcrumb":{"@id":"https:\/\/www.cuencasmineras.com\/index.php\/2021\/11\/17\/langreo-saca-a-licitacion-la-cubierta-de-las-canchas-de-riano-por-578-776-euros\/#breadcrumb"},"inLanguage":"es","potentialAction":[{"@type":"ReadAction","target":["https:\/\/www.cuencasmineras.com\/index.php\/2021\/11\/17\/langreo-saca-a-licitacion-la-cubierta-de-las-canchas-de-riano-por-578-776-euros\/"]}]},{"@type":"ImageObject","inLanguage":"es","@id":"https:\/\/www.cuencasmineras.com\/index.php\/2021\/11\/17\/langreo-saca-a-licitacion-la-cubierta-de-las-canchas-de-riano-por-578-776-euros\/#primaryimage","url":"https:\/\/www.cuencasmineras.com\/wp-content\/uploads\/2021\/11\/a0ecc9db-0f01-4b10-b8e7-c0c9f4e6de1b_21-9-aspect-ratio_default_0.jpg","contentUrl":"https:\/\/www.cuencasmineras.com\/wp-content\/uploads\/2021\/11\/a0ecc9db-0f01-4b10-b8e7-c0c9f4e6de1b_21-9-aspect-ratio_default_0.jpg","width":1280,"height":548},{"@type":"BreadcrumbList","@id":"https:\/\/www.cuencasmineras.com\/index.php\/2021\/11\/17\/langreo-saca-a-licitacion-la-cubierta-de-las-canchas-de-riano-por-578-776-euros\/#breadcrumb","itemListElement":[{"@type":"ListItem","position":1,"name":"Portada","item":"https:\/\/www.cuencasmineras.com\/"},{"@type":"ListItem","position":2,"name":"Langreo saca a licitaci\u00f3n la cubierta de las canchas de Ria\u00f1o por 578.776 euros"}]},{"@type":"WebSite","@id":"https:\/\/www.cuencasmineras.com\/#website","url":"https:\/\/www.cuencasmineras.com\/","name":"","description":"","potentialAction":[{"@type":"SearchAction","target":{"@type":"EntryPoint","urlTemplate":"https:\/\/www.cuencasmineras.com\/?s={search_term_string}"},"query-input":{"@type":"PropertyValueSpecification","valueRequired":true,"valueName":"search_term_string"}}],"inLanguage":"es"},{"@type":"Person","@id":"https:\/\/www.cuencasmineras.com\/#\/schema\/person\/be0691310e8496ec555f679dd688420c","name":"admin","image":{"@type":"ImageObject","inLanguage":"es","@id":"https:\/\/secure.gravatar.com\/avatar\/4afd2eed3b2fbbf36dd6707b5bd8a5b50ac648f033e36fbf85aeace2f0f859db?s=96&d=mm&r=g","url":"https:\/\/secure.gravatar.com\/avatar\/4afd2eed3b2fbbf36dd6707b5bd8a5b50ac648f033e36fbf85aeace2f0f859db?s=96&d=mm&r=g","contentUrl":"https:\/\/secure.gravatar.com\/avatar\/4afd2eed3b2fbbf36dd6707b5bd8a5b50ac648f033e36fbf85aeace2f0f859db?s=96&d=mm&r=g","caption":"admin"},"sameAs":["https:\/\/www.cuencasmineras.com"],"url":"https:\/\/www.cuencasmineras.com\/index.php\/author\/admin\/"}]}},"_links":{"self":[{"href":"https:\/\/www.cuencasmineras.com\/index.php\/wp-json\/wp\/v2\/posts\/3815","targetHints":{"allow":["GET"]}}],"collection":[{"href":"https:\/\/www.cuencasmineras.com\/index.php\/wp-json\/wp\/v2\/posts"}],"about":[{"href":"https:\/\/www.cuencasmineras.com\/index.php\/wp-json\/wp\/v2\/types\/post"}],"author":[{"embeddable":true,"href":"https:\/\/www.cuencasmineras.com\/index.php\/wp-json\/wp\/v2\/users\/1"}],"replies":[{"embeddable":true,"href":"https:\/\/www.cuencasmineras.com\/index.php\/wp-json\/wp\/v2\/comments?post=3815"}],"version-history":[{"count":1,"href":"https:\/\/www.cuencasmineras.com\/index.php\/wp-json\/wp\/v2\/posts\/3815\/revisions"}],"predecessor-version":[{"id":3817,"href":"https:\/\/www.cuencasmineras.com\/index.php\/wp-json\/wp\/v2\/posts\/3815\/revisions\/3817"}],"wp:featuredmedia":[{"embeddable":true,"href":"https:\/\/www.cuencasmineras.com\/index.php\/wp-json\/wp\/v2\/media\/3816"}],"wp:attachment":[{"href":"https:\/\/www.cuencasmineras.com\/index.php\/wp-json\/wp\/v2\/media?parent=3815"}],"wp:term":[{"taxonomy":"category","embeddable":true,"href":"https:\/\/www.cuencasmineras.com\/index.php\/wp-json\/wp\/v2\/categories?post=3815"},{"taxonomy":"post_tag","embeddable":true,"href":"https:\/\/www.cuencasmineras.com\/index.php\/wp-json\/wp\/v2\/tags?post=3815"}],"curies":[{"name":"wp","href":"https:\/\/api.w.org\/{rel}","templated":true}]}}