{"id":3899,"date":"2021-11-25T09:51:22","date_gmt":"2021-11-25T09:51:22","guid":{"rendered":"https:\/\/www.cuencasmineras.com\/?p=3899"},"modified":"2021-11-25T09:51:22","modified_gmt":"2021-11-25T09:51:22","slug":"foro-mieres-solicita-la-cesion-de-un-local-vacio-para-la-ong-expoaccion","status":"publish","type":"post","link":"https:\/\/www.cuencasmineras.com\/index.php\/2021\/11\/25\/foro-mieres-solicita-la-cesion-de-un-local-vacio-para-la-ong-expoaccion\/","title":{"rendered":"FORO MIERES solicita la cesi\u00f3n de un local vac\u00edo para la ONG EXPOACCI\u00d3N"},"content":{"rendered":"<p align=\"JUSTIFY\"><span style=\"font-size: large;\"><b><span style=\"font-size: x-large;\">Laura Flores: \u201cSolicitamos al Ayuntamiento que ceda un local municipal vac\u00edo a la ONG Expoacci\u00f3n, de cuya labor se benefician actualmente 60 familias de Mieres\u201d<\/span><\/b><\/span><\/p>\n<ul>\n<li>\n<p align=\"JUSTIFY\">\u201c<span style=\"font-size: large;\"><i>Si el equipo de gobierno no cede un espacio a Expoacci\u00f3n, reclamamos su intermediaci\u00f3n para conseguir un local en alquiler a bajo precio donde desempe\u00f1ar la gran acci\u00f3n social que realiza esta ONG, atendiendo tambi\u00e9n en Mieres a familias de Lena y Aller\u201d <\/i><\/span><\/p>\n<\/li>\n<li>\n<p align=\"JUSTIFY\">\u201c<span style=\"font-size: large;\"><i>Este tipo de propuestas que planteamos desde FORO Mieres favorece tambi\u00e9n la utilizaci\u00f3n de locales vac\u00edos\u201d<\/i><\/span><\/p>\n<\/li>\n<\/ul>\n<p align=\"JUSTIFY\"><span style=\"font-size: large;\"><b><u>25.11.2021 (Mieres).<\/u><\/b> La presidenta de FORO Mieres, Laura Flores, ha reclamado hoy al Ayuntamiento la cesi\u00f3n de \u201cun local municipal vac\u00edo a la Organizaci\u00f3n no Gubernamental (ONG) Expoacci\u00f3n, de cuya labor se benefician actualmente 60 familias de Mieres\u201d. Tras reunirse con el presidente de Expoacci\u00f3n, Jorge Gonz\u00e1lez Fuentes, la portavoz forista transmiti\u00f3 la preocupaci\u00f3n de la organizaci\u00f3n por \u201clas necesidades detectadas en el concejo, que se han incrementado con la pandemia del coronavirus\u201d. <\/span><\/p>\n<p align=\"JUSTIFY\">\u201c<span style=\"font-size: large;\">Nos han transmitido que llevan tiempo intentando que el Ayuntamiento de Mieres colabore con la organizaci\u00f3n facilit\u00e1ndoles un local amplio donde poder atender a las familias necesitadas del concejo, pero nos aseguran que todo son trabas\u201d, lament\u00f3 Flores, que se mostr\u00f3 molesta porque \u201cel Consistorio de Mieres no les facilita ning\u00fan local y es una necesidad urgente para que esta organizaci\u00f3n pueda desarrollar su labor en el concejo\u201d.<\/span><\/p>\n<p align=\"JUSTIFY\"><span style=\"font-size: large;\">Laura Flores insisti\u00f3 en que \u201cen Mieres hay muchos locales vac\u00edos, algunos municipales\u201d y, por este motivo, desde FORO Mieres han lanzado esta propuesta. <\/span><\/p>\n<p align=\"JUSTIFY\"><span style=\"font-size: large;\">Seg\u00fan Flores, \u201cExpoacci\u00f3n ahora necesita un local mayor al actual, de unos 60 metros cuadrados, para almacenar los alimentos y poder hacer la entrega a las familias. En esta sede organizan adem\u00e1s clases particulares, talleres y dem\u00e1s actividades ben\u00e9ficas a favor de diferentes colectivos desfavorecidos y de discapacidad\u201d.<\/span><\/p>\n<p align=\"JUSTIFY\">\u201c<span style=\"font-size: large;\">Si el equipo de gobierno no les cede un espacio, reclamamos su intermediaci\u00f3n para conseguir un local con un precio de alquiler a simb\u00f3lico donde desempe\u00f1ar la gran acci\u00f3n social que realizan, atendiendo tambi\u00e9n en Mieres a familias de Lena y Aller\u201d, plante\u00f3 tambi\u00e9n la presidenta local, seg\u00fan quien \u201ceste tipo de propuestas que planteamos desde FORO Mieres favorece tambi\u00e9n la utilizaci\u00f3n de locales vac\u00edos\u201d. \u201cEl local de la calle Alfonso Cam\u00edn se les ha quedado peque\u00f1o para poder seguir atendiendo a tantas familias d\u00eda a d\u00eda. Es una necesidad urgente que plantean\u201d, traslad\u00f3 Laura Flores.<\/span><\/p>\n<p align=\"JUSTIFY\"><span style=\"font-size: large;\">El objetivo de Expoacci\u00f3n, ONG declarada de Utilidad P\u00fablica, es propiciar, promover y desarrollar actividades culturales, sociales, recreativas, de voluntariado y de econom\u00eda social, as\u00ed como de Cooperaci\u00f3n Internacional. Expoacci\u00f3n viene desarrollando sus programas desde el a\u00f1o 2006, junto con un grupo de voluntarios. Actualmente, tiene sedes en Gij\u00f3n, Mieres, Langreo y Oviedo .<\/span><\/p>\n","protected":false},"excerpt":{"rendered":"<p>Laura Flores: \u201cSolicitamos al Ayuntamiento que ceda un local municipal vac\u00edo a la ONG Expoacci\u00f3n, de cuya labor se benefician actualmente 60 familias de Mieres\u201d \u201cSi el equipo de gobierno no cede un espacio a Expoacci\u00f3n, reclamamos su intermediaci\u00f3n para conseguir un local en alquiler a bajo precio donde desempe\u00f1ar la gran acci\u00f3n social que [&hellip;]<\/p>\n","protected":false},"author":1,"featured_media":3900,"comment_status":"open","ping_status":"open","sticky":false,"template":"","format":"standard","meta":{"footnotes":""},"categories":[7,6],"tags":[128,119,31],"class_list":["post-3899","post","type-post","status-publish","format-standard","has-post-thumbnail","hentry","category-caudal","category-noticias","tag-foro","tag-foro-mieres","tag-mieres"],"yoast_head":"<!-- This site is optimized with the Yoast SEO plugin v27.4 - https:\/\/yoast.com\/product\/yoast-seo-wordpress\/ -->\n<title>FORO MIERES solicita la cesi\u00f3n de un local vac\u00edo para la ONG EXPOACCI\u00d3N<\/title>\n<meta name=\"robots\" content=\"index, follow, max-snippet:-1, max-image-preview:large, max-video-preview:-1\" \/>\n<link rel=\"canonical\" href=\"https:\/\/www.cuencasmineras.com\/index.php\/2021\/11\/25\/foro-mieres-solicita-la-cesion-de-un-local-vacio-para-la-ong-expoaccion\/\" \/>\n<meta property=\"og:locale\" content=\"es_ES\" \/>\n<meta property=\"og:type\" content=\"article\" \/>\n<meta property=\"og:title\" content=\"FORO MIERES solicita la cesi\u00f3n de un local vac\u00edo para la ONG EXPOACCI\u00d3N\" \/>\n<meta property=\"og:description\" content=\"Laura Flores: \u201cSolicitamos al Ayuntamiento que ceda un local municipal vac\u00edo a la ONG Expoacci\u00f3n, de cuya labor se benefician actualmente 60 familias de Mieres\u201d \u201cSi el equipo de gobierno no cede un espacio a Expoacci\u00f3n, reclamamos su intermediaci\u00f3n para conseguir un local en alquiler a bajo precio donde desempe\u00f1ar la gran acci\u00f3n social que [&hellip;]\" \/>\n<meta property=\"og:url\" content=\"https:\/\/www.cuencasmineras.com\/index.php\/2021\/11\/25\/foro-mieres-solicita-la-cesion-de-un-local-vacio-para-la-ong-expoaccion\/\" \/>\n<meta property=\"article:published_time\" content=\"2021-11-25T09:51:22+00:00\" \/>\n<meta property=\"og:image\" content=\"https:\/\/www.cuencasmineras.com\/wp-content\/uploads\/2021\/11\/2021.11.23-LAURA-FLORES-CON-DAVID-SANTOS-DE-EXPOACCION-MIERES..jpg\" \/>\n\t<meta property=\"og:image:width\" content=\"1532\" \/>\n\t<meta property=\"og:image:height\" content=\"1216\" \/>\n\t<meta property=\"og:image:type\" content=\"image\/jpeg\" \/>\n<meta name=\"author\" content=\"admin\" \/>\n<meta name=\"twitter:card\" content=\"summary_large_image\" \/>\n<meta name=\"twitter:label1\" content=\"Escrito por\" \/>\n\t<meta name=\"twitter:data1\" content=\"admin\" \/>\n\t<meta name=\"twitter:label2\" content=\"Tiempo de lectura\" \/>\n\t<meta name=\"twitter:data2\" content=\"2 minutos\" \/>\n<script type=\"application\/ld+json\" class=\"yoast-schema-graph\">{\"@context\":\"https:\\\/\\\/schema.org\",\"@graph\":[{\"@type\":\"Article\",\"@id\":\"https:\\\/\\\/www.cuencasmineras.com\\\/index.php\\\/2021\\\/11\\\/25\\\/foro-mieres-solicita-la-cesion-de-un-local-vacio-para-la-ong-expoaccion\\\/#article\",\"isPartOf\":{\"@id\":\"https:\\\/\\\/www.cuencasmineras.com\\\/index.php\\\/2021\\\/11\\\/25\\\/foro-mieres-solicita-la-cesion-de-un-local-vacio-para-la-ong-expoaccion\\\/\"},\"author\":{\"name\":\"admin\",\"@id\":\"https:\\\/\\\/www.cuencasmineras.com\\\/#\\\/schema\\\/person\\\/be0691310e8496ec555f679dd688420c\"},\"headline\":\"FORO MIERES solicita la cesi\u00f3n de un local vac\u00edo para la ONG EXPOACCI\u00d3N\",\"datePublished\":\"2021-11-25T09:51:22+00:00\",\"mainEntityOfPage\":{\"@id\":\"https:\\\/\\\/www.cuencasmineras.com\\\/index.php\\\/2021\\\/11\\\/25\\\/foro-mieres-solicita-la-cesion-de-un-local-vacio-para-la-ong-expoaccion\\\/\"},\"wordCount\":506,\"commentCount\":0,\"image\":{\"@id\":\"https:\\\/\\\/www.cuencasmineras.com\\\/index.php\\\/2021\\\/11\\\/25\\\/foro-mieres-solicita-la-cesion-de-un-local-vacio-para-la-ong-expoaccion\\\/#primaryimage\"},\"thumbnailUrl\":\"https:\\\/\\\/www.cuencasmineras.com\\\/wp-content\\\/uploads\\\/2021\\\/11\\\/2021.11.23-LAURA-FLORES-CON-DAVID-SANTOS-DE-EXPOACCION-MIERES..jpg\",\"keywords\":[\"foro\",\"foro mieres\",\"mieres\"],\"articleSection\":[\"Caudal\",\"CM NEWS\"],\"inLanguage\":\"es\",\"potentialAction\":[{\"@type\":\"CommentAction\",\"name\":\"Comment\",\"target\":[\"https:\\\/\\\/www.cuencasmineras.com\\\/index.php\\\/2021\\\/11\\\/25\\\/foro-mieres-solicita-la-cesion-de-un-local-vacio-para-la-ong-expoaccion\\\/#respond\"]}]},{\"@type\":\"WebPage\",\"@id\":\"https:\\\/\\\/www.cuencasmineras.com\\\/index.php\\\/2021\\\/11\\\/25\\\/foro-mieres-solicita-la-cesion-de-un-local-vacio-para-la-ong-expoaccion\\\/\",\"url\":\"https:\\\/\\\/www.cuencasmineras.com\\\/index.php\\\/2021\\\/11\\\/25\\\/foro-mieres-solicita-la-cesion-de-un-local-vacio-para-la-ong-expoaccion\\\/\",\"name\":\"FORO MIERES solicita la cesi\u00f3n de un local vac\u00edo para la ONG EXPOACCI\u00d3N\",\"isPartOf\":{\"@id\":\"https:\\\/\\\/www.cuencasmineras.com\\\/#website\"},\"primaryImageOfPage\":{\"@id\":\"https:\\\/\\\/www.cuencasmineras.com\\\/index.php\\\/2021\\\/11\\\/25\\\/foro-mieres-solicita-la-cesion-de-un-local-vacio-para-la-ong-expoaccion\\\/#primaryimage\"},\"image\":{\"@id\":\"https:\\\/\\\/www.cuencasmineras.com\\\/index.php\\\/2021\\\/11\\\/25\\\/foro-mieres-solicita-la-cesion-de-un-local-vacio-para-la-ong-expoaccion\\\/#primaryimage\"},\"thumbnailUrl\":\"https:\\\/\\\/www.cuencasmineras.com\\\/wp-content\\\/uploads\\\/2021\\\/11\\\/2021.11.23-LAURA-FLORES-CON-DAVID-SANTOS-DE-EXPOACCION-MIERES..jpg\",\"datePublished\":\"2021-11-25T09:51:22+00:00\",\"author\":{\"@id\":\"https:\\\/\\\/www.cuencasmineras.com\\\/#\\\/schema\\\/person\\\/be0691310e8496ec555f679dd688420c\"},\"breadcrumb\":{\"@id\":\"https:\\\/\\\/www.cuencasmineras.com\\\/index.php\\\/2021\\\/11\\\/25\\\/foro-mieres-solicita-la-cesion-de-un-local-vacio-para-la-ong-expoaccion\\\/#breadcrumb\"},\"inLanguage\":\"es\",\"potentialAction\":[{\"@type\":\"ReadAction\",\"target\":[\"https:\\\/\\\/www.cuencasmineras.com\\\/index.php\\\/2021\\\/11\\\/25\\\/foro-mieres-solicita-la-cesion-de-un-local-vacio-para-la-ong-expoaccion\\\/\"]}]},{\"@type\":\"ImageObject\",\"inLanguage\":\"es\",\"@id\":\"https:\\\/\\\/www.cuencasmineras.com\\\/index.php\\\/2021\\\/11\\\/25\\\/foro-mieres-solicita-la-cesion-de-un-local-vacio-para-la-ong-expoaccion\\\/#primaryimage\",\"url\":\"https:\\\/\\\/www.cuencasmineras.com\\\/wp-content\\\/uploads\\\/2021\\\/11\\\/2021.11.23-LAURA-FLORES-CON-DAVID-SANTOS-DE-EXPOACCION-MIERES..jpg\",\"contentUrl\":\"https:\\\/\\\/www.cuencasmineras.com\\\/wp-content\\\/uploads\\\/2021\\\/11\\\/2021.11.23-LAURA-FLORES-CON-DAVID-SANTOS-DE-EXPOACCION-MIERES..jpg\",\"width\":1532,\"height\":1216},{\"@type\":\"BreadcrumbList\",\"@id\":\"https:\\\/\\\/www.cuencasmineras.com\\\/index.php\\\/2021\\\/11\\\/25\\\/foro-mieres-solicita-la-cesion-de-un-local-vacio-para-la-ong-expoaccion\\\/#breadcrumb\",\"itemListElement\":[{\"@type\":\"ListItem\",\"position\":1,\"name\":\"Portada\",\"item\":\"https:\\\/\\\/www.cuencasmineras.com\\\/\"},{\"@type\":\"ListItem\",\"position\":2,\"name\":\"FORO MIERES solicita la cesi\u00f3n de un local vac\u00edo para la ONG EXPOACCI\u00d3N\"}]},{\"@type\":\"WebSite\",\"@id\":\"https:\\\/\\\/www.cuencasmineras.com\\\/#website\",\"url\":\"https:\\\/\\\/www.cuencasmineras.com\\\/\",\"name\":\"\",\"description\":\"\",\"potentialAction\":[{\"@type\":\"SearchAction\",\"target\":{\"@type\":\"EntryPoint\",\"urlTemplate\":\"https:\\\/\\\/www.cuencasmineras.com\\\/?s={search_term_string}\"},\"query-input\":{\"@type\":\"PropertyValueSpecification\",\"valueRequired\":true,\"valueName\":\"search_term_string\"}}],\"inLanguage\":\"es\"},{\"@type\":\"Person\",\"@id\":\"https:\\\/\\\/www.cuencasmineras.com\\\/#\\\/schema\\\/person\\\/be0691310e8496ec555f679dd688420c\",\"name\":\"admin\",\"image\":{\"@type\":\"ImageObject\",\"inLanguage\":\"es\",\"@id\":\"https:\\\/\\\/secure.gravatar.com\\\/avatar\\\/4afd2eed3b2fbbf36dd6707b5bd8a5b50ac648f033e36fbf85aeace2f0f859db?s=96&d=mm&r=g\",\"url\":\"https:\\\/\\\/secure.gravatar.com\\\/avatar\\\/4afd2eed3b2fbbf36dd6707b5bd8a5b50ac648f033e36fbf85aeace2f0f859db?s=96&d=mm&r=g\",\"contentUrl\":\"https:\\\/\\\/secure.gravatar.com\\\/avatar\\\/4afd2eed3b2fbbf36dd6707b5bd8a5b50ac648f033e36fbf85aeace2f0f859db?s=96&d=mm&r=g\",\"caption\":\"admin\"},\"sameAs\":[\"https:\\\/\\\/www.cuencasmineras.com\"],\"url\":\"https:\\\/\\\/www.cuencasmineras.com\\\/index.php\\\/author\\\/admin\\\/\"}]}<\/script>\n<!-- \/ Yoast SEO plugin. -->","yoast_head_json":{"title":"FORO MIERES solicita la cesi\u00f3n de un local vac\u00edo para la ONG EXPOACCI\u00d3N","robots":{"index":"index","follow":"follow","max-snippet":"max-snippet:-1","max-image-preview":"max-image-preview:large","max-video-preview":"max-video-preview:-1"},"canonical":"https:\/\/www.cuencasmineras.com\/index.php\/2021\/11\/25\/foro-mieres-solicita-la-cesion-de-un-local-vacio-para-la-ong-expoaccion\/","og_locale":"es_ES","og_type":"article","og_title":"FORO MIERES solicita la cesi\u00f3n de un local vac\u00edo para la ONG EXPOACCI\u00d3N","og_description":"Laura Flores: \u201cSolicitamos al Ayuntamiento que ceda un local municipal vac\u00edo a la ONG Expoacci\u00f3n, de cuya labor se benefician actualmente 60 familias de Mieres\u201d \u201cSi el equipo de gobierno no cede un espacio a Expoacci\u00f3n, reclamamos su intermediaci\u00f3n para conseguir un local en alquiler a bajo precio donde desempe\u00f1ar la gran acci\u00f3n social que [&hellip;]","og_url":"https:\/\/www.cuencasmineras.com\/index.php\/2021\/11\/25\/foro-mieres-solicita-la-cesion-de-un-local-vacio-para-la-ong-expoaccion\/","article_published_time":"2021-11-25T09:51:22+00:00","og_image":[{"width":1532,"height":1216,"url":"https:\/\/www.cuencasmineras.com\/wp-content\/uploads\/2021\/11\/2021.11.23-LAURA-FLORES-CON-DAVID-SANTOS-DE-EXPOACCION-MIERES..jpg","type":"image\/jpeg"}],"author":"admin","twitter_card":"summary_large_image","twitter_misc":{"Escrito por":"admin","Tiempo de lectura":"2 minutos"},"schema":{"@context":"https:\/\/schema.org","@graph":[{"@type":"Article","@id":"https:\/\/www.cuencasmineras.com\/index.php\/2021\/11\/25\/foro-mieres-solicita-la-cesion-de-un-local-vacio-para-la-ong-expoaccion\/#article","isPartOf":{"@id":"https:\/\/www.cuencasmineras.com\/index.php\/2021\/11\/25\/foro-mieres-solicita-la-cesion-de-un-local-vacio-para-la-ong-expoaccion\/"},"author":{"name":"admin","@id":"https:\/\/www.cuencasmineras.com\/#\/schema\/person\/be0691310e8496ec555f679dd688420c"},"headline":"FORO MIERES solicita la cesi\u00f3n de un local vac\u00edo para la ONG EXPOACCI\u00d3N","datePublished":"2021-11-25T09:51:22+00:00","mainEntityOfPage":{"@id":"https:\/\/www.cuencasmineras.com\/index.php\/2021\/11\/25\/foro-mieres-solicita-la-cesion-de-un-local-vacio-para-la-ong-expoaccion\/"},"wordCount":506,"commentCount":0,"image":{"@id":"https:\/\/www.cuencasmineras.com\/index.php\/2021\/11\/25\/foro-mieres-solicita-la-cesion-de-un-local-vacio-para-la-ong-expoaccion\/#primaryimage"},"thumbnailUrl":"https:\/\/www.cuencasmineras.com\/wp-content\/uploads\/2021\/11\/2021.11.23-LAURA-FLORES-CON-DAVID-SANTOS-DE-EXPOACCION-MIERES..jpg","keywords":["foro","foro mieres","mieres"],"articleSection":["Caudal","CM NEWS"],"inLanguage":"es","potentialAction":[{"@type":"CommentAction","name":"Comment","target":["https:\/\/www.cuencasmineras.com\/index.php\/2021\/11\/25\/foro-mieres-solicita-la-cesion-de-un-local-vacio-para-la-ong-expoaccion\/#respond"]}]},{"@type":"WebPage","@id":"https:\/\/www.cuencasmineras.com\/index.php\/2021\/11\/25\/foro-mieres-solicita-la-cesion-de-un-local-vacio-para-la-ong-expoaccion\/","url":"https:\/\/www.cuencasmineras.com\/index.php\/2021\/11\/25\/foro-mieres-solicita-la-cesion-de-un-local-vacio-para-la-ong-expoaccion\/","name":"FORO MIERES solicita la cesi\u00f3n de un local vac\u00edo para la ONG EXPOACCI\u00d3N","isPartOf":{"@id":"https:\/\/www.cuencasmineras.com\/#website"},"primaryImageOfPage":{"@id":"https:\/\/www.cuencasmineras.com\/index.php\/2021\/11\/25\/foro-mieres-solicita-la-cesion-de-un-local-vacio-para-la-ong-expoaccion\/#primaryimage"},"image":{"@id":"https:\/\/www.cuencasmineras.com\/index.php\/2021\/11\/25\/foro-mieres-solicita-la-cesion-de-un-local-vacio-para-la-ong-expoaccion\/#primaryimage"},"thumbnailUrl":"https:\/\/www.cuencasmineras.com\/wp-content\/uploads\/2021\/11\/2021.11.23-LAURA-FLORES-CON-DAVID-SANTOS-DE-EXPOACCION-MIERES..jpg","datePublished":"2021-11-25T09:51:22+00:00","author":{"@id":"https:\/\/www.cuencasmineras.com\/#\/schema\/person\/be0691310e8496ec555f679dd688420c"},"breadcrumb":{"@id":"https:\/\/www.cuencasmineras.com\/index.php\/2021\/11\/25\/foro-mieres-solicita-la-cesion-de-un-local-vacio-para-la-ong-expoaccion\/#breadcrumb"},"inLanguage":"es","potentialAction":[{"@type":"ReadAction","target":["https:\/\/www.cuencasmineras.com\/index.php\/2021\/11\/25\/foro-mieres-solicita-la-cesion-de-un-local-vacio-para-la-ong-expoaccion\/"]}]},{"@type":"ImageObject","inLanguage":"es","@id":"https:\/\/www.cuencasmineras.com\/index.php\/2021\/11\/25\/foro-mieres-solicita-la-cesion-de-un-local-vacio-para-la-ong-expoaccion\/#primaryimage","url":"https:\/\/www.cuencasmineras.com\/wp-content\/uploads\/2021\/11\/2021.11.23-LAURA-FLORES-CON-DAVID-SANTOS-DE-EXPOACCION-MIERES..jpg","contentUrl":"https:\/\/www.cuencasmineras.com\/wp-content\/uploads\/2021\/11\/2021.11.23-LAURA-FLORES-CON-DAVID-SANTOS-DE-EXPOACCION-MIERES..jpg","width":1532,"height":1216},{"@type":"BreadcrumbList","@id":"https:\/\/www.cuencasmineras.com\/index.php\/2021\/11\/25\/foro-mieres-solicita-la-cesion-de-un-local-vacio-para-la-ong-expoaccion\/#breadcrumb","itemListElement":[{"@type":"ListItem","position":1,"name":"Portada","item":"https:\/\/www.cuencasmineras.com\/"},{"@type":"ListItem","position":2,"name":"FORO MIERES solicita la cesi\u00f3n de un local vac\u00edo para la ONG EXPOACCI\u00d3N"}]},{"@type":"WebSite","@id":"https:\/\/www.cuencasmineras.com\/#website","url":"https:\/\/www.cuencasmineras.com\/","name":"","description":"","potentialAction":[{"@type":"SearchAction","target":{"@type":"EntryPoint","urlTemplate":"https:\/\/www.cuencasmineras.com\/?s={search_term_string}"},"query-input":{"@type":"PropertyValueSpecification","valueRequired":true,"valueName":"search_term_string"}}],"inLanguage":"es"},{"@type":"Person","@id":"https:\/\/www.cuencasmineras.com\/#\/schema\/person\/be0691310e8496ec555f679dd688420c","name":"admin","image":{"@type":"ImageObject","inLanguage":"es","@id":"https:\/\/secure.gravatar.com\/avatar\/4afd2eed3b2fbbf36dd6707b5bd8a5b50ac648f033e36fbf85aeace2f0f859db?s=96&d=mm&r=g","url":"https:\/\/secure.gravatar.com\/avatar\/4afd2eed3b2fbbf36dd6707b5bd8a5b50ac648f033e36fbf85aeace2f0f859db?s=96&d=mm&r=g","contentUrl":"https:\/\/secure.gravatar.com\/avatar\/4afd2eed3b2fbbf36dd6707b5bd8a5b50ac648f033e36fbf85aeace2f0f859db?s=96&d=mm&r=g","caption":"admin"},"sameAs":["https:\/\/www.cuencasmineras.com"],"url":"https:\/\/www.cuencasmineras.com\/index.php\/author\/admin\/"}]}},"_links":{"self":[{"href":"https:\/\/www.cuencasmineras.com\/index.php\/wp-json\/wp\/v2\/posts\/3899","targetHints":{"allow":["GET"]}}],"collection":[{"href":"https:\/\/www.cuencasmineras.com\/index.php\/wp-json\/wp\/v2\/posts"}],"about":[{"href":"https:\/\/www.cuencasmineras.com\/index.php\/wp-json\/wp\/v2\/types\/post"}],"author":[{"embeddable":true,"href":"https:\/\/www.cuencasmineras.com\/index.php\/wp-json\/wp\/v2\/users\/1"}],"replies":[{"embeddable":true,"href":"https:\/\/www.cuencasmineras.com\/index.php\/wp-json\/wp\/v2\/comments?post=3899"}],"version-history":[{"count":1,"href":"https:\/\/www.cuencasmineras.com\/index.php\/wp-json\/wp\/v2\/posts\/3899\/revisions"}],"predecessor-version":[{"id":3901,"href":"https:\/\/www.cuencasmineras.com\/index.php\/wp-json\/wp\/v2\/posts\/3899\/revisions\/3901"}],"wp:featuredmedia":[{"embeddable":true,"href":"https:\/\/www.cuencasmineras.com\/index.php\/wp-json\/wp\/v2\/media\/3900"}],"wp:attachment":[{"href":"https:\/\/www.cuencasmineras.com\/index.php\/wp-json\/wp\/v2\/media?parent=3899"}],"wp:term":[{"taxonomy":"category","embeddable":true,"href":"https:\/\/www.cuencasmineras.com\/index.php\/wp-json\/wp\/v2\/categories?post=3899"},{"taxonomy":"post_tag","embeddable":true,"href":"https:\/\/www.cuencasmineras.com\/index.php\/wp-json\/wp\/v2\/tags?post=3899"}],"curies":[{"name":"wp","href":"https:\/\/api.w.org\/{rel}","templated":true}]}}