{"id":3946,"date":"2021-11-27T15:52:00","date_gmt":"2021-11-27T15:52:00","guid":{"rendered":"https:\/\/www.cuencasmineras.com\/?p=3946"},"modified":"2021-11-27T15:52:00","modified_gmt":"2021-11-27T15:52:00","slug":"el-temporal-complica-las-comunicaciones-en-asturias-con-pajares-cerrado-para-camiones-trenes-cancelados-y-restricciones-en-el-huerna","status":"publish","type":"post","link":"https:\/\/www.cuencasmineras.com\/index.php\/2021\/11\/27\/el-temporal-complica-las-comunicaciones-en-asturias-con-pajares-cerrado-para-camiones-trenes-cancelados-y-restricciones-en-el-huerna\/","title":{"rendered":"El temporal complica las comunicaciones en Asturias con Pajares cerrado para camiones, trenes cancelados y restricciones en el Huerna"},"content":{"rendered":"<p style=\"text-align: justify;\">El temporal de nieve, lluvias y viento registrado durante las \u00faltimas jornadas en Asturias mantiene el puerto de Pajares cerrado para veh\u00edculos articulados &#8211;camiones con semirremolque&#8211;. Adem\u00e1s, se requieren cadenas para circular, al igual que en otros 13 puertos de monta\u00f1a. La situaci\u00f3n empieza a complicarse adem\u00e1s en la zona del Huerna. La autopista que une Asturias con Le\u00f3n permanece en nivel verde pero est\u00e1 empezando a nevar y ya se aconseja reducir la velocidad a 100 kil\u00f3metros por hora.El puerto de Pajares se encuentra en nivel rojo de riesgo y se requieren cadenas en los puertos de El Palo; Alto de La Marta; San Isidro; Leitariegos; Connio; Tarna; Collada de Arnicio; Cerredo; Cobertoria; Alto de La Colladiella; Somiedo; San Lorenzo; y Ventana. Igualmente, se necesitan cadenas para circular por la carretera AS-264 entre Sotres y el l\u00edmite con Cantabria, y la LA-7, que une Cia\u00f1o con Urbi\u00e9s, en el Alto de La Mozqueta.<\/p>\n<p><img loading=\"lazy\" decoding=\"async\" class=\"aligncenter size-large wp-image-3947\" src=\"https:\/\/www.cuencasmineras.com\/wp-content\/uploads\/2021\/11\/986a27b0-aef0-42e3-8825-a7f2d5df2004_16-9-discover-aspect-ratio_default_0-1024x576.jpg\" alt=\"\" width=\"640\" height=\"360\" srcset=\"https:\/\/www.cuencasmineras.com\/wp-content\/uploads\/2021\/11\/986a27b0-aef0-42e3-8825-a7f2d5df2004_16-9-discover-aspect-ratio_default_0-1024x576.jpg 1024w, https:\/\/www.cuencasmineras.com\/wp-content\/uploads\/2021\/11\/986a27b0-aef0-42e3-8825-a7f2d5df2004_16-9-discover-aspect-ratio_default_0-300x169.jpg 300w, https:\/\/www.cuencasmineras.com\/wp-content\/uploads\/2021\/11\/986a27b0-aef0-42e3-8825-a7f2d5df2004_16-9-discover-aspect-ratio_default_0-768x432.jpg 768w, https:\/\/www.cuencasmineras.com\/wp-content\/uploads\/2021\/11\/986a27b0-aef0-42e3-8825-a7f2d5df2004_16-9-discover-aspect-ratio_default_0.jpg 1200w\" sizes=\"auto, (max-width: 640px) 100vw, 640px\" \/><\/p>\n<p style=\"text-align: justify;\">Por otro lado, est\u00e1 cerrada la carretera LN-8 en el tramo entre Tuiza y el alto de La Cubilla; la AS-334, carretera de por desprendimiento de un talud sobre la v\u00eda; y la AS-261 en el puente de Los Grazos-Bele\u00f1o, en la entrada a San Juan de Bele\u00f1o. Adem\u00e1s, el descarrilamiento de un tren de mercanc\u00edas en las proximidades Navidiello (Lena) ha obligado a interrumpir el servicio de transporte de viajeros entre Asturias y Le\u00f3n. Seg\u00fan informa Adif, el incidente se produjo por el descarrilamiento de dos vagones. Renfe ha habilitado un transporte por carretera hasta Le\u00f3n hasta que se solucione la incidencia. El corte de la v\u00eda est\u00e1 afectando a diferentes trayectos y conexiones.<\/p>\n<p style=\"text-align: justify;\">La situaci\u00f3n podr\u00eda complicarse en las pr\u00f3ximas horas debido a las intensas lluvias que se esperan esta tarde y que se van a unir a las que ya azotaron en los \u00faltimos d\u00edas el oriente de la regi\u00f3n generando importantes da\u00f1os. .Tantos que el viceconsejero de Infraestructuras, Jorge Garc\u00eda, lleg\u00f3 a pedir precauci\u00f3n ante el riesgo de argayos en las v\u00edas secundarias. La Direcci\u00f3n General de Tr\u00e1fico, por su parte, exigi\u00f3 que se planifiquen bien los viajes y que se evite circular en caso de que no sea estrictamente necesario. La temperatura m\u00e1s baja se registr\u00f3 hoy en Pajares con casi cuatro grados bajo cero seg\u00fan la estad\u00edstica que hace p\u00fablica la Agencia Estatal de Meteorolog\u00eda.<\/p>\n","protected":false},"excerpt":{"rendered":"<p>El temporal de nieve, lluvias y viento registrado durante las \u00faltimas jornadas en Asturias mantiene el puerto de Pajares cerrado para veh\u00edculos articulados &#8211;camiones con semirremolque&#8211;. Adem\u00e1s, se requieren cadenas para circular, al igual que en otros 13 puertos de monta\u00f1a. La situaci\u00f3n empieza a complicarse adem\u00e1s en la zona del Huerna. La autopista que [&hellip;]<\/p>\n","protected":false},"author":1,"featured_media":3947,"comment_status":"open","ping_status":"open","sticky":false,"template":"","format":"standard","meta":{"footnotes":""},"categories":[7,6],"tags":[],"class_list":["post-3946","post","type-post","status-publish","format-standard","has-post-thumbnail","hentry","category-caudal","category-noticias"],"yoast_head":"<!-- This site is optimized with the Yoast SEO plugin v27.4 - https:\/\/yoast.com\/product\/yoast-seo-wordpress\/ -->\n<title>El temporal complica las comunicaciones en Asturias con Pajares cerrado para camiones, trenes cancelados y restricciones en el Huerna - cm news<\/title>\n<meta name=\"description\" content=\"La situaci\u00f3n podr\u00eda complicarse a\u00fan m\u00e1s con las lluvias durante este fin de semana.\" \/>\n<meta name=\"robots\" content=\"index, follow, max-snippet:-1, max-image-preview:large, max-video-preview:-1\" \/>\n<link rel=\"canonical\" href=\"https:\/\/www.cuencasmineras.com\/index.php\/2021\/11\/27\/el-temporal-complica-las-comunicaciones-en-asturias-con-pajares-cerrado-para-camiones-trenes-cancelados-y-restricciones-en-el-huerna\/\" \/>\n<meta property=\"og:locale\" content=\"es_ES\" \/>\n<meta property=\"og:type\" content=\"article\" \/>\n<meta property=\"og:title\" content=\"El temporal complica las comunicaciones en Asturias con Pajares cerrado para camiones, trenes cancelados y restricciones en el Huerna - cm news\" \/>\n<meta property=\"og:description\" content=\"La situaci\u00f3n podr\u00eda complicarse a\u00fan m\u00e1s con las lluvias durante este fin de semana.\" \/>\n<meta property=\"og:url\" content=\"https:\/\/www.cuencasmineras.com\/index.php\/2021\/11\/27\/el-temporal-complica-las-comunicaciones-en-asturias-con-pajares-cerrado-para-camiones-trenes-cancelados-y-restricciones-en-el-huerna\/\" \/>\n<meta property=\"article:published_time\" content=\"2021-11-27T15:52:00+00:00\" \/>\n<meta property=\"og:image\" content=\"https:\/\/www.cuencasmineras.com\/wp-content\/uploads\/2021\/11\/986a27b0-aef0-42e3-8825-a7f2d5df2004_16-9-discover-aspect-ratio_default_0.jpg\" \/>\n\t<meta property=\"og:image:width\" content=\"1200\" \/>\n\t<meta property=\"og:image:height\" content=\"675\" \/>\n\t<meta property=\"og:image:type\" content=\"image\/jpeg\" \/>\n<meta name=\"author\" content=\"admin\" \/>\n<meta name=\"twitter:card\" content=\"summary_large_image\" \/>\n<meta name=\"twitter:label1\" content=\"Escrito por\" \/>\n\t<meta name=\"twitter:data1\" content=\"admin\" \/>\n\t<meta name=\"twitter:label2\" content=\"Tiempo de lectura\" \/>\n\t<meta name=\"twitter:data2\" content=\"2 minutos\" \/>\n<script type=\"application\/ld+json\" class=\"yoast-schema-graph\">{\"@context\":\"https:\\\/\\\/schema.org\",\"@graph\":[{\"@type\":\"Article\",\"@id\":\"https:\\\/\\\/www.cuencasmineras.com\\\/index.php\\\/2021\\\/11\\\/27\\\/el-temporal-complica-las-comunicaciones-en-asturias-con-pajares-cerrado-para-camiones-trenes-cancelados-y-restricciones-en-el-huerna\\\/#article\",\"isPartOf\":{\"@id\":\"https:\\\/\\\/www.cuencasmineras.com\\\/index.php\\\/2021\\\/11\\\/27\\\/el-temporal-complica-las-comunicaciones-en-asturias-con-pajares-cerrado-para-camiones-trenes-cancelados-y-restricciones-en-el-huerna\\\/\"},\"author\":{\"name\":\"admin\",\"@id\":\"https:\\\/\\\/www.cuencasmineras.com\\\/#\\\/schema\\\/person\\\/be0691310e8496ec555f679dd688420c\"},\"headline\":\"El temporal complica las comunicaciones en Asturias con Pajares cerrado para camiones, trenes cancelados y restricciones en el Huerna\",\"datePublished\":\"2021-11-27T15:52:00+00:00\",\"mainEntityOfPage\":{\"@id\":\"https:\\\/\\\/www.cuencasmineras.com\\\/index.php\\\/2021\\\/11\\\/27\\\/el-temporal-complica-las-comunicaciones-en-asturias-con-pajares-cerrado-para-camiones-trenes-cancelados-y-restricciones-en-el-huerna\\\/\"},\"wordCount\":438,\"commentCount\":0,\"image\":{\"@id\":\"https:\\\/\\\/www.cuencasmineras.com\\\/index.php\\\/2021\\\/11\\\/27\\\/el-temporal-complica-las-comunicaciones-en-asturias-con-pajares-cerrado-para-camiones-trenes-cancelados-y-restricciones-en-el-huerna\\\/#primaryimage\"},\"thumbnailUrl\":\"https:\\\/\\\/www.cuencasmineras.com\\\/wp-content\\\/uploads\\\/2021\\\/11\\\/986a27b0-aef0-42e3-8825-a7f2d5df2004_16-9-discover-aspect-ratio_default_0.jpg\",\"articleSection\":[\"Caudal\",\"CM NEWS\"],\"inLanguage\":\"es\",\"potentialAction\":[{\"@type\":\"CommentAction\",\"name\":\"Comment\",\"target\":[\"https:\\\/\\\/www.cuencasmineras.com\\\/index.php\\\/2021\\\/11\\\/27\\\/el-temporal-complica-las-comunicaciones-en-asturias-con-pajares-cerrado-para-camiones-trenes-cancelados-y-restricciones-en-el-huerna\\\/#respond\"]}]},{\"@type\":\"WebPage\",\"@id\":\"https:\\\/\\\/www.cuencasmineras.com\\\/index.php\\\/2021\\\/11\\\/27\\\/el-temporal-complica-las-comunicaciones-en-asturias-con-pajares-cerrado-para-camiones-trenes-cancelados-y-restricciones-en-el-huerna\\\/\",\"url\":\"https:\\\/\\\/www.cuencasmineras.com\\\/index.php\\\/2021\\\/11\\\/27\\\/el-temporal-complica-las-comunicaciones-en-asturias-con-pajares-cerrado-para-camiones-trenes-cancelados-y-restricciones-en-el-huerna\\\/\",\"name\":\"El temporal complica las comunicaciones en Asturias con Pajares cerrado para camiones, trenes cancelados y restricciones en el Huerna - cm news\",\"isPartOf\":{\"@id\":\"https:\\\/\\\/www.cuencasmineras.com\\\/#website\"},\"primaryImageOfPage\":{\"@id\":\"https:\\\/\\\/www.cuencasmineras.com\\\/index.php\\\/2021\\\/11\\\/27\\\/el-temporal-complica-las-comunicaciones-en-asturias-con-pajares-cerrado-para-camiones-trenes-cancelados-y-restricciones-en-el-huerna\\\/#primaryimage\"},\"image\":{\"@id\":\"https:\\\/\\\/www.cuencasmineras.com\\\/index.php\\\/2021\\\/11\\\/27\\\/el-temporal-complica-las-comunicaciones-en-asturias-con-pajares-cerrado-para-camiones-trenes-cancelados-y-restricciones-en-el-huerna\\\/#primaryimage\"},\"thumbnailUrl\":\"https:\\\/\\\/www.cuencasmineras.com\\\/wp-content\\\/uploads\\\/2021\\\/11\\\/986a27b0-aef0-42e3-8825-a7f2d5df2004_16-9-discover-aspect-ratio_default_0.jpg\",\"datePublished\":\"2021-11-27T15:52:00+00:00\",\"author\":{\"@id\":\"https:\\\/\\\/www.cuencasmineras.com\\\/#\\\/schema\\\/person\\\/be0691310e8496ec555f679dd688420c\"},\"description\":\"La situaci\u00f3n podr\u00eda complicarse a\u00fan m\u00e1s con las lluvias durante este fin de semana.\",\"breadcrumb\":{\"@id\":\"https:\\\/\\\/www.cuencasmineras.com\\\/index.php\\\/2021\\\/11\\\/27\\\/el-temporal-complica-las-comunicaciones-en-asturias-con-pajares-cerrado-para-camiones-trenes-cancelados-y-restricciones-en-el-huerna\\\/#breadcrumb\"},\"inLanguage\":\"es\",\"potentialAction\":[{\"@type\":\"ReadAction\",\"target\":[\"https:\\\/\\\/www.cuencasmineras.com\\\/index.php\\\/2021\\\/11\\\/27\\\/el-temporal-complica-las-comunicaciones-en-asturias-con-pajares-cerrado-para-camiones-trenes-cancelados-y-restricciones-en-el-huerna\\\/\"]}]},{\"@type\":\"ImageObject\",\"inLanguage\":\"es\",\"@id\":\"https:\\\/\\\/www.cuencasmineras.com\\\/index.php\\\/2021\\\/11\\\/27\\\/el-temporal-complica-las-comunicaciones-en-asturias-con-pajares-cerrado-para-camiones-trenes-cancelados-y-restricciones-en-el-huerna\\\/#primaryimage\",\"url\":\"https:\\\/\\\/www.cuencasmineras.com\\\/wp-content\\\/uploads\\\/2021\\\/11\\\/986a27b0-aef0-42e3-8825-a7f2d5df2004_16-9-discover-aspect-ratio_default_0.jpg\",\"contentUrl\":\"https:\\\/\\\/www.cuencasmineras.com\\\/wp-content\\\/uploads\\\/2021\\\/11\\\/986a27b0-aef0-42e3-8825-a7f2d5df2004_16-9-discover-aspect-ratio_default_0.jpg\",\"width\":1200,\"height\":675},{\"@type\":\"BreadcrumbList\",\"@id\":\"https:\\\/\\\/www.cuencasmineras.com\\\/index.php\\\/2021\\\/11\\\/27\\\/el-temporal-complica-las-comunicaciones-en-asturias-con-pajares-cerrado-para-camiones-trenes-cancelados-y-restricciones-en-el-huerna\\\/#breadcrumb\",\"itemListElement\":[{\"@type\":\"ListItem\",\"position\":1,\"name\":\"Portada\",\"item\":\"https:\\\/\\\/www.cuencasmineras.com\\\/\"},{\"@type\":\"ListItem\",\"position\":2,\"name\":\"El temporal complica las comunicaciones en Asturias con Pajares cerrado para camiones, trenes cancelados y restricciones en el Huerna\"}]},{\"@type\":\"WebSite\",\"@id\":\"https:\\\/\\\/www.cuencasmineras.com\\\/#website\",\"url\":\"https:\\\/\\\/www.cuencasmineras.com\\\/\",\"name\":\"\",\"description\":\"\",\"potentialAction\":[{\"@type\":\"SearchAction\",\"target\":{\"@type\":\"EntryPoint\",\"urlTemplate\":\"https:\\\/\\\/www.cuencasmineras.com\\\/?s={search_term_string}\"},\"query-input\":{\"@type\":\"PropertyValueSpecification\",\"valueRequired\":true,\"valueName\":\"search_term_string\"}}],\"inLanguage\":\"es\"},{\"@type\":\"Person\",\"@id\":\"https:\\\/\\\/www.cuencasmineras.com\\\/#\\\/schema\\\/person\\\/be0691310e8496ec555f679dd688420c\",\"name\":\"admin\",\"image\":{\"@type\":\"ImageObject\",\"inLanguage\":\"es\",\"@id\":\"https:\\\/\\\/secure.gravatar.com\\\/avatar\\\/4afd2eed3b2fbbf36dd6707b5bd8a5b50ac648f033e36fbf85aeace2f0f859db?s=96&d=mm&r=g\",\"url\":\"https:\\\/\\\/secure.gravatar.com\\\/avatar\\\/4afd2eed3b2fbbf36dd6707b5bd8a5b50ac648f033e36fbf85aeace2f0f859db?s=96&d=mm&r=g\",\"contentUrl\":\"https:\\\/\\\/secure.gravatar.com\\\/avatar\\\/4afd2eed3b2fbbf36dd6707b5bd8a5b50ac648f033e36fbf85aeace2f0f859db?s=96&d=mm&r=g\",\"caption\":\"admin\"},\"sameAs\":[\"https:\\\/\\\/www.cuencasmineras.com\"],\"url\":\"https:\\\/\\\/www.cuencasmineras.com\\\/index.php\\\/author\\\/admin\\\/\"}]}<\/script>\n<!-- \/ Yoast SEO plugin. -->","yoast_head_json":{"title":"El temporal complica las comunicaciones en Asturias con Pajares cerrado para camiones, trenes cancelados y restricciones en el Huerna - cm news","description":"La situaci\u00f3n podr\u00eda complicarse a\u00fan m\u00e1s con las lluvias durante este fin de semana.","robots":{"index":"index","follow":"follow","max-snippet":"max-snippet:-1","max-image-preview":"max-image-preview:large","max-video-preview":"max-video-preview:-1"},"canonical":"https:\/\/www.cuencasmineras.com\/index.php\/2021\/11\/27\/el-temporal-complica-las-comunicaciones-en-asturias-con-pajares-cerrado-para-camiones-trenes-cancelados-y-restricciones-en-el-huerna\/","og_locale":"es_ES","og_type":"article","og_title":"El temporal complica las comunicaciones en Asturias con Pajares cerrado para camiones, trenes cancelados y restricciones en el Huerna - cm news","og_description":"La situaci\u00f3n podr\u00eda complicarse a\u00fan m\u00e1s con las lluvias durante este fin de semana.","og_url":"https:\/\/www.cuencasmineras.com\/index.php\/2021\/11\/27\/el-temporal-complica-las-comunicaciones-en-asturias-con-pajares-cerrado-para-camiones-trenes-cancelados-y-restricciones-en-el-huerna\/","article_published_time":"2021-11-27T15:52:00+00:00","og_image":[{"width":1200,"height":675,"url":"https:\/\/www.cuencasmineras.com\/wp-content\/uploads\/2021\/11\/986a27b0-aef0-42e3-8825-a7f2d5df2004_16-9-discover-aspect-ratio_default_0.jpg","type":"image\/jpeg"}],"author":"admin","twitter_card":"summary_large_image","twitter_misc":{"Escrito por":"admin","Tiempo de lectura":"2 minutos"},"schema":{"@context":"https:\/\/schema.org","@graph":[{"@type":"Article","@id":"https:\/\/www.cuencasmineras.com\/index.php\/2021\/11\/27\/el-temporal-complica-las-comunicaciones-en-asturias-con-pajares-cerrado-para-camiones-trenes-cancelados-y-restricciones-en-el-huerna\/#article","isPartOf":{"@id":"https:\/\/www.cuencasmineras.com\/index.php\/2021\/11\/27\/el-temporal-complica-las-comunicaciones-en-asturias-con-pajares-cerrado-para-camiones-trenes-cancelados-y-restricciones-en-el-huerna\/"},"author":{"name":"admin","@id":"https:\/\/www.cuencasmineras.com\/#\/schema\/person\/be0691310e8496ec555f679dd688420c"},"headline":"El temporal complica las comunicaciones en Asturias con Pajares cerrado para camiones, trenes cancelados y restricciones en el Huerna","datePublished":"2021-11-27T15:52:00+00:00","mainEntityOfPage":{"@id":"https:\/\/www.cuencasmineras.com\/index.php\/2021\/11\/27\/el-temporal-complica-las-comunicaciones-en-asturias-con-pajares-cerrado-para-camiones-trenes-cancelados-y-restricciones-en-el-huerna\/"},"wordCount":438,"commentCount":0,"image":{"@id":"https:\/\/www.cuencasmineras.com\/index.php\/2021\/11\/27\/el-temporal-complica-las-comunicaciones-en-asturias-con-pajares-cerrado-para-camiones-trenes-cancelados-y-restricciones-en-el-huerna\/#primaryimage"},"thumbnailUrl":"https:\/\/www.cuencasmineras.com\/wp-content\/uploads\/2021\/11\/986a27b0-aef0-42e3-8825-a7f2d5df2004_16-9-discover-aspect-ratio_default_0.jpg","articleSection":["Caudal","CM NEWS"],"inLanguage":"es","potentialAction":[{"@type":"CommentAction","name":"Comment","target":["https:\/\/www.cuencasmineras.com\/index.php\/2021\/11\/27\/el-temporal-complica-las-comunicaciones-en-asturias-con-pajares-cerrado-para-camiones-trenes-cancelados-y-restricciones-en-el-huerna\/#respond"]}]},{"@type":"WebPage","@id":"https:\/\/www.cuencasmineras.com\/index.php\/2021\/11\/27\/el-temporal-complica-las-comunicaciones-en-asturias-con-pajares-cerrado-para-camiones-trenes-cancelados-y-restricciones-en-el-huerna\/","url":"https:\/\/www.cuencasmineras.com\/index.php\/2021\/11\/27\/el-temporal-complica-las-comunicaciones-en-asturias-con-pajares-cerrado-para-camiones-trenes-cancelados-y-restricciones-en-el-huerna\/","name":"El temporal complica las comunicaciones en Asturias con Pajares cerrado para camiones, trenes cancelados y restricciones en el Huerna - cm news","isPartOf":{"@id":"https:\/\/www.cuencasmineras.com\/#website"},"primaryImageOfPage":{"@id":"https:\/\/www.cuencasmineras.com\/index.php\/2021\/11\/27\/el-temporal-complica-las-comunicaciones-en-asturias-con-pajares-cerrado-para-camiones-trenes-cancelados-y-restricciones-en-el-huerna\/#primaryimage"},"image":{"@id":"https:\/\/www.cuencasmineras.com\/index.php\/2021\/11\/27\/el-temporal-complica-las-comunicaciones-en-asturias-con-pajares-cerrado-para-camiones-trenes-cancelados-y-restricciones-en-el-huerna\/#primaryimage"},"thumbnailUrl":"https:\/\/www.cuencasmineras.com\/wp-content\/uploads\/2021\/11\/986a27b0-aef0-42e3-8825-a7f2d5df2004_16-9-discover-aspect-ratio_default_0.jpg","datePublished":"2021-11-27T15:52:00+00:00","author":{"@id":"https:\/\/www.cuencasmineras.com\/#\/schema\/person\/be0691310e8496ec555f679dd688420c"},"description":"La situaci\u00f3n podr\u00eda complicarse a\u00fan m\u00e1s con las lluvias durante este fin de semana.","breadcrumb":{"@id":"https:\/\/www.cuencasmineras.com\/index.php\/2021\/11\/27\/el-temporal-complica-las-comunicaciones-en-asturias-con-pajares-cerrado-para-camiones-trenes-cancelados-y-restricciones-en-el-huerna\/#breadcrumb"},"inLanguage":"es","potentialAction":[{"@type":"ReadAction","target":["https:\/\/www.cuencasmineras.com\/index.php\/2021\/11\/27\/el-temporal-complica-las-comunicaciones-en-asturias-con-pajares-cerrado-para-camiones-trenes-cancelados-y-restricciones-en-el-huerna\/"]}]},{"@type":"ImageObject","inLanguage":"es","@id":"https:\/\/www.cuencasmineras.com\/index.php\/2021\/11\/27\/el-temporal-complica-las-comunicaciones-en-asturias-con-pajares-cerrado-para-camiones-trenes-cancelados-y-restricciones-en-el-huerna\/#primaryimage","url":"https:\/\/www.cuencasmineras.com\/wp-content\/uploads\/2021\/11\/986a27b0-aef0-42e3-8825-a7f2d5df2004_16-9-discover-aspect-ratio_default_0.jpg","contentUrl":"https:\/\/www.cuencasmineras.com\/wp-content\/uploads\/2021\/11\/986a27b0-aef0-42e3-8825-a7f2d5df2004_16-9-discover-aspect-ratio_default_0.jpg","width":1200,"height":675},{"@type":"BreadcrumbList","@id":"https:\/\/www.cuencasmineras.com\/index.php\/2021\/11\/27\/el-temporal-complica-las-comunicaciones-en-asturias-con-pajares-cerrado-para-camiones-trenes-cancelados-y-restricciones-en-el-huerna\/#breadcrumb","itemListElement":[{"@type":"ListItem","position":1,"name":"Portada","item":"https:\/\/www.cuencasmineras.com\/"},{"@type":"ListItem","position":2,"name":"El temporal complica las comunicaciones en Asturias con Pajares cerrado para camiones, trenes cancelados y restricciones en el Huerna"}]},{"@type":"WebSite","@id":"https:\/\/www.cuencasmineras.com\/#website","url":"https:\/\/www.cuencasmineras.com\/","name":"","description":"","potentialAction":[{"@type":"SearchAction","target":{"@type":"EntryPoint","urlTemplate":"https:\/\/www.cuencasmineras.com\/?s={search_term_string}"},"query-input":{"@type":"PropertyValueSpecification","valueRequired":true,"valueName":"search_term_string"}}],"inLanguage":"es"},{"@type":"Person","@id":"https:\/\/www.cuencasmineras.com\/#\/schema\/person\/be0691310e8496ec555f679dd688420c","name":"admin","image":{"@type":"ImageObject","inLanguage":"es","@id":"https:\/\/secure.gravatar.com\/avatar\/4afd2eed3b2fbbf36dd6707b5bd8a5b50ac648f033e36fbf85aeace2f0f859db?s=96&d=mm&r=g","url":"https:\/\/secure.gravatar.com\/avatar\/4afd2eed3b2fbbf36dd6707b5bd8a5b50ac648f033e36fbf85aeace2f0f859db?s=96&d=mm&r=g","contentUrl":"https:\/\/secure.gravatar.com\/avatar\/4afd2eed3b2fbbf36dd6707b5bd8a5b50ac648f033e36fbf85aeace2f0f859db?s=96&d=mm&r=g","caption":"admin"},"sameAs":["https:\/\/www.cuencasmineras.com"],"url":"https:\/\/www.cuencasmineras.com\/index.php\/author\/admin\/"}]}},"_links":{"self":[{"href":"https:\/\/www.cuencasmineras.com\/index.php\/wp-json\/wp\/v2\/posts\/3946","targetHints":{"allow":["GET"]}}],"collection":[{"href":"https:\/\/www.cuencasmineras.com\/index.php\/wp-json\/wp\/v2\/posts"}],"about":[{"href":"https:\/\/www.cuencasmineras.com\/index.php\/wp-json\/wp\/v2\/types\/post"}],"author":[{"embeddable":true,"href":"https:\/\/www.cuencasmineras.com\/index.php\/wp-json\/wp\/v2\/users\/1"}],"replies":[{"embeddable":true,"href":"https:\/\/www.cuencasmineras.com\/index.php\/wp-json\/wp\/v2\/comments?post=3946"}],"version-history":[{"count":1,"href":"https:\/\/www.cuencasmineras.com\/index.php\/wp-json\/wp\/v2\/posts\/3946\/revisions"}],"predecessor-version":[{"id":3948,"href":"https:\/\/www.cuencasmineras.com\/index.php\/wp-json\/wp\/v2\/posts\/3946\/revisions\/3948"}],"wp:featuredmedia":[{"embeddable":true,"href":"https:\/\/www.cuencasmineras.com\/index.php\/wp-json\/wp\/v2\/media\/3947"}],"wp:attachment":[{"href":"https:\/\/www.cuencasmineras.com\/index.php\/wp-json\/wp\/v2\/media?parent=3946"}],"wp:term":[{"taxonomy":"category","embeddable":true,"href":"https:\/\/www.cuencasmineras.com\/index.php\/wp-json\/wp\/v2\/categories?post=3946"},{"taxonomy":"post_tag","embeddable":true,"href":"https:\/\/www.cuencasmineras.com\/index.php\/wp-json\/wp\/v2\/tags?post=3946"}],"curies":[{"name":"wp","href":"https:\/\/api.w.org\/{rel}","templated":true}]}}