{"id":4089,"date":"2021-12-10T19:25:48","date_gmt":"2021-12-10T19:25:48","guid":{"rendered":"https:\/\/www.cuencasmineras.com\/?p=4089"},"modified":"2021-12-10T19:25:48","modified_gmt":"2021-12-10T19:25:48","slug":"la-feria-del-libro-regresa-a-morcin-este-fin-de-semana","status":"publish","type":"post","link":"https:\/\/www.cuencasmineras.com\/index.php\/2021\/12\/10\/la-feria-del-libro-regresa-a-morcin-este-fin-de-semana\/","title":{"rendered":"La Feria del Libro regresa a Morc\u00edn este fin de semana"},"content":{"rendered":"<p>Morc\u00edn recupera este fin de semana su Feria del Libro. La cita, tras el par\u00f3n obligado por la crisis sanitaria, regresa ma\u00f1ana con gran expectaci\u00f3n. El Ayuntamiento morciniego conf\u00eda en que el evento atraiga numerosos visitantes.<\/p>\n<p><img loading=\"lazy\" decoding=\"async\" class=\"aligncenter size-large wp-image-4090\" src=\"https:\/\/www.cuencasmineras.com\/wp-content\/uploads\/2021\/12\/FGMvn3FWQAE2P0Y-749x1024.jpg\" alt=\"\" width=\"640\" height=\"875\" srcset=\"https:\/\/www.cuencasmineras.com\/wp-content\/uploads\/2021\/12\/FGMvn3FWQAE2P0Y-749x1024.jpg 749w, https:\/\/www.cuencasmineras.com\/wp-content\/uploads\/2021\/12\/FGMvn3FWQAE2P0Y-220x300.jpg 220w, https:\/\/www.cuencasmineras.com\/wp-content\/uploads\/2021\/12\/FGMvn3FWQAE2P0Y-768x1050.jpg 768w, https:\/\/www.cuencasmineras.com\/wp-content\/uploads\/2021\/12\/FGMvn3FWQAE2P0Y.jpg 878w\" sizes=\"auto, (max-width: 640px) 100vw, 640px\" \/><\/p>\n<p>Esta cuarta edici\u00f3n del certamen local da continuidad a la celebrada en el a\u00f1o 2019. Los actos, que comenzar\u00e1n poco antes del mediod\u00eda, se prolongar\u00e1n hasta las ocho de la tarde en \u201cun continuo contacto de los autores con sus lectores y la presentaci\u00f3n de libros\u201d. La oferta es sugerente y variada, buscando satisfacer todos los gustos de los lectores. Narrativa, poes\u00eda, libros sobre la historia local o de autores radicados en la cuenca, todos tienen cabida en la gran fiesta del libro y la lectura que organiza de nuevo el Ayuntamiento de Morc\u00edn a trav\u00e9s de la concejal\u00eda de Cultura, que encabeza Mar\u00eda Perera, y la Biblioteca Municipal.<\/p>\n<p>El evento estar\u00e1 repleto de citas de inter\u00e9s. Entre otras actividades, el Concurso de Relatos, que alcanza tambi\u00e9n su cuarta edici\u00f3n, entregar\u00e1 sus premios en el transcurso de la jornada de celebraci\u00f3n de la Feria del Libro. El encuentro ser\u00e1 en el Colegio P\u00fablico de La Foz. La primera cita ser\u00e1 a las once y media de la ma\u00f1ana con Maxi Rodr\u00edguez: \u201cLear o el deporte rey\u201d. La actividad no se detendr\u00e1 durante toda la jornada, para culminar la tarde con un recital de poes\u00eda.<\/p>\n","protected":false},"excerpt":{"rendered":"<p>Morc\u00edn recupera este fin de semana su Feria del Libro. La cita, tras el par\u00f3n obligado por la crisis sanitaria, regresa ma\u00f1ana con gran expectaci\u00f3n. El Ayuntamiento morciniego conf\u00eda en que el evento atraiga numerosos visitantes. Esta cuarta edici\u00f3n del certamen local da continuidad a la celebrada en el a\u00f1o 2019. Los actos, que comenzar\u00e1n [&hellip;]<\/p>\n","protected":false},"author":1,"featured_media":4090,"comment_status":"open","ping_status":"open","sticky":false,"template":"","format":"standard","meta":{"footnotes":""},"categories":[7,6],"tags":[],"class_list":["post-4089","post","type-post","status-publish","format-standard","has-post-thumbnail","hentry","category-caudal","category-noticias"],"yoast_head":"<!-- This site is optimized with the Yoast SEO plugin v27.4 - https:\/\/yoast.com\/product\/yoast-seo-wordpress\/ -->\n<title>La Feria del Libro regresa a Morc\u00edn este fin de semana - cm news<\/title>\n<meta name=\"description\" content=\"El encuentro ser\u00e1 en el Colegio P\u00fablico de La Foz. La primera cita ser\u00e1 a las once y media de la ma\u00f1ana con Maxi Rodr\u00edguez: \u201cLear o el deporte rey\u201d. La actividad no se detendr\u00e1 durante toda la jornada, para culminar la tarde con un recital de poes\u00eda.\" \/>\n<meta name=\"robots\" content=\"index, follow, max-snippet:-1, max-image-preview:large, max-video-preview:-1\" \/>\n<link rel=\"canonical\" href=\"https:\/\/www.cuencasmineras.com\/index.php\/2021\/12\/10\/la-feria-del-libro-regresa-a-morcin-este-fin-de-semana\/\" \/>\n<meta property=\"og:locale\" content=\"es_ES\" \/>\n<meta property=\"og:type\" content=\"article\" \/>\n<meta property=\"og:title\" content=\"La Feria del Libro regresa a Morc\u00edn este fin de semana - cm news\" \/>\n<meta property=\"og:description\" content=\"El encuentro ser\u00e1 en el Colegio P\u00fablico de La Foz. La primera cita ser\u00e1 a las once y media de la ma\u00f1ana con Maxi Rodr\u00edguez: \u201cLear o el deporte rey\u201d. La actividad no se detendr\u00e1 durante toda la jornada, para culminar la tarde con un recital de poes\u00eda.\" \/>\n<meta property=\"og:url\" content=\"https:\/\/www.cuencasmineras.com\/index.php\/2021\/12\/10\/la-feria-del-libro-regresa-a-morcin-este-fin-de-semana\/\" \/>\n<meta property=\"article:published_time\" content=\"2021-12-10T19:25:48+00:00\" \/>\n<meta property=\"og:image\" content=\"https:\/\/www.cuencasmineras.com\/wp-content\/uploads\/2021\/12\/FGMvn3FWQAE2P0Y.jpg\" \/>\n\t<meta property=\"og:image:width\" content=\"878\" \/>\n\t<meta property=\"og:image:height\" content=\"1200\" \/>\n\t<meta property=\"og:image:type\" content=\"image\/jpeg\" \/>\n<meta name=\"author\" content=\"admin\" \/>\n<meta name=\"twitter:card\" content=\"summary_large_image\" \/>\n<meta name=\"twitter:label1\" content=\"Escrito por\" \/>\n\t<meta name=\"twitter:data1\" content=\"admin\" \/>\n\t<meta name=\"twitter:label2\" content=\"Tiempo de lectura\" \/>\n\t<meta name=\"twitter:data2\" content=\"1 minuto\" \/>\n<script type=\"application\/ld+json\" class=\"yoast-schema-graph\">{\"@context\":\"https:\\\/\\\/schema.org\",\"@graph\":[{\"@type\":\"Article\",\"@id\":\"https:\\\/\\\/www.cuencasmineras.com\\\/index.php\\\/2021\\\/12\\\/10\\\/la-feria-del-libro-regresa-a-morcin-este-fin-de-semana\\\/#article\",\"isPartOf\":{\"@id\":\"https:\\\/\\\/www.cuencasmineras.com\\\/index.php\\\/2021\\\/12\\\/10\\\/la-feria-del-libro-regresa-a-morcin-este-fin-de-semana\\\/\"},\"author\":{\"name\":\"admin\",\"@id\":\"https:\\\/\\\/www.cuencasmineras.com\\\/#\\\/schema\\\/person\\\/be0691310e8496ec555f679dd688420c\"},\"headline\":\"La Feria del Libro regresa a Morc\u00edn este fin de semana\",\"datePublished\":\"2021-12-10T19:25:48+00:00\",\"mainEntityOfPage\":{\"@id\":\"https:\\\/\\\/www.cuencasmineras.com\\\/index.php\\\/2021\\\/12\\\/10\\\/la-feria-del-libro-regresa-a-morcin-este-fin-de-semana\\\/\"},\"wordCount\":265,\"commentCount\":0,\"image\":{\"@id\":\"https:\\\/\\\/www.cuencasmineras.com\\\/index.php\\\/2021\\\/12\\\/10\\\/la-feria-del-libro-regresa-a-morcin-este-fin-de-semana\\\/#primaryimage\"},\"thumbnailUrl\":\"https:\\\/\\\/www.cuencasmineras.com\\\/wp-content\\\/uploads\\\/2021\\\/12\\\/FGMvn3FWQAE2P0Y.jpg\",\"articleSection\":[\"Caudal\",\"CM NEWS\"],\"inLanguage\":\"es\",\"potentialAction\":[{\"@type\":\"CommentAction\",\"name\":\"Comment\",\"target\":[\"https:\\\/\\\/www.cuencasmineras.com\\\/index.php\\\/2021\\\/12\\\/10\\\/la-feria-del-libro-regresa-a-morcin-este-fin-de-semana\\\/#respond\"]}]},{\"@type\":\"WebPage\",\"@id\":\"https:\\\/\\\/www.cuencasmineras.com\\\/index.php\\\/2021\\\/12\\\/10\\\/la-feria-del-libro-regresa-a-morcin-este-fin-de-semana\\\/\",\"url\":\"https:\\\/\\\/www.cuencasmineras.com\\\/index.php\\\/2021\\\/12\\\/10\\\/la-feria-del-libro-regresa-a-morcin-este-fin-de-semana\\\/\",\"name\":\"La Feria del Libro regresa a Morc\u00edn este fin de semana - cm news\",\"isPartOf\":{\"@id\":\"https:\\\/\\\/www.cuencasmineras.com\\\/#website\"},\"primaryImageOfPage\":{\"@id\":\"https:\\\/\\\/www.cuencasmineras.com\\\/index.php\\\/2021\\\/12\\\/10\\\/la-feria-del-libro-regresa-a-morcin-este-fin-de-semana\\\/#primaryimage\"},\"image\":{\"@id\":\"https:\\\/\\\/www.cuencasmineras.com\\\/index.php\\\/2021\\\/12\\\/10\\\/la-feria-del-libro-regresa-a-morcin-este-fin-de-semana\\\/#primaryimage\"},\"thumbnailUrl\":\"https:\\\/\\\/www.cuencasmineras.com\\\/wp-content\\\/uploads\\\/2021\\\/12\\\/FGMvn3FWQAE2P0Y.jpg\",\"datePublished\":\"2021-12-10T19:25:48+00:00\",\"author\":{\"@id\":\"https:\\\/\\\/www.cuencasmineras.com\\\/#\\\/schema\\\/person\\\/be0691310e8496ec555f679dd688420c\"},\"description\":\"El encuentro ser\u00e1 en el Colegio P\u00fablico de La Foz. La primera cita ser\u00e1 a las once y media de la ma\u00f1ana con Maxi Rodr\u00edguez: \u201cLear o el deporte rey\u201d. La actividad no se detendr\u00e1 durante toda la jornada, para culminar la tarde con un recital de poes\u00eda.\",\"breadcrumb\":{\"@id\":\"https:\\\/\\\/www.cuencasmineras.com\\\/index.php\\\/2021\\\/12\\\/10\\\/la-feria-del-libro-regresa-a-morcin-este-fin-de-semana\\\/#breadcrumb\"},\"inLanguage\":\"es\",\"potentialAction\":[{\"@type\":\"ReadAction\",\"target\":[\"https:\\\/\\\/www.cuencasmineras.com\\\/index.php\\\/2021\\\/12\\\/10\\\/la-feria-del-libro-regresa-a-morcin-este-fin-de-semana\\\/\"]}]},{\"@type\":\"ImageObject\",\"inLanguage\":\"es\",\"@id\":\"https:\\\/\\\/www.cuencasmineras.com\\\/index.php\\\/2021\\\/12\\\/10\\\/la-feria-del-libro-regresa-a-morcin-este-fin-de-semana\\\/#primaryimage\",\"url\":\"https:\\\/\\\/www.cuencasmineras.com\\\/wp-content\\\/uploads\\\/2021\\\/12\\\/FGMvn3FWQAE2P0Y.jpg\",\"contentUrl\":\"https:\\\/\\\/www.cuencasmineras.com\\\/wp-content\\\/uploads\\\/2021\\\/12\\\/FGMvn3FWQAE2P0Y.jpg\",\"width\":878,\"height\":1200},{\"@type\":\"BreadcrumbList\",\"@id\":\"https:\\\/\\\/www.cuencasmineras.com\\\/index.php\\\/2021\\\/12\\\/10\\\/la-feria-del-libro-regresa-a-morcin-este-fin-de-semana\\\/#breadcrumb\",\"itemListElement\":[{\"@type\":\"ListItem\",\"position\":1,\"name\":\"Portada\",\"item\":\"https:\\\/\\\/www.cuencasmineras.com\\\/\"},{\"@type\":\"ListItem\",\"position\":2,\"name\":\"La Feria del Libro regresa a Morc\u00edn este fin de semana\"}]},{\"@type\":\"WebSite\",\"@id\":\"https:\\\/\\\/www.cuencasmineras.com\\\/#website\",\"url\":\"https:\\\/\\\/www.cuencasmineras.com\\\/\",\"name\":\"\",\"description\":\"\",\"potentialAction\":[{\"@type\":\"SearchAction\",\"target\":{\"@type\":\"EntryPoint\",\"urlTemplate\":\"https:\\\/\\\/www.cuencasmineras.com\\\/?s={search_term_string}\"},\"query-input\":{\"@type\":\"PropertyValueSpecification\",\"valueRequired\":true,\"valueName\":\"search_term_string\"}}],\"inLanguage\":\"es\"},{\"@type\":\"Person\",\"@id\":\"https:\\\/\\\/www.cuencasmineras.com\\\/#\\\/schema\\\/person\\\/be0691310e8496ec555f679dd688420c\",\"name\":\"admin\",\"image\":{\"@type\":\"ImageObject\",\"inLanguage\":\"es\",\"@id\":\"https:\\\/\\\/secure.gravatar.com\\\/avatar\\\/4afd2eed3b2fbbf36dd6707b5bd8a5b50ac648f033e36fbf85aeace2f0f859db?s=96&d=mm&r=g\",\"url\":\"https:\\\/\\\/secure.gravatar.com\\\/avatar\\\/4afd2eed3b2fbbf36dd6707b5bd8a5b50ac648f033e36fbf85aeace2f0f859db?s=96&d=mm&r=g\",\"contentUrl\":\"https:\\\/\\\/secure.gravatar.com\\\/avatar\\\/4afd2eed3b2fbbf36dd6707b5bd8a5b50ac648f033e36fbf85aeace2f0f859db?s=96&d=mm&r=g\",\"caption\":\"admin\"},\"sameAs\":[\"https:\\\/\\\/www.cuencasmineras.com\"],\"url\":\"https:\\\/\\\/www.cuencasmineras.com\\\/index.php\\\/author\\\/admin\\\/\"}]}<\/script>\n<!-- \/ Yoast SEO plugin. -->","yoast_head_json":{"title":"La Feria del Libro regresa a Morc\u00edn este fin de semana - cm news","description":"El encuentro ser\u00e1 en el Colegio P\u00fablico de La Foz. La primera cita ser\u00e1 a las once y media de la ma\u00f1ana con Maxi Rodr\u00edguez: \u201cLear o el deporte rey\u201d. La actividad no se detendr\u00e1 durante toda la jornada, para culminar la tarde con un recital de poes\u00eda.","robots":{"index":"index","follow":"follow","max-snippet":"max-snippet:-1","max-image-preview":"max-image-preview:large","max-video-preview":"max-video-preview:-1"},"canonical":"https:\/\/www.cuencasmineras.com\/index.php\/2021\/12\/10\/la-feria-del-libro-regresa-a-morcin-este-fin-de-semana\/","og_locale":"es_ES","og_type":"article","og_title":"La Feria del Libro regresa a Morc\u00edn este fin de semana - cm news","og_description":"El encuentro ser\u00e1 en el Colegio P\u00fablico de La Foz. La primera cita ser\u00e1 a las once y media de la ma\u00f1ana con Maxi Rodr\u00edguez: \u201cLear o el deporte rey\u201d. La actividad no se detendr\u00e1 durante toda la jornada, para culminar la tarde con un recital de poes\u00eda.","og_url":"https:\/\/www.cuencasmineras.com\/index.php\/2021\/12\/10\/la-feria-del-libro-regresa-a-morcin-este-fin-de-semana\/","article_published_time":"2021-12-10T19:25:48+00:00","og_image":[{"width":878,"height":1200,"url":"https:\/\/www.cuencasmineras.com\/wp-content\/uploads\/2021\/12\/FGMvn3FWQAE2P0Y.jpg","type":"image\/jpeg"}],"author":"admin","twitter_card":"summary_large_image","twitter_misc":{"Escrito por":"admin","Tiempo de lectura":"1 minuto"},"schema":{"@context":"https:\/\/schema.org","@graph":[{"@type":"Article","@id":"https:\/\/www.cuencasmineras.com\/index.php\/2021\/12\/10\/la-feria-del-libro-regresa-a-morcin-este-fin-de-semana\/#article","isPartOf":{"@id":"https:\/\/www.cuencasmineras.com\/index.php\/2021\/12\/10\/la-feria-del-libro-regresa-a-morcin-este-fin-de-semana\/"},"author":{"name":"admin","@id":"https:\/\/www.cuencasmineras.com\/#\/schema\/person\/be0691310e8496ec555f679dd688420c"},"headline":"La Feria del Libro regresa a Morc\u00edn este fin de semana","datePublished":"2021-12-10T19:25:48+00:00","mainEntityOfPage":{"@id":"https:\/\/www.cuencasmineras.com\/index.php\/2021\/12\/10\/la-feria-del-libro-regresa-a-morcin-este-fin-de-semana\/"},"wordCount":265,"commentCount":0,"image":{"@id":"https:\/\/www.cuencasmineras.com\/index.php\/2021\/12\/10\/la-feria-del-libro-regresa-a-morcin-este-fin-de-semana\/#primaryimage"},"thumbnailUrl":"https:\/\/www.cuencasmineras.com\/wp-content\/uploads\/2021\/12\/FGMvn3FWQAE2P0Y.jpg","articleSection":["Caudal","CM NEWS"],"inLanguage":"es","potentialAction":[{"@type":"CommentAction","name":"Comment","target":["https:\/\/www.cuencasmineras.com\/index.php\/2021\/12\/10\/la-feria-del-libro-regresa-a-morcin-este-fin-de-semana\/#respond"]}]},{"@type":"WebPage","@id":"https:\/\/www.cuencasmineras.com\/index.php\/2021\/12\/10\/la-feria-del-libro-regresa-a-morcin-este-fin-de-semana\/","url":"https:\/\/www.cuencasmineras.com\/index.php\/2021\/12\/10\/la-feria-del-libro-regresa-a-morcin-este-fin-de-semana\/","name":"La Feria del Libro regresa a Morc\u00edn este fin de semana - cm news","isPartOf":{"@id":"https:\/\/www.cuencasmineras.com\/#website"},"primaryImageOfPage":{"@id":"https:\/\/www.cuencasmineras.com\/index.php\/2021\/12\/10\/la-feria-del-libro-regresa-a-morcin-este-fin-de-semana\/#primaryimage"},"image":{"@id":"https:\/\/www.cuencasmineras.com\/index.php\/2021\/12\/10\/la-feria-del-libro-regresa-a-morcin-este-fin-de-semana\/#primaryimage"},"thumbnailUrl":"https:\/\/www.cuencasmineras.com\/wp-content\/uploads\/2021\/12\/FGMvn3FWQAE2P0Y.jpg","datePublished":"2021-12-10T19:25:48+00:00","author":{"@id":"https:\/\/www.cuencasmineras.com\/#\/schema\/person\/be0691310e8496ec555f679dd688420c"},"description":"El encuentro ser\u00e1 en el Colegio P\u00fablico de La Foz. La primera cita ser\u00e1 a las once y media de la ma\u00f1ana con Maxi Rodr\u00edguez: \u201cLear o el deporte rey\u201d. La actividad no se detendr\u00e1 durante toda la jornada, para culminar la tarde con un recital de poes\u00eda.","breadcrumb":{"@id":"https:\/\/www.cuencasmineras.com\/index.php\/2021\/12\/10\/la-feria-del-libro-regresa-a-morcin-este-fin-de-semana\/#breadcrumb"},"inLanguage":"es","potentialAction":[{"@type":"ReadAction","target":["https:\/\/www.cuencasmineras.com\/index.php\/2021\/12\/10\/la-feria-del-libro-regresa-a-morcin-este-fin-de-semana\/"]}]},{"@type":"ImageObject","inLanguage":"es","@id":"https:\/\/www.cuencasmineras.com\/index.php\/2021\/12\/10\/la-feria-del-libro-regresa-a-morcin-este-fin-de-semana\/#primaryimage","url":"https:\/\/www.cuencasmineras.com\/wp-content\/uploads\/2021\/12\/FGMvn3FWQAE2P0Y.jpg","contentUrl":"https:\/\/www.cuencasmineras.com\/wp-content\/uploads\/2021\/12\/FGMvn3FWQAE2P0Y.jpg","width":878,"height":1200},{"@type":"BreadcrumbList","@id":"https:\/\/www.cuencasmineras.com\/index.php\/2021\/12\/10\/la-feria-del-libro-regresa-a-morcin-este-fin-de-semana\/#breadcrumb","itemListElement":[{"@type":"ListItem","position":1,"name":"Portada","item":"https:\/\/www.cuencasmineras.com\/"},{"@type":"ListItem","position":2,"name":"La Feria del Libro regresa a Morc\u00edn este fin de semana"}]},{"@type":"WebSite","@id":"https:\/\/www.cuencasmineras.com\/#website","url":"https:\/\/www.cuencasmineras.com\/","name":"","description":"","potentialAction":[{"@type":"SearchAction","target":{"@type":"EntryPoint","urlTemplate":"https:\/\/www.cuencasmineras.com\/?s={search_term_string}"},"query-input":{"@type":"PropertyValueSpecification","valueRequired":true,"valueName":"search_term_string"}}],"inLanguage":"es"},{"@type":"Person","@id":"https:\/\/www.cuencasmineras.com\/#\/schema\/person\/be0691310e8496ec555f679dd688420c","name":"admin","image":{"@type":"ImageObject","inLanguage":"es","@id":"https:\/\/secure.gravatar.com\/avatar\/4afd2eed3b2fbbf36dd6707b5bd8a5b50ac648f033e36fbf85aeace2f0f859db?s=96&d=mm&r=g","url":"https:\/\/secure.gravatar.com\/avatar\/4afd2eed3b2fbbf36dd6707b5bd8a5b50ac648f033e36fbf85aeace2f0f859db?s=96&d=mm&r=g","contentUrl":"https:\/\/secure.gravatar.com\/avatar\/4afd2eed3b2fbbf36dd6707b5bd8a5b50ac648f033e36fbf85aeace2f0f859db?s=96&d=mm&r=g","caption":"admin"},"sameAs":["https:\/\/www.cuencasmineras.com"],"url":"https:\/\/www.cuencasmineras.com\/index.php\/author\/admin\/"}]}},"_links":{"self":[{"href":"https:\/\/www.cuencasmineras.com\/index.php\/wp-json\/wp\/v2\/posts\/4089","targetHints":{"allow":["GET"]}}],"collection":[{"href":"https:\/\/www.cuencasmineras.com\/index.php\/wp-json\/wp\/v2\/posts"}],"about":[{"href":"https:\/\/www.cuencasmineras.com\/index.php\/wp-json\/wp\/v2\/types\/post"}],"author":[{"embeddable":true,"href":"https:\/\/www.cuencasmineras.com\/index.php\/wp-json\/wp\/v2\/users\/1"}],"replies":[{"embeddable":true,"href":"https:\/\/www.cuencasmineras.com\/index.php\/wp-json\/wp\/v2\/comments?post=4089"}],"version-history":[{"count":1,"href":"https:\/\/www.cuencasmineras.com\/index.php\/wp-json\/wp\/v2\/posts\/4089\/revisions"}],"predecessor-version":[{"id":4091,"href":"https:\/\/www.cuencasmineras.com\/index.php\/wp-json\/wp\/v2\/posts\/4089\/revisions\/4091"}],"wp:featuredmedia":[{"embeddable":true,"href":"https:\/\/www.cuencasmineras.com\/index.php\/wp-json\/wp\/v2\/media\/4090"}],"wp:attachment":[{"href":"https:\/\/www.cuencasmineras.com\/index.php\/wp-json\/wp\/v2\/media?parent=4089"}],"wp:term":[{"taxonomy":"category","embeddable":true,"href":"https:\/\/www.cuencasmineras.com\/index.php\/wp-json\/wp\/v2\/categories?post=4089"},{"taxonomy":"post_tag","embeddable":true,"href":"https:\/\/www.cuencasmineras.com\/index.php\/wp-json\/wp\/v2\/tags?post=4089"}],"curies":[{"name":"wp","href":"https:\/\/api.w.org\/{rel}","templated":true}]}}