{"id":4092,"date":"2021-12-10T19:27:09","date_gmt":"2021-12-10T19:27:09","guid":{"rendered":"https:\/\/www.cuencasmineras.com\/?p=4092"},"modified":"2021-12-10T19:27:09","modified_gmt":"2021-12-10T19:27:09","slug":"los-ninos-del-colegio-de-ciano-vuelven-a-clase-tras-iniciarse-las-reparaciones","status":"publish","type":"post","link":"https:\/\/www.cuencasmineras.com\/index.php\/2021\/12\/10\/los-ninos-del-colegio-de-ciano-vuelven-a-clase-tras-iniciarse-las-reparaciones\/","title":{"rendered":"Los ni\u00f1os del colegio de Cia\u00f1o vuelven a clase tras iniciarse las reparaciones"},"content":{"rendered":"<p style=\"text-align: justify;\">Los alumnos del colegio p\u00fablico Pl\u00e1cido Beltr\u00e1n, en el distrito langreano de Cia\u00f1o, volvieron ayer a clase con normalidad tras alcanzar las familias un acuerdo con el Principado y el Ayuntamiento de Langreo para reparar los desperfectos del centro. Y es que la situaci\u00f3n vivida hace una semana, con las aulas anegadas por el agua, hizo que las familias se negasen a llevar a los ni\u00f1os al colegio hasta alcanzar una situaci\u00f3n. Los t\u00e9cnicos de la empresa p\u00fablica Tragsa, contratada de urgencia por el Principado, estuvieron el pasado martes en el centro educativo para hacer una valoraci\u00f3n previa de los trabajos, que se centrar\u00e1n en la reparaci\u00f3n de la cubierta. Tambi\u00e9n acudieron d\u00edas atr\u00e1s los servicios operativos del Ayuntamiento de Langreo, quienes repararon una fuga de agua que se hab\u00eda producido en el centro por la rotura de una pieza de un grifo y desatascaron un canal\u00f3n. Gracias a estas actuaciones previas, ayer se pudo volver, en parte, a la normalidad, aunque todav\u00eda queda mucho por hacer, como destac\u00f3 Rosa Mar\u00eda Rodero, del consejo escolar, quien ejerci\u00f3 como portavoz de las familias.<\/p>\n<p><img loading=\"lazy\" decoding=\"async\" class=\"aligncenter size-large wp-image-4093\" src=\"https:\/\/www.cuencasmineras.com\/wp-content\/uploads\/2021\/12\/6928bb93-a95f-4067-acc4-ee95e1405ed1_21-9-aspect-ratio_default_0-1024x438.jpg\" alt=\"\" width=\"640\" height=\"274\" srcset=\"https:\/\/www.cuencasmineras.com\/wp-content\/uploads\/2021\/12\/6928bb93-a95f-4067-acc4-ee95e1405ed1_21-9-aspect-ratio_default_0-1024x438.jpg 1024w, https:\/\/www.cuencasmineras.com\/wp-content\/uploads\/2021\/12\/6928bb93-a95f-4067-acc4-ee95e1405ed1_21-9-aspect-ratio_default_0-300x128.jpg 300w, https:\/\/www.cuencasmineras.com\/wp-content\/uploads\/2021\/12\/6928bb93-a95f-4067-acc4-ee95e1405ed1_21-9-aspect-ratio_default_0-768x329.jpg 768w, https:\/\/www.cuencasmineras.com\/wp-content\/uploads\/2021\/12\/6928bb93-a95f-4067-acc4-ee95e1405ed1_21-9-aspect-ratio_default_0.jpg 1280w\" sizes=\"auto, (max-width: 640px) 100vw, 640px\" \/><\/p>\n<p style=\"text-align: justify;\">Rodero explic\u00f3 ayer que \u201cal final decidimos que los ni\u00f1os regresasen a clase tras alcanzar un principio de acuerdo, tanto con el Principado como con el Ayuntamiento\u201d. Tal y como explic\u00f3, \u201cla consejer\u00eda de Educaci\u00f3n se har\u00e1 cargo del tejado, adem\u00e1s de la instalaci\u00f3n de un portero autom\u00e1tico, que era otra de las peticiones que llev\u00e1bamos haciendo desde hace mucho\u201d. En cuanto al Consistorio langreano, \u201cva a pintar, cambiar suelos y arreglar las goteras del tendej\u00f3n\u201d. Las familias son conscientes de que las mejoras en el centro no son menores, con lo que se han puesto de plazo hasta el inicio del pr\u00f3ximo curso escolar para comprobar si de verdad se cumplen todos estos compromisos. \u201cSabemos que las obras en el interior no se van a poder llevar a cabo hasta que se termine la reparaci\u00f3n en la cubierta, as\u00ed que vamos a esperar hasta septiembre, pero si entonces no se ha cumplido, volveremos a manifestarnos\u201d, destac\u00f3. Tanto el Principado como el Ayuntamiento \u201cse volcaron desde el primer momento con la situaci\u00f3n del colegio, atendiendo a las demandas de las familias\u201d. Si bien estas \u00faltimas hab\u00eda criticado que, cuando hab\u00edan solicitado mejoras a las administraciones, \u00e9stas no se pon\u00edan de acuerdo respecto a las competencias que ten\u00edan cada una. Finalmente ha habido acuerdo.<\/p>\n","protected":false},"excerpt":{"rendered":"<p>Los alumnos del colegio p\u00fablico Pl\u00e1cido Beltr\u00e1n, en el distrito langreano de Cia\u00f1o, volvieron ayer a clase con normalidad tras alcanzar las familias un acuerdo con el Principado y el Ayuntamiento de Langreo para reparar los desperfectos del centro. Y es que la situaci\u00f3n vivida hace una semana, con las aulas anegadas por el agua, [&hellip;]<\/p>\n","protected":false},"author":1,"featured_media":4093,"comment_status":"open","ping_status":"open","sticky":false,"template":"","format":"standard","meta":{"footnotes":""},"categories":[6,8],"tags":[],"class_list":["post-4092","post","type-post","status-publish","format-standard","has-post-thumbnail","hentry","category-noticias","category-nalon"],"yoast_head":"<!-- This site is optimized with the Yoast SEO plugin v27.4 - https:\/\/yoast.com\/product\/yoast-seo-wordpress\/ -->\n<title>Los ni\u00f1os del colegio de Cia\u00f1o vuelven a clase tras iniciarse las reparaciones - cm news<\/title>\n<meta name=\"description\" content=\"El Principado actuar\u00e1 en la cubierta e instalar\u00e1 un portero autom\u00e1tico, mientras que el Ayuntamiento langreano pintar\u00e1 y cambiar\u00e1 los suelos.\" \/>\n<meta name=\"robots\" content=\"index, follow, max-snippet:-1, max-image-preview:large, max-video-preview:-1\" \/>\n<link rel=\"canonical\" href=\"https:\/\/www.cuencasmineras.com\/index.php\/2021\/12\/10\/los-ninos-del-colegio-de-ciano-vuelven-a-clase-tras-iniciarse-las-reparaciones\/\" \/>\n<meta property=\"og:locale\" content=\"es_ES\" \/>\n<meta property=\"og:type\" content=\"article\" \/>\n<meta property=\"og:title\" content=\"Los ni\u00f1os del colegio de Cia\u00f1o vuelven a clase tras iniciarse las reparaciones - cm news\" \/>\n<meta property=\"og:description\" content=\"El Principado actuar\u00e1 en la cubierta e instalar\u00e1 un portero autom\u00e1tico, mientras que el Ayuntamiento langreano pintar\u00e1 y cambiar\u00e1 los suelos.\" \/>\n<meta property=\"og:url\" content=\"https:\/\/www.cuencasmineras.com\/index.php\/2021\/12\/10\/los-ninos-del-colegio-de-ciano-vuelven-a-clase-tras-iniciarse-las-reparaciones\/\" \/>\n<meta property=\"article:published_time\" content=\"2021-12-10T19:27:09+00:00\" \/>\n<meta property=\"og:image\" content=\"https:\/\/www.cuencasmineras.com\/wp-content\/uploads\/2021\/12\/6928bb93-a95f-4067-acc4-ee95e1405ed1_21-9-aspect-ratio_default_0.jpg\" \/>\n\t<meta property=\"og:image:width\" content=\"1280\" \/>\n\t<meta property=\"og:image:height\" content=\"548\" \/>\n\t<meta property=\"og:image:type\" content=\"image\/jpeg\" \/>\n<meta name=\"author\" content=\"admin\" \/>\n<meta name=\"twitter:card\" content=\"summary_large_image\" \/>\n<meta name=\"twitter:label1\" content=\"Escrito por\" \/>\n\t<meta name=\"twitter:data1\" content=\"admin\" \/>\n\t<meta name=\"twitter:label2\" content=\"Tiempo de lectura\" \/>\n\t<meta name=\"twitter:data2\" content=\"2 minutos\" \/>\n<script type=\"application\/ld+json\" class=\"yoast-schema-graph\">{\"@context\":\"https:\\\/\\\/schema.org\",\"@graph\":[{\"@type\":\"Article\",\"@id\":\"https:\\\/\\\/www.cuencasmineras.com\\\/index.php\\\/2021\\\/12\\\/10\\\/los-ninos-del-colegio-de-ciano-vuelven-a-clase-tras-iniciarse-las-reparaciones\\\/#article\",\"isPartOf\":{\"@id\":\"https:\\\/\\\/www.cuencasmineras.com\\\/index.php\\\/2021\\\/12\\\/10\\\/los-ninos-del-colegio-de-ciano-vuelven-a-clase-tras-iniciarse-las-reparaciones\\\/\"},\"author\":{\"name\":\"admin\",\"@id\":\"https:\\\/\\\/www.cuencasmineras.com\\\/#\\\/schema\\\/person\\\/be0691310e8496ec555f679dd688420c\"},\"headline\":\"Los ni\u00f1os del colegio de Cia\u00f1o vuelven a clase tras iniciarse las reparaciones\",\"datePublished\":\"2021-12-10T19:27:09+00:00\",\"mainEntityOfPage\":{\"@id\":\"https:\\\/\\\/www.cuencasmineras.com\\\/index.php\\\/2021\\\/12\\\/10\\\/los-ninos-del-colegio-de-ciano-vuelven-a-clase-tras-iniciarse-las-reparaciones\\\/\"},\"wordCount\":444,\"commentCount\":0,\"image\":{\"@id\":\"https:\\\/\\\/www.cuencasmineras.com\\\/index.php\\\/2021\\\/12\\\/10\\\/los-ninos-del-colegio-de-ciano-vuelven-a-clase-tras-iniciarse-las-reparaciones\\\/#primaryimage\"},\"thumbnailUrl\":\"https:\\\/\\\/www.cuencasmineras.com\\\/wp-content\\\/uploads\\\/2021\\\/12\\\/6928bb93-a95f-4067-acc4-ee95e1405ed1_21-9-aspect-ratio_default_0.jpg\",\"articleSection\":[\"CM NEWS\",\"Nal\u00f3n\"],\"inLanguage\":\"es\",\"potentialAction\":[{\"@type\":\"CommentAction\",\"name\":\"Comment\",\"target\":[\"https:\\\/\\\/www.cuencasmineras.com\\\/index.php\\\/2021\\\/12\\\/10\\\/los-ninos-del-colegio-de-ciano-vuelven-a-clase-tras-iniciarse-las-reparaciones\\\/#respond\"]}]},{\"@type\":\"WebPage\",\"@id\":\"https:\\\/\\\/www.cuencasmineras.com\\\/index.php\\\/2021\\\/12\\\/10\\\/los-ninos-del-colegio-de-ciano-vuelven-a-clase-tras-iniciarse-las-reparaciones\\\/\",\"url\":\"https:\\\/\\\/www.cuencasmineras.com\\\/index.php\\\/2021\\\/12\\\/10\\\/los-ninos-del-colegio-de-ciano-vuelven-a-clase-tras-iniciarse-las-reparaciones\\\/\",\"name\":\"Los ni\u00f1os del colegio de Cia\u00f1o vuelven a clase tras iniciarse las reparaciones - cm news\",\"isPartOf\":{\"@id\":\"https:\\\/\\\/www.cuencasmineras.com\\\/#website\"},\"primaryImageOfPage\":{\"@id\":\"https:\\\/\\\/www.cuencasmineras.com\\\/index.php\\\/2021\\\/12\\\/10\\\/los-ninos-del-colegio-de-ciano-vuelven-a-clase-tras-iniciarse-las-reparaciones\\\/#primaryimage\"},\"image\":{\"@id\":\"https:\\\/\\\/www.cuencasmineras.com\\\/index.php\\\/2021\\\/12\\\/10\\\/los-ninos-del-colegio-de-ciano-vuelven-a-clase-tras-iniciarse-las-reparaciones\\\/#primaryimage\"},\"thumbnailUrl\":\"https:\\\/\\\/www.cuencasmineras.com\\\/wp-content\\\/uploads\\\/2021\\\/12\\\/6928bb93-a95f-4067-acc4-ee95e1405ed1_21-9-aspect-ratio_default_0.jpg\",\"datePublished\":\"2021-12-10T19:27:09+00:00\",\"author\":{\"@id\":\"https:\\\/\\\/www.cuencasmineras.com\\\/#\\\/schema\\\/person\\\/be0691310e8496ec555f679dd688420c\"},\"description\":\"El Principado actuar\u00e1 en la cubierta e instalar\u00e1 un portero autom\u00e1tico, mientras que el Ayuntamiento langreano pintar\u00e1 y cambiar\u00e1 los suelos.\",\"breadcrumb\":{\"@id\":\"https:\\\/\\\/www.cuencasmineras.com\\\/index.php\\\/2021\\\/12\\\/10\\\/los-ninos-del-colegio-de-ciano-vuelven-a-clase-tras-iniciarse-las-reparaciones\\\/#breadcrumb\"},\"inLanguage\":\"es\",\"potentialAction\":[{\"@type\":\"ReadAction\",\"target\":[\"https:\\\/\\\/www.cuencasmineras.com\\\/index.php\\\/2021\\\/12\\\/10\\\/los-ninos-del-colegio-de-ciano-vuelven-a-clase-tras-iniciarse-las-reparaciones\\\/\"]}]},{\"@type\":\"ImageObject\",\"inLanguage\":\"es\",\"@id\":\"https:\\\/\\\/www.cuencasmineras.com\\\/index.php\\\/2021\\\/12\\\/10\\\/los-ninos-del-colegio-de-ciano-vuelven-a-clase-tras-iniciarse-las-reparaciones\\\/#primaryimage\",\"url\":\"https:\\\/\\\/www.cuencasmineras.com\\\/wp-content\\\/uploads\\\/2021\\\/12\\\/6928bb93-a95f-4067-acc4-ee95e1405ed1_21-9-aspect-ratio_default_0.jpg\",\"contentUrl\":\"https:\\\/\\\/www.cuencasmineras.com\\\/wp-content\\\/uploads\\\/2021\\\/12\\\/6928bb93-a95f-4067-acc4-ee95e1405ed1_21-9-aspect-ratio_default_0.jpg\",\"width\":1280,\"height\":548},{\"@type\":\"BreadcrumbList\",\"@id\":\"https:\\\/\\\/www.cuencasmineras.com\\\/index.php\\\/2021\\\/12\\\/10\\\/los-ninos-del-colegio-de-ciano-vuelven-a-clase-tras-iniciarse-las-reparaciones\\\/#breadcrumb\",\"itemListElement\":[{\"@type\":\"ListItem\",\"position\":1,\"name\":\"Portada\",\"item\":\"https:\\\/\\\/www.cuencasmineras.com\\\/\"},{\"@type\":\"ListItem\",\"position\":2,\"name\":\"Los ni\u00f1os del colegio de Cia\u00f1o vuelven a clase tras iniciarse las reparaciones\"}]},{\"@type\":\"WebSite\",\"@id\":\"https:\\\/\\\/www.cuencasmineras.com\\\/#website\",\"url\":\"https:\\\/\\\/www.cuencasmineras.com\\\/\",\"name\":\"\",\"description\":\"\",\"potentialAction\":[{\"@type\":\"SearchAction\",\"target\":{\"@type\":\"EntryPoint\",\"urlTemplate\":\"https:\\\/\\\/www.cuencasmineras.com\\\/?s={search_term_string}\"},\"query-input\":{\"@type\":\"PropertyValueSpecification\",\"valueRequired\":true,\"valueName\":\"search_term_string\"}}],\"inLanguage\":\"es\"},{\"@type\":\"Person\",\"@id\":\"https:\\\/\\\/www.cuencasmineras.com\\\/#\\\/schema\\\/person\\\/be0691310e8496ec555f679dd688420c\",\"name\":\"admin\",\"image\":{\"@type\":\"ImageObject\",\"inLanguage\":\"es\",\"@id\":\"https:\\\/\\\/secure.gravatar.com\\\/avatar\\\/4afd2eed3b2fbbf36dd6707b5bd8a5b50ac648f033e36fbf85aeace2f0f859db?s=96&d=mm&r=g\",\"url\":\"https:\\\/\\\/secure.gravatar.com\\\/avatar\\\/4afd2eed3b2fbbf36dd6707b5bd8a5b50ac648f033e36fbf85aeace2f0f859db?s=96&d=mm&r=g\",\"contentUrl\":\"https:\\\/\\\/secure.gravatar.com\\\/avatar\\\/4afd2eed3b2fbbf36dd6707b5bd8a5b50ac648f033e36fbf85aeace2f0f859db?s=96&d=mm&r=g\",\"caption\":\"admin\"},\"sameAs\":[\"https:\\\/\\\/www.cuencasmineras.com\"],\"url\":\"https:\\\/\\\/www.cuencasmineras.com\\\/index.php\\\/author\\\/admin\\\/\"}]}<\/script>\n<!-- \/ Yoast SEO plugin. -->","yoast_head_json":{"title":"Los ni\u00f1os del colegio de Cia\u00f1o vuelven a clase tras iniciarse las reparaciones - cm news","description":"El Principado actuar\u00e1 en la cubierta e instalar\u00e1 un portero autom\u00e1tico, mientras que el Ayuntamiento langreano pintar\u00e1 y cambiar\u00e1 los suelos.","robots":{"index":"index","follow":"follow","max-snippet":"max-snippet:-1","max-image-preview":"max-image-preview:large","max-video-preview":"max-video-preview:-1"},"canonical":"https:\/\/www.cuencasmineras.com\/index.php\/2021\/12\/10\/los-ninos-del-colegio-de-ciano-vuelven-a-clase-tras-iniciarse-las-reparaciones\/","og_locale":"es_ES","og_type":"article","og_title":"Los ni\u00f1os del colegio de Cia\u00f1o vuelven a clase tras iniciarse las reparaciones - cm news","og_description":"El Principado actuar\u00e1 en la cubierta e instalar\u00e1 un portero autom\u00e1tico, mientras que el Ayuntamiento langreano pintar\u00e1 y cambiar\u00e1 los suelos.","og_url":"https:\/\/www.cuencasmineras.com\/index.php\/2021\/12\/10\/los-ninos-del-colegio-de-ciano-vuelven-a-clase-tras-iniciarse-las-reparaciones\/","article_published_time":"2021-12-10T19:27:09+00:00","og_image":[{"width":1280,"height":548,"url":"https:\/\/www.cuencasmineras.com\/wp-content\/uploads\/2021\/12\/6928bb93-a95f-4067-acc4-ee95e1405ed1_21-9-aspect-ratio_default_0.jpg","type":"image\/jpeg"}],"author":"admin","twitter_card":"summary_large_image","twitter_misc":{"Escrito por":"admin","Tiempo de lectura":"2 minutos"},"schema":{"@context":"https:\/\/schema.org","@graph":[{"@type":"Article","@id":"https:\/\/www.cuencasmineras.com\/index.php\/2021\/12\/10\/los-ninos-del-colegio-de-ciano-vuelven-a-clase-tras-iniciarse-las-reparaciones\/#article","isPartOf":{"@id":"https:\/\/www.cuencasmineras.com\/index.php\/2021\/12\/10\/los-ninos-del-colegio-de-ciano-vuelven-a-clase-tras-iniciarse-las-reparaciones\/"},"author":{"name":"admin","@id":"https:\/\/www.cuencasmineras.com\/#\/schema\/person\/be0691310e8496ec555f679dd688420c"},"headline":"Los ni\u00f1os del colegio de Cia\u00f1o vuelven a clase tras iniciarse las reparaciones","datePublished":"2021-12-10T19:27:09+00:00","mainEntityOfPage":{"@id":"https:\/\/www.cuencasmineras.com\/index.php\/2021\/12\/10\/los-ninos-del-colegio-de-ciano-vuelven-a-clase-tras-iniciarse-las-reparaciones\/"},"wordCount":444,"commentCount":0,"image":{"@id":"https:\/\/www.cuencasmineras.com\/index.php\/2021\/12\/10\/los-ninos-del-colegio-de-ciano-vuelven-a-clase-tras-iniciarse-las-reparaciones\/#primaryimage"},"thumbnailUrl":"https:\/\/www.cuencasmineras.com\/wp-content\/uploads\/2021\/12\/6928bb93-a95f-4067-acc4-ee95e1405ed1_21-9-aspect-ratio_default_0.jpg","articleSection":["CM NEWS","Nal\u00f3n"],"inLanguage":"es","potentialAction":[{"@type":"CommentAction","name":"Comment","target":["https:\/\/www.cuencasmineras.com\/index.php\/2021\/12\/10\/los-ninos-del-colegio-de-ciano-vuelven-a-clase-tras-iniciarse-las-reparaciones\/#respond"]}]},{"@type":"WebPage","@id":"https:\/\/www.cuencasmineras.com\/index.php\/2021\/12\/10\/los-ninos-del-colegio-de-ciano-vuelven-a-clase-tras-iniciarse-las-reparaciones\/","url":"https:\/\/www.cuencasmineras.com\/index.php\/2021\/12\/10\/los-ninos-del-colegio-de-ciano-vuelven-a-clase-tras-iniciarse-las-reparaciones\/","name":"Los ni\u00f1os del colegio de Cia\u00f1o vuelven a clase tras iniciarse las reparaciones - cm news","isPartOf":{"@id":"https:\/\/www.cuencasmineras.com\/#website"},"primaryImageOfPage":{"@id":"https:\/\/www.cuencasmineras.com\/index.php\/2021\/12\/10\/los-ninos-del-colegio-de-ciano-vuelven-a-clase-tras-iniciarse-las-reparaciones\/#primaryimage"},"image":{"@id":"https:\/\/www.cuencasmineras.com\/index.php\/2021\/12\/10\/los-ninos-del-colegio-de-ciano-vuelven-a-clase-tras-iniciarse-las-reparaciones\/#primaryimage"},"thumbnailUrl":"https:\/\/www.cuencasmineras.com\/wp-content\/uploads\/2021\/12\/6928bb93-a95f-4067-acc4-ee95e1405ed1_21-9-aspect-ratio_default_0.jpg","datePublished":"2021-12-10T19:27:09+00:00","author":{"@id":"https:\/\/www.cuencasmineras.com\/#\/schema\/person\/be0691310e8496ec555f679dd688420c"},"description":"El Principado actuar\u00e1 en la cubierta e instalar\u00e1 un portero autom\u00e1tico, mientras que el Ayuntamiento langreano pintar\u00e1 y cambiar\u00e1 los suelos.","breadcrumb":{"@id":"https:\/\/www.cuencasmineras.com\/index.php\/2021\/12\/10\/los-ninos-del-colegio-de-ciano-vuelven-a-clase-tras-iniciarse-las-reparaciones\/#breadcrumb"},"inLanguage":"es","potentialAction":[{"@type":"ReadAction","target":["https:\/\/www.cuencasmineras.com\/index.php\/2021\/12\/10\/los-ninos-del-colegio-de-ciano-vuelven-a-clase-tras-iniciarse-las-reparaciones\/"]}]},{"@type":"ImageObject","inLanguage":"es","@id":"https:\/\/www.cuencasmineras.com\/index.php\/2021\/12\/10\/los-ninos-del-colegio-de-ciano-vuelven-a-clase-tras-iniciarse-las-reparaciones\/#primaryimage","url":"https:\/\/www.cuencasmineras.com\/wp-content\/uploads\/2021\/12\/6928bb93-a95f-4067-acc4-ee95e1405ed1_21-9-aspect-ratio_default_0.jpg","contentUrl":"https:\/\/www.cuencasmineras.com\/wp-content\/uploads\/2021\/12\/6928bb93-a95f-4067-acc4-ee95e1405ed1_21-9-aspect-ratio_default_0.jpg","width":1280,"height":548},{"@type":"BreadcrumbList","@id":"https:\/\/www.cuencasmineras.com\/index.php\/2021\/12\/10\/los-ninos-del-colegio-de-ciano-vuelven-a-clase-tras-iniciarse-las-reparaciones\/#breadcrumb","itemListElement":[{"@type":"ListItem","position":1,"name":"Portada","item":"https:\/\/www.cuencasmineras.com\/"},{"@type":"ListItem","position":2,"name":"Los ni\u00f1os del colegio de Cia\u00f1o vuelven a clase tras iniciarse las reparaciones"}]},{"@type":"WebSite","@id":"https:\/\/www.cuencasmineras.com\/#website","url":"https:\/\/www.cuencasmineras.com\/","name":"","description":"","potentialAction":[{"@type":"SearchAction","target":{"@type":"EntryPoint","urlTemplate":"https:\/\/www.cuencasmineras.com\/?s={search_term_string}"},"query-input":{"@type":"PropertyValueSpecification","valueRequired":true,"valueName":"search_term_string"}}],"inLanguage":"es"},{"@type":"Person","@id":"https:\/\/www.cuencasmineras.com\/#\/schema\/person\/be0691310e8496ec555f679dd688420c","name":"admin","image":{"@type":"ImageObject","inLanguage":"es","@id":"https:\/\/secure.gravatar.com\/avatar\/4afd2eed3b2fbbf36dd6707b5bd8a5b50ac648f033e36fbf85aeace2f0f859db?s=96&d=mm&r=g","url":"https:\/\/secure.gravatar.com\/avatar\/4afd2eed3b2fbbf36dd6707b5bd8a5b50ac648f033e36fbf85aeace2f0f859db?s=96&d=mm&r=g","contentUrl":"https:\/\/secure.gravatar.com\/avatar\/4afd2eed3b2fbbf36dd6707b5bd8a5b50ac648f033e36fbf85aeace2f0f859db?s=96&d=mm&r=g","caption":"admin"},"sameAs":["https:\/\/www.cuencasmineras.com"],"url":"https:\/\/www.cuencasmineras.com\/index.php\/author\/admin\/"}]}},"_links":{"self":[{"href":"https:\/\/www.cuencasmineras.com\/index.php\/wp-json\/wp\/v2\/posts\/4092","targetHints":{"allow":["GET"]}}],"collection":[{"href":"https:\/\/www.cuencasmineras.com\/index.php\/wp-json\/wp\/v2\/posts"}],"about":[{"href":"https:\/\/www.cuencasmineras.com\/index.php\/wp-json\/wp\/v2\/types\/post"}],"author":[{"embeddable":true,"href":"https:\/\/www.cuencasmineras.com\/index.php\/wp-json\/wp\/v2\/users\/1"}],"replies":[{"embeddable":true,"href":"https:\/\/www.cuencasmineras.com\/index.php\/wp-json\/wp\/v2\/comments?post=4092"}],"version-history":[{"count":1,"href":"https:\/\/www.cuencasmineras.com\/index.php\/wp-json\/wp\/v2\/posts\/4092\/revisions"}],"predecessor-version":[{"id":4094,"href":"https:\/\/www.cuencasmineras.com\/index.php\/wp-json\/wp\/v2\/posts\/4092\/revisions\/4094"}],"wp:featuredmedia":[{"embeddable":true,"href":"https:\/\/www.cuencasmineras.com\/index.php\/wp-json\/wp\/v2\/media\/4093"}],"wp:attachment":[{"href":"https:\/\/www.cuencasmineras.com\/index.php\/wp-json\/wp\/v2\/media?parent=4092"}],"wp:term":[{"taxonomy":"category","embeddable":true,"href":"https:\/\/www.cuencasmineras.com\/index.php\/wp-json\/wp\/v2\/categories?post=4092"},{"taxonomy":"post_tag","embeddable":true,"href":"https:\/\/www.cuencasmineras.com\/index.php\/wp-json\/wp\/v2\/tags?post=4092"}],"curies":[{"name":"wp","href":"https:\/\/api.w.org\/{rel}","templated":true}]}}