{"id":4138,"date":"2021-12-21T11:24:44","date_gmt":"2021-12-21T11:24:44","guid":{"rendered":"https:\/\/www.cuencasmineras.com\/?p=4138"},"modified":"2021-12-21T11:24:44","modified_gmt":"2021-12-21T11:24:44","slug":"una-empresa-de-las-cuencas-el-mayor-centro-de-afilado-de-cuchillos-de-espana","status":"publish","type":"post","link":"https:\/\/www.cuencasmineras.com\/index.php\/2021\/12\/21\/una-empresa-de-las-cuencas-el-mayor-centro-de-afilado-de-cuchillos-de-espana\/","title":{"rendered":"Una empresa de las Cuencas, el mayor centro de afilado de cuchillos de Espa\u00f1a."},"content":{"rendered":"<p style=\"text-align: justify;\">La sutura fabril de las Cuencas responde en su origen a la necesidad de cerrar un herida profunda. La miner\u00eda fue extirpada con una navaja bien afilada, sin mellas. Todos los pueblos han tenido que sobreponerse a cortes semejantes desde hace milenios. Y es que los primeros cuchillos fueron tallados en piedra hace unos 75.000 a\u00f1os. Este instrumento ha acompa\u00f1ado al hombre en su devenir hist\u00f3rico, evolucionando y convirti\u00e9ndose en un utensilio cotidiano hasta el punto de pasar casi desapercibido. Como toda herramienta, necesita un mantenimiento. Los filos requieren ser afilados para cumplir correctamente con su sencilla pero importante funci\u00f3n. En Mieres se encuentra la mayor empresa de Espa\u00f1a dedicada a esta tarea. Atenor afila al mes m\u00e1s de cien mil cuchillos, adem\u00e1s de otros utensilios, como material quir\u00fargico. Lo lleva haciendo desde 1995. Desde 2007 en el pol\u00edgono de Ba\u00ed\u00f1a, donde la firma tiene su central, con talleres tambi\u00e9n en Barcelona y Tenerife.<\/p>\n<p><img loading=\"lazy\" decoding=\"async\" class=\"aligncenter size-full wp-image-4139\" src=\"https:\/\/www.cuencasmineras.com\/wp-content\/uploads\/2021\/12\/6b71b5f0-f852-4bfa-8b34-1d32f85753de_16-9-aspect-ratio_default_0.jpg\" alt=\"\" width=\"880\" height=\"495\" srcset=\"https:\/\/www.cuencasmineras.com\/wp-content\/uploads\/2021\/12\/6b71b5f0-f852-4bfa-8b34-1d32f85753de_16-9-aspect-ratio_default_0.jpg 880w, https:\/\/www.cuencasmineras.com\/wp-content\/uploads\/2021\/12\/6b71b5f0-f852-4bfa-8b34-1d32f85753de_16-9-aspect-ratio_default_0-300x169.jpg 300w, https:\/\/www.cuencasmineras.com\/wp-content\/uploads\/2021\/12\/6b71b5f0-f852-4bfa-8b34-1d32f85753de_16-9-aspect-ratio_default_0-768x432.jpg 768w\" sizes=\"auto, (max-width: 880px) 100vw, 880px\" \/><\/p>\n<p style=\"text-align: justify;\">Atenor es una de esas empresas que se han desarrollado en las Cuencas en silencio. Su presencia, como los propios cuchillos, se ha convertido en algo cotidiano, aunque la diferencia radica en que son pocos los que conocen la finalidad de la firma. La compa\u00f1\u00eda ha crecido sin llamar la atenci\u00f3n en parte debido al efecto tel\u00f3n que ha ejercido el desmantelamiento minero, cuyo declive ha demandado una atenci\u00f3n que ha invisibilizado en gran medida iniciativas empresariales alternativas al carb\u00f3n. En este caso, un proyecto que naci\u00f3 con dos empleados atendiendo encargos de particulares, da hoy trabajo directo a unas 150 personas, con m\u00e1s de 5.000 clientes, entre los que destaca Mercadona. Solo esta gigantesca cadena de supermercados demanda los servicios de Atenor en unas 1.300 de sus tiendas. \u201cSon nuestro principal cliente, aunque trabajamos con otros muchos supermercados, como Alimerka, y hospitales, adem\u00e1s de otro tipo de negocios, como peluquer\u00edas o tiendas de animales\u201d, explican V\u00edctor y Ram\u00f3n Villaz\u00f3n, gerente y director general de la empresa, respectivamente. Atenor es un centro especial de empleo que da trabajo en Mieres a 72 personas con discapacidad. La firma se ha convertido en l\u00edder nacional dentro de su sector, el afilado de herramientas. Tijeras, cuchillas, cuchillos&#8230; Los trabajadores dan lustre a cualquier herramienta que requiera de un filo m\u00e1s certero. \u201cEs un orgullo habernos convertido en una firma de referencia a nivel nacional desarrollando nuestra actividad en Asturias. Se puede decir que Mieres es hoy en d\u00eda tierra de afiladores\u201d, apunta Villaz\u00f3n.<\/p>\n<p style=\"text-align: justify;\">El grueso de la plantilla de Atenor reside en el entorno pr\u00f3ximo, la mayor\u00eda en la comarca del Caudal. Adem\u00e1s de en Mieres, la firma tiene otras dos sucursales, una en Barcelona y otra en Tenerife. Suman conjuntamente unos 20 empleos. \u201cContamos tambi\u00e9n con 25 franquiciados, que son los que se encargan del reparto y el apartado comercial en cada territorio. Y es que para nosotros la atenci\u00f3n postventa es primordial, buscando dar un trato personal y huyendo de los servicios en los que terminas hablando con un contestador cuando los necesitas\u201d, apunta V\u00edctor Villaz\u00f3n. Atenor afila cualquier herramienta que sirva para cortar, raspar o pinzar. \u201cEl mantenimiento de la herramienta debe hacerse de forma peri\u00f3dica para que conserve sus cualidades de corte, manteni\u00e9ndose \u00fatil y eficaz\u201d, explican los responsables de la firma. \u201cEst\u00e1 claro que sale mucho m\u00e1s rentable alargar la vida de las herramientas que estar permanentemente sustituy\u00e9ndolas, m\u00e1s cuando hablamos, por ejemplo, de compa\u00f1\u00edas que utilizan decenas de miles de cuchillos\u201d.<\/p>\n<p style=\"text-align: justify;\">V\u00edctor Villaz\u00f3n adquiri\u00f3 Atenor en 1995. El proyecto arranc\u00f3 con dos empleados en Oviedo, en el pol\u00edgono del Esp\u00edritu Santo. La firma fue creciendo poco a poco, hasta que en 2007 se plante\u00f3 dar el salto definitivo. \u201cEstamos muy agradecidos a la ayuda que nos prest\u00f3 el vivero de empresas de Valnal\u00f3n, que nos facilit\u00f3 una nave nido para arrancar\u201d. Pese a que les toc\u00f3 crecer en plena crisis, en Atenor actualmente cuentan con cuatro naves en propiedad en el pol\u00edgono de Ba\u00ed\u00f1a, adem\u00e1s de los talleres de Barcelona y Tenerife, donde se han asentado en gran parte debido a la demanda de servicio que acarrea el contrato con Mercadona: \u201cEn Catalu\u00f1a el volumen de trabajo hac\u00eda indispensable instalarnos en el territorio y, en Tenerife, nos establecimos por una cuesti\u00f3n de eficiencia. Los desplazamientos a partir de C\u00e1diz eran prohibitivos econ\u00f3micamente\u201d.<\/p>\n<p style=\"text-align: justify;\">Con el tiempo Atenor ha especializado su oferta. \u201cEn estos momentos nuestro modelo de trabajo es el alquiler de cuchillos\u201d, se\u00f1ala Villaz\u00f3n. Es decir, la empresa ya no se dedica \u00fanicamente a recoger el material, afilarlo, y devolverlo a su origen. \u201cCompramos cuchillos en Albacete y Alemania y los alquilamos a los clientes, asumiendo al tiempo el mantenimiento de los mismos para alargar su vida \u00fatil\u201d. As\u00ed han afianzado su posici\u00f3n de liderato en el mercado.<\/p>\n<p style=\"text-align: justify;\">Adem\u00e1s de mantener en buen estado el instrumental que se utiliza en numerosos centros comerciales, no solo de Asturias, sino de toda Espa\u00f1a, la compa\u00f1\u00eda tambi\u00e9n trabaja con centros sanitarios, como el Hospital Reina Sof\u00eda de C\u00f3rdoba o el de la Cruz Roja de Gij\u00f3n. Atienden igualmente las necesidades de la Cl\u00ednica Oftalmol\u00f3gica Fern\u00e1ndez-Vega de Oviedo. \u201cLos utensilios sanitarios son muy sensibles, pero contamos con personal especializado y el equipo necesario para alargar al m\u00e1ximo la vida de un material tan delicado y costoso\u201d, destaca el gerente. Tambi\u00e9n trabajan con otro tipo de filos m\u00e1s robustos, como las cuchillas que utilizan para el astillado de Navia: \u201cActualmente est\u00e1n utilizando cada vez m\u00e1s biomasa. Se trata de hojas de gran tama\u00f1o, que recogemos, traemos a Mieres, y devolvemos a la papelera en perfecto estado\u201d.<\/p>\n<p style=\"text-align: justify;\">Por Ba\u00ed\u00f1a pasan y pasan cajas llevas de cuchillos. Llegan con el filo romo y salen bien punzantes. Pero no todo son grandes pedidos. De vez en cuando llegan objetos peculiares, insospechados encargos que rompen la rutina. \u201cHace unos a\u00f1os recibimos un estoque de matador de toros. Nos quedamos un poco sorprendidos, pero lo afilamos y lo devolvimos como nuevo. Desde entonces nos llegan con frecuencia m\u00e1s pedidos de este tipo\u201d. En la central de Mieres trabajan actualmente m\u00e1s de 70 personas. Todos ellos tienen al menos un 33 por ciento de minusval\u00eda. \u201cOptamos por convertirnos en un centro especial de empleo por una simple cuesti\u00f3n de sensibilidad familiar. Mi hermano es Graduado Social y todo influye en poco\u201d. V\u00edctor Villaz\u00f3n se\u00f1ala que todo el personal se ha formado en la empresa. \u201cNo se encuentran afiladores f\u00e1cilmente\u201d, subraya mientras esboza una sonrisa. M\u00e1s serio se pone cuando indica que \u201choy en d\u00eda no es f\u00e1cil encontrar profesionales, ya que te dejan los datos, pero cuando llamas no encuentras demasiado inter\u00e9s\u201d. Y eso que en Atenor el ambiente laboral se cuida con esmero: \u201cTenemos alg\u00fan empleado que no se ha querido jubilar y nosotros encantados\u201d.<\/p>\n<p style=\"text-align: justify;\">La empresa mantuvo su actividad durante la pandemia como servicio esencial. \u201cCuando se decret\u00f3 el primer estado de alarma inicialmente pensamos que tendr\u00edamos que parar y que no nos considerar\u00edan esenciales, pero Mercadona fue la primera en seguir demandando nuestros servicios y as\u00ed el resto de grupos\u201d, explica Villaz\u00f3n. A corto plazo, la compa\u00f1\u00eda se prepara para seguir creciendo. El pr\u00f3ximo espacio de crecimiento es Portugal, de nuevo tras la estela de Mercadona. \u201cDe momento estamos dando cobertura desde Mieres, pero pronto tendremos que abrir una delegaci\u00f3n\u201d.<\/p>\n<p style=\"text-align: justify;\">Atenor lleva ya casi tres lustros en las Cuencas. Desde el pol\u00edgono de Ba\u00ed\u00f1a han trinchado un sector empresarial surgido del trabajo m\u00e1s artesanal. La buc\u00f3lica imagen del afilador ambulante con su rueda de amolar se ha industrializado sin perder su perfil humano.<\/p>\n<p>&nbsp;<\/p>\n<p>LNE<\/p>\n","protected":false},"excerpt":{"rendered":"<p>La sutura fabril de las Cuencas responde en su origen a la necesidad de cerrar un herida profunda. La miner\u00eda fue extirpada con una navaja bien afilada, sin mellas. Todos los pueblos han tenido que sobreponerse a cortes semejantes desde hace milenios. Y es que los primeros cuchillos fueron tallados en piedra hace unos 75.000 [&hellip;]<\/p>\n","protected":false},"author":1,"featured_media":4139,"comment_status":"open","ping_status":"open","sticky":false,"template":"","format":"standard","meta":{"footnotes":""},"categories":[7,6,8],"tags":[],"class_list":["post-4138","post","type-post","status-publish","format-standard","has-post-thumbnail","hentry","category-caudal","category-noticias","category-nalon"],"yoast_head":"<!-- This site is optimized with the Yoast SEO plugin v27.4 - https:\/\/yoast.com\/product\/yoast-seo-wordpress\/ -->\n<title>Una empresa de las Cuencas, el mayor centro de afilado de cuchillos de Espa\u00f1a. -<\/title>\n<meta name=\"description\" content=\"La factor\u00eda con base en da empleo a 150 personas.\" \/>\n<meta name=\"robots\" content=\"index, follow, max-snippet:-1, max-image-preview:large, max-video-preview:-1\" \/>\n<link rel=\"canonical\" href=\"https:\/\/www.cuencasmineras.com\/index.php\/2021\/12\/21\/una-empresa-de-las-cuencas-el-mayor-centro-de-afilado-de-cuchillos-de-espana\/\" \/>\n<meta property=\"og:locale\" content=\"es_ES\" \/>\n<meta property=\"og:type\" content=\"article\" \/>\n<meta property=\"og:title\" content=\"Una empresa de las Cuencas, el mayor centro de afilado de cuchillos de Espa\u00f1a. -\" \/>\n<meta property=\"og:description\" content=\"La factor\u00eda con base en da empleo a 150 personas.\" \/>\n<meta property=\"og:url\" content=\"https:\/\/www.cuencasmineras.com\/index.php\/2021\/12\/21\/una-empresa-de-las-cuencas-el-mayor-centro-de-afilado-de-cuchillos-de-espana\/\" \/>\n<meta property=\"article:published_time\" content=\"2021-12-21T11:24:44+00:00\" \/>\n<meta property=\"og:image\" content=\"https:\/\/www.cuencasmineras.com\/wp-content\/uploads\/2021\/12\/6b71b5f0-f852-4bfa-8b34-1d32f85753de_16-9-aspect-ratio_default_0.jpg\" \/>\n\t<meta property=\"og:image:width\" content=\"880\" \/>\n\t<meta property=\"og:image:height\" content=\"495\" \/>\n\t<meta property=\"og:image:type\" content=\"image\/jpeg\" \/>\n<meta name=\"author\" content=\"admin\" \/>\n<meta name=\"twitter:card\" content=\"summary_large_image\" \/>\n<meta name=\"twitter:label1\" content=\"Escrito por\" \/>\n\t<meta name=\"twitter:data1\" content=\"admin\" \/>\n\t<meta name=\"twitter:label2\" content=\"Tiempo de lectura\" \/>\n\t<meta name=\"twitter:data2\" content=\"7 minutos\" \/>\n<script type=\"application\/ld+json\" class=\"yoast-schema-graph\">{\"@context\":\"https:\\\/\\\/schema.org\",\"@graph\":[{\"@type\":\"Article\",\"@id\":\"https:\\\/\\\/www.cuencasmineras.com\\\/index.php\\\/2021\\\/12\\\/21\\\/una-empresa-de-las-cuencas-el-mayor-centro-de-afilado-de-cuchillos-de-espana\\\/#article\",\"isPartOf\":{\"@id\":\"https:\\\/\\\/www.cuencasmineras.com\\\/index.php\\\/2021\\\/12\\\/21\\\/una-empresa-de-las-cuencas-el-mayor-centro-de-afilado-de-cuchillos-de-espana\\\/\"},\"author\":{\"name\":\"admin\",\"@id\":\"https:\\\/\\\/www.cuencasmineras.com\\\/#\\\/schema\\\/person\\\/be0691310e8496ec555f679dd688420c\"},\"headline\":\"Una empresa de las Cuencas, el mayor centro de afilado de cuchillos de Espa\u00f1a.\",\"datePublished\":\"2021-12-21T11:24:44+00:00\",\"mainEntityOfPage\":{\"@id\":\"https:\\\/\\\/www.cuencasmineras.com\\\/index.php\\\/2021\\\/12\\\/21\\\/una-empresa-de-las-cuencas-el-mayor-centro-de-afilado-de-cuchillos-de-espana\\\/\"},\"wordCount\":1344,\"commentCount\":0,\"image\":{\"@id\":\"https:\\\/\\\/www.cuencasmineras.com\\\/index.php\\\/2021\\\/12\\\/21\\\/una-empresa-de-las-cuencas-el-mayor-centro-de-afilado-de-cuchillos-de-espana\\\/#primaryimage\"},\"thumbnailUrl\":\"https:\\\/\\\/www.cuencasmineras.com\\\/wp-content\\\/uploads\\\/2021\\\/12\\\/6b71b5f0-f852-4bfa-8b34-1d32f85753de_16-9-aspect-ratio_default_0.jpg\",\"articleSection\":[\"Caudal\",\"CM NEWS\",\"Nal\u00f3n\"],\"inLanguage\":\"es\",\"potentialAction\":[{\"@type\":\"CommentAction\",\"name\":\"Comment\",\"target\":[\"https:\\\/\\\/www.cuencasmineras.com\\\/index.php\\\/2021\\\/12\\\/21\\\/una-empresa-de-las-cuencas-el-mayor-centro-de-afilado-de-cuchillos-de-espana\\\/#respond\"]}]},{\"@type\":\"WebPage\",\"@id\":\"https:\\\/\\\/www.cuencasmineras.com\\\/index.php\\\/2021\\\/12\\\/21\\\/una-empresa-de-las-cuencas-el-mayor-centro-de-afilado-de-cuchillos-de-espana\\\/\",\"url\":\"https:\\\/\\\/www.cuencasmineras.com\\\/index.php\\\/2021\\\/12\\\/21\\\/una-empresa-de-las-cuencas-el-mayor-centro-de-afilado-de-cuchillos-de-espana\\\/\",\"name\":\"Una empresa de las Cuencas, el mayor centro de afilado de cuchillos de Espa\u00f1a. -\",\"isPartOf\":{\"@id\":\"https:\\\/\\\/www.cuencasmineras.com\\\/#website\"},\"primaryImageOfPage\":{\"@id\":\"https:\\\/\\\/www.cuencasmineras.com\\\/index.php\\\/2021\\\/12\\\/21\\\/una-empresa-de-las-cuencas-el-mayor-centro-de-afilado-de-cuchillos-de-espana\\\/#primaryimage\"},\"image\":{\"@id\":\"https:\\\/\\\/www.cuencasmineras.com\\\/index.php\\\/2021\\\/12\\\/21\\\/una-empresa-de-las-cuencas-el-mayor-centro-de-afilado-de-cuchillos-de-espana\\\/#primaryimage\"},\"thumbnailUrl\":\"https:\\\/\\\/www.cuencasmineras.com\\\/wp-content\\\/uploads\\\/2021\\\/12\\\/6b71b5f0-f852-4bfa-8b34-1d32f85753de_16-9-aspect-ratio_default_0.jpg\",\"datePublished\":\"2021-12-21T11:24:44+00:00\",\"author\":{\"@id\":\"https:\\\/\\\/www.cuencasmineras.com\\\/#\\\/schema\\\/person\\\/be0691310e8496ec555f679dd688420c\"},\"description\":\"La factor\u00eda con base en da empleo a 150 personas.\",\"breadcrumb\":{\"@id\":\"https:\\\/\\\/www.cuencasmineras.com\\\/index.php\\\/2021\\\/12\\\/21\\\/una-empresa-de-las-cuencas-el-mayor-centro-de-afilado-de-cuchillos-de-espana\\\/#breadcrumb\"},\"inLanguage\":\"es\",\"potentialAction\":[{\"@type\":\"ReadAction\",\"target\":[\"https:\\\/\\\/www.cuencasmineras.com\\\/index.php\\\/2021\\\/12\\\/21\\\/una-empresa-de-las-cuencas-el-mayor-centro-de-afilado-de-cuchillos-de-espana\\\/\"]}]},{\"@type\":\"ImageObject\",\"inLanguage\":\"es\",\"@id\":\"https:\\\/\\\/www.cuencasmineras.com\\\/index.php\\\/2021\\\/12\\\/21\\\/una-empresa-de-las-cuencas-el-mayor-centro-de-afilado-de-cuchillos-de-espana\\\/#primaryimage\",\"url\":\"https:\\\/\\\/www.cuencasmineras.com\\\/wp-content\\\/uploads\\\/2021\\\/12\\\/6b71b5f0-f852-4bfa-8b34-1d32f85753de_16-9-aspect-ratio_default_0.jpg\",\"contentUrl\":\"https:\\\/\\\/www.cuencasmineras.com\\\/wp-content\\\/uploads\\\/2021\\\/12\\\/6b71b5f0-f852-4bfa-8b34-1d32f85753de_16-9-aspect-ratio_default_0.jpg\",\"width\":880,\"height\":495},{\"@type\":\"BreadcrumbList\",\"@id\":\"https:\\\/\\\/www.cuencasmineras.com\\\/index.php\\\/2021\\\/12\\\/21\\\/una-empresa-de-las-cuencas-el-mayor-centro-de-afilado-de-cuchillos-de-espana\\\/#breadcrumb\",\"itemListElement\":[{\"@type\":\"ListItem\",\"position\":1,\"name\":\"Portada\",\"item\":\"https:\\\/\\\/www.cuencasmineras.com\\\/\"},{\"@type\":\"ListItem\",\"position\":2,\"name\":\"Una empresa de las Cuencas, el mayor centro de afilado de cuchillos de Espa\u00f1a.\"}]},{\"@type\":\"WebSite\",\"@id\":\"https:\\\/\\\/www.cuencasmineras.com\\\/#website\",\"url\":\"https:\\\/\\\/www.cuencasmineras.com\\\/\",\"name\":\"\",\"description\":\"\",\"potentialAction\":[{\"@type\":\"SearchAction\",\"target\":{\"@type\":\"EntryPoint\",\"urlTemplate\":\"https:\\\/\\\/www.cuencasmineras.com\\\/?s={search_term_string}\"},\"query-input\":{\"@type\":\"PropertyValueSpecification\",\"valueRequired\":true,\"valueName\":\"search_term_string\"}}],\"inLanguage\":\"es\"},{\"@type\":\"Person\",\"@id\":\"https:\\\/\\\/www.cuencasmineras.com\\\/#\\\/schema\\\/person\\\/be0691310e8496ec555f679dd688420c\",\"name\":\"admin\",\"image\":{\"@type\":\"ImageObject\",\"inLanguage\":\"es\",\"@id\":\"https:\\\/\\\/secure.gravatar.com\\\/avatar\\\/4afd2eed3b2fbbf36dd6707b5bd8a5b50ac648f033e36fbf85aeace2f0f859db?s=96&d=mm&r=g\",\"url\":\"https:\\\/\\\/secure.gravatar.com\\\/avatar\\\/4afd2eed3b2fbbf36dd6707b5bd8a5b50ac648f033e36fbf85aeace2f0f859db?s=96&d=mm&r=g\",\"contentUrl\":\"https:\\\/\\\/secure.gravatar.com\\\/avatar\\\/4afd2eed3b2fbbf36dd6707b5bd8a5b50ac648f033e36fbf85aeace2f0f859db?s=96&d=mm&r=g\",\"caption\":\"admin\"},\"sameAs\":[\"https:\\\/\\\/www.cuencasmineras.com\"],\"url\":\"https:\\\/\\\/www.cuencasmineras.com\\\/index.php\\\/author\\\/admin\\\/\"}]}<\/script>\n<!-- \/ Yoast SEO plugin. -->","yoast_head_json":{"title":"Una empresa de las Cuencas, el mayor centro de afilado de cuchillos de Espa\u00f1a. -","description":"La factor\u00eda con base en da empleo a 150 personas.","robots":{"index":"index","follow":"follow","max-snippet":"max-snippet:-1","max-image-preview":"max-image-preview:large","max-video-preview":"max-video-preview:-1"},"canonical":"https:\/\/www.cuencasmineras.com\/index.php\/2021\/12\/21\/una-empresa-de-las-cuencas-el-mayor-centro-de-afilado-de-cuchillos-de-espana\/","og_locale":"es_ES","og_type":"article","og_title":"Una empresa de las Cuencas, el mayor centro de afilado de cuchillos de Espa\u00f1a. -","og_description":"La factor\u00eda con base en da empleo a 150 personas.","og_url":"https:\/\/www.cuencasmineras.com\/index.php\/2021\/12\/21\/una-empresa-de-las-cuencas-el-mayor-centro-de-afilado-de-cuchillos-de-espana\/","article_published_time":"2021-12-21T11:24:44+00:00","og_image":[{"width":880,"height":495,"url":"https:\/\/www.cuencasmineras.com\/wp-content\/uploads\/2021\/12\/6b71b5f0-f852-4bfa-8b34-1d32f85753de_16-9-aspect-ratio_default_0.jpg","type":"image\/jpeg"}],"author":"admin","twitter_card":"summary_large_image","twitter_misc":{"Escrito por":"admin","Tiempo de lectura":"7 minutos"},"schema":{"@context":"https:\/\/schema.org","@graph":[{"@type":"Article","@id":"https:\/\/www.cuencasmineras.com\/index.php\/2021\/12\/21\/una-empresa-de-las-cuencas-el-mayor-centro-de-afilado-de-cuchillos-de-espana\/#article","isPartOf":{"@id":"https:\/\/www.cuencasmineras.com\/index.php\/2021\/12\/21\/una-empresa-de-las-cuencas-el-mayor-centro-de-afilado-de-cuchillos-de-espana\/"},"author":{"name":"admin","@id":"https:\/\/www.cuencasmineras.com\/#\/schema\/person\/be0691310e8496ec555f679dd688420c"},"headline":"Una empresa de las Cuencas, el mayor centro de afilado de cuchillos de Espa\u00f1a.","datePublished":"2021-12-21T11:24:44+00:00","mainEntityOfPage":{"@id":"https:\/\/www.cuencasmineras.com\/index.php\/2021\/12\/21\/una-empresa-de-las-cuencas-el-mayor-centro-de-afilado-de-cuchillos-de-espana\/"},"wordCount":1344,"commentCount":0,"image":{"@id":"https:\/\/www.cuencasmineras.com\/index.php\/2021\/12\/21\/una-empresa-de-las-cuencas-el-mayor-centro-de-afilado-de-cuchillos-de-espana\/#primaryimage"},"thumbnailUrl":"https:\/\/www.cuencasmineras.com\/wp-content\/uploads\/2021\/12\/6b71b5f0-f852-4bfa-8b34-1d32f85753de_16-9-aspect-ratio_default_0.jpg","articleSection":["Caudal","CM NEWS","Nal\u00f3n"],"inLanguage":"es","potentialAction":[{"@type":"CommentAction","name":"Comment","target":["https:\/\/www.cuencasmineras.com\/index.php\/2021\/12\/21\/una-empresa-de-las-cuencas-el-mayor-centro-de-afilado-de-cuchillos-de-espana\/#respond"]}]},{"@type":"WebPage","@id":"https:\/\/www.cuencasmineras.com\/index.php\/2021\/12\/21\/una-empresa-de-las-cuencas-el-mayor-centro-de-afilado-de-cuchillos-de-espana\/","url":"https:\/\/www.cuencasmineras.com\/index.php\/2021\/12\/21\/una-empresa-de-las-cuencas-el-mayor-centro-de-afilado-de-cuchillos-de-espana\/","name":"Una empresa de las Cuencas, el mayor centro de afilado de cuchillos de Espa\u00f1a. -","isPartOf":{"@id":"https:\/\/www.cuencasmineras.com\/#website"},"primaryImageOfPage":{"@id":"https:\/\/www.cuencasmineras.com\/index.php\/2021\/12\/21\/una-empresa-de-las-cuencas-el-mayor-centro-de-afilado-de-cuchillos-de-espana\/#primaryimage"},"image":{"@id":"https:\/\/www.cuencasmineras.com\/index.php\/2021\/12\/21\/una-empresa-de-las-cuencas-el-mayor-centro-de-afilado-de-cuchillos-de-espana\/#primaryimage"},"thumbnailUrl":"https:\/\/www.cuencasmineras.com\/wp-content\/uploads\/2021\/12\/6b71b5f0-f852-4bfa-8b34-1d32f85753de_16-9-aspect-ratio_default_0.jpg","datePublished":"2021-12-21T11:24:44+00:00","author":{"@id":"https:\/\/www.cuencasmineras.com\/#\/schema\/person\/be0691310e8496ec555f679dd688420c"},"description":"La factor\u00eda con base en da empleo a 150 personas.","breadcrumb":{"@id":"https:\/\/www.cuencasmineras.com\/index.php\/2021\/12\/21\/una-empresa-de-las-cuencas-el-mayor-centro-de-afilado-de-cuchillos-de-espana\/#breadcrumb"},"inLanguage":"es","potentialAction":[{"@type":"ReadAction","target":["https:\/\/www.cuencasmineras.com\/index.php\/2021\/12\/21\/una-empresa-de-las-cuencas-el-mayor-centro-de-afilado-de-cuchillos-de-espana\/"]}]},{"@type":"ImageObject","inLanguage":"es","@id":"https:\/\/www.cuencasmineras.com\/index.php\/2021\/12\/21\/una-empresa-de-las-cuencas-el-mayor-centro-de-afilado-de-cuchillos-de-espana\/#primaryimage","url":"https:\/\/www.cuencasmineras.com\/wp-content\/uploads\/2021\/12\/6b71b5f0-f852-4bfa-8b34-1d32f85753de_16-9-aspect-ratio_default_0.jpg","contentUrl":"https:\/\/www.cuencasmineras.com\/wp-content\/uploads\/2021\/12\/6b71b5f0-f852-4bfa-8b34-1d32f85753de_16-9-aspect-ratio_default_0.jpg","width":880,"height":495},{"@type":"BreadcrumbList","@id":"https:\/\/www.cuencasmineras.com\/index.php\/2021\/12\/21\/una-empresa-de-las-cuencas-el-mayor-centro-de-afilado-de-cuchillos-de-espana\/#breadcrumb","itemListElement":[{"@type":"ListItem","position":1,"name":"Portada","item":"https:\/\/www.cuencasmineras.com\/"},{"@type":"ListItem","position":2,"name":"Una empresa de las Cuencas, el mayor centro de afilado de cuchillos de Espa\u00f1a."}]},{"@type":"WebSite","@id":"https:\/\/www.cuencasmineras.com\/#website","url":"https:\/\/www.cuencasmineras.com\/","name":"","description":"","potentialAction":[{"@type":"SearchAction","target":{"@type":"EntryPoint","urlTemplate":"https:\/\/www.cuencasmineras.com\/?s={search_term_string}"},"query-input":{"@type":"PropertyValueSpecification","valueRequired":true,"valueName":"search_term_string"}}],"inLanguage":"es"},{"@type":"Person","@id":"https:\/\/www.cuencasmineras.com\/#\/schema\/person\/be0691310e8496ec555f679dd688420c","name":"admin","image":{"@type":"ImageObject","inLanguage":"es","@id":"https:\/\/secure.gravatar.com\/avatar\/4afd2eed3b2fbbf36dd6707b5bd8a5b50ac648f033e36fbf85aeace2f0f859db?s=96&d=mm&r=g","url":"https:\/\/secure.gravatar.com\/avatar\/4afd2eed3b2fbbf36dd6707b5bd8a5b50ac648f033e36fbf85aeace2f0f859db?s=96&d=mm&r=g","contentUrl":"https:\/\/secure.gravatar.com\/avatar\/4afd2eed3b2fbbf36dd6707b5bd8a5b50ac648f033e36fbf85aeace2f0f859db?s=96&d=mm&r=g","caption":"admin"},"sameAs":["https:\/\/www.cuencasmineras.com"],"url":"https:\/\/www.cuencasmineras.com\/index.php\/author\/admin\/"}]}},"_links":{"self":[{"href":"https:\/\/www.cuencasmineras.com\/index.php\/wp-json\/wp\/v2\/posts\/4138","targetHints":{"allow":["GET"]}}],"collection":[{"href":"https:\/\/www.cuencasmineras.com\/index.php\/wp-json\/wp\/v2\/posts"}],"about":[{"href":"https:\/\/www.cuencasmineras.com\/index.php\/wp-json\/wp\/v2\/types\/post"}],"author":[{"embeddable":true,"href":"https:\/\/www.cuencasmineras.com\/index.php\/wp-json\/wp\/v2\/users\/1"}],"replies":[{"embeddable":true,"href":"https:\/\/www.cuencasmineras.com\/index.php\/wp-json\/wp\/v2\/comments?post=4138"}],"version-history":[{"count":1,"href":"https:\/\/www.cuencasmineras.com\/index.php\/wp-json\/wp\/v2\/posts\/4138\/revisions"}],"predecessor-version":[{"id":4140,"href":"https:\/\/www.cuencasmineras.com\/index.php\/wp-json\/wp\/v2\/posts\/4138\/revisions\/4140"}],"wp:featuredmedia":[{"embeddable":true,"href":"https:\/\/www.cuencasmineras.com\/index.php\/wp-json\/wp\/v2\/media\/4139"}],"wp:attachment":[{"href":"https:\/\/www.cuencasmineras.com\/index.php\/wp-json\/wp\/v2\/media?parent=4138"}],"wp:term":[{"taxonomy":"category","embeddable":true,"href":"https:\/\/www.cuencasmineras.com\/index.php\/wp-json\/wp\/v2\/categories?post=4138"},{"taxonomy":"post_tag","embeddable":true,"href":"https:\/\/www.cuencasmineras.com\/index.php\/wp-json\/wp\/v2\/tags?post=4138"}],"curies":[{"name":"wp","href":"https:\/\/api.w.org\/{rel}","templated":true}]}}