{"id":4284,"date":"2022-01-20T11:41:37","date_gmt":"2022-01-20T11:41:37","guid":{"rendered":"https:\/\/www.cuencasmineras.com\/?p=4284"},"modified":"2022-01-20T11:41:37","modified_gmt":"2022-01-20T11:41:37","slug":"la-estacion-de-lena-sin-trenes-hasta-el-dia-24-por-la-obra-en-las-vias-para-la-llegada-del-ave","status":"publish","type":"post","link":"https:\/\/www.cuencasmineras.com\/index.php\/2022\/01\/20\/la-estacion-de-lena-sin-trenes-hasta-el-dia-24-por-la-obra-en-las-vias-para-la-llegada-del-ave\/","title":{"rendered":"La estaci\u00f3n de Lena, sin trenes hasta el d\u00eda 24 por la obra en las v\u00edas para la llegada del AVE"},"content":{"rendered":"<p style=\"text-align: justify;\">Las obras de adecuaci\u00f3n de la playa de v\u00edas de la estaci\u00f3n de Pola de Lena, para adaptar el trazado a la cada vez m\u00e1s pr\u00f3xima llegada del AVE a Asturias, ya han entrado en su recta final. Tras la construcci\u00f3n de la v\u00eda y el and\u00e9n que dar\u00e1 servicio a la alta velocidad, dotado con un paso subterr\u00e1neo y un ascensor, los trabajos se centran actualmente en la modificaci\u00f3n de la red de agujas de las v\u00edas de cercan\u00edas, as\u00ed como en la mejora del and\u00e9n principal. Las mejoras que se abordan estos d\u00edas en el circuito de cercan\u00edas est\u00e1n obligando a transbordar a los viajeros en autob\u00fas, desde Pola de Lena hasta Ujo. La medida ser\u00e1 necesaria hasta el 24 de enero. Los trabajos se desarrollan a tres turnos, alarg\u00e1ndose durante las 24 horas del d\u00eda, seg\u00fan explicaron fuentes pr\u00f3ximas a Renfe.<\/p>\n<p><img loading=\"lazy\" decoding=\"async\" class=\"aligncenter size-large wp-image-4285\" src=\"https:\/\/www.cuencasmineras.com\/wp-content\/uploads\/2022\/01\/a68feefa-b030-445b-a94a-bae77a559b13_16-9-discover-aspect-ratio_default_0-1024x576.jpg\" alt=\"\" width=\"640\" height=\"360\" srcset=\"https:\/\/www.cuencasmineras.com\/wp-content\/uploads\/2022\/01\/a68feefa-b030-445b-a94a-bae77a559b13_16-9-discover-aspect-ratio_default_0-1024x576.jpg 1024w, https:\/\/www.cuencasmineras.com\/wp-content\/uploads\/2022\/01\/a68feefa-b030-445b-a94a-bae77a559b13_16-9-discover-aspect-ratio_default_0-300x169.jpg 300w, https:\/\/www.cuencasmineras.com\/wp-content\/uploads\/2022\/01\/a68feefa-b030-445b-a94a-bae77a559b13_16-9-discover-aspect-ratio_default_0-768x432.jpg 768w, https:\/\/www.cuencasmineras.com\/wp-content\/uploads\/2022\/01\/a68feefa-b030-445b-a94a-bae77a559b13_16-9-discover-aspect-ratio_default_0.jpg 1200w\" sizes=\"auto, (max-width: 640px) 100vw, 640px\" \/><\/p>\n<p style=\"text-align: justify;\">La actuaci\u00f3n que se realiza en la red ferroviaria de Pola de Lena cuenta con un presupuesto cercano a los 4 millones de euros y se centra exclusivamente en la renovaci\u00f3n y adecuaci\u00f3n de andenes y v\u00edas. En teor\u00eda, seg\u00fan los compromisos adquiridos el pasado a\u00f1o por las administraciones regional y central, a las mejoras en marcha se sumar\u00eda la construcci\u00f3n de la nueva estaci\u00f3n de tren. La actuaci\u00f3n se enmarca en el contexto de la inminente llegada a Asturias del AVE, prevista para finales de este mismo a\u00f1o. El acuerdo con el Gobierno central pasa por la construcci\u00f3n de un nuevo edificio de servicios, \u201cque ser\u00e1 acorde a los tiempos y garantizar\u00e1 la accesibilidad de todos los usuarios\u201d. Se levantar\u00e1 en una parcela anexa al inmueble actual que, una vez entre en servicio la nueva estaci\u00f3n, se demoler\u00e1. La financiaci\u00f3n para las obras alcanza los cuatro millones de euros.<\/p>\n<p style=\"text-align: justify;\">La alcaldesa de Lena, Gema \u00c1lvarez, est\u00e1 convencida de que la estaci\u00f3n de tren de la Pola acabar\u00e1 centralizando el servicio regional de Alta Velocidad (AVE) cuando finalmente entre en funcionamiento la Variante de Pajares. \u201cCaer\u00e1 por su propio peso\u201d, sostiene la regidora de IU, al tiempo que manda un disimulado mensaje al Principado: \u201cNo hace falta un pronunciamiento pol\u00edtico sobre el futuro de Lena como estaci\u00f3n del AVE, ya que es la \u00fanica alternativa viable\u201d. Por su parte, el PSOE defiende que Lena necesita una estaci\u00f3n \u201cintermodal, moderna y eficiente\u201d. La agrupaci\u00f3n local, a trav\u00e9s de Francisco Barros, reclama un equipamiento \u201cremozado\u201d que de un \u201cbuen servicio\u201d a los vecinos, \u201ctanto en cercan\u00eda como en alta velocidad\u201d. Ahora bien, Barros aboga por huir de proyectos \u201csobredimensionados\u201d.<\/p>\n<p style=\"text-align: justify;\">A la espera de que se concrete el proyecto de la nueva estaci\u00f3n, la playa de v\u00edas, las agujas, la se\u00f1alizaci\u00f3n y los andenes de la parada de Pola de Lena estar\u00e1n en breve listos para la llegada del AVE. Cuando terminen los trabajos, la terminal quedar\u00e1 estructurada a trav\u00e9s de tres v\u00edas. El primer and\u00e9n dar\u00e1 servicio a los viajeros de cercan\u00edas de la l\u00ednea Fierros-Gij\u00f3n. El tercer circuito, tambi\u00e9n con and\u00e9n propio, recibir\u00e1 a los trenes de alta velocidad que paren en Lena. La v\u00eda intermedia ofrecer\u00e1 apoyo para facilitar el tr\u00e1nsito.<\/p>\n<p>&nbsp;<\/p>\n<p><strong>Fuente: LNE<\/strong><\/p>\n","protected":false},"excerpt":{"rendered":"<p>Las obras de adecuaci\u00f3n de la playa de v\u00edas de la estaci\u00f3n de Pola de Lena, para adaptar el trazado a la cada vez m\u00e1s pr\u00f3xima llegada del AVE a Asturias, ya han entrado en su recta final. Tras la construcci\u00f3n de la v\u00eda y el and\u00e9n que dar\u00e1 servicio a la alta velocidad, dotado [&hellip;]<\/p>\n","protected":false},"author":1,"featured_media":4285,"comment_status":"open","ping_status":"open","sticky":false,"template":"","format":"standard","meta":{"footnotes":""},"categories":[7,6],"tags":[],"class_list":["post-4284","post","type-post","status-publish","format-standard","has-post-thumbnail","hentry","category-caudal","category-noticias"],"yoast_head":"<!-- This site is optimized with the Yoast SEO plugin v27.4 - https:\/\/yoast.com\/product\/yoast-seo-wordpress\/ -->\n<title>La estaci\u00f3n de Lena, sin trenes hasta el d\u00eda 24 por la obra en las v\u00edas para la llegada del AVE - cm news<\/title>\n<meta name=\"description\" content=\"La construcci\u00f3n de los servicios exclusivos para la alta velocidad obligan a los convoyes a hacer transbordos en autob\u00fas entre la Pola y Ujo.\" \/>\n<meta name=\"robots\" content=\"index, follow, max-snippet:-1, max-image-preview:large, max-video-preview:-1\" \/>\n<link rel=\"canonical\" href=\"https:\/\/www.cuencasmineras.com\/index.php\/2022\/01\/20\/la-estacion-de-lena-sin-trenes-hasta-el-dia-24-por-la-obra-en-las-vias-para-la-llegada-del-ave\/\" \/>\n<meta property=\"og:locale\" content=\"es_ES\" \/>\n<meta property=\"og:type\" content=\"article\" \/>\n<meta property=\"og:title\" content=\"La estaci\u00f3n de Lena, sin trenes hasta el d\u00eda 24 por la obra en las v\u00edas para la llegada del AVE - cm news\" \/>\n<meta property=\"og:description\" content=\"La construcci\u00f3n de los servicios exclusivos para la alta velocidad obligan a los convoyes a hacer transbordos en autob\u00fas entre la Pola y Ujo.\" \/>\n<meta property=\"og:url\" content=\"https:\/\/www.cuencasmineras.com\/index.php\/2022\/01\/20\/la-estacion-de-lena-sin-trenes-hasta-el-dia-24-por-la-obra-en-las-vias-para-la-llegada-del-ave\/\" \/>\n<meta property=\"article:published_time\" content=\"2022-01-20T11:41:37+00:00\" \/>\n<meta property=\"og:image\" content=\"https:\/\/www.cuencasmineras.com\/wp-content\/uploads\/2022\/01\/a68feefa-b030-445b-a94a-bae77a559b13_16-9-discover-aspect-ratio_default_0.jpg\" \/>\n\t<meta property=\"og:image:width\" content=\"1200\" \/>\n\t<meta property=\"og:image:height\" content=\"675\" \/>\n\t<meta property=\"og:image:type\" content=\"image\/jpeg\" \/>\n<meta name=\"author\" content=\"admin\" \/>\n<meta name=\"twitter:card\" content=\"summary_large_image\" \/>\n<meta name=\"twitter:label1\" content=\"Escrito por\" \/>\n\t<meta name=\"twitter:data1\" content=\"admin\" \/>\n\t<meta name=\"twitter:label2\" content=\"Tiempo de lectura\" \/>\n\t<meta name=\"twitter:data2\" content=\"3 minutos\" \/>\n<script type=\"application\/ld+json\" class=\"yoast-schema-graph\">{\"@context\":\"https:\\\/\\\/schema.org\",\"@graph\":[{\"@type\":\"Article\",\"@id\":\"https:\\\/\\\/www.cuencasmineras.com\\\/index.php\\\/2022\\\/01\\\/20\\\/la-estacion-de-lena-sin-trenes-hasta-el-dia-24-por-la-obra-en-las-vias-para-la-llegada-del-ave\\\/#article\",\"isPartOf\":{\"@id\":\"https:\\\/\\\/www.cuencasmineras.com\\\/index.php\\\/2022\\\/01\\\/20\\\/la-estacion-de-lena-sin-trenes-hasta-el-dia-24-por-la-obra-en-las-vias-para-la-llegada-del-ave\\\/\"},\"author\":{\"name\":\"admin\",\"@id\":\"https:\\\/\\\/www.cuencasmineras.com\\\/#\\\/schema\\\/person\\\/be0691310e8496ec555f679dd688420c\"},\"headline\":\"La estaci\u00f3n de Lena, sin trenes hasta el d\u00eda 24 por la obra en las v\u00edas para la llegada del AVE\",\"datePublished\":\"2022-01-20T11:41:37+00:00\",\"mainEntityOfPage\":{\"@id\":\"https:\\\/\\\/www.cuencasmineras.com\\\/index.php\\\/2022\\\/01\\\/20\\\/la-estacion-de-lena-sin-trenes-hasta-el-dia-24-por-la-obra-en-las-vias-para-la-llegada-del-ave\\\/\"},\"wordCount\":596,\"commentCount\":0,\"image\":{\"@id\":\"https:\\\/\\\/www.cuencasmineras.com\\\/index.php\\\/2022\\\/01\\\/20\\\/la-estacion-de-lena-sin-trenes-hasta-el-dia-24-por-la-obra-en-las-vias-para-la-llegada-del-ave\\\/#primaryimage\"},\"thumbnailUrl\":\"https:\\\/\\\/www.cuencasmineras.com\\\/wp-content\\\/uploads\\\/2022\\\/01\\\/a68feefa-b030-445b-a94a-bae77a559b13_16-9-discover-aspect-ratio_default_0.jpg\",\"articleSection\":[\"Caudal\",\"CM NEWS\"],\"inLanguage\":\"es\",\"potentialAction\":[{\"@type\":\"CommentAction\",\"name\":\"Comment\",\"target\":[\"https:\\\/\\\/www.cuencasmineras.com\\\/index.php\\\/2022\\\/01\\\/20\\\/la-estacion-de-lena-sin-trenes-hasta-el-dia-24-por-la-obra-en-las-vias-para-la-llegada-del-ave\\\/#respond\"]}]},{\"@type\":\"WebPage\",\"@id\":\"https:\\\/\\\/www.cuencasmineras.com\\\/index.php\\\/2022\\\/01\\\/20\\\/la-estacion-de-lena-sin-trenes-hasta-el-dia-24-por-la-obra-en-las-vias-para-la-llegada-del-ave\\\/\",\"url\":\"https:\\\/\\\/www.cuencasmineras.com\\\/index.php\\\/2022\\\/01\\\/20\\\/la-estacion-de-lena-sin-trenes-hasta-el-dia-24-por-la-obra-en-las-vias-para-la-llegada-del-ave\\\/\",\"name\":\"La estaci\u00f3n de Lena, sin trenes hasta el d\u00eda 24 por la obra en las v\u00edas para la llegada del AVE - cm news\",\"isPartOf\":{\"@id\":\"https:\\\/\\\/www.cuencasmineras.com\\\/#website\"},\"primaryImageOfPage\":{\"@id\":\"https:\\\/\\\/www.cuencasmineras.com\\\/index.php\\\/2022\\\/01\\\/20\\\/la-estacion-de-lena-sin-trenes-hasta-el-dia-24-por-la-obra-en-las-vias-para-la-llegada-del-ave\\\/#primaryimage\"},\"image\":{\"@id\":\"https:\\\/\\\/www.cuencasmineras.com\\\/index.php\\\/2022\\\/01\\\/20\\\/la-estacion-de-lena-sin-trenes-hasta-el-dia-24-por-la-obra-en-las-vias-para-la-llegada-del-ave\\\/#primaryimage\"},\"thumbnailUrl\":\"https:\\\/\\\/www.cuencasmineras.com\\\/wp-content\\\/uploads\\\/2022\\\/01\\\/a68feefa-b030-445b-a94a-bae77a559b13_16-9-discover-aspect-ratio_default_0.jpg\",\"datePublished\":\"2022-01-20T11:41:37+00:00\",\"author\":{\"@id\":\"https:\\\/\\\/www.cuencasmineras.com\\\/#\\\/schema\\\/person\\\/be0691310e8496ec555f679dd688420c\"},\"description\":\"La construcci\u00f3n de los servicios exclusivos para la alta velocidad obligan a los convoyes a hacer transbordos en autob\u00fas entre la Pola y Ujo.\",\"breadcrumb\":{\"@id\":\"https:\\\/\\\/www.cuencasmineras.com\\\/index.php\\\/2022\\\/01\\\/20\\\/la-estacion-de-lena-sin-trenes-hasta-el-dia-24-por-la-obra-en-las-vias-para-la-llegada-del-ave\\\/#breadcrumb\"},\"inLanguage\":\"es\",\"potentialAction\":[{\"@type\":\"ReadAction\",\"target\":[\"https:\\\/\\\/www.cuencasmineras.com\\\/index.php\\\/2022\\\/01\\\/20\\\/la-estacion-de-lena-sin-trenes-hasta-el-dia-24-por-la-obra-en-las-vias-para-la-llegada-del-ave\\\/\"]}]},{\"@type\":\"ImageObject\",\"inLanguage\":\"es\",\"@id\":\"https:\\\/\\\/www.cuencasmineras.com\\\/index.php\\\/2022\\\/01\\\/20\\\/la-estacion-de-lena-sin-trenes-hasta-el-dia-24-por-la-obra-en-las-vias-para-la-llegada-del-ave\\\/#primaryimage\",\"url\":\"https:\\\/\\\/www.cuencasmineras.com\\\/wp-content\\\/uploads\\\/2022\\\/01\\\/a68feefa-b030-445b-a94a-bae77a559b13_16-9-discover-aspect-ratio_default_0.jpg\",\"contentUrl\":\"https:\\\/\\\/www.cuencasmineras.com\\\/wp-content\\\/uploads\\\/2022\\\/01\\\/a68feefa-b030-445b-a94a-bae77a559b13_16-9-discover-aspect-ratio_default_0.jpg\",\"width\":1200,\"height\":675},{\"@type\":\"BreadcrumbList\",\"@id\":\"https:\\\/\\\/www.cuencasmineras.com\\\/index.php\\\/2022\\\/01\\\/20\\\/la-estacion-de-lena-sin-trenes-hasta-el-dia-24-por-la-obra-en-las-vias-para-la-llegada-del-ave\\\/#breadcrumb\",\"itemListElement\":[{\"@type\":\"ListItem\",\"position\":1,\"name\":\"Portada\",\"item\":\"https:\\\/\\\/www.cuencasmineras.com\\\/\"},{\"@type\":\"ListItem\",\"position\":2,\"name\":\"La estaci\u00f3n de Lena, sin trenes hasta el d\u00eda 24 por la obra en las v\u00edas para la llegada del AVE\"}]},{\"@type\":\"WebSite\",\"@id\":\"https:\\\/\\\/www.cuencasmineras.com\\\/#website\",\"url\":\"https:\\\/\\\/www.cuencasmineras.com\\\/\",\"name\":\"\",\"description\":\"\",\"potentialAction\":[{\"@type\":\"SearchAction\",\"target\":{\"@type\":\"EntryPoint\",\"urlTemplate\":\"https:\\\/\\\/www.cuencasmineras.com\\\/?s={search_term_string}\"},\"query-input\":{\"@type\":\"PropertyValueSpecification\",\"valueRequired\":true,\"valueName\":\"search_term_string\"}}],\"inLanguage\":\"es\"},{\"@type\":\"Person\",\"@id\":\"https:\\\/\\\/www.cuencasmineras.com\\\/#\\\/schema\\\/person\\\/be0691310e8496ec555f679dd688420c\",\"name\":\"admin\",\"image\":{\"@type\":\"ImageObject\",\"inLanguage\":\"es\",\"@id\":\"https:\\\/\\\/secure.gravatar.com\\\/avatar\\\/4afd2eed3b2fbbf36dd6707b5bd8a5b50ac648f033e36fbf85aeace2f0f859db?s=96&d=mm&r=g\",\"url\":\"https:\\\/\\\/secure.gravatar.com\\\/avatar\\\/4afd2eed3b2fbbf36dd6707b5bd8a5b50ac648f033e36fbf85aeace2f0f859db?s=96&d=mm&r=g\",\"contentUrl\":\"https:\\\/\\\/secure.gravatar.com\\\/avatar\\\/4afd2eed3b2fbbf36dd6707b5bd8a5b50ac648f033e36fbf85aeace2f0f859db?s=96&d=mm&r=g\",\"caption\":\"admin\"},\"sameAs\":[\"https:\\\/\\\/www.cuencasmineras.com\"],\"url\":\"https:\\\/\\\/www.cuencasmineras.com\\\/index.php\\\/author\\\/admin\\\/\"}]}<\/script>\n<!-- \/ Yoast SEO plugin. -->","yoast_head_json":{"title":"La estaci\u00f3n de Lena, sin trenes hasta el d\u00eda 24 por la obra en las v\u00edas para la llegada del AVE - cm news","description":"La construcci\u00f3n de los servicios exclusivos para la alta velocidad obligan a los convoyes a hacer transbordos en autob\u00fas entre la Pola y Ujo.","robots":{"index":"index","follow":"follow","max-snippet":"max-snippet:-1","max-image-preview":"max-image-preview:large","max-video-preview":"max-video-preview:-1"},"canonical":"https:\/\/www.cuencasmineras.com\/index.php\/2022\/01\/20\/la-estacion-de-lena-sin-trenes-hasta-el-dia-24-por-la-obra-en-las-vias-para-la-llegada-del-ave\/","og_locale":"es_ES","og_type":"article","og_title":"La estaci\u00f3n de Lena, sin trenes hasta el d\u00eda 24 por la obra en las v\u00edas para la llegada del AVE - cm news","og_description":"La construcci\u00f3n de los servicios exclusivos para la alta velocidad obligan a los convoyes a hacer transbordos en autob\u00fas entre la Pola y Ujo.","og_url":"https:\/\/www.cuencasmineras.com\/index.php\/2022\/01\/20\/la-estacion-de-lena-sin-trenes-hasta-el-dia-24-por-la-obra-en-las-vias-para-la-llegada-del-ave\/","article_published_time":"2022-01-20T11:41:37+00:00","og_image":[{"width":1200,"height":675,"url":"https:\/\/www.cuencasmineras.com\/wp-content\/uploads\/2022\/01\/a68feefa-b030-445b-a94a-bae77a559b13_16-9-discover-aspect-ratio_default_0.jpg","type":"image\/jpeg"}],"author":"admin","twitter_card":"summary_large_image","twitter_misc":{"Escrito por":"admin","Tiempo de lectura":"3 minutos"},"schema":{"@context":"https:\/\/schema.org","@graph":[{"@type":"Article","@id":"https:\/\/www.cuencasmineras.com\/index.php\/2022\/01\/20\/la-estacion-de-lena-sin-trenes-hasta-el-dia-24-por-la-obra-en-las-vias-para-la-llegada-del-ave\/#article","isPartOf":{"@id":"https:\/\/www.cuencasmineras.com\/index.php\/2022\/01\/20\/la-estacion-de-lena-sin-trenes-hasta-el-dia-24-por-la-obra-en-las-vias-para-la-llegada-del-ave\/"},"author":{"name":"admin","@id":"https:\/\/www.cuencasmineras.com\/#\/schema\/person\/be0691310e8496ec555f679dd688420c"},"headline":"La estaci\u00f3n de Lena, sin trenes hasta el d\u00eda 24 por la obra en las v\u00edas para la llegada del AVE","datePublished":"2022-01-20T11:41:37+00:00","mainEntityOfPage":{"@id":"https:\/\/www.cuencasmineras.com\/index.php\/2022\/01\/20\/la-estacion-de-lena-sin-trenes-hasta-el-dia-24-por-la-obra-en-las-vias-para-la-llegada-del-ave\/"},"wordCount":596,"commentCount":0,"image":{"@id":"https:\/\/www.cuencasmineras.com\/index.php\/2022\/01\/20\/la-estacion-de-lena-sin-trenes-hasta-el-dia-24-por-la-obra-en-las-vias-para-la-llegada-del-ave\/#primaryimage"},"thumbnailUrl":"https:\/\/www.cuencasmineras.com\/wp-content\/uploads\/2022\/01\/a68feefa-b030-445b-a94a-bae77a559b13_16-9-discover-aspect-ratio_default_0.jpg","articleSection":["Caudal","CM NEWS"],"inLanguage":"es","potentialAction":[{"@type":"CommentAction","name":"Comment","target":["https:\/\/www.cuencasmineras.com\/index.php\/2022\/01\/20\/la-estacion-de-lena-sin-trenes-hasta-el-dia-24-por-la-obra-en-las-vias-para-la-llegada-del-ave\/#respond"]}]},{"@type":"WebPage","@id":"https:\/\/www.cuencasmineras.com\/index.php\/2022\/01\/20\/la-estacion-de-lena-sin-trenes-hasta-el-dia-24-por-la-obra-en-las-vias-para-la-llegada-del-ave\/","url":"https:\/\/www.cuencasmineras.com\/index.php\/2022\/01\/20\/la-estacion-de-lena-sin-trenes-hasta-el-dia-24-por-la-obra-en-las-vias-para-la-llegada-del-ave\/","name":"La estaci\u00f3n de Lena, sin trenes hasta el d\u00eda 24 por la obra en las v\u00edas para la llegada del AVE - cm news","isPartOf":{"@id":"https:\/\/www.cuencasmineras.com\/#website"},"primaryImageOfPage":{"@id":"https:\/\/www.cuencasmineras.com\/index.php\/2022\/01\/20\/la-estacion-de-lena-sin-trenes-hasta-el-dia-24-por-la-obra-en-las-vias-para-la-llegada-del-ave\/#primaryimage"},"image":{"@id":"https:\/\/www.cuencasmineras.com\/index.php\/2022\/01\/20\/la-estacion-de-lena-sin-trenes-hasta-el-dia-24-por-la-obra-en-las-vias-para-la-llegada-del-ave\/#primaryimage"},"thumbnailUrl":"https:\/\/www.cuencasmineras.com\/wp-content\/uploads\/2022\/01\/a68feefa-b030-445b-a94a-bae77a559b13_16-9-discover-aspect-ratio_default_0.jpg","datePublished":"2022-01-20T11:41:37+00:00","author":{"@id":"https:\/\/www.cuencasmineras.com\/#\/schema\/person\/be0691310e8496ec555f679dd688420c"},"description":"La construcci\u00f3n de los servicios exclusivos para la alta velocidad obligan a los convoyes a hacer transbordos en autob\u00fas entre la Pola y Ujo.","breadcrumb":{"@id":"https:\/\/www.cuencasmineras.com\/index.php\/2022\/01\/20\/la-estacion-de-lena-sin-trenes-hasta-el-dia-24-por-la-obra-en-las-vias-para-la-llegada-del-ave\/#breadcrumb"},"inLanguage":"es","potentialAction":[{"@type":"ReadAction","target":["https:\/\/www.cuencasmineras.com\/index.php\/2022\/01\/20\/la-estacion-de-lena-sin-trenes-hasta-el-dia-24-por-la-obra-en-las-vias-para-la-llegada-del-ave\/"]}]},{"@type":"ImageObject","inLanguage":"es","@id":"https:\/\/www.cuencasmineras.com\/index.php\/2022\/01\/20\/la-estacion-de-lena-sin-trenes-hasta-el-dia-24-por-la-obra-en-las-vias-para-la-llegada-del-ave\/#primaryimage","url":"https:\/\/www.cuencasmineras.com\/wp-content\/uploads\/2022\/01\/a68feefa-b030-445b-a94a-bae77a559b13_16-9-discover-aspect-ratio_default_0.jpg","contentUrl":"https:\/\/www.cuencasmineras.com\/wp-content\/uploads\/2022\/01\/a68feefa-b030-445b-a94a-bae77a559b13_16-9-discover-aspect-ratio_default_0.jpg","width":1200,"height":675},{"@type":"BreadcrumbList","@id":"https:\/\/www.cuencasmineras.com\/index.php\/2022\/01\/20\/la-estacion-de-lena-sin-trenes-hasta-el-dia-24-por-la-obra-en-las-vias-para-la-llegada-del-ave\/#breadcrumb","itemListElement":[{"@type":"ListItem","position":1,"name":"Portada","item":"https:\/\/www.cuencasmineras.com\/"},{"@type":"ListItem","position":2,"name":"La estaci\u00f3n de Lena, sin trenes hasta el d\u00eda 24 por la obra en las v\u00edas para la llegada del AVE"}]},{"@type":"WebSite","@id":"https:\/\/www.cuencasmineras.com\/#website","url":"https:\/\/www.cuencasmineras.com\/","name":"","description":"","potentialAction":[{"@type":"SearchAction","target":{"@type":"EntryPoint","urlTemplate":"https:\/\/www.cuencasmineras.com\/?s={search_term_string}"},"query-input":{"@type":"PropertyValueSpecification","valueRequired":true,"valueName":"search_term_string"}}],"inLanguage":"es"},{"@type":"Person","@id":"https:\/\/www.cuencasmineras.com\/#\/schema\/person\/be0691310e8496ec555f679dd688420c","name":"admin","image":{"@type":"ImageObject","inLanguage":"es","@id":"https:\/\/secure.gravatar.com\/avatar\/4afd2eed3b2fbbf36dd6707b5bd8a5b50ac648f033e36fbf85aeace2f0f859db?s=96&d=mm&r=g","url":"https:\/\/secure.gravatar.com\/avatar\/4afd2eed3b2fbbf36dd6707b5bd8a5b50ac648f033e36fbf85aeace2f0f859db?s=96&d=mm&r=g","contentUrl":"https:\/\/secure.gravatar.com\/avatar\/4afd2eed3b2fbbf36dd6707b5bd8a5b50ac648f033e36fbf85aeace2f0f859db?s=96&d=mm&r=g","caption":"admin"},"sameAs":["https:\/\/www.cuencasmineras.com"],"url":"https:\/\/www.cuencasmineras.com\/index.php\/author\/admin\/"}]}},"_links":{"self":[{"href":"https:\/\/www.cuencasmineras.com\/index.php\/wp-json\/wp\/v2\/posts\/4284","targetHints":{"allow":["GET"]}}],"collection":[{"href":"https:\/\/www.cuencasmineras.com\/index.php\/wp-json\/wp\/v2\/posts"}],"about":[{"href":"https:\/\/www.cuencasmineras.com\/index.php\/wp-json\/wp\/v2\/types\/post"}],"author":[{"embeddable":true,"href":"https:\/\/www.cuencasmineras.com\/index.php\/wp-json\/wp\/v2\/users\/1"}],"replies":[{"embeddable":true,"href":"https:\/\/www.cuencasmineras.com\/index.php\/wp-json\/wp\/v2\/comments?post=4284"}],"version-history":[{"count":1,"href":"https:\/\/www.cuencasmineras.com\/index.php\/wp-json\/wp\/v2\/posts\/4284\/revisions"}],"predecessor-version":[{"id":4286,"href":"https:\/\/www.cuencasmineras.com\/index.php\/wp-json\/wp\/v2\/posts\/4284\/revisions\/4286"}],"wp:featuredmedia":[{"embeddable":true,"href":"https:\/\/www.cuencasmineras.com\/index.php\/wp-json\/wp\/v2\/media\/4285"}],"wp:attachment":[{"href":"https:\/\/www.cuencasmineras.com\/index.php\/wp-json\/wp\/v2\/media?parent=4284"}],"wp:term":[{"taxonomy":"category","embeddable":true,"href":"https:\/\/www.cuencasmineras.com\/index.php\/wp-json\/wp\/v2\/categories?post=4284"},{"taxonomy":"post_tag","embeddable":true,"href":"https:\/\/www.cuencasmineras.com\/index.php\/wp-json\/wp\/v2\/tags?post=4284"}],"curies":[{"name":"wp","href":"https:\/\/api.w.org\/{rel}","templated":true}]}}