{"id":4317,"date":"2022-01-26T16:39:47","date_gmt":"2022-01-26T16:39:47","guid":{"rendered":"https:\/\/www.cuencasmineras.com\/?p=4317"},"modified":"2022-01-26T16:40:21","modified_gmt":"2022-01-26T16:40:21","slug":"el-tren-turistico-entre-collanzo-y-trubia-con-locomotora-de-vapor-empezara-a-funcionar-en-octubre","status":"publish","type":"post","link":"https:\/\/www.cuencasmineras.com\/index.php\/2022\/01\/26\/el-tren-turistico-entre-collanzo-y-trubia-con-locomotora-de-vapor-empezara-a-funcionar-en-octubre\/","title":{"rendered":"El tren tur\u00edstico entre Collanzo y Trubia, con locomotora de vapor, empezar\u00e1 a funcionar en octubre"},"content":{"rendered":"<p style=\"text-align: justify;\">Era un proyecto que rondaba hace tiempo la cabeza de los alcaldes de la Monta\u00f1a Central y, tras quedar aparentemente estancado, parece que ya tiene v\u00eda libre. El Gobierno del Principado, junto a Renfe, tiene previsto poner en marcha este oto\u00f1o, y m\u00e1s concretamente en octubre, el tren tur\u00edstico entre las estaciones de Collanzo, en Aller, y Trubia, en Oviedo. Una iniciativa que persigue dar un impulso al turismo y convertirse en una referencia dentro del sector, tanto a nivel nacional como internacional. El elemento diferenciador, adem\u00e1s de la riqueza patrimonial del recorrido, ser\u00e1 que el tren estar\u00e1 impulsado por una antigua m\u00e1quina de vapor, que era propiedad de Hunosa, algo pionero en Espa\u00f1a, destac\u00f3 el Principado. Se trata de un recorrido de medio centenar de kil\u00f3metros. El alcalde de Oviedo pide ir m\u00e1s all\u00e1 y defiende que el tren llegue a la capital del Principado y no a Trubia, como se planteaba en un principio.<\/p>\n<p><img loading=\"lazy\" decoding=\"async\" class=\"aligncenter size-large wp-image-4318\" src=\"https:\/\/www.cuencasmineras.com\/wp-content\/uploads\/2022\/01\/1c2f08ba-7b91-4938-a0e3-90f8e34c59da_21-9-aspect-ratio_default_0-1024x438.jpg\" alt=\"\" width=\"640\" height=\"274\" srcset=\"https:\/\/www.cuencasmineras.com\/wp-content\/uploads\/2022\/01\/1c2f08ba-7b91-4938-a0e3-90f8e34c59da_21-9-aspect-ratio_default_0-1024x438.jpg 1024w, https:\/\/www.cuencasmineras.com\/wp-content\/uploads\/2022\/01\/1c2f08ba-7b91-4938-a0e3-90f8e34c59da_21-9-aspect-ratio_default_0-300x128.jpg 300w, https:\/\/www.cuencasmineras.com\/wp-content\/uploads\/2022\/01\/1c2f08ba-7b91-4938-a0e3-90f8e34c59da_21-9-aspect-ratio_default_0-768x329.jpg 768w, https:\/\/www.cuencasmineras.com\/wp-content\/uploads\/2022\/01\/1c2f08ba-7b91-4938-a0e3-90f8e34c59da_21-9-aspect-ratio_default_0.jpg 1280w\" sizes=\"auto, (max-width: 640px) 100vw, 640px\" \/><\/p>\n<p style=\"text-align: justify;\">El presidente del Principado, Adri\u00e1n Barb\u00f3n \u2013acompa\u00f1ado por la directora general de Turismo, Graciela Blanco, y el director general de Patrimonio, Pablo Le\u00f3n\u2013 mantuvo ayer un encuentro con responsables de Renfe y con los alcaldes de Mieres, Aller, Morc\u00edn, Ribera de Arriba y Oviedo para analizar el proyecto tur\u00edstico. Una iniciativa que ya est\u00e1 en marcha, aunque a\u00fan quedan todav\u00eda muchos flecos por cerrar. Por una parte, un convenio entre el Principado y Renfe para la puesta en marcha del tren tur\u00edstico. Por otro lado, y en lo que la empresa ferroviaria estatal est\u00e1 trabajando, la definici\u00f3n exacta del proyecto as\u00ed como la realizaci\u00f3n de m\u00e1s pruebas de circulaci\u00f3n con la restaurada m\u00e1quina de vapor: la locomotora VA8, una poderosa m\u00e1quina construida en Vizcaya, por Babcock &amp; Wilcox, en 1958.<\/p>\n<p style=\"text-align: justify;\">La directora general de Turismo, Graciela Blanco, se\u00f1al\u00f3, al t\u00e9rmino del encuentro, que \u201ces un proyecto muy interesante, y de lo que hemos hablado es de que todos los ayuntamientos y el Principado vamos a empezar a trabajar mano a mano con Renfe para buscar un convenio que nos permita poner en marcha el proyecto del tren tur\u00edstico\u201d. La responsable regional tambi\u00e9n dio fechas: \u201clas primeras pruebas podr\u00edan llegar en la primavera de 2022, para si todo va bien, a lo largo del a\u00f1o, poder tener en marcha este recurso tur\u00edstico que nos ayudar\u00eda a desestacionalizar\u201d la oferta.<\/p>\n<p style=\"text-align: justify;\">Adem\u00e1s, Blanco se\u00f1al\u00f3 que el proyecto supondr\u00eda un \u201celemento diferencial\u201d, ya que \u201cno hay ning\u00fan tren con una m\u00e1quina de vapor que recorra las v\u00edas en todo el pa\u00eds, y eso ser\u00eda muy importante para hacernos competitivos en el mercado nacional e internacional\u201d. El proyecto del tren tur\u00edstico encaja, tal y como asegur\u00f3 Graciela Blanco, en una iniciativa m\u00e1s ambiciosa presentada por el Principado en Fitur, y por el que se invertir\u00eda 1,1 millones \u201cpara desarrollar un plan vinculado al patrimonio industrial minero\u201d.<\/p>\n<p>&nbsp;<\/p>\n<p>LNE<\/p>\n","protected":false},"excerpt":{"rendered":"<p>Era un proyecto que rondaba hace tiempo la cabeza de los alcaldes de la Monta\u00f1a Central y, tras quedar aparentemente estancado, parece que ya tiene v\u00eda libre. El Gobierno del Principado, junto a Renfe, tiene previsto poner en marcha este oto\u00f1o, y m\u00e1s concretamente en octubre, el tren tur\u00edstico entre las estaciones de Collanzo, en [&hellip;]<\/p>\n","protected":false},"author":1,"featured_media":4318,"comment_status":"open","ping_status":"open","sticky":false,"template":"","format":"standard","meta":{"footnotes":""},"categories":[7,6],"tags":[],"class_list":["post-4317","post","type-post","status-publish","format-standard","has-post-thumbnail","hentry","category-caudal","category-noticias"],"yoast_head":"<!-- This site is optimized with the Yoast SEO plugin v27.4 - https:\/\/yoast.com\/product\/yoast-seo-wordpress\/ -->\n<title>El tren tur\u00edstico entre Collanzo y Trubia, con locomotora de vapor, empezar\u00e1 a funcionar en octubre - cm news<\/title>\n<meta name=\"description\" content=\"Ser\u00e1 el \u00fanico convoy del pa\u00eds guiado por una m\u00e1quina de vapor, destaca el Principado | Canteli reclama que llegue hasta la ciudad de Oviedo\" \/>\n<meta name=\"robots\" content=\"index, follow, max-snippet:-1, max-image-preview:large, max-video-preview:-1\" \/>\n<link rel=\"canonical\" href=\"https:\/\/www.cuencasmineras.com\/index.php\/2022\/01\/26\/el-tren-turistico-entre-collanzo-y-trubia-con-locomotora-de-vapor-empezara-a-funcionar-en-octubre\/\" \/>\n<meta property=\"og:locale\" content=\"es_ES\" \/>\n<meta property=\"og:type\" content=\"article\" \/>\n<meta property=\"og:title\" content=\"El tren tur\u00edstico entre Collanzo y Trubia, con locomotora de vapor, empezar\u00e1 a funcionar en octubre - cm news\" \/>\n<meta property=\"og:description\" content=\"Ser\u00e1 el \u00fanico convoy del pa\u00eds guiado por una m\u00e1quina de vapor, destaca el Principado | Canteli reclama que llegue hasta la ciudad de Oviedo\" \/>\n<meta property=\"og:url\" content=\"https:\/\/www.cuencasmineras.com\/index.php\/2022\/01\/26\/el-tren-turistico-entre-collanzo-y-trubia-con-locomotora-de-vapor-empezara-a-funcionar-en-octubre\/\" \/>\n<meta property=\"article:published_time\" content=\"2022-01-26T16:39:47+00:00\" \/>\n<meta property=\"article:modified_time\" content=\"2022-01-26T16:40:21+00:00\" \/>\n<meta property=\"og:image\" content=\"https:\/\/www.cuencasmineras.com\/wp-content\/uploads\/2022\/01\/1c2f08ba-7b91-4938-a0e3-90f8e34c59da_21-9-aspect-ratio_default_0.jpg\" \/>\n\t<meta property=\"og:image:width\" content=\"1280\" \/>\n\t<meta property=\"og:image:height\" content=\"548\" \/>\n\t<meta property=\"og:image:type\" content=\"image\/jpeg\" \/>\n<meta name=\"author\" content=\"admin\" \/>\n<meta name=\"twitter:card\" content=\"summary_large_image\" \/>\n<meta name=\"twitter:label1\" content=\"Escrito por\" \/>\n\t<meta name=\"twitter:data1\" content=\"admin\" \/>\n\t<meta name=\"twitter:label2\" content=\"Tiempo de lectura\" \/>\n\t<meta name=\"twitter:data2\" content=\"3 minutos\" \/>\n<script type=\"application\/ld+json\" class=\"yoast-schema-graph\">{\"@context\":\"https:\\\/\\\/schema.org\",\"@graph\":[{\"@type\":\"Article\",\"@id\":\"https:\\\/\\\/www.cuencasmineras.com\\\/index.php\\\/2022\\\/01\\\/26\\\/el-tren-turistico-entre-collanzo-y-trubia-con-locomotora-de-vapor-empezara-a-funcionar-en-octubre\\\/#article\",\"isPartOf\":{\"@id\":\"https:\\\/\\\/www.cuencasmineras.com\\\/index.php\\\/2022\\\/01\\\/26\\\/el-tren-turistico-entre-collanzo-y-trubia-con-locomotora-de-vapor-empezara-a-funcionar-en-octubre\\\/\"},\"author\":{\"name\":\"admin\",\"@id\":\"https:\\\/\\\/www.cuencasmineras.com\\\/#\\\/schema\\\/person\\\/be0691310e8496ec555f679dd688420c\"},\"headline\":\"El tren tur\u00edstico entre Collanzo y Trubia, con locomotora de vapor, empezar\u00e1 a funcionar en octubre\",\"datePublished\":\"2022-01-26T16:39:47+00:00\",\"dateModified\":\"2022-01-26T16:40:21+00:00\",\"mainEntityOfPage\":{\"@id\":\"https:\\\/\\\/www.cuencasmineras.com\\\/index.php\\\/2022\\\/01\\\/26\\\/el-tren-turistico-entre-collanzo-y-trubia-con-locomotora-de-vapor-empezara-a-funcionar-en-octubre\\\/\"},\"wordCount\":527,\"commentCount\":0,\"image\":{\"@id\":\"https:\\\/\\\/www.cuencasmineras.com\\\/index.php\\\/2022\\\/01\\\/26\\\/el-tren-turistico-entre-collanzo-y-trubia-con-locomotora-de-vapor-empezara-a-funcionar-en-octubre\\\/#primaryimage\"},\"thumbnailUrl\":\"https:\\\/\\\/www.cuencasmineras.com\\\/wp-content\\\/uploads\\\/2022\\\/01\\\/1c2f08ba-7b91-4938-a0e3-90f8e34c59da_21-9-aspect-ratio_default_0.jpg\",\"articleSection\":[\"Caudal\",\"CM NEWS\"],\"inLanguage\":\"es\",\"potentialAction\":[{\"@type\":\"CommentAction\",\"name\":\"Comment\",\"target\":[\"https:\\\/\\\/www.cuencasmineras.com\\\/index.php\\\/2022\\\/01\\\/26\\\/el-tren-turistico-entre-collanzo-y-trubia-con-locomotora-de-vapor-empezara-a-funcionar-en-octubre\\\/#respond\"]}]},{\"@type\":\"WebPage\",\"@id\":\"https:\\\/\\\/www.cuencasmineras.com\\\/index.php\\\/2022\\\/01\\\/26\\\/el-tren-turistico-entre-collanzo-y-trubia-con-locomotora-de-vapor-empezara-a-funcionar-en-octubre\\\/\",\"url\":\"https:\\\/\\\/www.cuencasmineras.com\\\/index.php\\\/2022\\\/01\\\/26\\\/el-tren-turistico-entre-collanzo-y-trubia-con-locomotora-de-vapor-empezara-a-funcionar-en-octubre\\\/\",\"name\":\"El tren tur\u00edstico entre Collanzo y Trubia, con locomotora de vapor, empezar\u00e1 a funcionar en octubre - cm news\",\"isPartOf\":{\"@id\":\"https:\\\/\\\/www.cuencasmineras.com\\\/#website\"},\"primaryImageOfPage\":{\"@id\":\"https:\\\/\\\/www.cuencasmineras.com\\\/index.php\\\/2022\\\/01\\\/26\\\/el-tren-turistico-entre-collanzo-y-trubia-con-locomotora-de-vapor-empezara-a-funcionar-en-octubre\\\/#primaryimage\"},\"image\":{\"@id\":\"https:\\\/\\\/www.cuencasmineras.com\\\/index.php\\\/2022\\\/01\\\/26\\\/el-tren-turistico-entre-collanzo-y-trubia-con-locomotora-de-vapor-empezara-a-funcionar-en-octubre\\\/#primaryimage\"},\"thumbnailUrl\":\"https:\\\/\\\/www.cuencasmineras.com\\\/wp-content\\\/uploads\\\/2022\\\/01\\\/1c2f08ba-7b91-4938-a0e3-90f8e34c59da_21-9-aspect-ratio_default_0.jpg\",\"datePublished\":\"2022-01-26T16:39:47+00:00\",\"dateModified\":\"2022-01-26T16:40:21+00:00\",\"author\":{\"@id\":\"https:\\\/\\\/www.cuencasmineras.com\\\/#\\\/schema\\\/person\\\/be0691310e8496ec555f679dd688420c\"},\"description\":\"Ser\u00e1 el \u00fanico convoy del pa\u00eds guiado por una m\u00e1quina de vapor, destaca el Principado | Canteli reclama que llegue hasta la ciudad de Oviedo\",\"breadcrumb\":{\"@id\":\"https:\\\/\\\/www.cuencasmineras.com\\\/index.php\\\/2022\\\/01\\\/26\\\/el-tren-turistico-entre-collanzo-y-trubia-con-locomotora-de-vapor-empezara-a-funcionar-en-octubre\\\/#breadcrumb\"},\"inLanguage\":\"es\",\"potentialAction\":[{\"@type\":\"ReadAction\",\"target\":[\"https:\\\/\\\/www.cuencasmineras.com\\\/index.php\\\/2022\\\/01\\\/26\\\/el-tren-turistico-entre-collanzo-y-trubia-con-locomotora-de-vapor-empezara-a-funcionar-en-octubre\\\/\"]}]},{\"@type\":\"ImageObject\",\"inLanguage\":\"es\",\"@id\":\"https:\\\/\\\/www.cuencasmineras.com\\\/index.php\\\/2022\\\/01\\\/26\\\/el-tren-turistico-entre-collanzo-y-trubia-con-locomotora-de-vapor-empezara-a-funcionar-en-octubre\\\/#primaryimage\",\"url\":\"https:\\\/\\\/www.cuencasmineras.com\\\/wp-content\\\/uploads\\\/2022\\\/01\\\/1c2f08ba-7b91-4938-a0e3-90f8e34c59da_21-9-aspect-ratio_default_0.jpg\",\"contentUrl\":\"https:\\\/\\\/www.cuencasmineras.com\\\/wp-content\\\/uploads\\\/2022\\\/01\\\/1c2f08ba-7b91-4938-a0e3-90f8e34c59da_21-9-aspect-ratio_default_0.jpg\",\"width\":1280,\"height\":548},{\"@type\":\"BreadcrumbList\",\"@id\":\"https:\\\/\\\/www.cuencasmineras.com\\\/index.php\\\/2022\\\/01\\\/26\\\/el-tren-turistico-entre-collanzo-y-trubia-con-locomotora-de-vapor-empezara-a-funcionar-en-octubre\\\/#breadcrumb\",\"itemListElement\":[{\"@type\":\"ListItem\",\"position\":1,\"name\":\"Portada\",\"item\":\"https:\\\/\\\/www.cuencasmineras.com\\\/\"},{\"@type\":\"ListItem\",\"position\":2,\"name\":\"El tren tur\u00edstico entre Collanzo y Trubia, con locomotora de vapor, empezar\u00e1 a funcionar en octubre\"}]},{\"@type\":\"WebSite\",\"@id\":\"https:\\\/\\\/www.cuencasmineras.com\\\/#website\",\"url\":\"https:\\\/\\\/www.cuencasmineras.com\\\/\",\"name\":\"\",\"description\":\"\",\"potentialAction\":[{\"@type\":\"SearchAction\",\"target\":{\"@type\":\"EntryPoint\",\"urlTemplate\":\"https:\\\/\\\/www.cuencasmineras.com\\\/?s={search_term_string}\"},\"query-input\":{\"@type\":\"PropertyValueSpecification\",\"valueRequired\":true,\"valueName\":\"search_term_string\"}}],\"inLanguage\":\"es\"},{\"@type\":\"Person\",\"@id\":\"https:\\\/\\\/www.cuencasmineras.com\\\/#\\\/schema\\\/person\\\/be0691310e8496ec555f679dd688420c\",\"name\":\"admin\",\"image\":{\"@type\":\"ImageObject\",\"inLanguage\":\"es\",\"@id\":\"https:\\\/\\\/secure.gravatar.com\\\/avatar\\\/4afd2eed3b2fbbf36dd6707b5bd8a5b50ac648f033e36fbf85aeace2f0f859db?s=96&d=mm&r=g\",\"url\":\"https:\\\/\\\/secure.gravatar.com\\\/avatar\\\/4afd2eed3b2fbbf36dd6707b5bd8a5b50ac648f033e36fbf85aeace2f0f859db?s=96&d=mm&r=g\",\"contentUrl\":\"https:\\\/\\\/secure.gravatar.com\\\/avatar\\\/4afd2eed3b2fbbf36dd6707b5bd8a5b50ac648f033e36fbf85aeace2f0f859db?s=96&d=mm&r=g\",\"caption\":\"admin\"},\"sameAs\":[\"https:\\\/\\\/www.cuencasmineras.com\"],\"url\":\"https:\\\/\\\/www.cuencasmineras.com\\\/index.php\\\/author\\\/admin\\\/\"}]}<\/script>\n<!-- \/ Yoast SEO plugin. -->","yoast_head_json":{"title":"El tren tur\u00edstico entre Collanzo y Trubia, con locomotora de vapor, empezar\u00e1 a funcionar en octubre - cm news","description":"Ser\u00e1 el \u00fanico convoy del pa\u00eds guiado por una m\u00e1quina de vapor, destaca el Principado | Canteli reclama que llegue hasta la ciudad de Oviedo","robots":{"index":"index","follow":"follow","max-snippet":"max-snippet:-1","max-image-preview":"max-image-preview:large","max-video-preview":"max-video-preview:-1"},"canonical":"https:\/\/www.cuencasmineras.com\/index.php\/2022\/01\/26\/el-tren-turistico-entre-collanzo-y-trubia-con-locomotora-de-vapor-empezara-a-funcionar-en-octubre\/","og_locale":"es_ES","og_type":"article","og_title":"El tren tur\u00edstico entre Collanzo y Trubia, con locomotora de vapor, empezar\u00e1 a funcionar en octubre - cm news","og_description":"Ser\u00e1 el \u00fanico convoy del pa\u00eds guiado por una m\u00e1quina de vapor, destaca el Principado | Canteli reclama que llegue hasta la ciudad de Oviedo","og_url":"https:\/\/www.cuencasmineras.com\/index.php\/2022\/01\/26\/el-tren-turistico-entre-collanzo-y-trubia-con-locomotora-de-vapor-empezara-a-funcionar-en-octubre\/","article_published_time":"2022-01-26T16:39:47+00:00","article_modified_time":"2022-01-26T16:40:21+00:00","og_image":[{"width":1280,"height":548,"url":"https:\/\/www.cuencasmineras.com\/wp-content\/uploads\/2022\/01\/1c2f08ba-7b91-4938-a0e3-90f8e34c59da_21-9-aspect-ratio_default_0.jpg","type":"image\/jpeg"}],"author":"admin","twitter_card":"summary_large_image","twitter_misc":{"Escrito por":"admin","Tiempo de lectura":"3 minutos"},"schema":{"@context":"https:\/\/schema.org","@graph":[{"@type":"Article","@id":"https:\/\/www.cuencasmineras.com\/index.php\/2022\/01\/26\/el-tren-turistico-entre-collanzo-y-trubia-con-locomotora-de-vapor-empezara-a-funcionar-en-octubre\/#article","isPartOf":{"@id":"https:\/\/www.cuencasmineras.com\/index.php\/2022\/01\/26\/el-tren-turistico-entre-collanzo-y-trubia-con-locomotora-de-vapor-empezara-a-funcionar-en-octubre\/"},"author":{"name":"admin","@id":"https:\/\/www.cuencasmineras.com\/#\/schema\/person\/be0691310e8496ec555f679dd688420c"},"headline":"El tren tur\u00edstico entre Collanzo y Trubia, con locomotora de vapor, empezar\u00e1 a funcionar en octubre","datePublished":"2022-01-26T16:39:47+00:00","dateModified":"2022-01-26T16:40:21+00:00","mainEntityOfPage":{"@id":"https:\/\/www.cuencasmineras.com\/index.php\/2022\/01\/26\/el-tren-turistico-entre-collanzo-y-trubia-con-locomotora-de-vapor-empezara-a-funcionar-en-octubre\/"},"wordCount":527,"commentCount":0,"image":{"@id":"https:\/\/www.cuencasmineras.com\/index.php\/2022\/01\/26\/el-tren-turistico-entre-collanzo-y-trubia-con-locomotora-de-vapor-empezara-a-funcionar-en-octubre\/#primaryimage"},"thumbnailUrl":"https:\/\/www.cuencasmineras.com\/wp-content\/uploads\/2022\/01\/1c2f08ba-7b91-4938-a0e3-90f8e34c59da_21-9-aspect-ratio_default_0.jpg","articleSection":["Caudal","CM NEWS"],"inLanguage":"es","potentialAction":[{"@type":"CommentAction","name":"Comment","target":["https:\/\/www.cuencasmineras.com\/index.php\/2022\/01\/26\/el-tren-turistico-entre-collanzo-y-trubia-con-locomotora-de-vapor-empezara-a-funcionar-en-octubre\/#respond"]}]},{"@type":"WebPage","@id":"https:\/\/www.cuencasmineras.com\/index.php\/2022\/01\/26\/el-tren-turistico-entre-collanzo-y-trubia-con-locomotora-de-vapor-empezara-a-funcionar-en-octubre\/","url":"https:\/\/www.cuencasmineras.com\/index.php\/2022\/01\/26\/el-tren-turistico-entre-collanzo-y-trubia-con-locomotora-de-vapor-empezara-a-funcionar-en-octubre\/","name":"El tren tur\u00edstico entre Collanzo y Trubia, con locomotora de vapor, empezar\u00e1 a funcionar en octubre - cm news","isPartOf":{"@id":"https:\/\/www.cuencasmineras.com\/#website"},"primaryImageOfPage":{"@id":"https:\/\/www.cuencasmineras.com\/index.php\/2022\/01\/26\/el-tren-turistico-entre-collanzo-y-trubia-con-locomotora-de-vapor-empezara-a-funcionar-en-octubre\/#primaryimage"},"image":{"@id":"https:\/\/www.cuencasmineras.com\/index.php\/2022\/01\/26\/el-tren-turistico-entre-collanzo-y-trubia-con-locomotora-de-vapor-empezara-a-funcionar-en-octubre\/#primaryimage"},"thumbnailUrl":"https:\/\/www.cuencasmineras.com\/wp-content\/uploads\/2022\/01\/1c2f08ba-7b91-4938-a0e3-90f8e34c59da_21-9-aspect-ratio_default_0.jpg","datePublished":"2022-01-26T16:39:47+00:00","dateModified":"2022-01-26T16:40:21+00:00","author":{"@id":"https:\/\/www.cuencasmineras.com\/#\/schema\/person\/be0691310e8496ec555f679dd688420c"},"description":"Ser\u00e1 el \u00fanico convoy del pa\u00eds guiado por una m\u00e1quina de vapor, destaca el Principado | Canteli reclama que llegue hasta la ciudad de Oviedo","breadcrumb":{"@id":"https:\/\/www.cuencasmineras.com\/index.php\/2022\/01\/26\/el-tren-turistico-entre-collanzo-y-trubia-con-locomotora-de-vapor-empezara-a-funcionar-en-octubre\/#breadcrumb"},"inLanguage":"es","potentialAction":[{"@type":"ReadAction","target":["https:\/\/www.cuencasmineras.com\/index.php\/2022\/01\/26\/el-tren-turistico-entre-collanzo-y-trubia-con-locomotora-de-vapor-empezara-a-funcionar-en-octubre\/"]}]},{"@type":"ImageObject","inLanguage":"es","@id":"https:\/\/www.cuencasmineras.com\/index.php\/2022\/01\/26\/el-tren-turistico-entre-collanzo-y-trubia-con-locomotora-de-vapor-empezara-a-funcionar-en-octubre\/#primaryimage","url":"https:\/\/www.cuencasmineras.com\/wp-content\/uploads\/2022\/01\/1c2f08ba-7b91-4938-a0e3-90f8e34c59da_21-9-aspect-ratio_default_0.jpg","contentUrl":"https:\/\/www.cuencasmineras.com\/wp-content\/uploads\/2022\/01\/1c2f08ba-7b91-4938-a0e3-90f8e34c59da_21-9-aspect-ratio_default_0.jpg","width":1280,"height":548},{"@type":"BreadcrumbList","@id":"https:\/\/www.cuencasmineras.com\/index.php\/2022\/01\/26\/el-tren-turistico-entre-collanzo-y-trubia-con-locomotora-de-vapor-empezara-a-funcionar-en-octubre\/#breadcrumb","itemListElement":[{"@type":"ListItem","position":1,"name":"Portada","item":"https:\/\/www.cuencasmineras.com\/"},{"@type":"ListItem","position":2,"name":"El tren tur\u00edstico entre Collanzo y Trubia, con locomotora de vapor, empezar\u00e1 a funcionar en octubre"}]},{"@type":"WebSite","@id":"https:\/\/www.cuencasmineras.com\/#website","url":"https:\/\/www.cuencasmineras.com\/","name":"","description":"","potentialAction":[{"@type":"SearchAction","target":{"@type":"EntryPoint","urlTemplate":"https:\/\/www.cuencasmineras.com\/?s={search_term_string}"},"query-input":{"@type":"PropertyValueSpecification","valueRequired":true,"valueName":"search_term_string"}}],"inLanguage":"es"},{"@type":"Person","@id":"https:\/\/www.cuencasmineras.com\/#\/schema\/person\/be0691310e8496ec555f679dd688420c","name":"admin","image":{"@type":"ImageObject","inLanguage":"es","@id":"https:\/\/secure.gravatar.com\/avatar\/4afd2eed3b2fbbf36dd6707b5bd8a5b50ac648f033e36fbf85aeace2f0f859db?s=96&d=mm&r=g","url":"https:\/\/secure.gravatar.com\/avatar\/4afd2eed3b2fbbf36dd6707b5bd8a5b50ac648f033e36fbf85aeace2f0f859db?s=96&d=mm&r=g","contentUrl":"https:\/\/secure.gravatar.com\/avatar\/4afd2eed3b2fbbf36dd6707b5bd8a5b50ac648f033e36fbf85aeace2f0f859db?s=96&d=mm&r=g","caption":"admin"},"sameAs":["https:\/\/www.cuencasmineras.com"],"url":"https:\/\/www.cuencasmineras.com\/index.php\/author\/admin\/"}]}},"_links":{"self":[{"href":"https:\/\/www.cuencasmineras.com\/index.php\/wp-json\/wp\/v2\/posts\/4317","targetHints":{"allow":["GET"]}}],"collection":[{"href":"https:\/\/www.cuencasmineras.com\/index.php\/wp-json\/wp\/v2\/posts"}],"about":[{"href":"https:\/\/www.cuencasmineras.com\/index.php\/wp-json\/wp\/v2\/types\/post"}],"author":[{"embeddable":true,"href":"https:\/\/www.cuencasmineras.com\/index.php\/wp-json\/wp\/v2\/users\/1"}],"replies":[{"embeddable":true,"href":"https:\/\/www.cuencasmineras.com\/index.php\/wp-json\/wp\/v2\/comments?post=4317"}],"version-history":[{"count":2,"href":"https:\/\/www.cuencasmineras.com\/index.php\/wp-json\/wp\/v2\/posts\/4317\/revisions"}],"predecessor-version":[{"id":4320,"href":"https:\/\/www.cuencasmineras.com\/index.php\/wp-json\/wp\/v2\/posts\/4317\/revisions\/4320"}],"wp:featuredmedia":[{"embeddable":true,"href":"https:\/\/www.cuencasmineras.com\/index.php\/wp-json\/wp\/v2\/media\/4318"}],"wp:attachment":[{"href":"https:\/\/www.cuencasmineras.com\/index.php\/wp-json\/wp\/v2\/media?parent=4317"}],"wp:term":[{"taxonomy":"category","embeddable":true,"href":"https:\/\/www.cuencasmineras.com\/index.php\/wp-json\/wp\/v2\/categories?post=4317"},{"taxonomy":"post_tag","embeddable":true,"href":"https:\/\/www.cuencasmineras.com\/index.php\/wp-json\/wp\/v2\/tags?post=4317"}],"curies":[{"name":"wp","href":"https:\/\/api.w.org\/{rel}","templated":true}]}}