{"id":4332,"date":"2022-02-13T14:21:08","date_gmt":"2022-02-13T14:21:08","guid":{"rendered":"https:\/\/www.cuencasmineras.com\/?p=4332"},"modified":"2022-02-13T14:24:35","modified_gmt":"2022-02-13T14:24:35","slug":"aller-inicia-las-obras-para-instalar-la-estatua-homenaje-a-la-musica-asturiana-en-cabanaquinta","status":"publish","type":"post","link":"https:\/\/www.cuencasmineras.com\/index.php\/2022\/02\/13\/aller-inicia-las-obras-para-instalar-la-estatua-homenaje-a-la-musica-asturiana-en-cabanaquinta\/","title":{"rendered":"Aller inicia las obras para instalar la estatua homenaje a la m\u00fasica asturiana en Caba\u00f1aquinta"},"content":{"rendered":"<p style=\"text-align: justify;\">El gran homenaje que el Ayuntamiento de Aller le har\u00e1 a la m\u00fasica tradicional asturiana en general y a la gaita en particular, cada vez est\u00e1 m\u00e1s cerca. Las obras para colocar una gran gaita de 2,5 metros de altura en el centro de Caba\u00f1aquinta ya han comenzado con la demolici\u00f3n de la anterior fuente que ocupaba el espacio de la plaza de la Vaca\u00edna, donde se situar\u00e1 el nuevo monumento. Con esta obra, el Consistorio pretende matar varios p\u00e1jaros del mismo tiro: mostrar su apuesta por la cultura y el mundo tradicional, rehabilitar una plaza que necesitaba de una actuaci\u00f3n, e instalar un monumento que por su espectacularidad pueda atraer visitantes a la capital del concejo, afianzando las pol\u00edticas en torno al turismo.<\/p>\n<p><img loading=\"lazy\" decoding=\"async\" class=\"aligncenter size-large wp-image-4333\" src=\"https:\/\/www.cuencasmineras.com\/wp-content\/uploads\/2022\/02\/5bb1baa1-14ff-40c3-8270-2d7a0f282d0d_21-9-aspect-ratio_default_0-1024x438.jpg\" alt=\"\" width=\"640\" height=\"274\" srcset=\"https:\/\/www.cuencasmineras.com\/wp-content\/uploads\/2022\/02\/5bb1baa1-14ff-40c3-8270-2d7a0f282d0d_21-9-aspect-ratio_default_0-1024x438.jpg 1024w, https:\/\/www.cuencasmineras.com\/wp-content\/uploads\/2022\/02\/5bb1baa1-14ff-40c3-8270-2d7a0f282d0d_21-9-aspect-ratio_default_0-300x128.jpg 300w, https:\/\/www.cuencasmineras.com\/wp-content\/uploads\/2022\/02\/5bb1baa1-14ff-40c3-8270-2d7a0f282d0d_21-9-aspect-ratio_default_0-768x329.jpg 768w, https:\/\/www.cuencasmineras.com\/wp-content\/uploads\/2022\/02\/5bb1baa1-14ff-40c3-8270-2d7a0f282d0d_21-9-aspect-ratio_default_0.jpg 1280w\" sizes=\"auto, (max-width: 640px) 100vw, 640px\" \/><\/p>\n<p style=\"text-align: justify;\">El alcalde de Aller, Juan Carlos Iglesias, explic\u00f3 que el proyecto, que acaba de comenzar estos d\u00edas con la demolici\u00f3n de la antigua fuente de la Vaca\u00edna, contempla una inversi\u00f3n de cerca de 30.000 euros y responde \u201ca varias necesidades que ten\u00edamos en este n\u00facleo de Caba\u00f1aquinta\u201d. El regidor explic\u00f3 que la iniciativa consiste \u201cen la instalaci\u00f3n de una base de hormig\u00f3n, donde se instalar\u00e1 la fuente, y en el centro de esta base se construir\u00e1 un pedestal donde ubicar una gran gaita de dos metros y medio de alto\u201d, que est\u00e1 elaborando el escultor Gonzalo Grela.<\/p>\n<p style=\"text-align: justify;\">\u201cQueremos homenajear a la gaita y a la m\u00fasica tradicional asturiana en general, porque adem\u00e1s va en la l\u00ednea de lo que nosotros defendemos: la cultura asturiana y la tradici\u00f3n\u201d, asegur\u00f3 el regidor, que record\u00f3 que en los \u00faltimos tiempos, \u201cAller ha puesto en marcha programas como el amenizando Aller, los concursos de bolos y entibadores, y este mismo a\u00f1o seremos una sede del Festival Interc\u00e9ltico\u201d. Iglesias indic\u00f3 que adem\u00e1s, se cumple otra funci\u00f3n con este monumento, la tur\u00edstica. \u201cVimos que en Caba\u00f1aquinta hab\u00eda la necesitad de poner instalar alg\u00fan monumento que fuera atrayente por s\u00ed mismo y visitado, y pensamos que esta escultura puede atraer gente, adem\u00e1s de ser un ejemplo de la recuperaci\u00f3n de espacios p\u00fablicos\u201d, finaliz\u00f3.<\/p>\n","protected":false},"excerpt":{"rendered":"<p>El gran homenaje que el Ayuntamiento de Aller le har\u00e1 a la m\u00fasica tradicional asturiana en general y a la gaita en particular, cada vez est\u00e1 m\u00e1s cerca. Las obras para colocar una gran gaita de 2,5 metros de altura en el centro de Caba\u00f1aquinta ya han comenzado con la demolici\u00f3n de la anterior fuente [&hellip;]<\/p>\n","protected":false},"author":1,"featured_media":4338,"comment_status":"open","ping_status":"open","sticky":false,"template":"","format":"standard","meta":{"footnotes":""},"categories":[7,6],"tags":[],"class_list":["post-4332","post","type-post","status-publish","format-standard","has-post-thumbnail","hentry","category-caudal","category-noticias"],"yoast_head":"<!-- This site is optimized with the Yoast SEO plugin v27.4 - https:\/\/yoast.com\/product\/yoast-seo-wordpress\/ -->\n<title>Aller inicia las obras para instalar la estatua homenaje a la m\u00fasica asturiana en Caba\u00f1aquinta - cm news<\/title>\n<meta name=\"description\" content=\"Los trabajos se est\u00e1n desarrollando en la plaza de la Vaca\u00edna, en la que se colocar\u00e1 la escultura de una gaita de 2,5 metros de altura.\" \/>\n<meta name=\"robots\" content=\"index, follow, max-snippet:-1, max-image-preview:large, max-video-preview:-1\" \/>\n<link rel=\"canonical\" href=\"https:\/\/www.cuencasmineras.com\/index.php\/2022\/02\/13\/aller-inicia-las-obras-para-instalar-la-estatua-homenaje-a-la-musica-asturiana-en-cabanaquinta\/\" \/>\n<meta property=\"og:locale\" content=\"es_ES\" \/>\n<meta property=\"og:type\" content=\"article\" \/>\n<meta property=\"og:title\" content=\"Aller inicia las obras para instalar la estatua homenaje a la m\u00fasica asturiana en Caba\u00f1aquinta - cm news\" \/>\n<meta property=\"og:description\" content=\"Los trabajos se est\u00e1n desarrollando en la plaza de la Vaca\u00edna, en la que se colocar\u00e1 la escultura de una gaita de 2,5 metros de altura.\" \/>\n<meta property=\"og:url\" content=\"https:\/\/www.cuencasmineras.com\/index.php\/2022\/02\/13\/aller-inicia-las-obras-para-instalar-la-estatua-homenaje-a-la-musica-asturiana-en-cabanaquinta\/\" \/>\n<meta property=\"article:published_time\" content=\"2022-02-13T14:21:08+00:00\" \/>\n<meta property=\"article:modified_time\" content=\"2022-02-13T14:24:35+00:00\" \/>\n<meta property=\"og:image\" content=\"https:\/\/www.cuencasmineras.com\/wp-content\/uploads\/2022\/02\/5bb1baa1-14ff-40c3-8270-2d7a0f282d0d_21-9-aspect-ratio_default_0-1.jpg\" \/>\n\t<meta property=\"og:image:width\" content=\"1280\" \/>\n\t<meta property=\"og:image:height\" content=\"548\" \/>\n\t<meta property=\"og:image:type\" content=\"image\/jpeg\" \/>\n<meta name=\"author\" content=\"admin\" \/>\n<meta name=\"twitter:card\" content=\"summary_large_image\" \/>\n<meta name=\"twitter:label1\" content=\"Escrito por\" \/>\n\t<meta name=\"twitter:data1\" content=\"admin\" \/>\n\t<meta name=\"twitter:label2\" content=\"Tiempo de lectura\" \/>\n\t<meta name=\"twitter:data2\" content=\"2 minutos\" \/>\n<script type=\"application\/ld+json\" class=\"yoast-schema-graph\">{\"@context\":\"https:\\\/\\\/schema.org\",\"@graph\":[{\"@type\":\"Article\",\"@id\":\"https:\\\/\\\/www.cuencasmineras.com\\\/index.php\\\/2022\\\/02\\\/13\\\/aller-inicia-las-obras-para-instalar-la-estatua-homenaje-a-la-musica-asturiana-en-cabanaquinta\\\/#article\",\"isPartOf\":{\"@id\":\"https:\\\/\\\/www.cuencasmineras.com\\\/index.php\\\/2022\\\/02\\\/13\\\/aller-inicia-las-obras-para-instalar-la-estatua-homenaje-a-la-musica-asturiana-en-cabanaquinta\\\/\"},\"author\":{\"name\":\"admin\",\"@id\":\"https:\\\/\\\/www.cuencasmineras.com\\\/#\\\/schema\\\/person\\\/be0691310e8496ec555f679dd688420c\"},\"headline\":\"Aller inicia las obras para instalar la estatua homenaje a la m\u00fasica asturiana en Caba\u00f1aquinta\",\"datePublished\":\"2022-02-13T14:21:08+00:00\",\"dateModified\":\"2022-02-13T14:24:35+00:00\",\"mainEntityOfPage\":{\"@id\":\"https:\\\/\\\/www.cuencasmineras.com\\\/index.php\\\/2022\\\/02\\\/13\\\/aller-inicia-las-obras-para-instalar-la-estatua-homenaje-a-la-musica-asturiana-en-cabanaquinta\\\/\"},\"wordCount\":387,\"commentCount\":0,\"image\":{\"@id\":\"https:\\\/\\\/www.cuencasmineras.com\\\/index.php\\\/2022\\\/02\\\/13\\\/aller-inicia-las-obras-para-instalar-la-estatua-homenaje-a-la-musica-asturiana-en-cabanaquinta\\\/#primaryimage\"},\"thumbnailUrl\":\"https:\\\/\\\/www.cuencasmineras.com\\\/wp-content\\\/uploads\\\/2022\\\/02\\\/5bb1baa1-14ff-40c3-8270-2d7a0f282d0d_21-9-aspect-ratio_default_0-1.jpg\",\"articleSection\":[\"Caudal\",\"CM NEWS\"],\"inLanguage\":\"es\",\"potentialAction\":[{\"@type\":\"CommentAction\",\"name\":\"Comment\",\"target\":[\"https:\\\/\\\/www.cuencasmineras.com\\\/index.php\\\/2022\\\/02\\\/13\\\/aller-inicia-las-obras-para-instalar-la-estatua-homenaje-a-la-musica-asturiana-en-cabanaquinta\\\/#respond\"]}]},{\"@type\":\"WebPage\",\"@id\":\"https:\\\/\\\/www.cuencasmineras.com\\\/index.php\\\/2022\\\/02\\\/13\\\/aller-inicia-las-obras-para-instalar-la-estatua-homenaje-a-la-musica-asturiana-en-cabanaquinta\\\/\",\"url\":\"https:\\\/\\\/www.cuencasmineras.com\\\/index.php\\\/2022\\\/02\\\/13\\\/aller-inicia-las-obras-para-instalar-la-estatua-homenaje-a-la-musica-asturiana-en-cabanaquinta\\\/\",\"name\":\"Aller inicia las obras para instalar la estatua homenaje a la m\u00fasica asturiana en Caba\u00f1aquinta - cm news\",\"isPartOf\":{\"@id\":\"https:\\\/\\\/www.cuencasmineras.com\\\/#website\"},\"primaryImageOfPage\":{\"@id\":\"https:\\\/\\\/www.cuencasmineras.com\\\/index.php\\\/2022\\\/02\\\/13\\\/aller-inicia-las-obras-para-instalar-la-estatua-homenaje-a-la-musica-asturiana-en-cabanaquinta\\\/#primaryimage\"},\"image\":{\"@id\":\"https:\\\/\\\/www.cuencasmineras.com\\\/index.php\\\/2022\\\/02\\\/13\\\/aller-inicia-las-obras-para-instalar-la-estatua-homenaje-a-la-musica-asturiana-en-cabanaquinta\\\/#primaryimage\"},\"thumbnailUrl\":\"https:\\\/\\\/www.cuencasmineras.com\\\/wp-content\\\/uploads\\\/2022\\\/02\\\/5bb1baa1-14ff-40c3-8270-2d7a0f282d0d_21-9-aspect-ratio_default_0-1.jpg\",\"datePublished\":\"2022-02-13T14:21:08+00:00\",\"dateModified\":\"2022-02-13T14:24:35+00:00\",\"author\":{\"@id\":\"https:\\\/\\\/www.cuencasmineras.com\\\/#\\\/schema\\\/person\\\/be0691310e8496ec555f679dd688420c\"},\"description\":\"Los trabajos se est\u00e1n desarrollando en la plaza de la Vaca\u00edna, en la que se colocar\u00e1 la escultura de una gaita de 2,5 metros de altura.\",\"breadcrumb\":{\"@id\":\"https:\\\/\\\/www.cuencasmineras.com\\\/index.php\\\/2022\\\/02\\\/13\\\/aller-inicia-las-obras-para-instalar-la-estatua-homenaje-a-la-musica-asturiana-en-cabanaquinta\\\/#breadcrumb\"},\"inLanguage\":\"es\",\"potentialAction\":[{\"@type\":\"ReadAction\",\"target\":[\"https:\\\/\\\/www.cuencasmineras.com\\\/index.php\\\/2022\\\/02\\\/13\\\/aller-inicia-las-obras-para-instalar-la-estatua-homenaje-a-la-musica-asturiana-en-cabanaquinta\\\/\"]}]},{\"@type\":\"ImageObject\",\"inLanguage\":\"es\",\"@id\":\"https:\\\/\\\/www.cuencasmineras.com\\\/index.php\\\/2022\\\/02\\\/13\\\/aller-inicia-las-obras-para-instalar-la-estatua-homenaje-a-la-musica-asturiana-en-cabanaquinta\\\/#primaryimage\",\"url\":\"https:\\\/\\\/www.cuencasmineras.com\\\/wp-content\\\/uploads\\\/2022\\\/02\\\/5bb1baa1-14ff-40c3-8270-2d7a0f282d0d_21-9-aspect-ratio_default_0-1.jpg\",\"contentUrl\":\"https:\\\/\\\/www.cuencasmineras.com\\\/wp-content\\\/uploads\\\/2022\\\/02\\\/5bb1baa1-14ff-40c3-8270-2d7a0f282d0d_21-9-aspect-ratio_default_0-1.jpg\",\"width\":1280,\"height\":548},{\"@type\":\"BreadcrumbList\",\"@id\":\"https:\\\/\\\/www.cuencasmineras.com\\\/index.php\\\/2022\\\/02\\\/13\\\/aller-inicia-las-obras-para-instalar-la-estatua-homenaje-a-la-musica-asturiana-en-cabanaquinta\\\/#breadcrumb\",\"itemListElement\":[{\"@type\":\"ListItem\",\"position\":1,\"name\":\"Portada\",\"item\":\"https:\\\/\\\/www.cuencasmineras.com\\\/\"},{\"@type\":\"ListItem\",\"position\":2,\"name\":\"Aller inicia las obras para instalar la estatua homenaje a la m\u00fasica asturiana en Caba\u00f1aquinta\"}]},{\"@type\":\"WebSite\",\"@id\":\"https:\\\/\\\/www.cuencasmineras.com\\\/#website\",\"url\":\"https:\\\/\\\/www.cuencasmineras.com\\\/\",\"name\":\"\",\"description\":\"\",\"potentialAction\":[{\"@type\":\"SearchAction\",\"target\":{\"@type\":\"EntryPoint\",\"urlTemplate\":\"https:\\\/\\\/www.cuencasmineras.com\\\/?s={search_term_string}\"},\"query-input\":{\"@type\":\"PropertyValueSpecification\",\"valueRequired\":true,\"valueName\":\"search_term_string\"}}],\"inLanguage\":\"es\"},{\"@type\":\"Person\",\"@id\":\"https:\\\/\\\/www.cuencasmineras.com\\\/#\\\/schema\\\/person\\\/be0691310e8496ec555f679dd688420c\",\"name\":\"admin\",\"image\":{\"@type\":\"ImageObject\",\"inLanguage\":\"es\",\"@id\":\"https:\\\/\\\/secure.gravatar.com\\\/avatar\\\/4afd2eed3b2fbbf36dd6707b5bd8a5b50ac648f033e36fbf85aeace2f0f859db?s=96&d=mm&r=g\",\"url\":\"https:\\\/\\\/secure.gravatar.com\\\/avatar\\\/4afd2eed3b2fbbf36dd6707b5bd8a5b50ac648f033e36fbf85aeace2f0f859db?s=96&d=mm&r=g\",\"contentUrl\":\"https:\\\/\\\/secure.gravatar.com\\\/avatar\\\/4afd2eed3b2fbbf36dd6707b5bd8a5b50ac648f033e36fbf85aeace2f0f859db?s=96&d=mm&r=g\",\"caption\":\"admin\"},\"sameAs\":[\"https:\\\/\\\/www.cuencasmineras.com\"],\"url\":\"https:\\\/\\\/www.cuencasmineras.com\\\/index.php\\\/author\\\/admin\\\/\"}]}<\/script>\n<!-- \/ Yoast SEO plugin. -->","yoast_head_json":{"title":"Aller inicia las obras para instalar la estatua homenaje a la m\u00fasica asturiana en Caba\u00f1aquinta - cm news","description":"Los trabajos se est\u00e1n desarrollando en la plaza de la Vaca\u00edna, en la que se colocar\u00e1 la escultura de una gaita de 2,5 metros de altura.","robots":{"index":"index","follow":"follow","max-snippet":"max-snippet:-1","max-image-preview":"max-image-preview:large","max-video-preview":"max-video-preview:-1"},"canonical":"https:\/\/www.cuencasmineras.com\/index.php\/2022\/02\/13\/aller-inicia-las-obras-para-instalar-la-estatua-homenaje-a-la-musica-asturiana-en-cabanaquinta\/","og_locale":"es_ES","og_type":"article","og_title":"Aller inicia las obras para instalar la estatua homenaje a la m\u00fasica asturiana en Caba\u00f1aquinta - cm news","og_description":"Los trabajos se est\u00e1n desarrollando en la plaza de la Vaca\u00edna, en la que se colocar\u00e1 la escultura de una gaita de 2,5 metros de altura.","og_url":"https:\/\/www.cuencasmineras.com\/index.php\/2022\/02\/13\/aller-inicia-las-obras-para-instalar-la-estatua-homenaje-a-la-musica-asturiana-en-cabanaquinta\/","article_published_time":"2022-02-13T14:21:08+00:00","article_modified_time":"2022-02-13T14:24:35+00:00","og_image":[{"width":1280,"height":548,"url":"https:\/\/www.cuencasmineras.com\/wp-content\/uploads\/2022\/02\/5bb1baa1-14ff-40c3-8270-2d7a0f282d0d_21-9-aspect-ratio_default_0-1.jpg","type":"image\/jpeg"}],"author":"admin","twitter_card":"summary_large_image","twitter_misc":{"Escrito por":"admin","Tiempo de lectura":"2 minutos"},"schema":{"@context":"https:\/\/schema.org","@graph":[{"@type":"Article","@id":"https:\/\/www.cuencasmineras.com\/index.php\/2022\/02\/13\/aller-inicia-las-obras-para-instalar-la-estatua-homenaje-a-la-musica-asturiana-en-cabanaquinta\/#article","isPartOf":{"@id":"https:\/\/www.cuencasmineras.com\/index.php\/2022\/02\/13\/aller-inicia-las-obras-para-instalar-la-estatua-homenaje-a-la-musica-asturiana-en-cabanaquinta\/"},"author":{"name":"admin","@id":"https:\/\/www.cuencasmineras.com\/#\/schema\/person\/be0691310e8496ec555f679dd688420c"},"headline":"Aller inicia las obras para instalar la estatua homenaje a la m\u00fasica asturiana en Caba\u00f1aquinta","datePublished":"2022-02-13T14:21:08+00:00","dateModified":"2022-02-13T14:24:35+00:00","mainEntityOfPage":{"@id":"https:\/\/www.cuencasmineras.com\/index.php\/2022\/02\/13\/aller-inicia-las-obras-para-instalar-la-estatua-homenaje-a-la-musica-asturiana-en-cabanaquinta\/"},"wordCount":387,"commentCount":0,"image":{"@id":"https:\/\/www.cuencasmineras.com\/index.php\/2022\/02\/13\/aller-inicia-las-obras-para-instalar-la-estatua-homenaje-a-la-musica-asturiana-en-cabanaquinta\/#primaryimage"},"thumbnailUrl":"https:\/\/www.cuencasmineras.com\/wp-content\/uploads\/2022\/02\/5bb1baa1-14ff-40c3-8270-2d7a0f282d0d_21-9-aspect-ratio_default_0-1.jpg","articleSection":["Caudal","CM NEWS"],"inLanguage":"es","potentialAction":[{"@type":"CommentAction","name":"Comment","target":["https:\/\/www.cuencasmineras.com\/index.php\/2022\/02\/13\/aller-inicia-las-obras-para-instalar-la-estatua-homenaje-a-la-musica-asturiana-en-cabanaquinta\/#respond"]}]},{"@type":"WebPage","@id":"https:\/\/www.cuencasmineras.com\/index.php\/2022\/02\/13\/aller-inicia-las-obras-para-instalar-la-estatua-homenaje-a-la-musica-asturiana-en-cabanaquinta\/","url":"https:\/\/www.cuencasmineras.com\/index.php\/2022\/02\/13\/aller-inicia-las-obras-para-instalar-la-estatua-homenaje-a-la-musica-asturiana-en-cabanaquinta\/","name":"Aller inicia las obras para instalar la estatua homenaje a la m\u00fasica asturiana en Caba\u00f1aquinta - cm news","isPartOf":{"@id":"https:\/\/www.cuencasmineras.com\/#website"},"primaryImageOfPage":{"@id":"https:\/\/www.cuencasmineras.com\/index.php\/2022\/02\/13\/aller-inicia-las-obras-para-instalar-la-estatua-homenaje-a-la-musica-asturiana-en-cabanaquinta\/#primaryimage"},"image":{"@id":"https:\/\/www.cuencasmineras.com\/index.php\/2022\/02\/13\/aller-inicia-las-obras-para-instalar-la-estatua-homenaje-a-la-musica-asturiana-en-cabanaquinta\/#primaryimage"},"thumbnailUrl":"https:\/\/www.cuencasmineras.com\/wp-content\/uploads\/2022\/02\/5bb1baa1-14ff-40c3-8270-2d7a0f282d0d_21-9-aspect-ratio_default_0-1.jpg","datePublished":"2022-02-13T14:21:08+00:00","dateModified":"2022-02-13T14:24:35+00:00","author":{"@id":"https:\/\/www.cuencasmineras.com\/#\/schema\/person\/be0691310e8496ec555f679dd688420c"},"description":"Los trabajos se est\u00e1n desarrollando en la plaza de la Vaca\u00edna, en la que se colocar\u00e1 la escultura de una gaita de 2,5 metros de altura.","breadcrumb":{"@id":"https:\/\/www.cuencasmineras.com\/index.php\/2022\/02\/13\/aller-inicia-las-obras-para-instalar-la-estatua-homenaje-a-la-musica-asturiana-en-cabanaquinta\/#breadcrumb"},"inLanguage":"es","potentialAction":[{"@type":"ReadAction","target":["https:\/\/www.cuencasmineras.com\/index.php\/2022\/02\/13\/aller-inicia-las-obras-para-instalar-la-estatua-homenaje-a-la-musica-asturiana-en-cabanaquinta\/"]}]},{"@type":"ImageObject","inLanguage":"es","@id":"https:\/\/www.cuencasmineras.com\/index.php\/2022\/02\/13\/aller-inicia-las-obras-para-instalar-la-estatua-homenaje-a-la-musica-asturiana-en-cabanaquinta\/#primaryimage","url":"https:\/\/www.cuencasmineras.com\/wp-content\/uploads\/2022\/02\/5bb1baa1-14ff-40c3-8270-2d7a0f282d0d_21-9-aspect-ratio_default_0-1.jpg","contentUrl":"https:\/\/www.cuencasmineras.com\/wp-content\/uploads\/2022\/02\/5bb1baa1-14ff-40c3-8270-2d7a0f282d0d_21-9-aspect-ratio_default_0-1.jpg","width":1280,"height":548},{"@type":"BreadcrumbList","@id":"https:\/\/www.cuencasmineras.com\/index.php\/2022\/02\/13\/aller-inicia-las-obras-para-instalar-la-estatua-homenaje-a-la-musica-asturiana-en-cabanaquinta\/#breadcrumb","itemListElement":[{"@type":"ListItem","position":1,"name":"Portada","item":"https:\/\/www.cuencasmineras.com\/"},{"@type":"ListItem","position":2,"name":"Aller inicia las obras para instalar la estatua homenaje a la m\u00fasica asturiana en Caba\u00f1aquinta"}]},{"@type":"WebSite","@id":"https:\/\/www.cuencasmineras.com\/#website","url":"https:\/\/www.cuencasmineras.com\/","name":"","description":"","potentialAction":[{"@type":"SearchAction","target":{"@type":"EntryPoint","urlTemplate":"https:\/\/www.cuencasmineras.com\/?s={search_term_string}"},"query-input":{"@type":"PropertyValueSpecification","valueRequired":true,"valueName":"search_term_string"}}],"inLanguage":"es"},{"@type":"Person","@id":"https:\/\/www.cuencasmineras.com\/#\/schema\/person\/be0691310e8496ec555f679dd688420c","name":"admin","image":{"@type":"ImageObject","inLanguage":"es","@id":"https:\/\/secure.gravatar.com\/avatar\/4afd2eed3b2fbbf36dd6707b5bd8a5b50ac648f033e36fbf85aeace2f0f859db?s=96&d=mm&r=g","url":"https:\/\/secure.gravatar.com\/avatar\/4afd2eed3b2fbbf36dd6707b5bd8a5b50ac648f033e36fbf85aeace2f0f859db?s=96&d=mm&r=g","contentUrl":"https:\/\/secure.gravatar.com\/avatar\/4afd2eed3b2fbbf36dd6707b5bd8a5b50ac648f033e36fbf85aeace2f0f859db?s=96&d=mm&r=g","caption":"admin"},"sameAs":["https:\/\/www.cuencasmineras.com"],"url":"https:\/\/www.cuencasmineras.com\/index.php\/author\/admin\/"}]}},"_links":{"self":[{"href":"https:\/\/www.cuencasmineras.com\/index.php\/wp-json\/wp\/v2\/posts\/4332","targetHints":{"allow":["GET"]}}],"collection":[{"href":"https:\/\/www.cuencasmineras.com\/index.php\/wp-json\/wp\/v2\/posts"}],"about":[{"href":"https:\/\/www.cuencasmineras.com\/index.php\/wp-json\/wp\/v2\/types\/post"}],"author":[{"embeddable":true,"href":"https:\/\/www.cuencasmineras.com\/index.php\/wp-json\/wp\/v2\/users\/1"}],"replies":[{"embeddable":true,"href":"https:\/\/www.cuencasmineras.com\/index.php\/wp-json\/wp\/v2\/comments?post=4332"}],"version-history":[{"count":1,"href":"https:\/\/www.cuencasmineras.com\/index.php\/wp-json\/wp\/v2\/posts\/4332\/revisions"}],"predecessor-version":[{"id":4334,"href":"https:\/\/www.cuencasmineras.com\/index.php\/wp-json\/wp\/v2\/posts\/4332\/revisions\/4334"}],"wp:featuredmedia":[{"embeddable":true,"href":"https:\/\/www.cuencasmineras.com\/index.php\/wp-json\/wp\/v2\/media\/4338"}],"wp:attachment":[{"href":"https:\/\/www.cuencasmineras.com\/index.php\/wp-json\/wp\/v2\/media?parent=4332"}],"wp:term":[{"taxonomy":"category","embeddable":true,"href":"https:\/\/www.cuencasmineras.com\/index.php\/wp-json\/wp\/v2\/categories?post=4332"},{"taxonomy":"post_tag","embeddable":true,"href":"https:\/\/www.cuencasmineras.com\/index.php\/wp-json\/wp\/v2\/tags?post=4332"}],"curies":[{"name":"wp","href":"https:\/\/api.w.org\/{rel}","templated":true}]}}