{"id":4417,"date":"2022-03-04T12:21:01","date_gmt":"2022-03-04T12:21:01","guid":{"rendered":"https:\/\/www.cuencasmineras.com\/?p=4417"},"modified":"2022-03-04T12:21:01","modified_gmt":"2022-03-04T12:21:01","slug":"el-psoe-acusa-al-gobierno-de-mieres-de-contratar-a-empresas-cercanas","status":"publish","type":"post","link":"https:\/\/www.cuencasmineras.com\/index.php\/2022\/03\/04\/el-psoe-acusa-al-gobierno-de-mieres-de-contratar-a-empresas-cercanas\/","title":{"rendered":"El PSOE acusa al gobierno de Mieres de contratar \u201ca empresas cercanas\u201d"},"content":{"rendered":"<p style=\"text-align: justify;\">\u201cUtilizan contratos menores para hacer lo que quieren y contratar siempre a los mismos, curiosamente, empresas cercanas\u201d. As\u00ed de tajante se muestra la portavoz municipal del PSOE, Gloria Mu\u00f1oz, para denunciar que el gobierno de Mieres, gracias a su mayor\u00eda absoluta, \u201chace y deshace lo que quiere\u201d. \u201cTenemos que combatir esa mayor\u00eda\u201d, asegura la edil, que acusa a IU de \u201cdesprestigiar a la plantilla municipal\u201d. Gloria Mu\u00f1oz fue muy dura el domingo durante su intervenci\u00f3n en el homenaje a Manuel Llaneza, fundador del SOMA. Un discurso cargado de reproches en diferentes \u00e1mbitos. Especialmente cr\u00edtica fue en materia laboral, acusando al gobierno local de \u201cno haber sido capaz de negociar un convenio colectivo con los trabajadores municipales en los m\u00e1s de diez a\u00f1os que llevan en la alcald\u00eda\u201d. Adem\u00e1s, censur\u00f3 que el gobierno de IU \u201cno hace m\u00e1s que desprestigiar a los trabajadores municipales\u201d.<\/p>\n<p><img loading=\"lazy\" decoding=\"async\" class=\"aligncenter size-large wp-image-4418\" src=\"https:\/\/www.cuencasmineras.com\/wp-content\/uploads\/2022\/03\/34e1a5be-ebda-4b5f-bcd6-557ba007dc8c_21-9-aspect-ratio_default_1126094-1024x438.jpg\" alt=\"\" width=\"640\" height=\"274\" srcset=\"https:\/\/www.cuencasmineras.com\/wp-content\/uploads\/2022\/03\/34e1a5be-ebda-4b5f-bcd6-557ba007dc8c_21-9-aspect-ratio_default_1126094-1024x438.jpg 1024w, https:\/\/www.cuencasmineras.com\/wp-content\/uploads\/2022\/03\/34e1a5be-ebda-4b5f-bcd6-557ba007dc8c_21-9-aspect-ratio_default_1126094-300x128.jpg 300w, https:\/\/www.cuencasmineras.com\/wp-content\/uploads\/2022\/03\/34e1a5be-ebda-4b5f-bcd6-557ba007dc8c_21-9-aspect-ratio_default_1126094-768x329.jpg 768w, https:\/\/www.cuencasmineras.com\/wp-content\/uploads\/2022\/03\/34e1a5be-ebda-4b5f-bcd6-557ba007dc8c_21-9-aspect-ratio_default_1126094.jpg 1280w\" sizes=\"auto, (max-width: 640px) 100vw, 640px\" \/><\/p>\n<p style=\"text-align: justify;\">La concejal socialista se mostr\u00f3 molesta y acus\u00f3 a IU de \u201cdesacreditar lo p\u00fablico y a los trabajadores, y luego sacar pecho de la reforma laboral\u201d. \u201cLo que no pueden hacer es decir que no han podido contratar m\u00e1s personal ni consolidar empleo municipal diciendo que los trabajadores entraron de aquella manera, cuando ellos est\u00e1n contratando a trav\u00e9s de contratos menores una y otra vez a las mismas personas y a las mismas empresas, que casualmente les son cercanas\u201d.<\/p>\n<p style=\"text-align: justify;\">Mu\u00f1oz se mostr\u00f3 tambi\u00e9n dura con la actuaci\u00f3n del gobierno de Mieres a la hora de abordar proyectos. \u201cLos proyectos tienen que salir de nosotros, y la instituci\u00f3n local debe de ser la cabeza que tire de ellos\u201d, dijo, para agregar que \u201clo que no debe ser es que el gobierno local saque pecho por el ahorro que tiene en el banco, eso lo hacen otros, y de otros colores pol\u00edticos\u201d. En este sentido, a\u00f1adi\u00f3 que \u201cesa no es la funci\u00f3n del Ayuntamiento; su labor es dar servicios, y no nos sirven los r\u00e9ditos bancarios, sino que se den servicios a los ciudadanos\u201d.<\/p>\n<p style=\"text-align: justify;\">Mu\u00f1oz insta a sus afiliados a \u201ccombatir los diez a\u00f1os de absolutismo y mayor\u00eda absoluta de IU\u201d. La portavoz del PSOE_ tambi\u00e9n critic\u00f3 a IU respecto al \u00e1rea de Igualdad. \u201cHablan mucho, pero el hecho es que cuando contratan a una empresa, si hay catorce trabajadores, solo dos son mujeres, y eso no es la igualdad real\u201d, apunt\u00f3 la edil, que critic\u00f3 que al gobierno local \u201cle gusta poner el cartel y hacerse la foto, pero luego ni siquiera hay los planes de igualdad que deber\u00eda tener el Ayuntamiento y que parece que se han olvidado\u201d.<\/p>\n<p>Por \u00faltimo, Mu\u00f1oz tambi\u00e9n se refiri\u00f3 al campus de Mieres: \u201cNosotros hemos apostado siempre por el desarrollo integral del campus. Podemos tener discrepancias, pero por fin aparece contrastado ese plan de desarrollo. No vamos a jugar a poner y quitar titulaciones\u201d, finaliz\u00f3 la edil socialista.<\/p>\n<p>&nbsp;<\/p>\n<p><strong>Fuente: LNE<\/strong><\/p>\n","protected":false},"excerpt":{"rendered":"<p>\u201cUtilizan contratos menores para hacer lo que quieren y contratar siempre a los mismos, curiosamente, empresas cercanas\u201d. As\u00ed de tajante se muestra la portavoz municipal del PSOE, Gloria Mu\u00f1oz, para denunciar que el gobierno de Mieres, gracias a su mayor\u00eda absoluta, \u201chace y deshace lo que quiere\u201d. \u201cTenemos que combatir esa mayor\u00eda\u201d, asegura la edil, [&hellip;]<\/p>\n","protected":false},"author":1,"featured_media":4418,"comment_status":"open","ping_status":"open","sticky":false,"template":"","format":"standard","meta":{"footnotes":""},"categories":[7,6],"tags":[],"class_list":["post-4417","post","type-post","status-publish","format-standard","has-post-thumbnail","hentry","category-caudal","category-noticias"],"yoast_head":"<!-- This site is optimized with the Yoast SEO plugin v27.4 - https:\/\/yoast.com\/product\/yoast-seo-wordpress\/ -->\n<title>El PSOE acusa al gobierno de Mieres de contratar \u201ca empresas cercanas\u201d - cm news<\/title>\n<meta name=\"description\" content=\"La portavoz socialista critica que IU \u201cest\u00e9 desprestigiando a la plantilla municipal, con la que no ha firmado ni un convenio en diez a\u00f1os\u201d.\" \/>\n<meta name=\"robots\" content=\"index, follow, max-snippet:-1, max-image-preview:large, max-video-preview:-1\" \/>\n<link rel=\"canonical\" href=\"https:\/\/www.cuencasmineras.com\/index.php\/2022\/03\/04\/el-psoe-acusa-al-gobierno-de-mieres-de-contratar-a-empresas-cercanas\/\" \/>\n<meta property=\"og:locale\" content=\"es_ES\" \/>\n<meta property=\"og:type\" content=\"article\" \/>\n<meta property=\"og:title\" content=\"El PSOE acusa al gobierno de Mieres de contratar \u201ca empresas cercanas\u201d - cm news\" \/>\n<meta property=\"og:description\" content=\"La portavoz socialista critica que IU \u201cest\u00e9 desprestigiando a la plantilla municipal, con la que no ha firmado ni un convenio en diez a\u00f1os\u201d.\" \/>\n<meta property=\"og:url\" content=\"https:\/\/www.cuencasmineras.com\/index.php\/2022\/03\/04\/el-psoe-acusa-al-gobierno-de-mieres-de-contratar-a-empresas-cercanas\/\" \/>\n<meta property=\"article:published_time\" content=\"2022-03-04T12:21:01+00:00\" \/>\n<meta property=\"og:image\" content=\"https:\/\/www.cuencasmineras.com\/wp-content\/uploads\/2022\/03\/34e1a5be-ebda-4b5f-bcd6-557ba007dc8c_21-9-aspect-ratio_default_1126094.jpg\" \/>\n\t<meta property=\"og:image:width\" content=\"1280\" \/>\n\t<meta property=\"og:image:height\" content=\"548\" \/>\n\t<meta property=\"og:image:type\" content=\"image\/jpeg\" \/>\n<meta name=\"author\" content=\"admin\" \/>\n<meta name=\"twitter:card\" content=\"summary_large_image\" \/>\n<meta name=\"twitter:label1\" content=\"Escrito por\" \/>\n\t<meta name=\"twitter:data1\" content=\"admin\" \/>\n\t<meta name=\"twitter:label2\" content=\"Tiempo de lectura\" \/>\n\t<meta name=\"twitter:data2\" content=\"2 minutos\" \/>\n<script type=\"application\/ld+json\" class=\"yoast-schema-graph\">{\"@context\":\"https:\\\/\\\/schema.org\",\"@graph\":[{\"@type\":\"Article\",\"@id\":\"https:\\\/\\\/www.cuencasmineras.com\\\/index.php\\\/2022\\\/03\\\/04\\\/el-psoe-acusa-al-gobierno-de-mieres-de-contratar-a-empresas-cercanas\\\/#article\",\"isPartOf\":{\"@id\":\"https:\\\/\\\/www.cuencasmineras.com\\\/index.php\\\/2022\\\/03\\\/04\\\/el-psoe-acusa-al-gobierno-de-mieres-de-contratar-a-empresas-cercanas\\\/\"},\"author\":{\"name\":\"admin\",\"@id\":\"https:\\\/\\\/www.cuencasmineras.com\\\/#\\\/schema\\\/person\\\/be0691310e8496ec555f679dd688420c\"},\"headline\":\"El PSOE acusa al gobierno de Mieres de contratar \u201ca empresas cercanas\u201d\",\"datePublished\":\"2022-03-04T12:21:01+00:00\",\"mainEntityOfPage\":{\"@id\":\"https:\\\/\\\/www.cuencasmineras.com\\\/index.php\\\/2022\\\/03\\\/04\\\/el-psoe-acusa-al-gobierno-de-mieres-de-contratar-a-empresas-cercanas\\\/\"},\"wordCount\":511,\"commentCount\":0,\"image\":{\"@id\":\"https:\\\/\\\/www.cuencasmineras.com\\\/index.php\\\/2022\\\/03\\\/04\\\/el-psoe-acusa-al-gobierno-de-mieres-de-contratar-a-empresas-cercanas\\\/#primaryimage\"},\"thumbnailUrl\":\"https:\\\/\\\/www.cuencasmineras.com\\\/wp-content\\\/uploads\\\/2022\\\/03\\\/34e1a5be-ebda-4b5f-bcd6-557ba007dc8c_21-9-aspect-ratio_default_1126094.jpg\",\"articleSection\":[\"Caudal\",\"CM NEWS\"],\"inLanguage\":\"es\",\"potentialAction\":[{\"@type\":\"CommentAction\",\"name\":\"Comment\",\"target\":[\"https:\\\/\\\/www.cuencasmineras.com\\\/index.php\\\/2022\\\/03\\\/04\\\/el-psoe-acusa-al-gobierno-de-mieres-de-contratar-a-empresas-cercanas\\\/#respond\"]}]},{\"@type\":\"WebPage\",\"@id\":\"https:\\\/\\\/www.cuencasmineras.com\\\/index.php\\\/2022\\\/03\\\/04\\\/el-psoe-acusa-al-gobierno-de-mieres-de-contratar-a-empresas-cercanas\\\/\",\"url\":\"https:\\\/\\\/www.cuencasmineras.com\\\/index.php\\\/2022\\\/03\\\/04\\\/el-psoe-acusa-al-gobierno-de-mieres-de-contratar-a-empresas-cercanas\\\/\",\"name\":\"El PSOE acusa al gobierno de Mieres de contratar \u201ca empresas cercanas\u201d - cm news\",\"isPartOf\":{\"@id\":\"https:\\\/\\\/www.cuencasmineras.com\\\/#website\"},\"primaryImageOfPage\":{\"@id\":\"https:\\\/\\\/www.cuencasmineras.com\\\/index.php\\\/2022\\\/03\\\/04\\\/el-psoe-acusa-al-gobierno-de-mieres-de-contratar-a-empresas-cercanas\\\/#primaryimage\"},\"image\":{\"@id\":\"https:\\\/\\\/www.cuencasmineras.com\\\/index.php\\\/2022\\\/03\\\/04\\\/el-psoe-acusa-al-gobierno-de-mieres-de-contratar-a-empresas-cercanas\\\/#primaryimage\"},\"thumbnailUrl\":\"https:\\\/\\\/www.cuencasmineras.com\\\/wp-content\\\/uploads\\\/2022\\\/03\\\/34e1a5be-ebda-4b5f-bcd6-557ba007dc8c_21-9-aspect-ratio_default_1126094.jpg\",\"datePublished\":\"2022-03-04T12:21:01+00:00\",\"author\":{\"@id\":\"https:\\\/\\\/www.cuencasmineras.com\\\/#\\\/schema\\\/person\\\/be0691310e8496ec555f679dd688420c\"},\"description\":\"La portavoz socialista critica que IU \u201cest\u00e9 desprestigiando a la plantilla municipal, con la que no ha firmado ni un convenio en diez a\u00f1os\u201d.\",\"breadcrumb\":{\"@id\":\"https:\\\/\\\/www.cuencasmineras.com\\\/index.php\\\/2022\\\/03\\\/04\\\/el-psoe-acusa-al-gobierno-de-mieres-de-contratar-a-empresas-cercanas\\\/#breadcrumb\"},\"inLanguage\":\"es\",\"potentialAction\":[{\"@type\":\"ReadAction\",\"target\":[\"https:\\\/\\\/www.cuencasmineras.com\\\/index.php\\\/2022\\\/03\\\/04\\\/el-psoe-acusa-al-gobierno-de-mieres-de-contratar-a-empresas-cercanas\\\/\"]}]},{\"@type\":\"ImageObject\",\"inLanguage\":\"es\",\"@id\":\"https:\\\/\\\/www.cuencasmineras.com\\\/index.php\\\/2022\\\/03\\\/04\\\/el-psoe-acusa-al-gobierno-de-mieres-de-contratar-a-empresas-cercanas\\\/#primaryimage\",\"url\":\"https:\\\/\\\/www.cuencasmineras.com\\\/wp-content\\\/uploads\\\/2022\\\/03\\\/34e1a5be-ebda-4b5f-bcd6-557ba007dc8c_21-9-aspect-ratio_default_1126094.jpg\",\"contentUrl\":\"https:\\\/\\\/www.cuencasmineras.com\\\/wp-content\\\/uploads\\\/2022\\\/03\\\/34e1a5be-ebda-4b5f-bcd6-557ba007dc8c_21-9-aspect-ratio_default_1126094.jpg\",\"width\":1280,\"height\":548},{\"@type\":\"BreadcrumbList\",\"@id\":\"https:\\\/\\\/www.cuencasmineras.com\\\/index.php\\\/2022\\\/03\\\/04\\\/el-psoe-acusa-al-gobierno-de-mieres-de-contratar-a-empresas-cercanas\\\/#breadcrumb\",\"itemListElement\":[{\"@type\":\"ListItem\",\"position\":1,\"name\":\"Portada\",\"item\":\"https:\\\/\\\/www.cuencasmineras.com\\\/\"},{\"@type\":\"ListItem\",\"position\":2,\"name\":\"El PSOE acusa al gobierno de Mieres de contratar \u201ca empresas cercanas\u201d\"}]},{\"@type\":\"WebSite\",\"@id\":\"https:\\\/\\\/www.cuencasmineras.com\\\/#website\",\"url\":\"https:\\\/\\\/www.cuencasmineras.com\\\/\",\"name\":\"\",\"description\":\"\",\"potentialAction\":[{\"@type\":\"SearchAction\",\"target\":{\"@type\":\"EntryPoint\",\"urlTemplate\":\"https:\\\/\\\/www.cuencasmineras.com\\\/?s={search_term_string}\"},\"query-input\":{\"@type\":\"PropertyValueSpecification\",\"valueRequired\":true,\"valueName\":\"search_term_string\"}}],\"inLanguage\":\"es\"},{\"@type\":\"Person\",\"@id\":\"https:\\\/\\\/www.cuencasmineras.com\\\/#\\\/schema\\\/person\\\/be0691310e8496ec555f679dd688420c\",\"name\":\"admin\",\"image\":{\"@type\":\"ImageObject\",\"inLanguage\":\"es\",\"@id\":\"https:\\\/\\\/secure.gravatar.com\\\/avatar\\\/4afd2eed3b2fbbf36dd6707b5bd8a5b50ac648f033e36fbf85aeace2f0f859db?s=96&d=mm&r=g\",\"url\":\"https:\\\/\\\/secure.gravatar.com\\\/avatar\\\/4afd2eed3b2fbbf36dd6707b5bd8a5b50ac648f033e36fbf85aeace2f0f859db?s=96&d=mm&r=g\",\"contentUrl\":\"https:\\\/\\\/secure.gravatar.com\\\/avatar\\\/4afd2eed3b2fbbf36dd6707b5bd8a5b50ac648f033e36fbf85aeace2f0f859db?s=96&d=mm&r=g\",\"caption\":\"admin\"},\"sameAs\":[\"https:\\\/\\\/www.cuencasmineras.com\"],\"url\":\"https:\\\/\\\/www.cuencasmineras.com\\\/index.php\\\/author\\\/admin\\\/\"}]}<\/script>\n<!-- \/ Yoast SEO plugin. -->","yoast_head_json":{"title":"El PSOE acusa al gobierno de Mieres de contratar \u201ca empresas cercanas\u201d - cm news","description":"La portavoz socialista critica que IU \u201cest\u00e9 desprestigiando a la plantilla municipal, con la que no ha firmado ni un convenio en diez a\u00f1os\u201d.","robots":{"index":"index","follow":"follow","max-snippet":"max-snippet:-1","max-image-preview":"max-image-preview:large","max-video-preview":"max-video-preview:-1"},"canonical":"https:\/\/www.cuencasmineras.com\/index.php\/2022\/03\/04\/el-psoe-acusa-al-gobierno-de-mieres-de-contratar-a-empresas-cercanas\/","og_locale":"es_ES","og_type":"article","og_title":"El PSOE acusa al gobierno de Mieres de contratar \u201ca empresas cercanas\u201d - cm news","og_description":"La portavoz socialista critica que IU \u201cest\u00e9 desprestigiando a la plantilla municipal, con la que no ha firmado ni un convenio en diez a\u00f1os\u201d.","og_url":"https:\/\/www.cuencasmineras.com\/index.php\/2022\/03\/04\/el-psoe-acusa-al-gobierno-de-mieres-de-contratar-a-empresas-cercanas\/","article_published_time":"2022-03-04T12:21:01+00:00","og_image":[{"width":1280,"height":548,"url":"https:\/\/www.cuencasmineras.com\/wp-content\/uploads\/2022\/03\/34e1a5be-ebda-4b5f-bcd6-557ba007dc8c_21-9-aspect-ratio_default_1126094.jpg","type":"image\/jpeg"}],"author":"admin","twitter_card":"summary_large_image","twitter_misc":{"Escrito por":"admin","Tiempo de lectura":"2 minutos"},"schema":{"@context":"https:\/\/schema.org","@graph":[{"@type":"Article","@id":"https:\/\/www.cuencasmineras.com\/index.php\/2022\/03\/04\/el-psoe-acusa-al-gobierno-de-mieres-de-contratar-a-empresas-cercanas\/#article","isPartOf":{"@id":"https:\/\/www.cuencasmineras.com\/index.php\/2022\/03\/04\/el-psoe-acusa-al-gobierno-de-mieres-de-contratar-a-empresas-cercanas\/"},"author":{"name":"admin","@id":"https:\/\/www.cuencasmineras.com\/#\/schema\/person\/be0691310e8496ec555f679dd688420c"},"headline":"El PSOE acusa al gobierno de Mieres de contratar \u201ca empresas cercanas\u201d","datePublished":"2022-03-04T12:21:01+00:00","mainEntityOfPage":{"@id":"https:\/\/www.cuencasmineras.com\/index.php\/2022\/03\/04\/el-psoe-acusa-al-gobierno-de-mieres-de-contratar-a-empresas-cercanas\/"},"wordCount":511,"commentCount":0,"image":{"@id":"https:\/\/www.cuencasmineras.com\/index.php\/2022\/03\/04\/el-psoe-acusa-al-gobierno-de-mieres-de-contratar-a-empresas-cercanas\/#primaryimage"},"thumbnailUrl":"https:\/\/www.cuencasmineras.com\/wp-content\/uploads\/2022\/03\/34e1a5be-ebda-4b5f-bcd6-557ba007dc8c_21-9-aspect-ratio_default_1126094.jpg","articleSection":["Caudal","CM NEWS"],"inLanguage":"es","potentialAction":[{"@type":"CommentAction","name":"Comment","target":["https:\/\/www.cuencasmineras.com\/index.php\/2022\/03\/04\/el-psoe-acusa-al-gobierno-de-mieres-de-contratar-a-empresas-cercanas\/#respond"]}]},{"@type":"WebPage","@id":"https:\/\/www.cuencasmineras.com\/index.php\/2022\/03\/04\/el-psoe-acusa-al-gobierno-de-mieres-de-contratar-a-empresas-cercanas\/","url":"https:\/\/www.cuencasmineras.com\/index.php\/2022\/03\/04\/el-psoe-acusa-al-gobierno-de-mieres-de-contratar-a-empresas-cercanas\/","name":"El PSOE acusa al gobierno de Mieres de contratar \u201ca empresas cercanas\u201d - cm news","isPartOf":{"@id":"https:\/\/www.cuencasmineras.com\/#website"},"primaryImageOfPage":{"@id":"https:\/\/www.cuencasmineras.com\/index.php\/2022\/03\/04\/el-psoe-acusa-al-gobierno-de-mieres-de-contratar-a-empresas-cercanas\/#primaryimage"},"image":{"@id":"https:\/\/www.cuencasmineras.com\/index.php\/2022\/03\/04\/el-psoe-acusa-al-gobierno-de-mieres-de-contratar-a-empresas-cercanas\/#primaryimage"},"thumbnailUrl":"https:\/\/www.cuencasmineras.com\/wp-content\/uploads\/2022\/03\/34e1a5be-ebda-4b5f-bcd6-557ba007dc8c_21-9-aspect-ratio_default_1126094.jpg","datePublished":"2022-03-04T12:21:01+00:00","author":{"@id":"https:\/\/www.cuencasmineras.com\/#\/schema\/person\/be0691310e8496ec555f679dd688420c"},"description":"La portavoz socialista critica que IU \u201cest\u00e9 desprestigiando a la plantilla municipal, con la que no ha firmado ni un convenio en diez a\u00f1os\u201d.","breadcrumb":{"@id":"https:\/\/www.cuencasmineras.com\/index.php\/2022\/03\/04\/el-psoe-acusa-al-gobierno-de-mieres-de-contratar-a-empresas-cercanas\/#breadcrumb"},"inLanguage":"es","potentialAction":[{"@type":"ReadAction","target":["https:\/\/www.cuencasmineras.com\/index.php\/2022\/03\/04\/el-psoe-acusa-al-gobierno-de-mieres-de-contratar-a-empresas-cercanas\/"]}]},{"@type":"ImageObject","inLanguage":"es","@id":"https:\/\/www.cuencasmineras.com\/index.php\/2022\/03\/04\/el-psoe-acusa-al-gobierno-de-mieres-de-contratar-a-empresas-cercanas\/#primaryimage","url":"https:\/\/www.cuencasmineras.com\/wp-content\/uploads\/2022\/03\/34e1a5be-ebda-4b5f-bcd6-557ba007dc8c_21-9-aspect-ratio_default_1126094.jpg","contentUrl":"https:\/\/www.cuencasmineras.com\/wp-content\/uploads\/2022\/03\/34e1a5be-ebda-4b5f-bcd6-557ba007dc8c_21-9-aspect-ratio_default_1126094.jpg","width":1280,"height":548},{"@type":"BreadcrumbList","@id":"https:\/\/www.cuencasmineras.com\/index.php\/2022\/03\/04\/el-psoe-acusa-al-gobierno-de-mieres-de-contratar-a-empresas-cercanas\/#breadcrumb","itemListElement":[{"@type":"ListItem","position":1,"name":"Portada","item":"https:\/\/www.cuencasmineras.com\/"},{"@type":"ListItem","position":2,"name":"El PSOE acusa al gobierno de Mieres de contratar \u201ca empresas cercanas\u201d"}]},{"@type":"WebSite","@id":"https:\/\/www.cuencasmineras.com\/#website","url":"https:\/\/www.cuencasmineras.com\/","name":"","description":"","potentialAction":[{"@type":"SearchAction","target":{"@type":"EntryPoint","urlTemplate":"https:\/\/www.cuencasmineras.com\/?s={search_term_string}"},"query-input":{"@type":"PropertyValueSpecification","valueRequired":true,"valueName":"search_term_string"}}],"inLanguage":"es"},{"@type":"Person","@id":"https:\/\/www.cuencasmineras.com\/#\/schema\/person\/be0691310e8496ec555f679dd688420c","name":"admin","image":{"@type":"ImageObject","inLanguage":"es","@id":"https:\/\/secure.gravatar.com\/avatar\/4afd2eed3b2fbbf36dd6707b5bd8a5b50ac648f033e36fbf85aeace2f0f859db?s=96&d=mm&r=g","url":"https:\/\/secure.gravatar.com\/avatar\/4afd2eed3b2fbbf36dd6707b5bd8a5b50ac648f033e36fbf85aeace2f0f859db?s=96&d=mm&r=g","contentUrl":"https:\/\/secure.gravatar.com\/avatar\/4afd2eed3b2fbbf36dd6707b5bd8a5b50ac648f033e36fbf85aeace2f0f859db?s=96&d=mm&r=g","caption":"admin"},"sameAs":["https:\/\/www.cuencasmineras.com"],"url":"https:\/\/www.cuencasmineras.com\/index.php\/author\/admin\/"}]}},"_links":{"self":[{"href":"https:\/\/www.cuencasmineras.com\/index.php\/wp-json\/wp\/v2\/posts\/4417","targetHints":{"allow":["GET"]}}],"collection":[{"href":"https:\/\/www.cuencasmineras.com\/index.php\/wp-json\/wp\/v2\/posts"}],"about":[{"href":"https:\/\/www.cuencasmineras.com\/index.php\/wp-json\/wp\/v2\/types\/post"}],"author":[{"embeddable":true,"href":"https:\/\/www.cuencasmineras.com\/index.php\/wp-json\/wp\/v2\/users\/1"}],"replies":[{"embeddable":true,"href":"https:\/\/www.cuencasmineras.com\/index.php\/wp-json\/wp\/v2\/comments?post=4417"}],"version-history":[{"count":1,"href":"https:\/\/www.cuencasmineras.com\/index.php\/wp-json\/wp\/v2\/posts\/4417\/revisions"}],"predecessor-version":[{"id":4419,"href":"https:\/\/www.cuencasmineras.com\/index.php\/wp-json\/wp\/v2\/posts\/4417\/revisions\/4419"}],"wp:featuredmedia":[{"embeddable":true,"href":"https:\/\/www.cuencasmineras.com\/index.php\/wp-json\/wp\/v2\/media\/4418"}],"wp:attachment":[{"href":"https:\/\/www.cuencasmineras.com\/index.php\/wp-json\/wp\/v2\/media?parent=4417"}],"wp:term":[{"taxonomy":"category","embeddable":true,"href":"https:\/\/www.cuencasmineras.com\/index.php\/wp-json\/wp\/v2\/categories?post=4417"},{"taxonomy":"post_tag","embeddable":true,"href":"https:\/\/www.cuencasmineras.com\/index.php\/wp-json\/wp\/v2\/tags?post=4417"}],"curies":[{"name":"wp","href":"https:\/\/api.w.org\/{rel}","templated":true}]}}