{"id":4420,"date":"2022-03-04T12:23:21","date_gmt":"2022-03-04T12:23:21","guid":{"rendered":"https:\/\/www.cuencasmineras.com\/?p=4420"},"modified":"2022-03-04T12:23:21","modified_gmt":"2022-03-04T12:23:21","slug":"aller-inaugura-manana-la-estatua-que-homenajea-a-los-gaiteros-asturianos","status":"publish","type":"post","link":"https:\/\/www.cuencasmineras.com\/index.php\/2022\/03\/04\/aller-inaugura-manana-la-estatua-que-homenajea-a-los-gaiteros-asturianos\/","title":{"rendered":"Aller inaugura ma\u00f1ana la estatua que homenajea a los gaiteros asturianos"},"content":{"rendered":"<p style=\"text-align: justify;\">El concejo de Aller vivir\u00e1 ma\u00f1ana una jornada muy especial. Y es que el Ayuntamiento inaugurar\u00e1 en Caba\u00f1aquinta el gran monumento con el que rinde homenaje a la m\u00fasica tradicional asturiana y los gaiteros en particular. La escultura, una gran gaita de 2,5 metros de altura, que junto al pedestal en el que se instala alcanzar\u00e1 los 4 metros, es obra del artista Gonzalo Grela.<\/p>\n<p><img loading=\"lazy\" decoding=\"async\" class=\"aligncenter size-large wp-image-4421\" src=\"https:\/\/www.cuencasmineras.com\/wp-content\/uploads\/2022\/03\/84e0be5a-00b1-44fc-8dab-e72617bdece2_21-9-aspect-ratio_default_0-1024x438.jpg\" alt=\"\" width=\"640\" height=\"274\" srcset=\"https:\/\/www.cuencasmineras.com\/wp-content\/uploads\/2022\/03\/84e0be5a-00b1-44fc-8dab-e72617bdece2_21-9-aspect-ratio_default_0-1024x438.jpg 1024w, https:\/\/www.cuencasmineras.com\/wp-content\/uploads\/2022\/03\/84e0be5a-00b1-44fc-8dab-e72617bdece2_21-9-aspect-ratio_default_0-300x128.jpg 300w, https:\/\/www.cuencasmineras.com\/wp-content\/uploads\/2022\/03\/84e0be5a-00b1-44fc-8dab-e72617bdece2_21-9-aspect-ratio_default_0-768x329.jpg 768w, https:\/\/www.cuencasmineras.com\/wp-content\/uploads\/2022\/03\/84e0be5a-00b1-44fc-8dab-e72617bdece2_21-9-aspect-ratio_default_0.jpg 1280w\" sizes=\"auto, (max-width: 640px) 100vw, 640px\" \/><\/p>\n<p style=\"text-align: justify;\">El monumento si situar\u00e1 en la plaza de la Vaca\u00edna, en Caba\u00f1aquinta. La apuesta del gobierno local por transformar este c\u00e9ntrico eje de la capital allerana responde a varios objetivos. Por una parte, mostrar el apoyo y el reconocimiento a la cultura tradicional asturiana. Adem\u00e1s, se aprovecha para rehabilitar una plaza que demandaba ya una actuaci\u00f3n integral. Por \u00faltimo, y relacionado con el turismo, el gobierno local entiende que este monumento singular tendr\u00e1 la capacidad por s\u00ed mismo de atraer visitantes a una de las zonas menos tur\u00edsticas del municipio.<\/p>\n<p style=\"text-align: justify;\">La escultura tiene otra particularidad, y es el material con el que se ha fabricado. Se trata del \u201ctiger\u201d, una material que Gonzalo Grela trabaja habitualmente para sus obras y que tiene un marcado car\u00e1cter minero, ya que es el hilo de cobre que se utilizaba en las voladuras subterr\u00e1neas en las minas. La apuesta del Ayuntamiento de Aller por la cultura asturiana no se queda ah\u00ed, ya que hoy mismo, el alcalde, Juan Carlos Iglesias, presentar\u00e1 un nuevo evento: el \u201cI Concursu de M\u00fasica y Ton\u00e1 Valles d&#8217;Ayer\u201d, en un acto que contar\u00e1 tambi\u00e9n con la presencia de una representaci\u00f3n de la banda de gaitas \u201cEl Gumial\u201d.<\/p>\n","protected":false},"excerpt":{"rendered":"<p>El concejo de Aller vivir\u00e1 ma\u00f1ana una jornada muy especial. Y es que el Ayuntamiento inaugurar\u00e1 en Caba\u00f1aquinta el gran monumento con el que rinde homenaje a la m\u00fasica tradicional asturiana y los gaiteros en particular. La escultura, una gran gaita de 2,5 metros de altura, que junto al pedestal en el que se instala [&hellip;]<\/p>\n","protected":false},"author":1,"featured_media":4421,"comment_status":"open","ping_status":"open","sticky":false,"template":"","format":"standard","meta":{"footnotes":""},"categories":[7,6],"tags":[],"class_list":["post-4420","post","type-post","status-publish","format-standard","has-post-thumbnail","hentry","category-caudal","category-noticias"],"yoast_head":"<!-- This site is optimized with the Yoast SEO plugin v27.4 - https:\/\/yoast.com\/product\/yoast-seo-wordpress\/ -->\n<title>Aller inaugura ma\u00f1ana la estatua que homenajea a los gaiteros asturianos - cm news<\/title>\n<meta name=\"description\" content=\"El monumento, de 2,5 metros de altura, es obra del escultor Gonzalo Grela y est\u00e1 fabricada en \u201ctiger\u201d, un material minero.\" \/>\n<meta name=\"robots\" content=\"index, follow, max-snippet:-1, max-image-preview:large, max-video-preview:-1\" \/>\n<link rel=\"canonical\" href=\"https:\/\/www.cuencasmineras.com\/index.php\/2022\/03\/04\/aller-inaugura-manana-la-estatua-que-homenajea-a-los-gaiteros-asturianos\/\" \/>\n<meta property=\"og:locale\" content=\"es_ES\" \/>\n<meta property=\"og:type\" content=\"article\" \/>\n<meta property=\"og:title\" content=\"Aller inaugura ma\u00f1ana la estatua que homenajea a los gaiteros asturianos - cm news\" \/>\n<meta property=\"og:description\" content=\"El monumento, de 2,5 metros de altura, es obra del escultor Gonzalo Grela y est\u00e1 fabricada en \u201ctiger\u201d, un material minero.\" \/>\n<meta property=\"og:url\" content=\"https:\/\/www.cuencasmineras.com\/index.php\/2022\/03\/04\/aller-inaugura-manana-la-estatua-que-homenajea-a-los-gaiteros-asturianos\/\" \/>\n<meta property=\"article:published_time\" content=\"2022-03-04T12:23:21+00:00\" \/>\n<meta property=\"og:image\" content=\"https:\/\/www.cuencasmineras.com\/wp-content\/uploads\/2022\/03\/84e0be5a-00b1-44fc-8dab-e72617bdece2_21-9-aspect-ratio_default_0.jpg\" \/>\n\t<meta property=\"og:image:width\" content=\"1280\" \/>\n\t<meta property=\"og:image:height\" content=\"548\" \/>\n\t<meta property=\"og:image:type\" content=\"image\/jpeg\" \/>\n<meta name=\"author\" content=\"admin\" \/>\n<meta name=\"twitter:card\" content=\"summary_large_image\" \/>\n<meta name=\"twitter:label1\" content=\"Escrito por\" \/>\n\t<meta name=\"twitter:data1\" content=\"admin\" \/>\n\t<meta name=\"twitter:label2\" content=\"Tiempo de lectura\" \/>\n\t<meta name=\"twitter:data2\" content=\"1 minuto\" \/>\n<script type=\"application\/ld+json\" class=\"yoast-schema-graph\">{\"@context\":\"https:\\\/\\\/schema.org\",\"@graph\":[{\"@type\":\"Article\",\"@id\":\"https:\\\/\\\/www.cuencasmineras.com\\\/index.php\\\/2022\\\/03\\\/04\\\/aller-inaugura-manana-la-estatua-que-homenajea-a-los-gaiteros-asturianos\\\/#article\",\"isPartOf\":{\"@id\":\"https:\\\/\\\/www.cuencasmineras.com\\\/index.php\\\/2022\\\/03\\\/04\\\/aller-inaugura-manana-la-estatua-que-homenajea-a-los-gaiteros-asturianos\\\/\"},\"author\":{\"name\":\"admin\",\"@id\":\"https:\\\/\\\/www.cuencasmineras.com\\\/#\\\/schema\\\/person\\\/be0691310e8496ec555f679dd688420c\"},\"headline\":\"Aller inaugura ma\u00f1ana la estatua que homenajea a los gaiteros asturianos\",\"datePublished\":\"2022-03-04T12:23:21+00:00\",\"mainEntityOfPage\":{\"@id\":\"https:\\\/\\\/www.cuencasmineras.com\\\/index.php\\\/2022\\\/03\\\/04\\\/aller-inaugura-manana-la-estatua-que-homenajea-a-los-gaiteros-asturianos\\\/\"},\"wordCount\":287,\"commentCount\":0,\"image\":{\"@id\":\"https:\\\/\\\/www.cuencasmineras.com\\\/index.php\\\/2022\\\/03\\\/04\\\/aller-inaugura-manana-la-estatua-que-homenajea-a-los-gaiteros-asturianos\\\/#primaryimage\"},\"thumbnailUrl\":\"https:\\\/\\\/www.cuencasmineras.com\\\/wp-content\\\/uploads\\\/2022\\\/03\\\/84e0be5a-00b1-44fc-8dab-e72617bdece2_21-9-aspect-ratio_default_0.jpg\",\"articleSection\":[\"Caudal\",\"CM NEWS\"],\"inLanguage\":\"es\",\"potentialAction\":[{\"@type\":\"CommentAction\",\"name\":\"Comment\",\"target\":[\"https:\\\/\\\/www.cuencasmineras.com\\\/index.php\\\/2022\\\/03\\\/04\\\/aller-inaugura-manana-la-estatua-que-homenajea-a-los-gaiteros-asturianos\\\/#respond\"]}]},{\"@type\":\"WebPage\",\"@id\":\"https:\\\/\\\/www.cuencasmineras.com\\\/index.php\\\/2022\\\/03\\\/04\\\/aller-inaugura-manana-la-estatua-que-homenajea-a-los-gaiteros-asturianos\\\/\",\"url\":\"https:\\\/\\\/www.cuencasmineras.com\\\/index.php\\\/2022\\\/03\\\/04\\\/aller-inaugura-manana-la-estatua-que-homenajea-a-los-gaiteros-asturianos\\\/\",\"name\":\"Aller inaugura ma\u00f1ana la estatua que homenajea a los gaiteros asturianos - cm news\",\"isPartOf\":{\"@id\":\"https:\\\/\\\/www.cuencasmineras.com\\\/#website\"},\"primaryImageOfPage\":{\"@id\":\"https:\\\/\\\/www.cuencasmineras.com\\\/index.php\\\/2022\\\/03\\\/04\\\/aller-inaugura-manana-la-estatua-que-homenajea-a-los-gaiteros-asturianos\\\/#primaryimage\"},\"image\":{\"@id\":\"https:\\\/\\\/www.cuencasmineras.com\\\/index.php\\\/2022\\\/03\\\/04\\\/aller-inaugura-manana-la-estatua-que-homenajea-a-los-gaiteros-asturianos\\\/#primaryimage\"},\"thumbnailUrl\":\"https:\\\/\\\/www.cuencasmineras.com\\\/wp-content\\\/uploads\\\/2022\\\/03\\\/84e0be5a-00b1-44fc-8dab-e72617bdece2_21-9-aspect-ratio_default_0.jpg\",\"datePublished\":\"2022-03-04T12:23:21+00:00\",\"author\":{\"@id\":\"https:\\\/\\\/www.cuencasmineras.com\\\/#\\\/schema\\\/person\\\/be0691310e8496ec555f679dd688420c\"},\"description\":\"El monumento, de 2,5 metros de altura, es obra del escultor Gonzalo Grela y est\u00e1 fabricada en \u201ctiger\u201d, un material minero.\",\"breadcrumb\":{\"@id\":\"https:\\\/\\\/www.cuencasmineras.com\\\/index.php\\\/2022\\\/03\\\/04\\\/aller-inaugura-manana-la-estatua-que-homenajea-a-los-gaiteros-asturianos\\\/#breadcrumb\"},\"inLanguage\":\"es\",\"potentialAction\":[{\"@type\":\"ReadAction\",\"target\":[\"https:\\\/\\\/www.cuencasmineras.com\\\/index.php\\\/2022\\\/03\\\/04\\\/aller-inaugura-manana-la-estatua-que-homenajea-a-los-gaiteros-asturianos\\\/\"]}]},{\"@type\":\"ImageObject\",\"inLanguage\":\"es\",\"@id\":\"https:\\\/\\\/www.cuencasmineras.com\\\/index.php\\\/2022\\\/03\\\/04\\\/aller-inaugura-manana-la-estatua-que-homenajea-a-los-gaiteros-asturianos\\\/#primaryimage\",\"url\":\"https:\\\/\\\/www.cuencasmineras.com\\\/wp-content\\\/uploads\\\/2022\\\/03\\\/84e0be5a-00b1-44fc-8dab-e72617bdece2_21-9-aspect-ratio_default_0.jpg\",\"contentUrl\":\"https:\\\/\\\/www.cuencasmineras.com\\\/wp-content\\\/uploads\\\/2022\\\/03\\\/84e0be5a-00b1-44fc-8dab-e72617bdece2_21-9-aspect-ratio_default_0.jpg\",\"width\":1280,\"height\":548},{\"@type\":\"BreadcrumbList\",\"@id\":\"https:\\\/\\\/www.cuencasmineras.com\\\/index.php\\\/2022\\\/03\\\/04\\\/aller-inaugura-manana-la-estatua-que-homenajea-a-los-gaiteros-asturianos\\\/#breadcrumb\",\"itemListElement\":[{\"@type\":\"ListItem\",\"position\":1,\"name\":\"Portada\",\"item\":\"https:\\\/\\\/www.cuencasmineras.com\\\/\"},{\"@type\":\"ListItem\",\"position\":2,\"name\":\"Aller inaugura ma\u00f1ana la estatua que homenajea a los gaiteros asturianos\"}]},{\"@type\":\"WebSite\",\"@id\":\"https:\\\/\\\/www.cuencasmineras.com\\\/#website\",\"url\":\"https:\\\/\\\/www.cuencasmineras.com\\\/\",\"name\":\"\",\"description\":\"\",\"potentialAction\":[{\"@type\":\"SearchAction\",\"target\":{\"@type\":\"EntryPoint\",\"urlTemplate\":\"https:\\\/\\\/www.cuencasmineras.com\\\/?s={search_term_string}\"},\"query-input\":{\"@type\":\"PropertyValueSpecification\",\"valueRequired\":true,\"valueName\":\"search_term_string\"}}],\"inLanguage\":\"es\"},{\"@type\":\"Person\",\"@id\":\"https:\\\/\\\/www.cuencasmineras.com\\\/#\\\/schema\\\/person\\\/be0691310e8496ec555f679dd688420c\",\"name\":\"admin\",\"image\":{\"@type\":\"ImageObject\",\"inLanguage\":\"es\",\"@id\":\"https:\\\/\\\/secure.gravatar.com\\\/avatar\\\/4afd2eed3b2fbbf36dd6707b5bd8a5b50ac648f033e36fbf85aeace2f0f859db?s=96&d=mm&r=g\",\"url\":\"https:\\\/\\\/secure.gravatar.com\\\/avatar\\\/4afd2eed3b2fbbf36dd6707b5bd8a5b50ac648f033e36fbf85aeace2f0f859db?s=96&d=mm&r=g\",\"contentUrl\":\"https:\\\/\\\/secure.gravatar.com\\\/avatar\\\/4afd2eed3b2fbbf36dd6707b5bd8a5b50ac648f033e36fbf85aeace2f0f859db?s=96&d=mm&r=g\",\"caption\":\"admin\"},\"sameAs\":[\"https:\\\/\\\/www.cuencasmineras.com\"],\"url\":\"https:\\\/\\\/www.cuencasmineras.com\\\/index.php\\\/author\\\/admin\\\/\"}]}<\/script>\n<!-- \/ Yoast SEO plugin. -->","yoast_head_json":{"title":"Aller inaugura ma\u00f1ana la estatua que homenajea a los gaiteros asturianos - cm news","description":"El monumento, de 2,5 metros de altura, es obra del escultor Gonzalo Grela y est\u00e1 fabricada en \u201ctiger\u201d, un material minero.","robots":{"index":"index","follow":"follow","max-snippet":"max-snippet:-1","max-image-preview":"max-image-preview:large","max-video-preview":"max-video-preview:-1"},"canonical":"https:\/\/www.cuencasmineras.com\/index.php\/2022\/03\/04\/aller-inaugura-manana-la-estatua-que-homenajea-a-los-gaiteros-asturianos\/","og_locale":"es_ES","og_type":"article","og_title":"Aller inaugura ma\u00f1ana la estatua que homenajea a los gaiteros asturianos - cm news","og_description":"El monumento, de 2,5 metros de altura, es obra del escultor Gonzalo Grela y est\u00e1 fabricada en \u201ctiger\u201d, un material minero.","og_url":"https:\/\/www.cuencasmineras.com\/index.php\/2022\/03\/04\/aller-inaugura-manana-la-estatua-que-homenajea-a-los-gaiteros-asturianos\/","article_published_time":"2022-03-04T12:23:21+00:00","og_image":[{"width":1280,"height":548,"url":"https:\/\/www.cuencasmineras.com\/wp-content\/uploads\/2022\/03\/84e0be5a-00b1-44fc-8dab-e72617bdece2_21-9-aspect-ratio_default_0.jpg","type":"image\/jpeg"}],"author":"admin","twitter_card":"summary_large_image","twitter_misc":{"Escrito por":"admin","Tiempo de lectura":"1 minuto"},"schema":{"@context":"https:\/\/schema.org","@graph":[{"@type":"Article","@id":"https:\/\/www.cuencasmineras.com\/index.php\/2022\/03\/04\/aller-inaugura-manana-la-estatua-que-homenajea-a-los-gaiteros-asturianos\/#article","isPartOf":{"@id":"https:\/\/www.cuencasmineras.com\/index.php\/2022\/03\/04\/aller-inaugura-manana-la-estatua-que-homenajea-a-los-gaiteros-asturianos\/"},"author":{"name":"admin","@id":"https:\/\/www.cuencasmineras.com\/#\/schema\/person\/be0691310e8496ec555f679dd688420c"},"headline":"Aller inaugura ma\u00f1ana la estatua que homenajea a los gaiteros asturianos","datePublished":"2022-03-04T12:23:21+00:00","mainEntityOfPage":{"@id":"https:\/\/www.cuencasmineras.com\/index.php\/2022\/03\/04\/aller-inaugura-manana-la-estatua-que-homenajea-a-los-gaiteros-asturianos\/"},"wordCount":287,"commentCount":0,"image":{"@id":"https:\/\/www.cuencasmineras.com\/index.php\/2022\/03\/04\/aller-inaugura-manana-la-estatua-que-homenajea-a-los-gaiteros-asturianos\/#primaryimage"},"thumbnailUrl":"https:\/\/www.cuencasmineras.com\/wp-content\/uploads\/2022\/03\/84e0be5a-00b1-44fc-8dab-e72617bdece2_21-9-aspect-ratio_default_0.jpg","articleSection":["Caudal","CM NEWS"],"inLanguage":"es","potentialAction":[{"@type":"CommentAction","name":"Comment","target":["https:\/\/www.cuencasmineras.com\/index.php\/2022\/03\/04\/aller-inaugura-manana-la-estatua-que-homenajea-a-los-gaiteros-asturianos\/#respond"]}]},{"@type":"WebPage","@id":"https:\/\/www.cuencasmineras.com\/index.php\/2022\/03\/04\/aller-inaugura-manana-la-estatua-que-homenajea-a-los-gaiteros-asturianos\/","url":"https:\/\/www.cuencasmineras.com\/index.php\/2022\/03\/04\/aller-inaugura-manana-la-estatua-que-homenajea-a-los-gaiteros-asturianos\/","name":"Aller inaugura ma\u00f1ana la estatua que homenajea a los gaiteros asturianos - cm news","isPartOf":{"@id":"https:\/\/www.cuencasmineras.com\/#website"},"primaryImageOfPage":{"@id":"https:\/\/www.cuencasmineras.com\/index.php\/2022\/03\/04\/aller-inaugura-manana-la-estatua-que-homenajea-a-los-gaiteros-asturianos\/#primaryimage"},"image":{"@id":"https:\/\/www.cuencasmineras.com\/index.php\/2022\/03\/04\/aller-inaugura-manana-la-estatua-que-homenajea-a-los-gaiteros-asturianos\/#primaryimage"},"thumbnailUrl":"https:\/\/www.cuencasmineras.com\/wp-content\/uploads\/2022\/03\/84e0be5a-00b1-44fc-8dab-e72617bdece2_21-9-aspect-ratio_default_0.jpg","datePublished":"2022-03-04T12:23:21+00:00","author":{"@id":"https:\/\/www.cuencasmineras.com\/#\/schema\/person\/be0691310e8496ec555f679dd688420c"},"description":"El monumento, de 2,5 metros de altura, es obra del escultor Gonzalo Grela y est\u00e1 fabricada en \u201ctiger\u201d, un material minero.","breadcrumb":{"@id":"https:\/\/www.cuencasmineras.com\/index.php\/2022\/03\/04\/aller-inaugura-manana-la-estatua-que-homenajea-a-los-gaiteros-asturianos\/#breadcrumb"},"inLanguage":"es","potentialAction":[{"@type":"ReadAction","target":["https:\/\/www.cuencasmineras.com\/index.php\/2022\/03\/04\/aller-inaugura-manana-la-estatua-que-homenajea-a-los-gaiteros-asturianos\/"]}]},{"@type":"ImageObject","inLanguage":"es","@id":"https:\/\/www.cuencasmineras.com\/index.php\/2022\/03\/04\/aller-inaugura-manana-la-estatua-que-homenajea-a-los-gaiteros-asturianos\/#primaryimage","url":"https:\/\/www.cuencasmineras.com\/wp-content\/uploads\/2022\/03\/84e0be5a-00b1-44fc-8dab-e72617bdece2_21-9-aspect-ratio_default_0.jpg","contentUrl":"https:\/\/www.cuencasmineras.com\/wp-content\/uploads\/2022\/03\/84e0be5a-00b1-44fc-8dab-e72617bdece2_21-9-aspect-ratio_default_0.jpg","width":1280,"height":548},{"@type":"BreadcrumbList","@id":"https:\/\/www.cuencasmineras.com\/index.php\/2022\/03\/04\/aller-inaugura-manana-la-estatua-que-homenajea-a-los-gaiteros-asturianos\/#breadcrumb","itemListElement":[{"@type":"ListItem","position":1,"name":"Portada","item":"https:\/\/www.cuencasmineras.com\/"},{"@type":"ListItem","position":2,"name":"Aller inaugura ma\u00f1ana la estatua que homenajea a los gaiteros asturianos"}]},{"@type":"WebSite","@id":"https:\/\/www.cuencasmineras.com\/#website","url":"https:\/\/www.cuencasmineras.com\/","name":"","description":"","potentialAction":[{"@type":"SearchAction","target":{"@type":"EntryPoint","urlTemplate":"https:\/\/www.cuencasmineras.com\/?s={search_term_string}"},"query-input":{"@type":"PropertyValueSpecification","valueRequired":true,"valueName":"search_term_string"}}],"inLanguage":"es"},{"@type":"Person","@id":"https:\/\/www.cuencasmineras.com\/#\/schema\/person\/be0691310e8496ec555f679dd688420c","name":"admin","image":{"@type":"ImageObject","inLanguage":"es","@id":"https:\/\/secure.gravatar.com\/avatar\/4afd2eed3b2fbbf36dd6707b5bd8a5b50ac648f033e36fbf85aeace2f0f859db?s=96&d=mm&r=g","url":"https:\/\/secure.gravatar.com\/avatar\/4afd2eed3b2fbbf36dd6707b5bd8a5b50ac648f033e36fbf85aeace2f0f859db?s=96&d=mm&r=g","contentUrl":"https:\/\/secure.gravatar.com\/avatar\/4afd2eed3b2fbbf36dd6707b5bd8a5b50ac648f033e36fbf85aeace2f0f859db?s=96&d=mm&r=g","caption":"admin"},"sameAs":["https:\/\/www.cuencasmineras.com"],"url":"https:\/\/www.cuencasmineras.com\/index.php\/author\/admin\/"}]}},"_links":{"self":[{"href":"https:\/\/www.cuencasmineras.com\/index.php\/wp-json\/wp\/v2\/posts\/4420","targetHints":{"allow":["GET"]}}],"collection":[{"href":"https:\/\/www.cuencasmineras.com\/index.php\/wp-json\/wp\/v2\/posts"}],"about":[{"href":"https:\/\/www.cuencasmineras.com\/index.php\/wp-json\/wp\/v2\/types\/post"}],"author":[{"embeddable":true,"href":"https:\/\/www.cuencasmineras.com\/index.php\/wp-json\/wp\/v2\/users\/1"}],"replies":[{"embeddable":true,"href":"https:\/\/www.cuencasmineras.com\/index.php\/wp-json\/wp\/v2\/comments?post=4420"}],"version-history":[{"count":1,"href":"https:\/\/www.cuencasmineras.com\/index.php\/wp-json\/wp\/v2\/posts\/4420\/revisions"}],"predecessor-version":[{"id":4422,"href":"https:\/\/www.cuencasmineras.com\/index.php\/wp-json\/wp\/v2\/posts\/4420\/revisions\/4422"}],"wp:featuredmedia":[{"embeddable":true,"href":"https:\/\/www.cuencasmineras.com\/index.php\/wp-json\/wp\/v2\/media\/4421"}],"wp:attachment":[{"href":"https:\/\/www.cuencasmineras.com\/index.php\/wp-json\/wp\/v2\/media?parent=4420"}],"wp:term":[{"taxonomy":"category","embeddable":true,"href":"https:\/\/www.cuencasmineras.com\/index.php\/wp-json\/wp\/v2\/categories?post=4420"},{"taxonomy":"post_tag","embeddable":true,"href":"https:\/\/www.cuencasmineras.com\/index.php\/wp-json\/wp\/v2\/tags?post=4420"}],"curies":[{"name":"wp","href":"https:\/\/api.w.org\/{rel}","templated":true}]}}