{"id":4488,"date":"2022-03-18T19:18:47","date_gmt":"2022-03-18T19:18:47","guid":{"rendered":"https:\/\/www.cuencasmineras.com\/?p=4488"},"modified":"2022-03-18T19:18:47","modified_gmt":"2022-03-18T19:18:47","slug":"el-principado-apoya-que-el-angliru-sea-de-nuevo-final-de-etapa-en-la-vuelta-ciclista-de-2023","status":"publish","type":"post","link":"https:\/\/www.cuencasmineras.com\/index.php\/2022\/03\/18\/el-principado-apoya-que-el-angliru-sea-de-nuevo-final-de-etapa-en-la-vuelta-ciclista-de-2023\/","title":{"rendered":"El Principado apoya que el Angliru sea de nuevo final de etapa en la Vuelta Ciclista de 2023"},"content":{"rendered":"<p style=\"text-align: justify;\">El regreso de la Vuelta a Espa\u00f1a al Angliru podr\u00eda estar cerca. El Gobierno del Principado se ha comprometido con el Ayuntamiento de Riosa a respaldar el retorno de la m\u00edtica cima al recorrido de la gran ronda espa\u00f1ola de cara al a\u00f1o 2023. Al menos as\u00ed se lo ha transmitido la Viceconsejera de Turismo, Graciela Blanco, a la alcaldesa de Riosa, Ana D\u00edaz, en un encuentro en el que la regidora pidi\u00f3 a la responsable regional que tuvieran en cuenta esta etapa para la pr\u00f3xima edici\u00f3n de la prueba. D\u00edaz explic\u00f3 que \u201cpara nosotros es muy importante la etapa del Angliru y por eso le pedimos al Principado que cuando hable con la organizaci\u00f3n de la Vuelta sobre las etapas del Principado nos tenga muy en cuenta para la pr\u00f3xima edici\u00f3n\u201d. La regidora entiende, al igual que ya dijese la propia direcci\u00f3n de la carrera, que el Angliru no es un puerto para subir cada a\u00f1o, sino que la idea es espaciar esta llegada en el tiempo cada dos o tres ediciones al menos. Una postura que tambi\u00e9n es compartida por el Gobierno regional.<\/p>\n<p><img loading=\"lazy\" decoding=\"async\" class=\"aligncenter size-large wp-image-4489\" src=\"https:\/\/www.cuencasmineras.com\/wp-content\/uploads\/2022\/03\/c28f110b-15df-421d-ae13-077ea66dfdac_21-9-aspect-ratio_default_0-1024x438.jpg\" alt=\"\" width=\"640\" height=\"274\" srcset=\"https:\/\/www.cuencasmineras.com\/wp-content\/uploads\/2022\/03\/c28f110b-15df-421d-ae13-077ea66dfdac_21-9-aspect-ratio_default_0-1024x438.jpg 1024w, https:\/\/www.cuencasmineras.com\/wp-content\/uploads\/2022\/03\/c28f110b-15df-421d-ae13-077ea66dfdac_21-9-aspect-ratio_default_0-300x128.jpg 300w, https:\/\/www.cuencasmineras.com\/wp-content\/uploads\/2022\/03\/c28f110b-15df-421d-ae13-077ea66dfdac_21-9-aspect-ratio_default_0-768x329.jpg 768w, https:\/\/www.cuencasmineras.com\/wp-content\/uploads\/2022\/03\/c28f110b-15df-421d-ae13-077ea66dfdac_21-9-aspect-ratio_default_0.jpg 1280w\" sizes=\"auto, (max-width: 640px) 100vw, 640px\" \/><\/p>\n<p style=\"text-align: justify;\">Sin embargo, la regidora riosana opina que ahora se da una peculiaridad y es que la \u00faltima vez que la Vuelta visit\u00f3 las duras rampas del coloso riosano, lo hizo en el a\u00f1o 2020, en plenas restricciones por la pandemia, lo que motiv\u00f3 que la prueba fuera \u201ca puerta cerrada\u201d, sin espectadores en la carretera. Esto tuvo un impacto directo en el beneficio que deja la carrera cada vez que los ciclistas recorren kil\u00f3metros por Riosa, ya que el comercio y la hosteler\u00eda local vieron como la prueba apenas dej\u00f3 un euro.<\/p>\n<p style=\"text-align: justify;\">\u201cCreemos que estamos ante una situaci\u00f3n especial y que ese 2020 no deber\u00eda de contar dentro de esos a\u00f1os de barbecho en los que se suele dejar al Angliru y con los que estamos de acuerdo, para no sobreexplotar la etapa\u201d, indic\u00f3 la regidora. Por ello, la decepci\u00f3n de no estar en la edici\u00f3n de este a\u00f1o dentro de la hoja de ruta de la prueba hab\u00eda sido tremendamente grande. En ese contexto, Ana D\u00edaz quiso trasladar a la viceconsejera de Turismo la necesidad de que el Principado apoye y respalde el retorno del Angliru a la Vuelta. \u201cLo que me trasmiti\u00f3 la Viceconsejera fue que estaba de acuerdo con nuestra posici\u00f3n y que por su parte mediar\u00eda y respaldar\u00eda para que el Angliru volviera de nuevo a formar parte de la carrera en el a\u00f1o 2023\u201d, indic\u00f3 D\u00edaz, satisfecha por el compromiso del Gobierno regional.<\/p>\n<p style=\"text-align: justify;\">\u201cAunque somos conscientes de que el Angliru no puede estar todos los a\u00f1os en la Vuelta, tambi\u00e9n creemos que es muy importante su presencia para el concejo por todo lo que supone. Durante los d\u00edas previos y posteriores a la etapa, el aluvi\u00f3n de gente que consume y compra en Riosa es muy importante, pero es que, adem\u00e1s, cada vez que la Vuelta viene al Angliru el efecto dura bastante tiempo, y eso es algo que necesitamos y que en 2020 no pudimos aprovechar\u201d, asegur\u00f3 la regidora. Entiende que es de justicia, \u201ccomo se ha hecho con otras localidades que s\u00ed han vuelto al recorrido\u201d, que los ciclistas vuelvan a subir las empinadas rampas de hasta el 23% que se dibujan sobre el monte riosano. La \u00faltima vez que la Vuelta a Espa\u00f1a lleg\u00f3 al Angliru, la victoria se la llev\u00f3 en brit\u00e1nico Hugh Carthy, a la postre, tercero en la clasificaci\u00f3n general. El corredor del Education First logr\u00f3 cimentar ese caj\u00f3n del podio con su triunfo ante los grandes favoritos a poco m\u00e1s de una semana para terminar la carrera. El brit\u00e1nico se impuso a ciclistas como Richard Carapaz, campe\u00f3n ol\u00edmpico en Tokio, o Primoz Roglic, que alzar\u00eda los brazos y se saldr\u00eda de la Castellana con el maillot rojo de campe\u00f3n de la Vuelta a Espa\u00f1a en esa edici\u00f3n de 2020, marcada, como todas las actividades, por la pandemia.<\/p>\n<p style=\"text-align: justify;\">El Angliru no solo ha sido un puerto \u00e9pico para la Vuelta, sino que sus ganadores tambi\u00e9n han sido ciclistas de gran renombre. As\u00ed, el primero en cruzar la l\u00ednea de meta en la cima riosana fue el malogrado Jos\u00e9 Mar\u00eda \u201cel Chava\u201d Jim\u00e9nez, uno de los corredores m\u00e1s prometedores del pa\u00eds, y sin duda un escalador \u00fanico, que ganaba la etapa en 1999. Los m\u00edticos Gilberto Simoni (2000, \u00fanica vez que el Angliru se subi\u00f3 en dos ediciones consecutivas), y Roberto Heras (2002 y r\u00e9cord de ascensi\u00f3n a la cima) tambi\u00e9n lograron vencer en el Angliru.<\/p>\n<p><strong>Fuente: LNE<\/strong><\/p>\n","protected":false},"excerpt":{"rendered":"<p>El regreso de la Vuelta a Espa\u00f1a al Angliru podr\u00eda estar cerca. El Gobierno del Principado se ha comprometido con el Ayuntamiento de Riosa a respaldar el retorno de la m\u00edtica cima al recorrido de la gran ronda espa\u00f1ola de cara al a\u00f1o 2023. Al menos as\u00ed se lo ha transmitido la Viceconsejera de Turismo, [&hellip;]<\/p>\n","protected":false},"author":1,"featured_media":4489,"comment_status":"open","ping_status":"open","sticky":false,"template":"","format":"standard","meta":{"footnotes":""},"categories":[7,6],"tags":[],"class_list":["post-4488","post","type-post","status-publish","format-standard","has-post-thumbnail","hentry","category-caudal","category-noticias"],"yoast_head":"<!-- This site is optimized with the Yoast SEO plugin v27.4 - https:\/\/yoast.com\/product\/yoast-seo-wordpress\/ -->\n<title>El Principado apoya que el Angliru sea de nuevo final de etapa en la Vuelta Ciclista de 2023 - cm news<\/title>\n<meta name=\"description\" content=\"La alcaldesa de Riosa afirma que la inclusi\u00f3n en la ronda de la cima, que no se sube desde 2020, multiplica los ingresos de los negocios locales.\" \/>\n<meta name=\"robots\" content=\"index, follow, max-snippet:-1, max-image-preview:large, max-video-preview:-1\" \/>\n<link rel=\"canonical\" href=\"https:\/\/www.cuencasmineras.com\/index.php\/2022\/03\/18\/el-principado-apoya-que-el-angliru-sea-de-nuevo-final-de-etapa-en-la-vuelta-ciclista-de-2023\/\" \/>\n<meta property=\"og:locale\" content=\"es_ES\" \/>\n<meta property=\"og:type\" content=\"article\" \/>\n<meta property=\"og:title\" content=\"El Principado apoya que el Angliru sea de nuevo final de etapa en la Vuelta Ciclista de 2023 - cm news\" \/>\n<meta property=\"og:description\" content=\"La alcaldesa de Riosa afirma que la inclusi\u00f3n en la ronda de la cima, que no se sube desde 2020, multiplica los ingresos de los negocios locales.\" \/>\n<meta property=\"og:url\" content=\"https:\/\/www.cuencasmineras.com\/index.php\/2022\/03\/18\/el-principado-apoya-que-el-angliru-sea-de-nuevo-final-de-etapa-en-la-vuelta-ciclista-de-2023\/\" \/>\n<meta property=\"article:published_time\" content=\"2022-03-18T19:18:47+00:00\" \/>\n<meta property=\"og:image\" content=\"https:\/\/www.cuencasmineras.com\/wp-content\/uploads\/2022\/03\/c28f110b-15df-421d-ae13-077ea66dfdac_21-9-aspect-ratio_default_0.jpg\" \/>\n\t<meta property=\"og:image:width\" content=\"1280\" \/>\n\t<meta property=\"og:image:height\" content=\"548\" \/>\n\t<meta property=\"og:image:type\" content=\"image\/jpeg\" \/>\n<meta name=\"author\" content=\"admin\" \/>\n<meta name=\"twitter:card\" content=\"summary_large_image\" \/>\n<meta name=\"twitter:label1\" content=\"Escrito por\" \/>\n\t<meta name=\"twitter:data1\" content=\"admin\" \/>\n\t<meta name=\"twitter:label2\" content=\"Tiempo de lectura\" \/>\n\t<meta name=\"twitter:data2\" content=\"4 minutos\" \/>\n<script type=\"application\/ld+json\" class=\"yoast-schema-graph\">{\"@context\":\"https:\\\/\\\/schema.org\",\"@graph\":[{\"@type\":\"Article\",\"@id\":\"https:\\\/\\\/www.cuencasmineras.com\\\/index.php\\\/2022\\\/03\\\/18\\\/el-principado-apoya-que-el-angliru-sea-de-nuevo-final-de-etapa-en-la-vuelta-ciclista-de-2023\\\/#article\",\"isPartOf\":{\"@id\":\"https:\\\/\\\/www.cuencasmineras.com\\\/index.php\\\/2022\\\/03\\\/18\\\/el-principado-apoya-que-el-angliru-sea-de-nuevo-final-de-etapa-en-la-vuelta-ciclista-de-2023\\\/\"},\"author\":{\"name\":\"admin\",\"@id\":\"https:\\\/\\\/www.cuencasmineras.com\\\/#\\\/schema\\\/person\\\/be0691310e8496ec555f679dd688420c\"},\"headline\":\"El Principado apoya que el Angliru sea de nuevo final de etapa en la Vuelta Ciclista de 2023\",\"datePublished\":\"2022-03-18T19:18:47+00:00\",\"mainEntityOfPage\":{\"@id\":\"https:\\\/\\\/www.cuencasmineras.com\\\/index.php\\\/2022\\\/03\\\/18\\\/el-principado-apoya-que-el-angliru-sea-de-nuevo-final-de-etapa-en-la-vuelta-ciclista-de-2023\\\/\"},\"wordCount\":819,\"commentCount\":0,\"image\":{\"@id\":\"https:\\\/\\\/www.cuencasmineras.com\\\/index.php\\\/2022\\\/03\\\/18\\\/el-principado-apoya-que-el-angliru-sea-de-nuevo-final-de-etapa-en-la-vuelta-ciclista-de-2023\\\/#primaryimage\"},\"thumbnailUrl\":\"https:\\\/\\\/www.cuencasmineras.com\\\/wp-content\\\/uploads\\\/2022\\\/03\\\/c28f110b-15df-421d-ae13-077ea66dfdac_21-9-aspect-ratio_default_0.jpg\",\"articleSection\":[\"Caudal\",\"CM NEWS\"],\"inLanguage\":\"es\",\"potentialAction\":[{\"@type\":\"CommentAction\",\"name\":\"Comment\",\"target\":[\"https:\\\/\\\/www.cuencasmineras.com\\\/index.php\\\/2022\\\/03\\\/18\\\/el-principado-apoya-que-el-angliru-sea-de-nuevo-final-de-etapa-en-la-vuelta-ciclista-de-2023\\\/#respond\"]}]},{\"@type\":\"WebPage\",\"@id\":\"https:\\\/\\\/www.cuencasmineras.com\\\/index.php\\\/2022\\\/03\\\/18\\\/el-principado-apoya-que-el-angliru-sea-de-nuevo-final-de-etapa-en-la-vuelta-ciclista-de-2023\\\/\",\"url\":\"https:\\\/\\\/www.cuencasmineras.com\\\/index.php\\\/2022\\\/03\\\/18\\\/el-principado-apoya-que-el-angliru-sea-de-nuevo-final-de-etapa-en-la-vuelta-ciclista-de-2023\\\/\",\"name\":\"El Principado apoya que el Angliru sea de nuevo final de etapa en la Vuelta Ciclista de 2023 - cm news\",\"isPartOf\":{\"@id\":\"https:\\\/\\\/www.cuencasmineras.com\\\/#website\"},\"primaryImageOfPage\":{\"@id\":\"https:\\\/\\\/www.cuencasmineras.com\\\/index.php\\\/2022\\\/03\\\/18\\\/el-principado-apoya-que-el-angliru-sea-de-nuevo-final-de-etapa-en-la-vuelta-ciclista-de-2023\\\/#primaryimage\"},\"image\":{\"@id\":\"https:\\\/\\\/www.cuencasmineras.com\\\/index.php\\\/2022\\\/03\\\/18\\\/el-principado-apoya-que-el-angliru-sea-de-nuevo-final-de-etapa-en-la-vuelta-ciclista-de-2023\\\/#primaryimage\"},\"thumbnailUrl\":\"https:\\\/\\\/www.cuencasmineras.com\\\/wp-content\\\/uploads\\\/2022\\\/03\\\/c28f110b-15df-421d-ae13-077ea66dfdac_21-9-aspect-ratio_default_0.jpg\",\"datePublished\":\"2022-03-18T19:18:47+00:00\",\"author\":{\"@id\":\"https:\\\/\\\/www.cuencasmineras.com\\\/#\\\/schema\\\/person\\\/be0691310e8496ec555f679dd688420c\"},\"description\":\"La alcaldesa de Riosa afirma que la inclusi\u00f3n en la ronda de la cima, que no se sube desde 2020, multiplica los ingresos de los negocios locales.\",\"breadcrumb\":{\"@id\":\"https:\\\/\\\/www.cuencasmineras.com\\\/index.php\\\/2022\\\/03\\\/18\\\/el-principado-apoya-que-el-angliru-sea-de-nuevo-final-de-etapa-en-la-vuelta-ciclista-de-2023\\\/#breadcrumb\"},\"inLanguage\":\"es\",\"potentialAction\":[{\"@type\":\"ReadAction\",\"target\":[\"https:\\\/\\\/www.cuencasmineras.com\\\/index.php\\\/2022\\\/03\\\/18\\\/el-principado-apoya-que-el-angliru-sea-de-nuevo-final-de-etapa-en-la-vuelta-ciclista-de-2023\\\/\"]}]},{\"@type\":\"ImageObject\",\"inLanguage\":\"es\",\"@id\":\"https:\\\/\\\/www.cuencasmineras.com\\\/index.php\\\/2022\\\/03\\\/18\\\/el-principado-apoya-que-el-angliru-sea-de-nuevo-final-de-etapa-en-la-vuelta-ciclista-de-2023\\\/#primaryimage\",\"url\":\"https:\\\/\\\/www.cuencasmineras.com\\\/wp-content\\\/uploads\\\/2022\\\/03\\\/c28f110b-15df-421d-ae13-077ea66dfdac_21-9-aspect-ratio_default_0.jpg\",\"contentUrl\":\"https:\\\/\\\/www.cuencasmineras.com\\\/wp-content\\\/uploads\\\/2022\\\/03\\\/c28f110b-15df-421d-ae13-077ea66dfdac_21-9-aspect-ratio_default_0.jpg\",\"width\":1280,\"height\":548},{\"@type\":\"BreadcrumbList\",\"@id\":\"https:\\\/\\\/www.cuencasmineras.com\\\/index.php\\\/2022\\\/03\\\/18\\\/el-principado-apoya-que-el-angliru-sea-de-nuevo-final-de-etapa-en-la-vuelta-ciclista-de-2023\\\/#breadcrumb\",\"itemListElement\":[{\"@type\":\"ListItem\",\"position\":1,\"name\":\"Portada\",\"item\":\"https:\\\/\\\/www.cuencasmineras.com\\\/\"},{\"@type\":\"ListItem\",\"position\":2,\"name\":\"El Principado apoya que el Angliru sea de nuevo final de etapa en la Vuelta Ciclista de 2023\"}]},{\"@type\":\"WebSite\",\"@id\":\"https:\\\/\\\/www.cuencasmineras.com\\\/#website\",\"url\":\"https:\\\/\\\/www.cuencasmineras.com\\\/\",\"name\":\"\",\"description\":\"\",\"potentialAction\":[{\"@type\":\"SearchAction\",\"target\":{\"@type\":\"EntryPoint\",\"urlTemplate\":\"https:\\\/\\\/www.cuencasmineras.com\\\/?s={search_term_string}\"},\"query-input\":{\"@type\":\"PropertyValueSpecification\",\"valueRequired\":true,\"valueName\":\"search_term_string\"}}],\"inLanguage\":\"es\"},{\"@type\":\"Person\",\"@id\":\"https:\\\/\\\/www.cuencasmineras.com\\\/#\\\/schema\\\/person\\\/be0691310e8496ec555f679dd688420c\",\"name\":\"admin\",\"image\":{\"@type\":\"ImageObject\",\"inLanguage\":\"es\",\"@id\":\"https:\\\/\\\/secure.gravatar.com\\\/avatar\\\/4afd2eed3b2fbbf36dd6707b5bd8a5b50ac648f033e36fbf85aeace2f0f859db?s=96&d=mm&r=g\",\"url\":\"https:\\\/\\\/secure.gravatar.com\\\/avatar\\\/4afd2eed3b2fbbf36dd6707b5bd8a5b50ac648f033e36fbf85aeace2f0f859db?s=96&d=mm&r=g\",\"contentUrl\":\"https:\\\/\\\/secure.gravatar.com\\\/avatar\\\/4afd2eed3b2fbbf36dd6707b5bd8a5b50ac648f033e36fbf85aeace2f0f859db?s=96&d=mm&r=g\",\"caption\":\"admin\"},\"sameAs\":[\"https:\\\/\\\/www.cuencasmineras.com\"],\"url\":\"https:\\\/\\\/www.cuencasmineras.com\\\/index.php\\\/author\\\/admin\\\/\"}]}<\/script>\n<!-- \/ Yoast SEO plugin. -->","yoast_head_json":{"title":"El Principado apoya que el Angliru sea de nuevo final de etapa en la Vuelta Ciclista de 2023 - cm news","description":"La alcaldesa de Riosa afirma que la inclusi\u00f3n en la ronda de la cima, que no se sube desde 2020, multiplica los ingresos de los negocios locales.","robots":{"index":"index","follow":"follow","max-snippet":"max-snippet:-1","max-image-preview":"max-image-preview:large","max-video-preview":"max-video-preview:-1"},"canonical":"https:\/\/www.cuencasmineras.com\/index.php\/2022\/03\/18\/el-principado-apoya-que-el-angliru-sea-de-nuevo-final-de-etapa-en-la-vuelta-ciclista-de-2023\/","og_locale":"es_ES","og_type":"article","og_title":"El Principado apoya que el Angliru sea de nuevo final de etapa en la Vuelta Ciclista de 2023 - cm news","og_description":"La alcaldesa de Riosa afirma que la inclusi\u00f3n en la ronda de la cima, que no se sube desde 2020, multiplica los ingresos de los negocios locales.","og_url":"https:\/\/www.cuencasmineras.com\/index.php\/2022\/03\/18\/el-principado-apoya-que-el-angliru-sea-de-nuevo-final-de-etapa-en-la-vuelta-ciclista-de-2023\/","article_published_time":"2022-03-18T19:18:47+00:00","og_image":[{"width":1280,"height":548,"url":"https:\/\/www.cuencasmineras.com\/wp-content\/uploads\/2022\/03\/c28f110b-15df-421d-ae13-077ea66dfdac_21-9-aspect-ratio_default_0.jpg","type":"image\/jpeg"}],"author":"admin","twitter_card":"summary_large_image","twitter_misc":{"Escrito por":"admin","Tiempo de lectura":"4 minutos"},"schema":{"@context":"https:\/\/schema.org","@graph":[{"@type":"Article","@id":"https:\/\/www.cuencasmineras.com\/index.php\/2022\/03\/18\/el-principado-apoya-que-el-angliru-sea-de-nuevo-final-de-etapa-en-la-vuelta-ciclista-de-2023\/#article","isPartOf":{"@id":"https:\/\/www.cuencasmineras.com\/index.php\/2022\/03\/18\/el-principado-apoya-que-el-angliru-sea-de-nuevo-final-de-etapa-en-la-vuelta-ciclista-de-2023\/"},"author":{"name":"admin","@id":"https:\/\/www.cuencasmineras.com\/#\/schema\/person\/be0691310e8496ec555f679dd688420c"},"headline":"El Principado apoya que el Angliru sea de nuevo final de etapa en la Vuelta Ciclista de 2023","datePublished":"2022-03-18T19:18:47+00:00","mainEntityOfPage":{"@id":"https:\/\/www.cuencasmineras.com\/index.php\/2022\/03\/18\/el-principado-apoya-que-el-angliru-sea-de-nuevo-final-de-etapa-en-la-vuelta-ciclista-de-2023\/"},"wordCount":819,"commentCount":0,"image":{"@id":"https:\/\/www.cuencasmineras.com\/index.php\/2022\/03\/18\/el-principado-apoya-que-el-angliru-sea-de-nuevo-final-de-etapa-en-la-vuelta-ciclista-de-2023\/#primaryimage"},"thumbnailUrl":"https:\/\/www.cuencasmineras.com\/wp-content\/uploads\/2022\/03\/c28f110b-15df-421d-ae13-077ea66dfdac_21-9-aspect-ratio_default_0.jpg","articleSection":["Caudal","CM NEWS"],"inLanguage":"es","potentialAction":[{"@type":"CommentAction","name":"Comment","target":["https:\/\/www.cuencasmineras.com\/index.php\/2022\/03\/18\/el-principado-apoya-que-el-angliru-sea-de-nuevo-final-de-etapa-en-la-vuelta-ciclista-de-2023\/#respond"]}]},{"@type":"WebPage","@id":"https:\/\/www.cuencasmineras.com\/index.php\/2022\/03\/18\/el-principado-apoya-que-el-angliru-sea-de-nuevo-final-de-etapa-en-la-vuelta-ciclista-de-2023\/","url":"https:\/\/www.cuencasmineras.com\/index.php\/2022\/03\/18\/el-principado-apoya-que-el-angliru-sea-de-nuevo-final-de-etapa-en-la-vuelta-ciclista-de-2023\/","name":"El Principado apoya que el Angliru sea de nuevo final de etapa en la Vuelta Ciclista de 2023 - cm news","isPartOf":{"@id":"https:\/\/www.cuencasmineras.com\/#website"},"primaryImageOfPage":{"@id":"https:\/\/www.cuencasmineras.com\/index.php\/2022\/03\/18\/el-principado-apoya-que-el-angliru-sea-de-nuevo-final-de-etapa-en-la-vuelta-ciclista-de-2023\/#primaryimage"},"image":{"@id":"https:\/\/www.cuencasmineras.com\/index.php\/2022\/03\/18\/el-principado-apoya-que-el-angliru-sea-de-nuevo-final-de-etapa-en-la-vuelta-ciclista-de-2023\/#primaryimage"},"thumbnailUrl":"https:\/\/www.cuencasmineras.com\/wp-content\/uploads\/2022\/03\/c28f110b-15df-421d-ae13-077ea66dfdac_21-9-aspect-ratio_default_0.jpg","datePublished":"2022-03-18T19:18:47+00:00","author":{"@id":"https:\/\/www.cuencasmineras.com\/#\/schema\/person\/be0691310e8496ec555f679dd688420c"},"description":"La alcaldesa de Riosa afirma que la inclusi\u00f3n en la ronda de la cima, que no se sube desde 2020, multiplica los ingresos de los negocios locales.","breadcrumb":{"@id":"https:\/\/www.cuencasmineras.com\/index.php\/2022\/03\/18\/el-principado-apoya-que-el-angliru-sea-de-nuevo-final-de-etapa-en-la-vuelta-ciclista-de-2023\/#breadcrumb"},"inLanguage":"es","potentialAction":[{"@type":"ReadAction","target":["https:\/\/www.cuencasmineras.com\/index.php\/2022\/03\/18\/el-principado-apoya-que-el-angliru-sea-de-nuevo-final-de-etapa-en-la-vuelta-ciclista-de-2023\/"]}]},{"@type":"ImageObject","inLanguage":"es","@id":"https:\/\/www.cuencasmineras.com\/index.php\/2022\/03\/18\/el-principado-apoya-que-el-angliru-sea-de-nuevo-final-de-etapa-en-la-vuelta-ciclista-de-2023\/#primaryimage","url":"https:\/\/www.cuencasmineras.com\/wp-content\/uploads\/2022\/03\/c28f110b-15df-421d-ae13-077ea66dfdac_21-9-aspect-ratio_default_0.jpg","contentUrl":"https:\/\/www.cuencasmineras.com\/wp-content\/uploads\/2022\/03\/c28f110b-15df-421d-ae13-077ea66dfdac_21-9-aspect-ratio_default_0.jpg","width":1280,"height":548},{"@type":"BreadcrumbList","@id":"https:\/\/www.cuencasmineras.com\/index.php\/2022\/03\/18\/el-principado-apoya-que-el-angliru-sea-de-nuevo-final-de-etapa-en-la-vuelta-ciclista-de-2023\/#breadcrumb","itemListElement":[{"@type":"ListItem","position":1,"name":"Portada","item":"https:\/\/www.cuencasmineras.com\/"},{"@type":"ListItem","position":2,"name":"El Principado apoya que el Angliru sea de nuevo final de etapa en la Vuelta Ciclista de 2023"}]},{"@type":"WebSite","@id":"https:\/\/www.cuencasmineras.com\/#website","url":"https:\/\/www.cuencasmineras.com\/","name":"","description":"","potentialAction":[{"@type":"SearchAction","target":{"@type":"EntryPoint","urlTemplate":"https:\/\/www.cuencasmineras.com\/?s={search_term_string}"},"query-input":{"@type":"PropertyValueSpecification","valueRequired":true,"valueName":"search_term_string"}}],"inLanguage":"es"},{"@type":"Person","@id":"https:\/\/www.cuencasmineras.com\/#\/schema\/person\/be0691310e8496ec555f679dd688420c","name":"admin","image":{"@type":"ImageObject","inLanguage":"es","@id":"https:\/\/secure.gravatar.com\/avatar\/4afd2eed3b2fbbf36dd6707b5bd8a5b50ac648f033e36fbf85aeace2f0f859db?s=96&d=mm&r=g","url":"https:\/\/secure.gravatar.com\/avatar\/4afd2eed3b2fbbf36dd6707b5bd8a5b50ac648f033e36fbf85aeace2f0f859db?s=96&d=mm&r=g","contentUrl":"https:\/\/secure.gravatar.com\/avatar\/4afd2eed3b2fbbf36dd6707b5bd8a5b50ac648f033e36fbf85aeace2f0f859db?s=96&d=mm&r=g","caption":"admin"},"sameAs":["https:\/\/www.cuencasmineras.com"],"url":"https:\/\/www.cuencasmineras.com\/index.php\/author\/admin\/"}]}},"_links":{"self":[{"href":"https:\/\/www.cuencasmineras.com\/index.php\/wp-json\/wp\/v2\/posts\/4488","targetHints":{"allow":["GET"]}}],"collection":[{"href":"https:\/\/www.cuencasmineras.com\/index.php\/wp-json\/wp\/v2\/posts"}],"about":[{"href":"https:\/\/www.cuencasmineras.com\/index.php\/wp-json\/wp\/v2\/types\/post"}],"author":[{"embeddable":true,"href":"https:\/\/www.cuencasmineras.com\/index.php\/wp-json\/wp\/v2\/users\/1"}],"replies":[{"embeddable":true,"href":"https:\/\/www.cuencasmineras.com\/index.php\/wp-json\/wp\/v2\/comments?post=4488"}],"version-history":[{"count":1,"href":"https:\/\/www.cuencasmineras.com\/index.php\/wp-json\/wp\/v2\/posts\/4488\/revisions"}],"predecessor-version":[{"id":4490,"href":"https:\/\/www.cuencasmineras.com\/index.php\/wp-json\/wp\/v2\/posts\/4488\/revisions\/4490"}],"wp:featuredmedia":[{"embeddable":true,"href":"https:\/\/www.cuencasmineras.com\/index.php\/wp-json\/wp\/v2\/media\/4489"}],"wp:attachment":[{"href":"https:\/\/www.cuencasmineras.com\/index.php\/wp-json\/wp\/v2\/media?parent=4488"}],"wp:term":[{"taxonomy":"category","embeddable":true,"href":"https:\/\/www.cuencasmineras.com\/index.php\/wp-json\/wp\/v2\/categories?post=4488"},{"taxonomy":"post_tag","embeddable":true,"href":"https:\/\/www.cuencasmineras.com\/index.php\/wp-json\/wp\/v2\/tags?post=4488"}],"curies":[{"name":"wp","href":"https:\/\/api.w.org\/{rel}","templated":true}]}}