{"id":4574,"date":"2022-04-26T14:23:01","date_gmt":"2022-04-26T14:23:01","guid":{"rendered":"https:\/\/www.cuencasmineras.com\/?p=4574"},"modified":"2022-04-26T14:25:31","modified_gmt":"2022-04-26T14:25:31","slug":"foro-mieres-reclama-al-ayuntamiento-una-intervencion-urgente-en-el-pueblo-de-siana","status":"publish","type":"post","link":"https:\/\/www.cuencasmineras.com\/index.php\/2022\/04\/26\/foro-mieres-reclama-al-ayuntamiento-una-intervencion-urgente-en-el-pueblo-de-siana\/","title":{"rendered":"FORO Mieres reclama al Ayuntamiento una intervenci\u00f3n urgente en el pueblo de Siana"},"content":{"rendered":"<p>&nbsp;<\/p>\n<ul>\n<li><strong>Laura Flores<em>: \u201cEl Ayuntamiento no hace nada para resolver los graves problemas de mantenimiento que sufre esta parroquia\u201d<\/em><\/strong><\/li>\n<li><strong><em>\u201cEs necesario mejorar el deplorable acceso a la parroquia, que el equipo de gobierno se comprometi\u00f3 hace a\u00f1os y a\u00fan no ha comenzado\u201d<\/em><\/strong><\/li>\n<li><strong><em>\u201cLa marquesina del autob\u00fas est\u00e1 completamente tapada por la maleza y el suelo de la cancha deportiva tiene unas peligrosas y enormes grietas\u201d<\/em><\/strong><\/li>\n<\/ul>\n<p><em>\u00a0<\/em><\/p>\n<p><u>26.04.2022 (Mieres).<\/u> Los representantes de FORO Mieres han visitado esta semana el pueblo de Siana para reunirse con la Asociaci\u00f3n de Vecinos y han querido manifestar su preocupaci\u00f3n por \u201cel abandono municipal\u201d que sufre la parroquia. Por este motivo, reivindican al Ayuntamiento una intervenci\u00f3n urgente en Siana, tanto en materia de conservaci\u00f3n viaria como de limpieza y mantenimiento de mobiliario urbano y equipamientos municipales.<\/p>\n<p>\u201cEl Ayuntamiento no hace nada para resolver los graves problemas de mantenimiento que sufre esta parroquia. Son problemas de mantenimiento, graves para los vecinos, que desoye desde hace el Ayuntamiento y que desde FORO Mieres queremos denunciar para dar una soluci\u00f3n cuanto antes a los vecinos de Siana\u201d, explica laura Flores.<\/p>\n<p>En primer lugar, la presidenta de FORO Mieres urge al Ayuntamiento a mejorar el \u201cdeplorable\u201d acceso al pueblo de Siana. \u201cLa carretera de acceso al pueblo presenta un estado deficiente, sobre todo, en la parte baja, por lo que consideramos que es una intervenci\u00f3n de mantenimiento y conservaci\u00f3n urgente\u201d y record\u00f3 que \u201cel equipo de gobierno se comprometi\u00f3 hace a\u00f1os a realizar esta mejora y a\u00fan no ha comenzado\u201d.<\/p>\n<p>La marquesina del autob\u00fas es otro de los elementos en mal estado que denuncia FORO Mieres. Seg\u00fan Flores, \u201cest\u00e1 completamente tomada por la maleza por lo que es inservible\u201d.<\/p>\n<p>La cancha deportiva de Siana, de titularidad municipal, tambi\u00e9n presenta graves deficiencias. Tal y como critican desde FORO Mieres, \u201cel suelo tiene unas peligrosas y enormes grietas, y la valla de cierre est\u00e1 rota\u201d.<\/p>\n<p>&nbsp;<\/p>\n<p><img loading=\"lazy\" decoding=\"async\" class=\"alignnone size-medium wp-image-4575\" src=\"https:\/\/www.cuencasmineras.com\/wp-content\/uploads\/2022\/04\/FOTOGRAFIA-FORO-MIERES.-CARRETERA-ACCESO-SIANA-MAL-ESTADO-3-300x169.jpg\" alt=\"\" width=\"300\" height=\"169\" srcset=\"https:\/\/www.cuencasmineras.com\/wp-content\/uploads\/2022\/04\/FOTOGRAFIA-FORO-MIERES.-CARRETERA-ACCESO-SIANA-MAL-ESTADO-3-300x169.jpg 300w, https:\/\/www.cuencasmineras.com\/wp-content\/uploads\/2022\/04\/FOTOGRAFIA-FORO-MIERES.-CARRETERA-ACCESO-SIANA-MAL-ESTADO-3-1024x576.jpg 1024w, https:\/\/www.cuencasmineras.com\/wp-content\/uploads\/2022\/04\/FOTOGRAFIA-FORO-MIERES.-CARRETERA-ACCESO-SIANA-MAL-ESTADO-3-768x432.jpg 768w, https:\/\/www.cuencasmineras.com\/wp-content\/uploads\/2022\/04\/FOTOGRAFIA-FORO-MIERES.-CARRETERA-ACCESO-SIANA-MAL-ESTADO-3-1536x864.jpg 1536w, https:\/\/www.cuencasmineras.com\/wp-content\/uploads\/2022\/04\/FOTOGRAFIA-FORO-MIERES.-CARRETERA-ACCESO-SIANA-MAL-ESTADO-3.jpg 1920w\" sizes=\"auto, (max-width: 300px) 100vw, 300px\" \/> <img loading=\"lazy\" decoding=\"async\" class=\"alignnone size-medium wp-image-4576\" src=\"https:\/\/www.cuencasmineras.com\/wp-content\/uploads\/2022\/04\/FOTOGRAFIA-FORO-MIERES.-CARRETERA-ACCESO-SIANA-MAL-ESTADO-2-300x169.jpg\" alt=\"\" width=\"300\" height=\"169\" srcset=\"https:\/\/www.cuencasmineras.com\/wp-content\/uploads\/2022\/04\/FOTOGRAFIA-FORO-MIERES.-CARRETERA-ACCESO-SIANA-MAL-ESTADO-2-300x169.jpg 300w, https:\/\/www.cuencasmineras.com\/wp-content\/uploads\/2022\/04\/FOTOGRAFIA-FORO-MIERES.-CARRETERA-ACCESO-SIANA-MAL-ESTADO-2-1024x576.jpg 1024w, https:\/\/www.cuencasmineras.com\/wp-content\/uploads\/2022\/04\/FOTOGRAFIA-FORO-MIERES.-CARRETERA-ACCESO-SIANA-MAL-ESTADO-2-768x432.jpg 768w, https:\/\/www.cuencasmineras.com\/wp-content\/uploads\/2022\/04\/FOTOGRAFIA-FORO-MIERES.-CARRETERA-ACCESO-SIANA-MAL-ESTADO-2-1536x864.jpg 1536w, https:\/\/www.cuencasmineras.com\/wp-content\/uploads\/2022\/04\/FOTOGRAFIA-FORO-MIERES.-CARRETERA-ACCESO-SIANA-MAL-ESTADO-2.jpg 1599w\" sizes=\"auto, (max-width: 300px) 100vw, 300px\" \/> <img loading=\"lazy\" decoding=\"async\" class=\"alignnone size-medium wp-image-4577\" src=\"https:\/\/www.cuencasmineras.com\/wp-content\/uploads\/2022\/04\/FOTOGRAFIA-FORO-MIERES.-CANCHA-DEPORTIVA-2-300x169.jpg\" alt=\"\" width=\"300\" height=\"169\" srcset=\"https:\/\/www.cuencasmineras.com\/wp-content\/uploads\/2022\/04\/FOTOGRAFIA-FORO-MIERES.-CANCHA-DEPORTIVA-2-300x169.jpg 300w, https:\/\/www.cuencasmineras.com\/wp-content\/uploads\/2022\/04\/FOTOGRAFIA-FORO-MIERES.-CANCHA-DEPORTIVA-2-1024x576.jpg 1024w, https:\/\/www.cuencasmineras.com\/wp-content\/uploads\/2022\/04\/FOTOGRAFIA-FORO-MIERES.-CANCHA-DEPORTIVA-2-768x432.jpg 768w, https:\/\/www.cuencasmineras.com\/wp-content\/uploads\/2022\/04\/FOTOGRAFIA-FORO-MIERES.-CANCHA-DEPORTIVA-2-1536x864.jpg 1536w, https:\/\/www.cuencasmineras.com\/wp-content\/uploads\/2022\/04\/FOTOGRAFIA-FORO-MIERES.-CANCHA-DEPORTIVA-2.jpg 1920w\" sizes=\"auto, (max-width: 300px) 100vw, 300px\" \/> <img loading=\"lazy\" decoding=\"async\" class=\"alignnone size-medium wp-image-4578\" src=\"https:\/\/www.cuencasmineras.com\/wp-content\/uploads\/2022\/04\/FOTOGRAFIA-FORO-MIERES.-PAVIMENTO-CANCHA-DEPORTIVA-300x169.jpg\" alt=\"\" width=\"300\" height=\"169\" srcset=\"https:\/\/www.cuencasmineras.com\/wp-content\/uploads\/2022\/04\/FOTOGRAFIA-FORO-MIERES.-PAVIMENTO-CANCHA-DEPORTIVA-300x169.jpg 300w, https:\/\/www.cuencasmineras.com\/wp-content\/uploads\/2022\/04\/FOTOGRAFIA-FORO-MIERES.-PAVIMENTO-CANCHA-DEPORTIVA-1024x576.jpg 1024w, https:\/\/www.cuencasmineras.com\/wp-content\/uploads\/2022\/04\/FOTOGRAFIA-FORO-MIERES.-PAVIMENTO-CANCHA-DEPORTIVA-768x432.jpg 768w, https:\/\/www.cuencasmineras.com\/wp-content\/uploads\/2022\/04\/FOTOGRAFIA-FORO-MIERES.-PAVIMENTO-CANCHA-DEPORTIVA-1536x864.jpg 1536w, https:\/\/www.cuencasmineras.com\/wp-content\/uploads\/2022\/04\/FOTOGRAFIA-FORO-MIERES.-PAVIMENTO-CANCHA-DEPORTIVA.jpg 1920w\" sizes=\"auto, (max-width: 300px) 100vw, 300px\" \/><\/p>\n","protected":false},"excerpt":{"rendered":"<p>&nbsp; Laura Flores: \u201cEl Ayuntamiento no hace nada para resolver los graves problemas de mantenimiento que sufre esta parroquia\u201d \u201cEs necesario mejorar el deplorable acceso a la parroquia, que el equipo de gobierno se comprometi\u00f3 hace a\u00f1os y a\u00fan no ha comenzado\u201d \u201cLa marquesina del autob\u00fas est\u00e1 completamente tapada por la maleza y el suelo [&hellip;]<\/p>\n","protected":false},"author":1,"featured_media":4575,"comment_status":"open","ping_status":"open","sticky":false,"template":"","format":"standard","meta":{"footnotes":""},"categories":[7,6],"tags":[128,119,31],"class_list":["post-4574","post","type-post","status-publish","format-standard","has-post-thumbnail","hentry","category-caudal","category-noticias","tag-foro","tag-foro-mieres","tag-mieres"],"yoast_head":"<!-- This site is optimized with the Yoast SEO plugin v27.4 - https:\/\/yoast.com\/product\/yoast-seo-wordpress\/ -->\n<title>FORO Mieres reclama al Ayuntamiento una intervenci\u00f3n urgente en el pueblo de Siana -<\/title>\n<meta name=\"robots\" content=\"index, follow, max-snippet:-1, max-image-preview:large, max-video-preview:-1\" \/>\n<link rel=\"canonical\" href=\"https:\/\/www.cuencasmineras.com\/index.php\/2022\/04\/26\/foro-mieres-reclama-al-ayuntamiento-una-intervencion-urgente-en-el-pueblo-de-siana\/\" \/>\n<meta property=\"og:locale\" content=\"es_ES\" \/>\n<meta property=\"og:type\" content=\"article\" \/>\n<meta property=\"og:title\" content=\"FORO Mieres reclama al Ayuntamiento una intervenci\u00f3n urgente en el pueblo de Siana -\" \/>\n<meta property=\"og:description\" content=\"&nbsp; Laura Flores: \u201cEl Ayuntamiento no hace nada para resolver los graves problemas de mantenimiento que sufre esta parroquia\u201d \u201cEs necesario mejorar el deplorable acceso a la parroquia, que el equipo de gobierno se comprometi\u00f3 hace a\u00f1os y a\u00fan no ha comenzado\u201d \u201cLa marquesina del autob\u00fas est\u00e1 completamente tapada por la maleza y el suelo [&hellip;]\" \/>\n<meta property=\"og:url\" content=\"https:\/\/www.cuencasmineras.com\/index.php\/2022\/04\/26\/foro-mieres-reclama-al-ayuntamiento-una-intervencion-urgente-en-el-pueblo-de-siana\/\" \/>\n<meta property=\"article:published_time\" content=\"2022-04-26T14:23:01+00:00\" \/>\n<meta property=\"article:modified_time\" content=\"2022-04-26T14:25:31+00:00\" \/>\n<meta property=\"og:image\" content=\"https:\/\/www.cuencasmineras.com\/wp-content\/uploads\/2022\/04\/FOTOGRAFIA-FORO-MIERES.-CARRETERA-ACCESO-SIANA-MAL-ESTADO-3.jpg\" \/>\n\t<meta property=\"og:image:width\" content=\"1920\" \/>\n\t<meta property=\"og:image:height\" content=\"1080\" \/>\n\t<meta property=\"og:image:type\" content=\"image\/jpeg\" \/>\n<meta name=\"author\" content=\"admin\" \/>\n<meta name=\"twitter:card\" content=\"summary_large_image\" \/>\n<meta name=\"twitter:label1\" content=\"Escrito por\" \/>\n\t<meta name=\"twitter:data1\" content=\"admin\" \/>\n\t<meta name=\"twitter:label2\" content=\"Tiempo de lectura\" \/>\n\t<meta name=\"twitter:data2\" content=\"2 minutos\" \/>\n<script type=\"application\/ld+json\" class=\"yoast-schema-graph\">{\"@context\":\"https:\\\/\\\/schema.org\",\"@graph\":[{\"@type\":\"Article\",\"@id\":\"https:\\\/\\\/www.cuencasmineras.com\\\/index.php\\\/2022\\\/04\\\/26\\\/foro-mieres-reclama-al-ayuntamiento-una-intervencion-urgente-en-el-pueblo-de-siana\\\/#article\",\"isPartOf\":{\"@id\":\"https:\\\/\\\/www.cuencasmineras.com\\\/index.php\\\/2022\\\/04\\\/26\\\/foro-mieres-reclama-al-ayuntamiento-una-intervencion-urgente-en-el-pueblo-de-siana\\\/\"},\"author\":{\"name\":\"admin\",\"@id\":\"https:\\\/\\\/www.cuencasmineras.com\\\/#\\\/schema\\\/person\\\/be0691310e8496ec555f679dd688420c\"},\"headline\":\"FORO Mieres reclama al Ayuntamiento una intervenci\u00f3n urgente en el pueblo de Siana\",\"datePublished\":\"2022-04-26T14:23:01+00:00\",\"dateModified\":\"2022-04-26T14:25:31+00:00\",\"mainEntityOfPage\":{\"@id\":\"https:\\\/\\\/www.cuencasmineras.com\\\/index.php\\\/2022\\\/04\\\/26\\\/foro-mieres-reclama-al-ayuntamiento-una-intervencion-urgente-en-el-pueblo-de-siana\\\/\"},\"wordCount\":341,\"commentCount\":0,\"image\":{\"@id\":\"https:\\\/\\\/www.cuencasmineras.com\\\/index.php\\\/2022\\\/04\\\/26\\\/foro-mieres-reclama-al-ayuntamiento-una-intervencion-urgente-en-el-pueblo-de-siana\\\/#primaryimage\"},\"thumbnailUrl\":\"https:\\\/\\\/www.cuencasmineras.com\\\/wp-content\\\/uploads\\\/2022\\\/04\\\/FOTOGRAFIA-FORO-MIERES.-CARRETERA-ACCESO-SIANA-MAL-ESTADO-3.jpg\",\"keywords\":[\"foro\",\"foro mieres\",\"mieres\"],\"articleSection\":[\"Caudal\",\"CM NEWS\"],\"inLanguage\":\"es\",\"potentialAction\":[{\"@type\":\"CommentAction\",\"name\":\"Comment\",\"target\":[\"https:\\\/\\\/www.cuencasmineras.com\\\/index.php\\\/2022\\\/04\\\/26\\\/foro-mieres-reclama-al-ayuntamiento-una-intervencion-urgente-en-el-pueblo-de-siana\\\/#respond\"]}]},{\"@type\":\"WebPage\",\"@id\":\"https:\\\/\\\/www.cuencasmineras.com\\\/index.php\\\/2022\\\/04\\\/26\\\/foro-mieres-reclama-al-ayuntamiento-una-intervencion-urgente-en-el-pueblo-de-siana\\\/\",\"url\":\"https:\\\/\\\/www.cuencasmineras.com\\\/index.php\\\/2022\\\/04\\\/26\\\/foro-mieres-reclama-al-ayuntamiento-una-intervencion-urgente-en-el-pueblo-de-siana\\\/\",\"name\":\"FORO Mieres reclama al Ayuntamiento una intervenci\u00f3n urgente en el pueblo de Siana -\",\"isPartOf\":{\"@id\":\"https:\\\/\\\/www.cuencasmineras.com\\\/#website\"},\"primaryImageOfPage\":{\"@id\":\"https:\\\/\\\/www.cuencasmineras.com\\\/index.php\\\/2022\\\/04\\\/26\\\/foro-mieres-reclama-al-ayuntamiento-una-intervencion-urgente-en-el-pueblo-de-siana\\\/#primaryimage\"},\"image\":{\"@id\":\"https:\\\/\\\/www.cuencasmineras.com\\\/index.php\\\/2022\\\/04\\\/26\\\/foro-mieres-reclama-al-ayuntamiento-una-intervencion-urgente-en-el-pueblo-de-siana\\\/#primaryimage\"},\"thumbnailUrl\":\"https:\\\/\\\/www.cuencasmineras.com\\\/wp-content\\\/uploads\\\/2022\\\/04\\\/FOTOGRAFIA-FORO-MIERES.-CARRETERA-ACCESO-SIANA-MAL-ESTADO-3.jpg\",\"datePublished\":\"2022-04-26T14:23:01+00:00\",\"dateModified\":\"2022-04-26T14:25:31+00:00\",\"author\":{\"@id\":\"https:\\\/\\\/www.cuencasmineras.com\\\/#\\\/schema\\\/person\\\/be0691310e8496ec555f679dd688420c\"},\"breadcrumb\":{\"@id\":\"https:\\\/\\\/www.cuencasmineras.com\\\/index.php\\\/2022\\\/04\\\/26\\\/foro-mieres-reclama-al-ayuntamiento-una-intervencion-urgente-en-el-pueblo-de-siana\\\/#breadcrumb\"},\"inLanguage\":\"es\",\"potentialAction\":[{\"@type\":\"ReadAction\",\"target\":[\"https:\\\/\\\/www.cuencasmineras.com\\\/index.php\\\/2022\\\/04\\\/26\\\/foro-mieres-reclama-al-ayuntamiento-una-intervencion-urgente-en-el-pueblo-de-siana\\\/\"]}]},{\"@type\":\"ImageObject\",\"inLanguage\":\"es\",\"@id\":\"https:\\\/\\\/www.cuencasmineras.com\\\/index.php\\\/2022\\\/04\\\/26\\\/foro-mieres-reclama-al-ayuntamiento-una-intervencion-urgente-en-el-pueblo-de-siana\\\/#primaryimage\",\"url\":\"https:\\\/\\\/www.cuencasmineras.com\\\/wp-content\\\/uploads\\\/2022\\\/04\\\/FOTOGRAFIA-FORO-MIERES.-CARRETERA-ACCESO-SIANA-MAL-ESTADO-3.jpg\",\"contentUrl\":\"https:\\\/\\\/www.cuencasmineras.com\\\/wp-content\\\/uploads\\\/2022\\\/04\\\/FOTOGRAFIA-FORO-MIERES.-CARRETERA-ACCESO-SIANA-MAL-ESTADO-3.jpg\",\"width\":1920,\"height\":1080},{\"@type\":\"BreadcrumbList\",\"@id\":\"https:\\\/\\\/www.cuencasmineras.com\\\/index.php\\\/2022\\\/04\\\/26\\\/foro-mieres-reclama-al-ayuntamiento-una-intervencion-urgente-en-el-pueblo-de-siana\\\/#breadcrumb\",\"itemListElement\":[{\"@type\":\"ListItem\",\"position\":1,\"name\":\"Portada\",\"item\":\"https:\\\/\\\/www.cuencasmineras.com\\\/\"},{\"@type\":\"ListItem\",\"position\":2,\"name\":\"FORO Mieres reclama al Ayuntamiento una intervenci\u00f3n urgente en el pueblo de Siana\"}]},{\"@type\":\"WebSite\",\"@id\":\"https:\\\/\\\/www.cuencasmineras.com\\\/#website\",\"url\":\"https:\\\/\\\/www.cuencasmineras.com\\\/\",\"name\":\"\",\"description\":\"\",\"potentialAction\":[{\"@type\":\"SearchAction\",\"target\":{\"@type\":\"EntryPoint\",\"urlTemplate\":\"https:\\\/\\\/www.cuencasmineras.com\\\/?s={search_term_string}\"},\"query-input\":{\"@type\":\"PropertyValueSpecification\",\"valueRequired\":true,\"valueName\":\"search_term_string\"}}],\"inLanguage\":\"es\"},{\"@type\":\"Person\",\"@id\":\"https:\\\/\\\/www.cuencasmineras.com\\\/#\\\/schema\\\/person\\\/be0691310e8496ec555f679dd688420c\",\"name\":\"admin\",\"image\":{\"@type\":\"ImageObject\",\"inLanguage\":\"es\",\"@id\":\"https:\\\/\\\/secure.gravatar.com\\\/avatar\\\/4afd2eed3b2fbbf36dd6707b5bd8a5b50ac648f033e36fbf85aeace2f0f859db?s=96&d=mm&r=g\",\"url\":\"https:\\\/\\\/secure.gravatar.com\\\/avatar\\\/4afd2eed3b2fbbf36dd6707b5bd8a5b50ac648f033e36fbf85aeace2f0f859db?s=96&d=mm&r=g\",\"contentUrl\":\"https:\\\/\\\/secure.gravatar.com\\\/avatar\\\/4afd2eed3b2fbbf36dd6707b5bd8a5b50ac648f033e36fbf85aeace2f0f859db?s=96&d=mm&r=g\",\"caption\":\"admin\"},\"sameAs\":[\"https:\\\/\\\/www.cuencasmineras.com\"],\"url\":\"https:\\\/\\\/www.cuencasmineras.com\\\/index.php\\\/author\\\/admin\\\/\"}]}<\/script>\n<!-- \/ Yoast SEO plugin. -->","yoast_head_json":{"title":"FORO Mieres reclama al Ayuntamiento una intervenci\u00f3n urgente en el pueblo de Siana -","robots":{"index":"index","follow":"follow","max-snippet":"max-snippet:-1","max-image-preview":"max-image-preview:large","max-video-preview":"max-video-preview:-1"},"canonical":"https:\/\/www.cuencasmineras.com\/index.php\/2022\/04\/26\/foro-mieres-reclama-al-ayuntamiento-una-intervencion-urgente-en-el-pueblo-de-siana\/","og_locale":"es_ES","og_type":"article","og_title":"FORO Mieres reclama al Ayuntamiento una intervenci\u00f3n urgente en el pueblo de Siana -","og_description":"&nbsp; Laura Flores: \u201cEl Ayuntamiento no hace nada para resolver los graves problemas de mantenimiento que sufre esta parroquia\u201d \u201cEs necesario mejorar el deplorable acceso a la parroquia, que el equipo de gobierno se comprometi\u00f3 hace a\u00f1os y a\u00fan no ha comenzado\u201d \u201cLa marquesina del autob\u00fas est\u00e1 completamente tapada por la maleza y el suelo [&hellip;]","og_url":"https:\/\/www.cuencasmineras.com\/index.php\/2022\/04\/26\/foro-mieres-reclama-al-ayuntamiento-una-intervencion-urgente-en-el-pueblo-de-siana\/","article_published_time":"2022-04-26T14:23:01+00:00","article_modified_time":"2022-04-26T14:25:31+00:00","og_image":[{"width":1920,"height":1080,"url":"https:\/\/www.cuencasmineras.com\/wp-content\/uploads\/2022\/04\/FOTOGRAFIA-FORO-MIERES.-CARRETERA-ACCESO-SIANA-MAL-ESTADO-3.jpg","type":"image\/jpeg"}],"author":"admin","twitter_card":"summary_large_image","twitter_misc":{"Escrito por":"admin","Tiempo de lectura":"2 minutos"},"schema":{"@context":"https:\/\/schema.org","@graph":[{"@type":"Article","@id":"https:\/\/www.cuencasmineras.com\/index.php\/2022\/04\/26\/foro-mieres-reclama-al-ayuntamiento-una-intervencion-urgente-en-el-pueblo-de-siana\/#article","isPartOf":{"@id":"https:\/\/www.cuencasmineras.com\/index.php\/2022\/04\/26\/foro-mieres-reclama-al-ayuntamiento-una-intervencion-urgente-en-el-pueblo-de-siana\/"},"author":{"name":"admin","@id":"https:\/\/www.cuencasmineras.com\/#\/schema\/person\/be0691310e8496ec555f679dd688420c"},"headline":"FORO Mieres reclama al Ayuntamiento una intervenci\u00f3n urgente en el pueblo de Siana","datePublished":"2022-04-26T14:23:01+00:00","dateModified":"2022-04-26T14:25:31+00:00","mainEntityOfPage":{"@id":"https:\/\/www.cuencasmineras.com\/index.php\/2022\/04\/26\/foro-mieres-reclama-al-ayuntamiento-una-intervencion-urgente-en-el-pueblo-de-siana\/"},"wordCount":341,"commentCount":0,"image":{"@id":"https:\/\/www.cuencasmineras.com\/index.php\/2022\/04\/26\/foro-mieres-reclama-al-ayuntamiento-una-intervencion-urgente-en-el-pueblo-de-siana\/#primaryimage"},"thumbnailUrl":"https:\/\/www.cuencasmineras.com\/wp-content\/uploads\/2022\/04\/FOTOGRAFIA-FORO-MIERES.-CARRETERA-ACCESO-SIANA-MAL-ESTADO-3.jpg","keywords":["foro","foro mieres","mieres"],"articleSection":["Caudal","CM NEWS"],"inLanguage":"es","potentialAction":[{"@type":"CommentAction","name":"Comment","target":["https:\/\/www.cuencasmineras.com\/index.php\/2022\/04\/26\/foro-mieres-reclama-al-ayuntamiento-una-intervencion-urgente-en-el-pueblo-de-siana\/#respond"]}]},{"@type":"WebPage","@id":"https:\/\/www.cuencasmineras.com\/index.php\/2022\/04\/26\/foro-mieres-reclama-al-ayuntamiento-una-intervencion-urgente-en-el-pueblo-de-siana\/","url":"https:\/\/www.cuencasmineras.com\/index.php\/2022\/04\/26\/foro-mieres-reclama-al-ayuntamiento-una-intervencion-urgente-en-el-pueblo-de-siana\/","name":"FORO Mieres reclama al Ayuntamiento una intervenci\u00f3n urgente en el pueblo de Siana -","isPartOf":{"@id":"https:\/\/www.cuencasmineras.com\/#website"},"primaryImageOfPage":{"@id":"https:\/\/www.cuencasmineras.com\/index.php\/2022\/04\/26\/foro-mieres-reclama-al-ayuntamiento-una-intervencion-urgente-en-el-pueblo-de-siana\/#primaryimage"},"image":{"@id":"https:\/\/www.cuencasmineras.com\/index.php\/2022\/04\/26\/foro-mieres-reclama-al-ayuntamiento-una-intervencion-urgente-en-el-pueblo-de-siana\/#primaryimage"},"thumbnailUrl":"https:\/\/www.cuencasmineras.com\/wp-content\/uploads\/2022\/04\/FOTOGRAFIA-FORO-MIERES.-CARRETERA-ACCESO-SIANA-MAL-ESTADO-3.jpg","datePublished":"2022-04-26T14:23:01+00:00","dateModified":"2022-04-26T14:25:31+00:00","author":{"@id":"https:\/\/www.cuencasmineras.com\/#\/schema\/person\/be0691310e8496ec555f679dd688420c"},"breadcrumb":{"@id":"https:\/\/www.cuencasmineras.com\/index.php\/2022\/04\/26\/foro-mieres-reclama-al-ayuntamiento-una-intervencion-urgente-en-el-pueblo-de-siana\/#breadcrumb"},"inLanguage":"es","potentialAction":[{"@type":"ReadAction","target":["https:\/\/www.cuencasmineras.com\/index.php\/2022\/04\/26\/foro-mieres-reclama-al-ayuntamiento-una-intervencion-urgente-en-el-pueblo-de-siana\/"]}]},{"@type":"ImageObject","inLanguage":"es","@id":"https:\/\/www.cuencasmineras.com\/index.php\/2022\/04\/26\/foro-mieres-reclama-al-ayuntamiento-una-intervencion-urgente-en-el-pueblo-de-siana\/#primaryimage","url":"https:\/\/www.cuencasmineras.com\/wp-content\/uploads\/2022\/04\/FOTOGRAFIA-FORO-MIERES.-CARRETERA-ACCESO-SIANA-MAL-ESTADO-3.jpg","contentUrl":"https:\/\/www.cuencasmineras.com\/wp-content\/uploads\/2022\/04\/FOTOGRAFIA-FORO-MIERES.-CARRETERA-ACCESO-SIANA-MAL-ESTADO-3.jpg","width":1920,"height":1080},{"@type":"BreadcrumbList","@id":"https:\/\/www.cuencasmineras.com\/index.php\/2022\/04\/26\/foro-mieres-reclama-al-ayuntamiento-una-intervencion-urgente-en-el-pueblo-de-siana\/#breadcrumb","itemListElement":[{"@type":"ListItem","position":1,"name":"Portada","item":"https:\/\/www.cuencasmineras.com\/"},{"@type":"ListItem","position":2,"name":"FORO Mieres reclama al Ayuntamiento una intervenci\u00f3n urgente en el pueblo de Siana"}]},{"@type":"WebSite","@id":"https:\/\/www.cuencasmineras.com\/#website","url":"https:\/\/www.cuencasmineras.com\/","name":"","description":"","potentialAction":[{"@type":"SearchAction","target":{"@type":"EntryPoint","urlTemplate":"https:\/\/www.cuencasmineras.com\/?s={search_term_string}"},"query-input":{"@type":"PropertyValueSpecification","valueRequired":true,"valueName":"search_term_string"}}],"inLanguage":"es"},{"@type":"Person","@id":"https:\/\/www.cuencasmineras.com\/#\/schema\/person\/be0691310e8496ec555f679dd688420c","name":"admin","image":{"@type":"ImageObject","inLanguage":"es","@id":"https:\/\/secure.gravatar.com\/avatar\/4afd2eed3b2fbbf36dd6707b5bd8a5b50ac648f033e36fbf85aeace2f0f859db?s=96&d=mm&r=g","url":"https:\/\/secure.gravatar.com\/avatar\/4afd2eed3b2fbbf36dd6707b5bd8a5b50ac648f033e36fbf85aeace2f0f859db?s=96&d=mm&r=g","contentUrl":"https:\/\/secure.gravatar.com\/avatar\/4afd2eed3b2fbbf36dd6707b5bd8a5b50ac648f033e36fbf85aeace2f0f859db?s=96&d=mm&r=g","caption":"admin"},"sameAs":["https:\/\/www.cuencasmineras.com"],"url":"https:\/\/www.cuencasmineras.com\/index.php\/author\/admin\/"}]}},"_links":{"self":[{"href":"https:\/\/www.cuencasmineras.com\/index.php\/wp-json\/wp\/v2\/posts\/4574","targetHints":{"allow":["GET"]}}],"collection":[{"href":"https:\/\/www.cuencasmineras.com\/index.php\/wp-json\/wp\/v2\/posts"}],"about":[{"href":"https:\/\/www.cuencasmineras.com\/index.php\/wp-json\/wp\/v2\/types\/post"}],"author":[{"embeddable":true,"href":"https:\/\/www.cuencasmineras.com\/index.php\/wp-json\/wp\/v2\/users\/1"}],"replies":[{"embeddable":true,"href":"https:\/\/www.cuencasmineras.com\/index.php\/wp-json\/wp\/v2\/comments?post=4574"}],"version-history":[{"count":1,"href":"https:\/\/www.cuencasmineras.com\/index.php\/wp-json\/wp\/v2\/posts\/4574\/revisions"}],"predecessor-version":[{"id":4579,"href":"https:\/\/www.cuencasmineras.com\/index.php\/wp-json\/wp\/v2\/posts\/4574\/revisions\/4579"}],"wp:featuredmedia":[{"embeddable":true,"href":"https:\/\/www.cuencasmineras.com\/index.php\/wp-json\/wp\/v2\/media\/4575"}],"wp:attachment":[{"href":"https:\/\/www.cuencasmineras.com\/index.php\/wp-json\/wp\/v2\/media?parent=4574"}],"wp:term":[{"taxonomy":"category","embeddable":true,"href":"https:\/\/www.cuencasmineras.com\/index.php\/wp-json\/wp\/v2\/categories?post=4574"},{"taxonomy":"post_tag","embeddable":true,"href":"https:\/\/www.cuencasmineras.com\/index.php\/wp-json\/wp\/v2\/tags?post=4574"}],"curies":[{"name":"wp","href":"https:\/\/api.w.org\/{rel}","templated":true}]}}