{"id":4691,"date":"2022-06-21T10:50:32","date_gmt":"2022-06-21T10:50:32","guid":{"rendered":"https:\/\/www.cuencasmineras.com\/?p=4691"},"modified":"2022-06-21T10:50:32","modified_gmt":"2022-06-21T10:50:32","slug":"iu-reclama-la-movilizacion-vecinal-para-mantener-la-linea-de-feve-en-el-nalon","status":"publish","type":"post","link":"https:\/\/www.cuencasmineras.com\/index.php\/2022\/06\/21\/iu-reclama-la-movilizacion-vecinal-para-mantener-la-linea-de-feve-en-el-nalon\/","title":{"rendered":"IU reclama la movilizaci\u00f3n vecinal para \u201cmantener\u201d la l\u00ednea de Feve en el Nal\u00f3n"},"content":{"rendered":"<p style=\"text-align: justify;\">Izquierda Unida (IU) de Langreo, San Mart\u00edn del Rey Aurelio y Laviana piden a \u201clos tres ayuntamientos, a los distintos grupos pol\u00edticos, sindicatos y el movimiento vecinal se manifiesten con rotundidad\u201d ante el corte de la l\u00ednea de Feve entre El Berr\u00f3n y Laviana durante seis meses. La interrupci\u00f3n de la circulaci\u00f3n ferroviaria en este tramo responde a las obras de renovaci\u00f3n integral de la l\u00ednea pero \u201centre Gij\u00f3n y El Berr\u00f3n el tren va a seguir circulando durante 12 horas al d\u00eda\u201d, se\u00f1alan. El soterramiento en Langreo supera los doce a\u00f1os sin haber instalado la v\u00eda<br \/>\nComenta la formaci\u00f3n que \u201cel estado del ferrocarril es penoso en nuestra comarca, y la l\u00ednea Laviana-Gij\u00f3n sin duda necesita una obra integral, pero el planteamiento del cierre del tren durante seis meses supone un grave peligro de cierre definitivo, poniendo en peligro la misma continuidad de la l\u00ednea\u201d.<\/p>\n<p><img loading=\"lazy\" decoding=\"async\" class=\"size-full wp-image-4652 aligncenter\" src=\"https:\/\/www.cuencasmineras.com\/wp-content\/uploads\/2022\/06\/feve-kGIB-624x385@El-Comercio-1.jpg\" alt=\"\" width=\"624\" height=\"385\" srcset=\"https:\/\/www.cuencasmineras.com\/wp-content\/uploads\/2022\/06\/feve-kGIB-624x385@El-Comercio-1.jpg 624w, https:\/\/www.cuencasmineras.com\/wp-content\/uploads\/2022\/06\/feve-kGIB-624x385@El-Comercio-1-300x185.jpg 300w\" sizes=\"auto, (max-width: 624px) 100vw, 624px\" \/><\/p>\n<p style=\"text-align: justify;\">Alude IU al \u201cplanteamiento del Ministerio de Transportes de cierre de las l\u00edneas f\u00e9rreas que no comunican grandes ciudades, que no considera rentables\u201d. Para la formaci\u00f3n \u201cparece clara la voluntad de Adif (Administrador de Infraestructuras Ferroviarias) de dar pasos para proceder al cierre de la l\u00ednea entre El Berr\u00f3n y Laviana, de forma provisional-definitiva, consolidando el aislamiento de nuestra comarca\u201d.<\/p>\n<p style=\"text-align: justify;\">Los representantes de IU en los tres municipios de la comarca por los que discurre la l\u00ednea de Feve coinciden en que \u201cel futuro del valle del Nal\u00f3n pasa por conservar y mejorar nuestro tren, siendo necesaria una movilizaci\u00f3n contundente de la ciudadan\u00eda\u201d. En los \u00faltimos a\u00f1os la l\u00ednea que conecta Gij\u00f3n y Laviana ha sufrido \u201cuna p\u00e9rdida abrumadora de pasajeros y un deterioro brutal de la infraestructura y los trenes\u201d, incide la formaci\u00f3n.<\/p>\n<p style=\"text-align: justify;\">\n<p style=\"text-align: justify;\"><strong>Fuente: LNE<\/strong><\/p>\n","protected":false},"excerpt":{"rendered":"<p>Izquierda Unida (IU) de Langreo, San Mart\u00edn del Rey Aurelio y Laviana piden a \u201clos tres ayuntamientos, a los distintos grupos pol\u00edticos, sindicatos y el movimiento vecinal se manifiesten con rotundidad\u201d ante el corte de la l\u00ednea de Feve entre El Berr\u00f3n y Laviana durante seis meses. La interrupci\u00f3n de la circulaci\u00f3n ferroviaria en este [&hellip;]<\/p>\n","protected":false},"author":1,"featured_media":4651,"comment_status":"open","ping_status":"open","sticky":false,"template":"","format":"standard","meta":{"footnotes":""},"categories":[6,8],"tags":[],"class_list":["post-4691","post","type-post","status-publish","format-standard","has-post-thumbnail","hentry","category-noticias","category-nalon"],"yoast_head":"<!-- This site is optimized with the Yoast SEO plugin v27.4 - https:\/\/yoast.com\/product\/yoast-seo-wordpress\/ -->\n<title>IU reclama la movilizaci\u00f3n vecinal para \u201cmantener\u201d la l\u00ednea de Feve en el Nal\u00f3n - cm news<\/title>\n<meta name=\"description\" content=\"La l\u00ednea de Feve se cortar\u00e1 seis meses de El Berr\u00f3n a Laviana para renovar la v\u00eda\" \/>\n<meta name=\"robots\" content=\"index, follow, max-snippet:-1, max-image-preview:large, max-video-preview:-1\" \/>\n<link rel=\"canonical\" href=\"https:\/\/www.cuencasmineras.com\/index.php\/2022\/06\/21\/iu-reclama-la-movilizacion-vecinal-para-mantener-la-linea-de-feve-en-el-nalon\/\" \/>\n<meta property=\"og:locale\" content=\"es_ES\" \/>\n<meta property=\"og:type\" content=\"article\" \/>\n<meta property=\"og:title\" content=\"IU reclama la movilizaci\u00f3n vecinal para \u201cmantener\u201d la l\u00ednea de Feve en el Nal\u00f3n - cm news\" \/>\n<meta property=\"og:description\" content=\"La l\u00ednea de Feve se cortar\u00e1 seis meses de El Berr\u00f3n a Laviana para renovar la v\u00eda\" \/>\n<meta property=\"og:url\" content=\"https:\/\/www.cuencasmineras.com\/index.php\/2022\/06\/21\/iu-reclama-la-movilizacion-vecinal-para-mantener-la-linea-de-feve-en-el-nalon\/\" \/>\n<meta property=\"article:published_time\" content=\"2022-06-21T10:50:32+00:00\" \/>\n<meta property=\"og:image\" content=\"https:\/\/www.cuencasmineras.com\/wp-content\/uploads\/2022\/06\/feve-kGIB-624x385@El-Comercio.jpg\" \/>\n\t<meta property=\"og:image:width\" content=\"624\" \/>\n\t<meta property=\"og:image:height\" content=\"385\" \/>\n\t<meta property=\"og:image:type\" content=\"image\/jpeg\" \/>\n<meta name=\"author\" content=\"admin\" \/>\n<meta name=\"twitter:card\" content=\"summary_large_image\" \/>\n<meta name=\"twitter:label1\" content=\"Escrito por\" \/>\n\t<meta name=\"twitter:data1\" content=\"admin\" \/>\n\t<meta name=\"twitter:label2\" content=\"Tiempo de lectura\" \/>\n\t<meta name=\"twitter:data2\" content=\"2 minutos\" \/>\n<script type=\"application\/ld+json\" class=\"yoast-schema-graph\">{\"@context\":\"https:\\\/\\\/schema.org\",\"@graph\":[{\"@type\":\"Article\",\"@id\":\"https:\\\/\\\/www.cuencasmineras.com\\\/index.php\\\/2022\\\/06\\\/21\\\/iu-reclama-la-movilizacion-vecinal-para-mantener-la-linea-de-feve-en-el-nalon\\\/#article\",\"isPartOf\":{\"@id\":\"https:\\\/\\\/www.cuencasmineras.com\\\/index.php\\\/2022\\\/06\\\/21\\\/iu-reclama-la-movilizacion-vecinal-para-mantener-la-linea-de-feve-en-el-nalon\\\/\"},\"author\":{\"name\":\"admin\",\"@id\":\"https:\\\/\\\/www.cuencasmineras.com\\\/#\\\/schema\\\/person\\\/be0691310e8496ec555f679dd688420c\"},\"headline\":\"IU reclama la movilizaci\u00f3n vecinal para \u201cmantener\u201d la l\u00ednea de Feve en el Nal\u00f3n\",\"datePublished\":\"2022-06-21T10:50:32+00:00\",\"mainEntityOfPage\":{\"@id\":\"https:\\\/\\\/www.cuencasmineras.com\\\/index.php\\\/2022\\\/06\\\/21\\\/iu-reclama-la-movilizacion-vecinal-para-mantener-la-linea-de-feve-en-el-nalon\\\/\"},\"wordCount\":330,\"commentCount\":0,\"image\":{\"@id\":\"https:\\\/\\\/www.cuencasmineras.com\\\/index.php\\\/2022\\\/06\\\/21\\\/iu-reclama-la-movilizacion-vecinal-para-mantener-la-linea-de-feve-en-el-nalon\\\/#primaryimage\"},\"thumbnailUrl\":\"https:\\\/\\\/www.cuencasmineras.com\\\/wp-content\\\/uploads\\\/2022\\\/06\\\/feve-kGIB-624x385@El-Comercio.jpg\",\"articleSection\":[\"CM NEWS\",\"Nal\u00f3n\"],\"inLanguage\":\"es\",\"potentialAction\":[{\"@type\":\"CommentAction\",\"name\":\"Comment\",\"target\":[\"https:\\\/\\\/www.cuencasmineras.com\\\/index.php\\\/2022\\\/06\\\/21\\\/iu-reclama-la-movilizacion-vecinal-para-mantener-la-linea-de-feve-en-el-nalon\\\/#respond\"]}]},{\"@type\":\"WebPage\",\"@id\":\"https:\\\/\\\/www.cuencasmineras.com\\\/index.php\\\/2022\\\/06\\\/21\\\/iu-reclama-la-movilizacion-vecinal-para-mantener-la-linea-de-feve-en-el-nalon\\\/\",\"url\":\"https:\\\/\\\/www.cuencasmineras.com\\\/index.php\\\/2022\\\/06\\\/21\\\/iu-reclama-la-movilizacion-vecinal-para-mantener-la-linea-de-feve-en-el-nalon\\\/\",\"name\":\"IU reclama la movilizaci\u00f3n vecinal para \u201cmantener\u201d la l\u00ednea de Feve en el Nal\u00f3n - cm news\",\"isPartOf\":{\"@id\":\"https:\\\/\\\/www.cuencasmineras.com\\\/#website\"},\"primaryImageOfPage\":{\"@id\":\"https:\\\/\\\/www.cuencasmineras.com\\\/index.php\\\/2022\\\/06\\\/21\\\/iu-reclama-la-movilizacion-vecinal-para-mantener-la-linea-de-feve-en-el-nalon\\\/#primaryimage\"},\"image\":{\"@id\":\"https:\\\/\\\/www.cuencasmineras.com\\\/index.php\\\/2022\\\/06\\\/21\\\/iu-reclama-la-movilizacion-vecinal-para-mantener-la-linea-de-feve-en-el-nalon\\\/#primaryimage\"},\"thumbnailUrl\":\"https:\\\/\\\/www.cuencasmineras.com\\\/wp-content\\\/uploads\\\/2022\\\/06\\\/feve-kGIB-624x385@El-Comercio.jpg\",\"datePublished\":\"2022-06-21T10:50:32+00:00\",\"author\":{\"@id\":\"https:\\\/\\\/www.cuencasmineras.com\\\/#\\\/schema\\\/person\\\/be0691310e8496ec555f679dd688420c\"},\"description\":\"La l\u00ednea de Feve se cortar\u00e1 seis meses de El Berr\u00f3n a Laviana para renovar la v\u00eda\",\"breadcrumb\":{\"@id\":\"https:\\\/\\\/www.cuencasmineras.com\\\/index.php\\\/2022\\\/06\\\/21\\\/iu-reclama-la-movilizacion-vecinal-para-mantener-la-linea-de-feve-en-el-nalon\\\/#breadcrumb\"},\"inLanguage\":\"es\",\"potentialAction\":[{\"@type\":\"ReadAction\",\"target\":[\"https:\\\/\\\/www.cuencasmineras.com\\\/index.php\\\/2022\\\/06\\\/21\\\/iu-reclama-la-movilizacion-vecinal-para-mantener-la-linea-de-feve-en-el-nalon\\\/\"]}]},{\"@type\":\"ImageObject\",\"inLanguage\":\"es\",\"@id\":\"https:\\\/\\\/www.cuencasmineras.com\\\/index.php\\\/2022\\\/06\\\/21\\\/iu-reclama-la-movilizacion-vecinal-para-mantener-la-linea-de-feve-en-el-nalon\\\/#primaryimage\",\"url\":\"https:\\\/\\\/www.cuencasmineras.com\\\/wp-content\\\/uploads\\\/2022\\\/06\\\/feve-kGIB-624x385@El-Comercio.jpg\",\"contentUrl\":\"https:\\\/\\\/www.cuencasmineras.com\\\/wp-content\\\/uploads\\\/2022\\\/06\\\/feve-kGIB-624x385@El-Comercio.jpg\",\"width\":624,\"height\":385},{\"@type\":\"BreadcrumbList\",\"@id\":\"https:\\\/\\\/www.cuencasmineras.com\\\/index.php\\\/2022\\\/06\\\/21\\\/iu-reclama-la-movilizacion-vecinal-para-mantener-la-linea-de-feve-en-el-nalon\\\/#breadcrumb\",\"itemListElement\":[{\"@type\":\"ListItem\",\"position\":1,\"name\":\"Portada\",\"item\":\"https:\\\/\\\/www.cuencasmineras.com\\\/\"},{\"@type\":\"ListItem\",\"position\":2,\"name\":\"IU reclama la movilizaci\u00f3n vecinal para \u201cmantener\u201d la l\u00ednea de Feve en el Nal\u00f3n\"}]},{\"@type\":\"WebSite\",\"@id\":\"https:\\\/\\\/www.cuencasmineras.com\\\/#website\",\"url\":\"https:\\\/\\\/www.cuencasmineras.com\\\/\",\"name\":\"\",\"description\":\"\",\"potentialAction\":[{\"@type\":\"SearchAction\",\"target\":{\"@type\":\"EntryPoint\",\"urlTemplate\":\"https:\\\/\\\/www.cuencasmineras.com\\\/?s={search_term_string}\"},\"query-input\":{\"@type\":\"PropertyValueSpecification\",\"valueRequired\":true,\"valueName\":\"search_term_string\"}}],\"inLanguage\":\"es\"},{\"@type\":\"Person\",\"@id\":\"https:\\\/\\\/www.cuencasmineras.com\\\/#\\\/schema\\\/person\\\/be0691310e8496ec555f679dd688420c\",\"name\":\"admin\",\"image\":{\"@type\":\"ImageObject\",\"inLanguage\":\"es\",\"@id\":\"https:\\\/\\\/secure.gravatar.com\\\/avatar\\\/4afd2eed3b2fbbf36dd6707b5bd8a5b50ac648f033e36fbf85aeace2f0f859db?s=96&d=mm&r=g\",\"url\":\"https:\\\/\\\/secure.gravatar.com\\\/avatar\\\/4afd2eed3b2fbbf36dd6707b5bd8a5b50ac648f033e36fbf85aeace2f0f859db?s=96&d=mm&r=g\",\"contentUrl\":\"https:\\\/\\\/secure.gravatar.com\\\/avatar\\\/4afd2eed3b2fbbf36dd6707b5bd8a5b50ac648f033e36fbf85aeace2f0f859db?s=96&d=mm&r=g\",\"caption\":\"admin\"},\"sameAs\":[\"https:\\\/\\\/www.cuencasmineras.com\"],\"url\":\"https:\\\/\\\/www.cuencasmineras.com\\\/index.php\\\/author\\\/admin\\\/\"}]}<\/script>\n<!-- \/ Yoast SEO plugin. -->","yoast_head_json":{"title":"IU reclama la movilizaci\u00f3n vecinal para \u201cmantener\u201d la l\u00ednea de Feve en el Nal\u00f3n - cm news","description":"La l\u00ednea de Feve se cortar\u00e1 seis meses de El Berr\u00f3n a Laviana para renovar la v\u00eda","robots":{"index":"index","follow":"follow","max-snippet":"max-snippet:-1","max-image-preview":"max-image-preview:large","max-video-preview":"max-video-preview:-1"},"canonical":"https:\/\/www.cuencasmineras.com\/index.php\/2022\/06\/21\/iu-reclama-la-movilizacion-vecinal-para-mantener-la-linea-de-feve-en-el-nalon\/","og_locale":"es_ES","og_type":"article","og_title":"IU reclama la movilizaci\u00f3n vecinal para \u201cmantener\u201d la l\u00ednea de Feve en el Nal\u00f3n - cm news","og_description":"La l\u00ednea de Feve se cortar\u00e1 seis meses de El Berr\u00f3n a Laviana para renovar la v\u00eda","og_url":"https:\/\/www.cuencasmineras.com\/index.php\/2022\/06\/21\/iu-reclama-la-movilizacion-vecinal-para-mantener-la-linea-de-feve-en-el-nalon\/","article_published_time":"2022-06-21T10:50:32+00:00","og_image":[{"width":624,"height":385,"url":"https:\/\/www.cuencasmineras.com\/wp-content\/uploads\/2022\/06\/feve-kGIB-624x385@El-Comercio.jpg","type":"image\/jpeg"}],"author":"admin","twitter_card":"summary_large_image","twitter_misc":{"Escrito por":"admin","Tiempo de lectura":"2 minutos"},"schema":{"@context":"https:\/\/schema.org","@graph":[{"@type":"Article","@id":"https:\/\/www.cuencasmineras.com\/index.php\/2022\/06\/21\/iu-reclama-la-movilizacion-vecinal-para-mantener-la-linea-de-feve-en-el-nalon\/#article","isPartOf":{"@id":"https:\/\/www.cuencasmineras.com\/index.php\/2022\/06\/21\/iu-reclama-la-movilizacion-vecinal-para-mantener-la-linea-de-feve-en-el-nalon\/"},"author":{"name":"admin","@id":"https:\/\/www.cuencasmineras.com\/#\/schema\/person\/be0691310e8496ec555f679dd688420c"},"headline":"IU reclama la movilizaci\u00f3n vecinal para \u201cmantener\u201d la l\u00ednea de Feve en el Nal\u00f3n","datePublished":"2022-06-21T10:50:32+00:00","mainEntityOfPage":{"@id":"https:\/\/www.cuencasmineras.com\/index.php\/2022\/06\/21\/iu-reclama-la-movilizacion-vecinal-para-mantener-la-linea-de-feve-en-el-nalon\/"},"wordCount":330,"commentCount":0,"image":{"@id":"https:\/\/www.cuencasmineras.com\/index.php\/2022\/06\/21\/iu-reclama-la-movilizacion-vecinal-para-mantener-la-linea-de-feve-en-el-nalon\/#primaryimage"},"thumbnailUrl":"https:\/\/www.cuencasmineras.com\/wp-content\/uploads\/2022\/06\/feve-kGIB-624x385@El-Comercio.jpg","articleSection":["CM NEWS","Nal\u00f3n"],"inLanguage":"es","potentialAction":[{"@type":"CommentAction","name":"Comment","target":["https:\/\/www.cuencasmineras.com\/index.php\/2022\/06\/21\/iu-reclama-la-movilizacion-vecinal-para-mantener-la-linea-de-feve-en-el-nalon\/#respond"]}]},{"@type":"WebPage","@id":"https:\/\/www.cuencasmineras.com\/index.php\/2022\/06\/21\/iu-reclama-la-movilizacion-vecinal-para-mantener-la-linea-de-feve-en-el-nalon\/","url":"https:\/\/www.cuencasmineras.com\/index.php\/2022\/06\/21\/iu-reclama-la-movilizacion-vecinal-para-mantener-la-linea-de-feve-en-el-nalon\/","name":"IU reclama la movilizaci\u00f3n vecinal para \u201cmantener\u201d la l\u00ednea de Feve en el Nal\u00f3n - cm news","isPartOf":{"@id":"https:\/\/www.cuencasmineras.com\/#website"},"primaryImageOfPage":{"@id":"https:\/\/www.cuencasmineras.com\/index.php\/2022\/06\/21\/iu-reclama-la-movilizacion-vecinal-para-mantener-la-linea-de-feve-en-el-nalon\/#primaryimage"},"image":{"@id":"https:\/\/www.cuencasmineras.com\/index.php\/2022\/06\/21\/iu-reclama-la-movilizacion-vecinal-para-mantener-la-linea-de-feve-en-el-nalon\/#primaryimage"},"thumbnailUrl":"https:\/\/www.cuencasmineras.com\/wp-content\/uploads\/2022\/06\/feve-kGIB-624x385@El-Comercio.jpg","datePublished":"2022-06-21T10:50:32+00:00","author":{"@id":"https:\/\/www.cuencasmineras.com\/#\/schema\/person\/be0691310e8496ec555f679dd688420c"},"description":"La l\u00ednea de Feve se cortar\u00e1 seis meses de El Berr\u00f3n a Laviana para renovar la v\u00eda","breadcrumb":{"@id":"https:\/\/www.cuencasmineras.com\/index.php\/2022\/06\/21\/iu-reclama-la-movilizacion-vecinal-para-mantener-la-linea-de-feve-en-el-nalon\/#breadcrumb"},"inLanguage":"es","potentialAction":[{"@type":"ReadAction","target":["https:\/\/www.cuencasmineras.com\/index.php\/2022\/06\/21\/iu-reclama-la-movilizacion-vecinal-para-mantener-la-linea-de-feve-en-el-nalon\/"]}]},{"@type":"ImageObject","inLanguage":"es","@id":"https:\/\/www.cuencasmineras.com\/index.php\/2022\/06\/21\/iu-reclama-la-movilizacion-vecinal-para-mantener-la-linea-de-feve-en-el-nalon\/#primaryimage","url":"https:\/\/www.cuencasmineras.com\/wp-content\/uploads\/2022\/06\/feve-kGIB-624x385@El-Comercio.jpg","contentUrl":"https:\/\/www.cuencasmineras.com\/wp-content\/uploads\/2022\/06\/feve-kGIB-624x385@El-Comercio.jpg","width":624,"height":385},{"@type":"BreadcrumbList","@id":"https:\/\/www.cuencasmineras.com\/index.php\/2022\/06\/21\/iu-reclama-la-movilizacion-vecinal-para-mantener-la-linea-de-feve-en-el-nalon\/#breadcrumb","itemListElement":[{"@type":"ListItem","position":1,"name":"Portada","item":"https:\/\/www.cuencasmineras.com\/"},{"@type":"ListItem","position":2,"name":"IU reclama la movilizaci\u00f3n vecinal para \u201cmantener\u201d la l\u00ednea de Feve en el Nal\u00f3n"}]},{"@type":"WebSite","@id":"https:\/\/www.cuencasmineras.com\/#website","url":"https:\/\/www.cuencasmineras.com\/","name":"","description":"","potentialAction":[{"@type":"SearchAction","target":{"@type":"EntryPoint","urlTemplate":"https:\/\/www.cuencasmineras.com\/?s={search_term_string}"},"query-input":{"@type":"PropertyValueSpecification","valueRequired":true,"valueName":"search_term_string"}}],"inLanguage":"es"},{"@type":"Person","@id":"https:\/\/www.cuencasmineras.com\/#\/schema\/person\/be0691310e8496ec555f679dd688420c","name":"admin","image":{"@type":"ImageObject","inLanguage":"es","@id":"https:\/\/secure.gravatar.com\/avatar\/4afd2eed3b2fbbf36dd6707b5bd8a5b50ac648f033e36fbf85aeace2f0f859db?s=96&d=mm&r=g","url":"https:\/\/secure.gravatar.com\/avatar\/4afd2eed3b2fbbf36dd6707b5bd8a5b50ac648f033e36fbf85aeace2f0f859db?s=96&d=mm&r=g","contentUrl":"https:\/\/secure.gravatar.com\/avatar\/4afd2eed3b2fbbf36dd6707b5bd8a5b50ac648f033e36fbf85aeace2f0f859db?s=96&d=mm&r=g","caption":"admin"},"sameAs":["https:\/\/www.cuencasmineras.com"],"url":"https:\/\/www.cuencasmineras.com\/index.php\/author\/admin\/"}]}},"_links":{"self":[{"href":"https:\/\/www.cuencasmineras.com\/index.php\/wp-json\/wp\/v2\/posts\/4691","targetHints":{"allow":["GET"]}}],"collection":[{"href":"https:\/\/www.cuencasmineras.com\/index.php\/wp-json\/wp\/v2\/posts"}],"about":[{"href":"https:\/\/www.cuencasmineras.com\/index.php\/wp-json\/wp\/v2\/types\/post"}],"author":[{"embeddable":true,"href":"https:\/\/www.cuencasmineras.com\/index.php\/wp-json\/wp\/v2\/users\/1"}],"replies":[{"embeddable":true,"href":"https:\/\/www.cuencasmineras.com\/index.php\/wp-json\/wp\/v2\/comments?post=4691"}],"version-history":[{"count":1,"href":"https:\/\/www.cuencasmineras.com\/index.php\/wp-json\/wp\/v2\/posts\/4691\/revisions"}],"predecessor-version":[{"id":4692,"href":"https:\/\/www.cuencasmineras.com\/index.php\/wp-json\/wp\/v2\/posts\/4691\/revisions\/4692"}],"wp:featuredmedia":[{"embeddable":true,"href":"https:\/\/www.cuencasmineras.com\/index.php\/wp-json\/wp\/v2\/media\/4651"}],"wp:attachment":[{"href":"https:\/\/www.cuencasmineras.com\/index.php\/wp-json\/wp\/v2\/media?parent=4691"}],"wp:term":[{"taxonomy":"category","embeddable":true,"href":"https:\/\/www.cuencasmineras.com\/index.php\/wp-json\/wp\/v2\/categories?post=4691"},{"taxonomy":"post_tag","embeddable":true,"href":"https:\/\/www.cuencasmineras.com\/index.php\/wp-json\/wp\/v2\/tags?post=4691"}],"curies":[{"name":"wp","href":"https:\/\/api.w.org\/{rel}","templated":true}]}}