{"id":4693,"date":"2022-06-21T10:53:50","date_gmt":"2022-06-21T10:53:50","guid":{"rendered":"https:\/\/www.cuencasmineras.com\/?p=4693"},"modified":"2022-06-21T11:20:00","modified_gmt":"2022-06-21T11:20:00","slug":"los-fondos-que-reciben-las-cuencas-por-la-despoblacion-se-duplican-en-seis-anos","status":"publish","type":"post","link":"https:\/\/www.cuencasmineras.com\/index.php\/2022\/06\/21\/los-fondos-que-reciben-las-cuencas-por-la-despoblacion-se-duplican-en-seis-anos\/","title":{"rendered":"Los fondos que reciben las Cuencas por la despoblaci\u00f3n se duplican en seis a\u00f1os"},"content":{"rendered":"<p style=\"text-align: justify;\">Los fondos de cooperaci\u00f3n municipal que recibieron los concejos de las Cuencas del Principado casi se han duplicado en los \u00faltimos seis a\u00f1os. La cuant\u00eda total pas\u00f3 de 758.490 euros en 2016, antes de que se incorporasen primero Mieres, en 2017, y despu\u00e9s Langreo, dos a\u00f1os despu\u00e9s, a 1.377.877 euros este a\u00f1o. Estos dos municipios fueron los \u00faltimos en incorporarse al listado de los 74 ayuntamientos entre los que se distribuye el fondo al bajar de los 40.000 habitantes.<\/p>\n<p><img loading=\"lazy\" decoding=\"async\" class=\"size-large wp-image-4312 aligncenter\" src=\"https:\/\/www.cuencasmineras.com\/wp-content\/uploads\/2022\/01\/IMG_20141022_121445-1024x768.jpg\" alt=\"\" width=\"640\" height=\"480\" srcset=\"https:\/\/www.cuencasmineras.com\/wp-content\/uploads\/2022\/01\/IMG_20141022_121445-1024x768.jpg 1024w, https:\/\/www.cuencasmineras.com\/wp-content\/uploads\/2022\/01\/IMG_20141022_121445-300x225.jpg 300w, https:\/\/www.cuencasmineras.com\/wp-content\/uploads\/2022\/01\/IMG_20141022_121445-768x576.jpg 768w, https:\/\/www.cuencasmineras.com\/wp-content\/uploads\/2022\/01\/IMG_20141022_121445-1536x1152.jpg 1536w, https:\/\/www.cuencasmineras.com\/wp-content\/uploads\/2022\/01\/IMG_20141022_121445.jpg 1600w\" sizes=\"auto, (max-width: 640px) 100vw, 640px\" \/><\/p>\n<p style=\"text-align: justify;\">El Principado distribuye la cuant\u00eda de acuerdo con unos criterios en los que priman los niveles de despoblaci\u00f3n. El cuarenta por ciento va a una asignaci\u00f3n fija e id\u00e9ntica para cada concejo y el sesenta restante se reparte conforme a un baremo en el que pesan la poblaci\u00f3n, el \u00edndice de envejecimiento y de dispersi\u00f3n territorial y la orograf\u00eda de cada municipio. Este a\u00f1o, la comarca del Caudal recibe 727.219 euros y el valle del Nal\u00f3n 650.658 euros. Mieres es el concejo de las Cuencas al que el Principado destina una mayor cuant\u00eda de los fondos de cooperaci\u00f3n municipal, con 213.369 euros. Le sigue San Mart\u00edn del Rey Aurelio con 167.729 euros y Langreo, con 162.642 euros.<\/p>\n<p style=\"text-align: justify;\">Por encima de los 150.000 euros se sit\u00faan tambi\u00e9n Aller y Lena, con 157.922 y 153.648 euros respectivamente. A Laviana se aportar\u00e1n en este ejercicio 145.367 euros. Morc\u00edn recibir\u00e1 109.664 euros y Caso 103.569 euros. A Riosa le corresponden 92.616 euros y a Sobrescobio 71.351 euros. Hace seis a\u00f1os, justo antes de que Mieres empezase a recibir fondos de cooperaci\u00f3n municipal del Principado, a la comarca del Caudal llegaban 388.917 euros, poco m\u00e1s de lo que ahora perciben solo Mieres y Aller. La cuant\u00eda aportada al valle del Nal\u00f3n fue menor, de 369.574 euros. Las Cuencas disponen en el ejercicio actual del 16,5% de la cantidad total consignada por el Gobierno regional dentro de los fondos de cooperaci\u00f3n municipal, que se eleva a 8.350.000 euros. El montante total ha crecido en los \u00faltimos a\u00f1os de forma sostenida desde los 6 millones de hace seis a\u00f1os.<\/p>\n<p style=\"text-align: justify;\">La asignaci\u00f3n subi\u00f3, por tanto, en 2,3 millones de euros y casi un cuarenta por ciento desde el a\u00f1o 2016. Al a\u00f1o siguiente entr\u00f3 en la lista Mieres y dos despu\u00e9s Langreo, los dos concejos con mayor poblaci\u00f3n de las Cuencas, que llevan desde entonces por debajo de los 40.000 habitantes.<\/p>\n<p style=\"text-align: justify;\">Entre los dos cuentan con 376.011 euros en este ejercicio, que pueden destinar tanto a inversiones como a gasto corriente. El fondo de cooperaci\u00f3n municipal naci\u00f3 en 2008 para \u201csufragar los gastos de capital de los concejos cuando resulten necesarios para asegurar la correcta dotaci\u00f3n de sus infraestructuras b\u00e1sicas, la mejora de espacios p\u00fablicos, as\u00ed como para otras inversiones destinadas al uso p\u00fablico\u201d. Solo dos municipios, ambos del suroccidente, reciben una mayor cuant\u00eda que Mieres. Son Cangas del Narcea, con 241.139 euros, y Tineo, con 221.915 euros. Langreo es el noveno concejo en cuanto a aportaci\u00f3n de este fondo.<\/p>\n<p>&nbsp;<\/p>\n<p><strong>Fuente: LNE<\/strong><\/p>\n","protected":false},"excerpt":{"rendered":"<p>Los fondos de cooperaci\u00f3n municipal que recibieron los concejos de las Cuencas del Principado casi se han duplicado en los \u00faltimos seis a\u00f1os. La cuant\u00eda total pas\u00f3 de 758.490 euros en 2016, antes de que se incorporasen primero Mieres, en 2017, y despu\u00e9s Langreo, dos a\u00f1os despu\u00e9s, a 1.377.877 euros este a\u00f1o. Estos dos municipios [&hellip;]<\/p>\n","protected":false},"author":1,"featured_media":4279,"comment_status":"open","ping_status":"open","sticky":false,"template":"","format":"standard","meta":{"footnotes":""},"categories":[7,6,8],"tags":[],"class_list":["post-4693","post","type-post","status-publish","format-standard","has-post-thumbnail","hentry","category-caudal","category-noticias","category-nalon"],"yoast_head":"<!-- This site is optimized with the Yoast SEO plugin v27.4 - https:\/\/yoast.com\/product\/yoast-seo-wordpress\/ -->\n<title>Los fondos que reciben las Cuencas por la despoblaci\u00f3n se duplican en seis a\u00f1os - cm news<\/title>\n<meta name=\"description\" content=\"Mieres percibe la aportaci\u00f3n regional desde 2017 y Langreo dos a\u00f1os despu\u00e9s al bajar de 40.000 habitantes | La cuant\u00eda total es de 1,4 millones.\" \/>\n<meta name=\"robots\" content=\"index, follow, max-snippet:-1, max-image-preview:large, max-video-preview:-1\" \/>\n<link rel=\"canonical\" href=\"https:\/\/www.cuencasmineras.com\/index.php\/2022\/06\/21\/los-fondos-que-reciben-las-cuencas-por-la-despoblacion-se-duplican-en-seis-anos\/\" \/>\n<meta property=\"og:locale\" content=\"es_ES\" \/>\n<meta property=\"og:type\" content=\"article\" \/>\n<meta property=\"og:title\" content=\"Los fondos que reciben las Cuencas por la despoblaci\u00f3n se duplican en seis a\u00f1os - cm news\" \/>\n<meta property=\"og:description\" content=\"Mieres percibe la aportaci\u00f3n regional desde 2017 y Langreo dos a\u00f1os despu\u00e9s al bajar de 40.000 habitantes | La cuant\u00eda total es de 1,4 millones.\" \/>\n<meta property=\"og:url\" content=\"https:\/\/www.cuencasmineras.com\/index.php\/2022\/06\/21\/los-fondos-que-reciben-las-cuencas-por-la-despoblacion-se-duplican-en-seis-anos\/\" \/>\n<meta property=\"article:published_time\" content=\"2022-06-21T10:53:50+00:00\" \/>\n<meta property=\"article:modified_time\" content=\"2022-06-21T11:20:00+00:00\" \/>\n<meta property=\"og:image\" content=\"https:\/\/www.cuencasmineras.com\/wp-content\/uploads\/2022\/01\/el-entrego-SMRA.jpg\" \/>\n\t<meta property=\"og:image:width\" content=\"708\" \/>\n\t<meta property=\"og:image:height\" content=\"449\" \/>\n\t<meta property=\"og:image:type\" content=\"image\/jpeg\" \/>\n<meta name=\"author\" content=\"admin\" \/>\n<meta name=\"twitter:card\" content=\"summary_large_image\" \/>\n<meta name=\"twitter:label1\" content=\"Escrito por\" \/>\n\t<meta name=\"twitter:data1\" content=\"admin\" \/>\n\t<meta name=\"twitter:label2\" content=\"Tiempo de lectura\" \/>\n\t<meta name=\"twitter:data2\" content=\"3 minutos\" \/>\n<script type=\"application\/ld+json\" class=\"yoast-schema-graph\">{\"@context\":\"https:\\\/\\\/schema.org\",\"@graph\":[{\"@type\":\"Article\",\"@id\":\"https:\\\/\\\/www.cuencasmineras.com\\\/index.php\\\/2022\\\/06\\\/21\\\/los-fondos-que-reciben-las-cuencas-por-la-despoblacion-se-duplican-en-seis-anos\\\/#article\",\"isPartOf\":{\"@id\":\"https:\\\/\\\/www.cuencasmineras.com\\\/index.php\\\/2022\\\/06\\\/21\\\/los-fondos-que-reciben-las-cuencas-por-la-despoblacion-se-duplican-en-seis-anos\\\/\"},\"author\":{\"name\":\"admin\",\"@id\":\"https:\\\/\\\/www.cuencasmineras.com\\\/#\\\/schema\\\/person\\\/be0691310e8496ec555f679dd688420c\"},\"headline\":\"Los fondos que reciben las Cuencas por la despoblaci\u00f3n se duplican en seis a\u00f1os\",\"datePublished\":\"2022-06-21T10:53:50+00:00\",\"dateModified\":\"2022-06-21T11:20:00+00:00\",\"mainEntityOfPage\":{\"@id\":\"https:\\\/\\\/www.cuencasmineras.com\\\/index.php\\\/2022\\\/06\\\/21\\\/los-fondos-que-reciben-las-cuencas-por-la-despoblacion-se-duplican-en-seis-anos\\\/\"},\"wordCount\":522,\"commentCount\":0,\"image\":{\"@id\":\"https:\\\/\\\/www.cuencasmineras.com\\\/index.php\\\/2022\\\/06\\\/21\\\/los-fondos-que-reciben-las-cuencas-por-la-despoblacion-se-duplican-en-seis-anos\\\/#primaryimage\"},\"thumbnailUrl\":\"https:\\\/\\\/www.cuencasmineras.com\\\/wp-content\\\/uploads\\\/2022\\\/01\\\/el-entrego-SMRA.jpg\",\"articleSection\":[\"Caudal\",\"CM NEWS\",\"Nal\u00f3n\"],\"inLanguage\":\"es\",\"potentialAction\":[{\"@type\":\"CommentAction\",\"name\":\"Comment\",\"target\":[\"https:\\\/\\\/www.cuencasmineras.com\\\/index.php\\\/2022\\\/06\\\/21\\\/los-fondos-que-reciben-las-cuencas-por-la-despoblacion-se-duplican-en-seis-anos\\\/#respond\"]}]},{\"@type\":\"WebPage\",\"@id\":\"https:\\\/\\\/www.cuencasmineras.com\\\/index.php\\\/2022\\\/06\\\/21\\\/los-fondos-que-reciben-las-cuencas-por-la-despoblacion-se-duplican-en-seis-anos\\\/\",\"url\":\"https:\\\/\\\/www.cuencasmineras.com\\\/index.php\\\/2022\\\/06\\\/21\\\/los-fondos-que-reciben-las-cuencas-por-la-despoblacion-se-duplican-en-seis-anos\\\/\",\"name\":\"Los fondos que reciben las Cuencas por la despoblaci\u00f3n se duplican en seis a\u00f1os - cm news\",\"isPartOf\":{\"@id\":\"https:\\\/\\\/www.cuencasmineras.com\\\/#website\"},\"primaryImageOfPage\":{\"@id\":\"https:\\\/\\\/www.cuencasmineras.com\\\/index.php\\\/2022\\\/06\\\/21\\\/los-fondos-que-reciben-las-cuencas-por-la-despoblacion-se-duplican-en-seis-anos\\\/#primaryimage\"},\"image\":{\"@id\":\"https:\\\/\\\/www.cuencasmineras.com\\\/index.php\\\/2022\\\/06\\\/21\\\/los-fondos-que-reciben-las-cuencas-por-la-despoblacion-se-duplican-en-seis-anos\\\/#primaryimage\"},\"thumbnailUrl\":\"https:\\\/\\\/www.cuencasmineras.com\\\/wp-content\\\/uploads\\\/2022\\\/01\\\/el-entrego-SMRA.jpg\",\"datePublished\":\"2022-06-21T10:53:50+00:00\",\"dateModified\":\"2022-06-21T11:20:00+00:00\",\"author\":{\"@id\":\"https:\\\/\\\/www.cuencasmineras.com\\\/#\\\/schema\\\/person\\\/be0691310e8496ec555f679dd688420c\"},\"description\":\"Mieres percibe la aportaci\u00f3n regional desde 2017 y Langreo dos a\u00f1os despu\u00e9s al bajar de 40.000 habitantes | La cuant\u00eda total es de 1,4 millones.\",\"breadcrumb\":{\"@id\":\"https:\\\/\\\/www.cuencasmineras.com\\\/index.php\\\/2022\\\/06\\\/21\\\/los-fondos-que-reciben-las-cuencas-por-la-despoblacion-se-duplican-en-seis-anos\\\/#breadcrumb\"},\"inLanguage\":\"es\",\"potentialAction\":[{\"@type\":\"ReadAction\",\"target\":[\"https:\\\/\\\/www.cuencasmineras.com\\\/index.php\\\/2022\\\/06\\\/21\\\/los-fondos-que-reciben-las-cuencas-por-la-despoblacion-se-duplican-en-seis-anos\\\/\"]}]},{\"@type\":\"ImageObject\",\"inLanguage\":\"es\",\"@id\":\"https:\\\/\\\/www.cuencasmineras.com\\\/index.php\\\/2022\\\/06\\\/21\\\/los-fondos-que-reciben-las-cuencas-por-la-despoblacion-se-duplican-en-seis-anos\\\/#primaryimage\",\"url\":\"https:\\\/\\\/www.cuencasmineras.com\\\/wp-content\\\/uploads\\\/2022\\\/01\\\/el-entrego-SMRA.jpg\",\"contentUrl\":\"https:\\\/\\\/www.cuencasmineras.com\\\/wp-content\\\/uploads\\\/2022\\\/01\\\/el-entrego-SMRA.jpg\",\"width\":708,\"height\":449},{\"@type\":\"BreadcrumbList\",\"@id\":\"https:\\\/\\\/www.cuencasmineras.com\\\/index.php\\\/2022\\\/06\\\/21\\\/los-fondos-que-reciben-las-cuencas-por-la-despoblacion-se-duplican-en-seis-anos\\\/#breadcrumb\",\"itemListElement\":[{\"@type\":\"ListItem\",\"position\":1,\"name\":\"Portada\",\"item\":\"https:\\\/\\\/www.cuencasmineras.com\\\/\"},{\"@type\":\"ListItem\",\"position\":2,\"name\":\"Los fondos que reciben las Cuencas por la despoblaci\u00f3n se duplican en seis a\u00f1os\"}]},{\"@type\":\"WebSite\",\"@id\":\"https:\\\/\\\/www.cuencasmineras.com\\\/#website\",\"url\":\"https:\\\/\\\/www.cuencasmineras.com\\\/\",\"name\":\"\",\"description\":\"\",\"potentialAction\":[{\"@type\":\"SearchAction\",\"target\":{\"@type\":\"EntryPoint\",\"urlTemplate\":\"https:\\\/\\\/www.cuencasmineras.com\\\/?s={search_term_string}\"},\"query-input\":{\"@type\":\"PropertyValueSpecification\",\"valueRequired\":true,\"valueName\":\"search_term_string\"}}],\"inLanguage\":\"es\"},{\"@type\":\"Person\",\"@id\":\"https:\\\/\\\/www.cuencasmineras.com\\\/#\\\/schema\\\/person\\\/be0691310e8496ec555f679dd688420c\",\"name\":\"admin\",\"image\":{\"@type\":\"ImageObject\",\"inLanguage\":\"es\",\"@id\":\"https:\\\/\\\/secure.gravatar.com\\\/avatar\\\/4afd2eed3b2fbbf36dd6707b5bd8a5b50ac648f033e36fbf85aeace2f0f859db?s=96&d=mm&r=g\",\"url\":\"https:\\\/\\\/secure.gravatar.com\\\/avatar\\\/4afd2eed3b2fbbf36dd6707b5bd8a5b50ac648f033e36fbf85aeace2f0f859db?s=96&d=mm&r=g\",\"contentUrl\":\"https:\\\/\\\/secure.gravatar.com\\\/avatar\\\/4afd2eed3b2fbbf36dd6707b5bd8a5b50ac648f033e36fbf85aeace2f0f859db?s=96&d=mm&r=g\",\"caption\":\"admin\"},\"sameAs\":[\"https:\\\/\\\/www.cuencasmineras.com\"],\"url\":\"https:\\\/\\\/www.cuencasmineras.com\\\/index.php\\\/author\\\/admin\\\/\"}]}<\/script>\n<!-- \/ Yoast SEO plugin. -->","yoast_head_json":{"title":"Los fondos que reciben las Cuencas por la despoblaci\u00f3n se duplican en seis a\u00f1os - cm news","description":"Mieres percibe la aportaci\u00f3n regional desde 2017 y Langreo dos a\u00f1os despu\u00e9s al bajar de 40.000 habitantes | La cuant\u00eda total es de 1,4 millones.","robots":{"index":"index","follow":"follow","max-snippet":"max-snippet:-1","max-image-preview":"max-image-preview:large","max-video-preview":"max-video-preview:-1"},"canonical":"https:\/\/www.cuencasmineras.com\/index.php\/2022\/06\/21\/los-fondos-que-reciben-las-cuencas-por-la-despoblacion-se-duplican-en-seis-anos\/","og_locale":"es_ES","og_type":"article","og_title":"Los fondos que reciben las Cuencas por la despoblaci\u00f3n se duplican en seis a\u00f1os - cm news","og_description":"Mieres percibe la aportaci\u00f3n regional desde 2017 y Langreo dos a\u00f1os despu\u00e9s al bajar de 40.000 habitantes | La cuant\u00eda total es de 1,4 millones.","og_url":"https:\/\/www.cuencasmineras.com\/index.php\/2022\/06\/21\/los-fondos-que-reciben-las-cuencas-por-la-despoblacion-se-duplican-en-seis-anos\/","article_published_time":"2022-06-21T10:53:50+00:00","article_modified_time":"2022-06-21T11:20:00+00:00","og_image":[{"width":708,"height":449,"url":"https:\/\/www.cuencasmineras.com\/wp-content\/uploads\/2022\/01\/el-entrego-SMRA.jpg","type":"image\/jpeg"}],"author":"admin","twitter_card":"summary_large_image","twitter_misc":{"Escrito por":"admin","Tiempo de lectura":"3 minutos"},"schema":{"@context":"https:\/\/schema.org","@graph":[{"@type":"Article","@id":"https:\/\/www.cuencasmineras.com\/index.php\/2022\/06\/21\/los-fondos-que-reciben-las-cuencas-por-la-despoblacion-se-duplican-en-seis-anos\/#article","isPartOf":{"@id":"https:\/\/www.cuencasmineras.com\/index.php\/2022\/06\/21\/los-fondos-que-reciben-las-cuencas-por-la-despoblacion-se-duplican-en-seis-anos\/"},"author":{"name":"admin","@id":"https:\/\/www.cuencasmineras.com\/#\/schema\/person\/be0691310e8496ec555f679dd688420c"},"headline":"Los fondos que reciben las Cuencas por la despoblaci\u00f3n se duplican en seis a\u00f1os","datePublished":"2022-06-21T10:53:50+00:00","dateModified":"2022-06-21T11:20:00+00:00","mainEntityOfPage":{"@id":"https:\/\/www.cuencasmineras.com\/index.php\/2022\/06\/21\/los-fondos-que-reciben-las-cuencas-por-la-despoblacion-se-duplican-en-seis-anos\/"},"wordCount":522,"commentCount":0,"image":{"@id":"https:\/\/www.cuencasmineras.com\/index.php\/2022\/06\/21\/los-fondos-que-reciben-las-cuencas-por-la-despoblacion-se-duplican-en-seis-anos\/#primaryimage"},"thumbnailUrl":"https:\/\/www.cuencasmineras.com\/wp-content\/uploads\/2022\/01\/el-entrego-SMRA.jpg","articleSection":["Caudal","CM NEWS","Nal\u00f3n"],"inLanguage":"es","potentialAction":[{"@type":"CommentAction","name":"Comment","target":["https:\/\/www.cuencasmineras.com\/index.php\/2022\/06\/21\/los-fondos-que-reciben-las-cuencas-por-la-despoblacion-se-duplican-en-seis-anos\/#respond"]}]},{"@type":"WebPage","@id":"https:\/\/www.cuencasmineras.com\/index.php\/2022\/06\/21\/los-fondos-que-reciben-las-cuencas-por-la-despoblacion-se-duplican-en-seis-anos\/","url":"https:\/\/www.cuencasmineras.com\/index.php\/2022\/06\/21\/los-fondos-que-reciben-las-cuencas-por-la-despoblacion-se-duplican-en-seis-anos\/","name":"Los fondos que reciben las Cuencas por la despoblaci\u00f3n se duplican en seis a\u00f1os - cm news","isPartOf":{"@id":"https:\/\/www.cuencasmineras.com\/#website"},"primaryImageOfPage":{"@id":"https:\/\/www.cuencasmineras.com\/index.php\/2022\/06\/21\/los-fondos-que-reciben-las-cuencas-por-la-despoblacion-se-duplican-en-seis-anos\/#primaryimage"},"image":{"@id":"https:\/\/www.cuencasmineras.com\/index.php\/2022\/06\/21\/los-fondos-que-reciben-las-cuencas-por-la-despoblacion-se-duplican-en-seis-anos\/#primaryimage"},"thumbnailUrl":"https:\/\/www.cuencasmineras.com\/wp-content\/uploads\/2022\/01\/el-entrego-SMRA.jpg","datePublished":"2022-06-21T10:53:50+00:00","dateModified":"2022-06-21T11:20:00+00:00","author":{"@id":"https:\/\/www.cuencasmineras.com\/#\/schema\/person\/be0691310e8496ec555f679dd688420c"},"description":"Mieres percibe la aportaci\u00f3n regional desde 2017 y Langreo dos a\u00f1os despu\u00e9s al bajar de 40.000 habitantes | La cuant\u00eda total es de 1,4 millones.","breadcrumb":{"@id":"https:\/\/www.cuencasmineras.com\/index.php\/2022\/06\/21\/los-fondos-que-reciben-las-cuencas-por-la-despoblacion-se-duplican-en-seis-anos\/#breadcrumb"},"inLanguage":"es","potentialAction":[{"@type":"ReadAction","target":["https:\/\/www.cuencasmineras.com\/index.php\/2022\/06\/21\/los-fondos-que-reciben-las-cuencas-por-la-despoblacion-se-duplican-en-seis-anos\/"]}]},{"@type":"ImageObject","inLanguage":"es","@id":"https:\/\/www.cuencasmineras.com\/index.php\/2022\/06\/21\/los-fondos-que-reciben-las-cuencas-por-la-despoblacion-se-duplican-en-seis-anos\/#primaryimage","url":"https:\/\/www.cuencasmineras.com\/wp-content\/uploads\/2022\/01\/el-entrego-SMRA.jpg","contentUrl":"https:\/\/www.cuencasmineras.com\/wp-content\/uploads\/2022\/01\/el-entrego-SMRA.jpg","width":708,"height":449},{"@type":"BreadcrumbList","@id":"https:\/\/www.cuencasmineras.com\/index.php\/2022\/06\/21\/los-fondos-que-reciben-las-cuencas-por-la-despoblacion-se-duplican-en-seis-anos\/#breadcrumb","itemListElement":[{"@type":"ListItem","position":1,"name":"Portada","item":"https:\/\/www.cuencasmineras.com\/"},{"@type":"ListItem","position":2,"name":"Los fondos que reciben las Cuencas por la despoblaci\u00f3n se duplican en seis a\u00f1os"}]},{"@type":"WebSite","@id":"https:\/\/www.cuencasmineras.com\/#website","url":"https:\/\/www.cuencasmineras.com\/","name":"","description":"","potentialAction":[{"@type":"SearchAction","target":{"@type":"EntryPoint","urlTemplate":"https:\/\/www.cuencasmineras.com\/?s={search_term_string}"},"query-input":{"@type":"PropertyValueSpecification","valueRequired":true,"valueName":"search_term_string"}}],"inLanguage":"es"},{"@type":"Person","@id":"https:\/\/www.cuencasmineras.com\/#\/schema\/person\/be0691310e8496ec555f679dd688420c","name":"admin","image":{"@type":"ImageObject","inLanguage":"es","@id":"https:\/\/secure.gravatar.com\/avatar\/4afd2eed3b2fbbf36dd6707b5bd8a5b50ac648f033e36fbf85aeace2f0f859db?s=96&d=mm&r=g","url":"https:\/\/secure.gravatar.com\/avatar\/4afd2eed3b2fbbf36dd6707b5bd8a5b50ac648f033e36fbf85aeace2f0f859db?s=96&d=mm&r=g","contentUrl":"https:\/\/secure.gravatar.com\/avatar\/4afd2eed3b2fbbf36dd6707b5bd8a5b50ac648f033e36fbf85aeace2f0f859db?s=96&d=mm&r=g","caption":"admin"},"sameAs":["https:\/\/www.cuencasmineras.com"],"url":"https:\/\/www.cuencasmineras.com\/index.php\/author\/admin\/"}]}},"_links":{"self":[{"href":"https:\/\/www.cuencasmineras.com\/index.php\/wp-json\/wp\/v2\/posts\/4693","targetHints":{"allow":["GET"]}}],"collection":[{"href":"https:\/\/www.cuencasmineras.com\/index.php\/wp-json\/wp\/v2\/posts"}],"about":[{"href":"https:\/\/www.cuencasmineras.com\/index.php\/wp-json\/wp\/v2\/types\/post"}],"author":[{"embeddable":true,"href":"https:\/\/www.cuencasmineras.com\/index.php\/wp-json\/wp\/v2\/users\/1"}],"replies":[{"embeddable":true,"href":"https:\/\/www.cuencasmineras.com\/index.php\/wp-json\/wp\/v2\/comments?post=4693"}],"version-history":[{"count":1,"href":"https:\/\/www.cuencasmineras.com\/index.php\/wp-json\/wp\/v2\/posts\/4693\/revisions"}],"predecessor-version":[{"id":4694,"href":"https:\/\/www.cuencasmineras.com\/index.php\/wp-json\/wp\/v2\/posts\/4693\/revisions\/4694"}],"wp:featuredmedia":[{"embeddable":true,"href":"https:\/\/www.cuencasmineras.com\/index.php\/wp-json\/wp\/v2\/media\/4279"}],"wp:attachment":[{"href":"https:\/\/www.cuencasmineras.com\/index.php\/wp-json\/wp\/v2\/media?parent=4693"}],"wp:term":[{"taxonomy":"category","embeddable":true,"href":"https:\/\/www.cuencasmineras.com\/index.php\/wp-json\/wp\/v2\/categories?post=4693"},{"taxonomy":"post_tag","embeddable":true,"href":"https:\/\/www.cuencasmineras.com\/index.php\/wp-json\/wp\/v2\/tags?post=4693"}],"curies":[{"name":"wp","href":"https:\/\/api.w.org\/{rel}","templated":true}]}}