{"id":4816,"date":"2022-12-09T23:01:54","date_gmt":"2022-12-09T23:01:54","guid":{"rendered":"https:\/\/www.cuencasmineras.com\/?p=4816"},"modified":"2022-12-09T23:01:54","modified_gmt":"2022-12-09T23:01:54","slug":"langreo-ya-vive-la-navidad-con-el-encendido-de-la-iluminacion-en-las-calles","status":"publish","type":"post","link":"https:\/\/www.cuencasmineras.com\/index.php\/2022\/12\/09\/langreo-ya-vive-la-navidad-con-el-encendido-de-la-iluminacion-en-las-calles\/","title":{"rendered":"Langreo ya vive la Navidad con el encendido de la iluminaci\u00f3n en las calles"},"content":{"rendered":"<p style=\"text-align: justify;\">Uno de los momentos m\u00e1s esperados del mes de diciembre es siempre el encendido de las luces de Navidad. Las calles de Langreo lucen m\u00e1s alegres desde esta tarde. Fue cerca de las 19 horas, con un acto en Sama, frente al Ayuntamiento, cuando se produjo por fin el esperado encendido.<\/p>\n<p><img loading=\"lazy\" decoding=\"async\" class=\"size-large wp-image-4817 aligncenter\" src=\"https:\/\/www.cuencasmineras.com\/wp-content\/uploads\/2022\/12\/680068bc-8928-4ab9-be33-7a03dccb4dd3_source-aspect-ratio_default_0-1024x768.jpg\" alt=\"\" width=\"640\" height=\"480\" srcset=\"https:\/\/www.cuencasmineras.com\/wp-content\/uploads\/2022\/12\/680068bc-8928-4ab9-be33-7a03dccb4dd3_source-aspect-ratio_default_0-1024x768.jpg 1024w, https:\/\/www.cuencasmineras.com\/wp-content\/uploads\/2022\/12\/680068bc-8928-4ab9-be33-7a03dccb4dd3_source-aspect-ratio_default_0-300x225.jpg 300w, https:\/\/www.cuencasmineras.com\/wp-content\/uploads\/2022\/12\/680068bc-8928-4ab9-be33-7a03dccb4dd3_source-aspect-ratio_default_0-768x576.jpg 768w, https:\/\/www.cuencasmineras.com\/wp-content\/uploads\/2022\/12\/680068bc-8928-4ab9-be33-7a03dccb4dd3_source-aspect-ratio_default_0-1536x1152.jpg 1536w, https:\/\/www.cuencasmineras.com\/wp-content\/uploads\/2022\/12\/680068bc-8928-4ab9-be33-7a03dccb4dd3_source-aspect-ratio_default_0.jpg 2000w\" sizes=\"auto, (max-width: 640px) 100vw, 640px\" \/><\/p>\n<p style=\"text-align: justify;\">En el acto participaron el Coro de Voces Blancas del Nal\u00f3n y los Gaiteros del Carb\u00f3n. A esa misma hora encendieron el resto de las luces con las que se ha decorado el concejo. En Sama y La Felguera hay \u00abphotocalls\u00bb y en la plaza del Ayuntamiento lucir\u00e1 el \u00e1rbol navide\u00f1o. Hay tambi\u00e9n buzones para depositar las cartas a los Reyes Magos y trenes cargados con regalos. A estos elemento se suma la fuente con luces de la plaza Merediz, inaugurada recientemente.<\/p>\n<p style=\"text-align: justify;\">El alumbrado navide\u00f1o se encuentra en 80 zonas de todos los distritos. El Ayuntamiento ha destinado este a\u00f1o a los adornos luminosos, con tecnolog\u00eda led de bajo consumo, 30.000 euros, con un 50% de incremento respecto al a\u00f1o pasado, cuando se reservaron 20.000 euros. Las luces navide\u00f1as se mantendr\u00e1n en las calles langreanas hasta el 8 de enero en horario de seis de la tarde a doce de la noche, aunque en fines de semana y festivos se ampliar\u00e1 hasta las dos de la madrugada. En los distritos de Sama y La Felguera tambi\u00e9n se instalar\u00e1n en estos horarios altavoces para que se escuchen villancicos. Junto a ese contrato, el Consistorio tambi\u00e9n asume con medios propios la puesta en servicio de alumbrado navide\u00f1o en elementos singulares de todos los distritos del concejo. Colabora, adem\u00e1s, con los grupos de comerciantes y hosteleros que se unan para instalar por cuenta propia decoraci\u00f3n en sus calles.<\/p>\n<p>&nbsp;<\/p>\n<p><strong>Fuente: LNE<\/strong><\/p>\n","protected":false},"excerpt":{"rendered":"<p>Uno de los momentos m\u00e1s esperados del mes de diciembre es siempre el encendido de las luces de Navidad. Las calles de Langreo lucen m\u00e1s alegres desde esta tarde. Fue cerca de las 19 horas, con un acto en Sama, frente al Ayuntamiento, cuando se produjo por fin el esperado encendido. En el acto participaron [&hellip;]<\/p>\n","protected":false},"author":1,"featured_media":4817,"comment_status":"open","ping_status":"open","sticky":false,"template":"","format":"standard","meta":{"footnotes":""},"categories":[6,8],"tags":[],"class_list":["post-4816","post","type-post","status-publish","format-standard","has-post-thumbnail","hentry","category-noticias","category-nalon"],"yoast_head":"<!-- This site is optimized with the Yoast SEO plugin v27.4 - https:\/\/yoast.com\/product\/yoast-seo-wordpress\/ -->\n<title>Langreo ya vive la Navidad con el encendido de la iluminaci\u00f3n en las calles - cm news<\/title>\n<meta name=\"description\" content=\"Se han instalado luces en 80 puntos del concejo y adem\u00e1s hay &quot;photocalls y buzones para las cartas de los Reyes Magos.\" \/>\n<meta name=\"robots\" content=\"index, follow, max-snippet:-1, max-image-preview:large, max-video-preview:-1\" \/>\n<link rel=\"canonical\" href=\"https:\/\/www.cuencasmineras.com\/index.php\/2022\/12\/09\/langreo-ya-vive-la-navidad-con-el-encendido-de-la-iluminacion-en-las-calles\/\" \/>\n<meta property=\"og:locale\" content=\"es_ES\" \/>\n<meta property=\"og:type\" content=\"article\" \/>\n<meta property=\"og:title\" content=\"Langreo ya vive la Navidad con el encendido de la iluminaci\u00f3n en las calles - cm news\" \/>\n<meta property=\"og:description\" content=\"Se han instalado luces en 80 puntos del concejo y adem\u00e1s hay &quot;photocalls y buzones para las cartas de los Reyes Magos.\" \/>\n<meta property=\"og:url\" content=\"https:\/\/www.cuencasmineras.com\/index.php\/2022\/12\/09\/langreo-ya-vive-la-navidad-con-el-encendido-de-la-iluminacion-en-las-calles\/\" \/>\n<meta property=\"article:published_time\" content=\"2022-12-09T23:01:54+00:00\" \/>\n<meta property=\"og:image\" content=\"https:\/\/www.cuencasmineras.com\/wp-content\/uploads\/2022\/12\/680068bc-8928-4ab9-be33-7a03dccb4dd3_source-aspect-ratio_default_0.jpg\" \/>\n\t<meta property=\"og:image:width\" content=\"2000\" \/>\n\t<meta property=\"og:image:height\" content=\"1500\" \/>\n\t<meta property=\"og:image:type\" content=\"image\/jpeg\" \/>\n<meta name=\"author\" content=\"admin\" \/>\n<meta name=\"twitter:card\" content=\"summary_large_image\" \/>\n<meta name=\"twitter:label1\" content=\"Escrito por\" \/>\n\t<meta name=\"twitter:data1\" content=\"admin\" \/>\n\t<meta name=\"twitter:label2\" content=\"Tiempo de lectura\" \/>\n\t<meta name=\"twitter:data2\" content=\"2 minutos\" \/>\n<script type=\"application\/ld+json\" class=\"yoast-schema-graph\">{\"@context\":\"https:\\\/\\\/schema.org\",\"@graph\":[{\"@type\":\"Article\",\"@id\":\"https:\\\/\\\/www.cuencasmineras.com\\\/index.php\\\/2022\\\/12\\\/09\\\/langreo-ya-vive-la-navidad-con-el-encendido-de-la-iluminacion-en-las-calles\\\/#article\",\"isPartOf\":{\"@id\":\"https:\\\/\\\/www.cuencasmineras.com\\\/index.php\\\/2022\\\/12\\\/09\\\/langreo-ya-vive-la-navidad-con-el-encendido-de-la-iluminacion-en-las-calles\\\/\"},\"author\":{\"name\":\"admin\",\"@id\":\"https:\\\/\\\/www.cuencasmineras.com\\\/#\\\/schema\\\/person\\\/be0691310e8496ec555f679dd688420c\"},\"headline\":\"Langreo ya vive la Navidad con el encendido de la iluminaci\u00f3n en las calles\",\"datePublished\":\"2022-12-09T23:01:54+00:00\",\"mainEntityOfPage\":{\"@id\":\"https:\\\/\\\/www.cuencasmineras.com\\\/index.php\\\/2022\\\/12\\\/09\\\/langreo-ya-vive-la-navidad-con-el-encendido-de-la-iluminacion-en-las-calles\\\/\"},\"wordCount\":316,\"commentCount\":0,\"image\":{\"@id\":\"https:\\\/\\\/www.cuencasmineras.com\\\/index.php\\\/2022\\\/12\\\/09\\\/langreo-ya-vive-la-navidad-con-el-encendido-de-la-iluminacion-en-las-calles\\\/#primaryimage\"},\"thumbnailUrl\":\"https:\\\/\\\/www.cuencasmineras.com\\\/wp-content\\\/uploads\\\/2022\\\/12\\\/680068bc-8928-4ab9-be33-7a03dccb4dd3_source-aspect-ratio_default_0.jpg\",\"articleSection\":[\"CM NEWS\",\"Nal\u00f3n\"],\"inLanguage\":\"es\",\"potentialAction\":[{\"@type\":\"CommentAction\",\"name\":\"Comment\",\"target\":[\"https:\\\/\\\/www.cuencasmineras.com\\\/index.php\\\/2022\\\/12\\\/09\\\/langreo-ya-vive-la-navidad-con-el-encendido-de-la-iluminacion-en-las-calles\\\/#respond\"]}]},{\"@type\":\"WebPage\",\"@id\":\"https:\\\/\\\/www.cuencasmineras.com\\\/index.php\\\/2022\\\/12\\\/09\\\/langreo-ya-vive-la-navidad-con-el-encendido-de-la-iluminacion-en-las-calles\\\/\",\"url\":\"https:\\\/\\\/www.cuencasmineras.com\\\/index.php\\\/2022\\\/12\\\/09\\\/langreo-ya-vive-la-navidad-con-el-encendido-de-la-iluminacion-en-las-calles\\\/\",\"name\":\"Langreo ya vive la Navidad con el encendido de la iluminaci\u00f3n en las calles - cm news\",\"isPartOf\":{\"@id\":\"https:\\\/\\\/www.cuencasmineras.com\\\/#website\"},\"primaryImageOfPage\":{\"@id\":\"https:\\\/\\\/www.cuencasmineras.com\\\/index.php\\\/2022\\\/12\\\/09\\\/langreo-ya-vive-la-navidad-con-el-encendido-de-la-iluminacion-en-las-calles\\\/#primaryimage\"},\"image\":{\"@id\":\"https:\\\/\\\/www.cuencasmineras.com\\\/index.php\\\/2022\\\/12\\\/09\\\/langreo-ya-vive-la-navidad-con-el-encendido-de-la-iluminacion-en-las-calles\\\/#primaryimage\"},\"thumbnailUrl\":\"https:\\\/\\\/www.cuencasmineras.com\\\/wp-content\\\/uploads\\\/2022\\\/12\\\/680068bc-8928-4ab9-be33-7a03dccb4dd3_source-aspect-ratio_default_0.jpg\",\"datePublished\":\"2022-12-09T23:01:54+00:00\",\"author\":{\"@id\":\"https:\\\/\\\/www.cuencasmineras.com\\\/#\\\/schema\\\/person\\\/be0691310e8496ec555f679dd688420c\"},\"description\":\"Se han instalado luces en 80 puntos del concejo y adem\u00e1s hay \\\"photocalls y buzones para las cartas de los Reyes Magos.\",\"breadcrumb\":{\"@id\":\"https:\\\/\\\/www.cuencasmineras.com\\\/index.php\\\/2022\\\/12\\\/09\\\/langreo-ya-vive-la-navidad-con-el-encendido-de-la-iluminacion-en-las-calles\\\/#breadcrumb\"},\"inLanguage\":\"es\",\"potentialAction\":[{\"@type\":\"ReadAction\",\"target\":[\"https:\\\/\\\/www.cuencasmineras.com\\\/index.php\\\/2022\\\/12\\\/09\\\/langreo-ya-vive-la-navidad-con-el-encendido-de-la-iluminacion-en-las-calles\\\/\"]}]},{\"@type\":\"ImageObject\",\"inLanguage\":\"es\",\"@id\":\"https:\\\/\\\/www.cuencasmineras.com\\\/index.php\\\/2022\\\/12\\\/09\\\/langreo-ya-vive-la-navidad-con-el-encendido-de-la-iluminacion-en-las-calles\\\/#primaryimage\",\"url\":\"https:\\\/\\\/www.cuencasmineras.com\\\/wp-content\\\/uploads\\\/2022\\\/12\\\/680068bc-8928-4ab9-be33-7a03dccb4dd3_source-aspect-ratio_default_0.jpg\",\"contentUrl\":\"https:\\\/\\\/www.cuencasmineras.com\\\/wp-content\\\/uploads\\\/2022\\\/12\\\/680068bc-8928-4ab9-be33-7a03dccb4dd3_source-aspect-ratio_default_0.jpg\",\"width\":2000,\"height\":1500},{\"@type\":\"BreadcrumbList\",\"@id\":\"https:\\\/\\\/www.cuencasmineras.com\\\/index.php\\\/2022\\\/12\\\/09\\\/langreo-ya-vive-la-navidad-con-el-encendido-de-la-iluminacion-en-las-calles\\\/#breadcrumb\",\"itemListElement\":[{\"@type\":\"ListItem\",\"position\":1,\"name\":\"Portada\",\"item\":\"https:\\\/\\\/www.cuencasmineras.com\\\/\"},{\"@type\":\"ListItem\",\"position\":2,\"name\":\"Langreo ya vive la Navidad con el encendido de la iluminaci\u00f3n en las calles\"}]},{\"@type\":\"WebSite\",\"@id\":\"https:\\\/\\\/www.cuencasmineras.com\\\/#website\",\"url\":\"https:\\\/\\\/www.cuencasmineras.com\\\/\",\"name\":\"\",\"description\":\"\",\"potentialAction\":[{\"@type\":\"SearchAction\",\"target\":{\"@type\":\"EntryPoint\",\"urlTemplate\":\"https:\\\/\\\/www.cuencasmineras.com\\\/?s={search_term_string}\"},\"query-input\":{\"@type\":\"PropertyValueSpecification\",\"valueRequired\":true,\"valueName\":\"search_term_string\"}}],\"inLanguage\":\"es\"},{\"@type\":\"Person\",\"@id\":\"https:\\\/\\\/www.cuencasmineras.com\\\/#\\\/schema\\\/person\\\/be0691310e8496ec555f679dd688420c\",\"name\":\"admin\",\"image\":{\"@type\":\"ImageObject\",\"inLanguage\":\"es\",\"@id\":\"https:\\\/\\\/secure.gravatar.com\\\/avatar\\\/4afd2eed3b2fbbf36dd6707b5bd8a5b50ac648f033e36fbf85aeace2f0f859db?s=96&d=mm&r=g\",\"url\":\"https:\\\/\\\/secure.gravatar.com\\\/avatar\\\/4afd2eed3b2fbbf36dd6707b5bd8a5b50ac648f033e36fbf85aeace2f0f859db?s=96&d=mm&r=g\",\"contentUrl\":\"https:\\\/\\\/secure.gravatar.com\\\/avatar\\\/4afd2eed3b2fbbf36dd6707b5bd8a5b50ac648f033e36fbf85aeace2f0f859db?s=96&d=mm&r=g\",\"caption\":\"admin\"},\"sameAs\":[\"https:\\\/\\\/www.cuencasmineras.com\"],\"url\":\"https:\\\/\\\/www.cuencasmineras.com\\\/index.php\\\/author\\\/admin\\\/\"}]}<\/script>\n<!-- \/ Yoast SEO plugin. -->","yoast_head_json":{"title":"Langreo ya vive la Navidad con el encendido de la iluminaci\u00f3n en las calles - cm news","description":"Se han instalado luces en 80 puntos del concejo y adem\u00e1s hay \"photocalls y buzones para las cartas de los Reyes Magos.","robots":{"index":"index","follow":"follow","max-snippet":"max-snippet:-1","max-image-preview":"max-image-preview:large","max-video-preview":"max-video-preview:-1"},"canonical":"https:\/\/www.cuencasmineras.com\/index.php\/2022\/12\/09\/langreo-ya-vive-la-navidad-con-el-encendido-de-la-iluminacion-en-las-calles\/","og_locale":"es_ES","og_type":"article","og_title":"Langreo ya vive la Navidad con el encendido de la iluminaci\u00f3n en las calles - cm news","og_description":"Se han instalado luces en 80 puntos del concejo y adem\u00e1s hay \"photocalls y buzones para las cartas de los Reyes Magos.","og_url":"https:\/\/www.cuencasmineras.com\/index.php\/2022\/12\/09\/langreo-ya-vive-la-navidad-con-el-encendido-de-la-iluminacion-en-las-calles\/","article_published_time":"2022-12-09T23:01:54+00:00","og_image":[{"width":2000,"height":1500,"url":"https:\/\/www.cuencasmineras.com\/wp-content\/uploads\/2022\/12\/680068bc-8928-4ab9-be33-7a03dccb4dd3_source-aspect-ratio_default_0.jpg","type":"image\/jpeg"}],"author":"admin","twitter_card":"summary_large_image","twitter_misc":{"Escrito por":"admin","Tiempo de lectura":"2 minutos"},"schema":{"@context":"https:\/\/schema.org","@graph":[{"@type":"Article","@id":"https:\/\/www.cuencasmineras.com\/index.php\/2022\/12\/09\/langreo-ya-vive-la-navidad-con-el-encendido-de-la-iluminacion-en-las-calles\/#article","isPartOf":{"@id":"https:\/\/www.cuencasmineras.com\/index.php\/2022\/12\/09\/langreo-ya-vive-la-navidad-con-el-encendido-de-la-iluminacion-en-las-calles\/"},"author":{"name":"admin","@id":"https:\/\/www.cuencasmineras.com\/#\/schema\/person\/be0691310e8496ec555f679dd688420c"},"headline":"Langreo ya vive la Navidad con el encendido de la iluminaci\u00f3n en las calles","datePublished":"2022-12-09T23:01:54+00:00","mainEntityOfPage":{"@id":"https:\/\/www.cuencasmineras.com\/index.php\/2022\/12\/09\/langreo-ya-vive-la-navidad-con-el-encendido-de-la-iluminacion-en-las-calles\/"},"wordCount":316,"commentCount":0,"image":{"@id":"https:\/\/www.cuencasmineras.com\/index.php\/2022\/12\/09\/langreo-ya-vive-la-navidad-con-el-encendido-de-la-iluminacion-en-las-calles\/#primaryimage"},"thumbnailUrl":"https:\/\/www.cuencasmineras.com\/wp-content\/uploads\/2022\/12\/680068bc-8928-4ab9-be33-7a03dccb4dd3_source-aspect-ratio_default_0.jpg","articleSection":["CM NEWS","Nal\u00f3n"],"inLanguage":"es","potentialAction":[{"@type":"CommentAction","name":"Comment","target":["https:\/\/www.cuencasmineras.com\/index.php\/2022\/12\/09\/langreo-ya-vive-la-navidad-con-el-encendido-de-la-iluminacion-en-las-calles\/#respond"]}]},{"@type":"WebPage","@id":"https:\/\/www.cuencasmineras.com\/index.php\/2022\/12\/09\/langreo-ya-vive-la-navidad-con-el-encendido-de-la-iluminacion-en-las-calles\/","url":"https:\/\/www.cuencasmineras.com\/index.php\/2022\/12\/09\/langreo-ya-vive-la-navidad-con-el-encendido-de-la-iluminacion-en-las-calles\/","name":"Langreo ya vive la Navidad con el encendido de la iluminaci\u00f3n en las calles - cm news","isPartOf":{"@id":"https:\/\/www.cuencasmineras.com\/#website"},"primaryImageOfPage":{"@id":"https:\/\/www.cuencasmineras.com\/index.php\/2022\/12\/09\/langreo-ya-vive-la-navidad-con-el-encendido-de-la-iluminacion-en-las-calles\/#primaryimage"},"image":{"@id":"https:\/\/www.cuencasmineras.com\/index.php\/2022\/12\/09\/langreo-ya-vive-la-navidad-con-el-encendido-de-la-iluminacion-en-las-calles\/#primaryimage"},"thumbnailUrl":"https:\/\/www.cuencasmineras.com\/wp-content\/uploads\/2022\/12\/680068bc-8928-4ab9-be33-7a03dccb4dd3_source-aspect-ratio_default_0.jpg","datePublished":"2022-12-09T23:01:54+00:00","author":{"@id":"https:\/\/www.cuencasmineras.com\/#\/schema\/person\/be0691310e8496ec555f679dd688420c"},"description":"Se han instalado luces en 80 puntos del concejo y adem\u00e1s hay \"photocalls y buzones para las cartas de los Reyes Magos.","breadcrumb":{"@id":"https:\/\/www.cuencasmineras.com\/index.php\/2022\/12\/09\/langreo-ya-vive-la-navidad-con-el-encendido-de-la-iluminacion-en-las-calles\/#breadcrumb"},"inLanguage":"es","potentialAction":[{"@type":"ReadAction","target":["https:\/\/www.cuencasmineras.com\/index.php\/2022\/12\/09\/langreo-ya-vive-la-navidad-con-el-encendido-de-la-iluminacion-en-las-calles\/"]}]},{"@type":"ImageObject","inLanguage":"es","@id":"https:\/\/www.cuencasmineras.com\/index.php\/2022\/12\/09\/langreo-ya-vive-la-navidad-con-el-encendido-de-la-iluminacion-en-las-calles\/#primaryimage","url":"https:\/\/www.cuencasmineras.com\/wp-content\/uploads\/2022\/12\/680068bc-8928-4ab9-be33-7a03dccb4dd3_source-aspect-ratio_default_0.jpg","contentUrl":"https:\/\/www.cuencasmineras.com\/wp-content\/uploads\/2022\/12\/680068bc-8928-4ab9-be33-7a03dccb4dd3_source-aspect-ratio_default_0.jpg","width":2000,"height":1500},{"@type":"BreadcrumbList","@id":"https:\/\/www.cuencasmineras.com\/index.php\/2022\/12\/09\/langreo-ya-vive-la-navidad-con-el-encendido-de-la-iluminacion-en-las-calles\/#breadcrumb","itemListElement":[{"@type":"ListItem","position":1,"name":"Portada","item":"https:\/\/www.cuencasmineras.com\/"},{"@type":"ListItem","position":2,"name":"Langreo ya vive la Navidad con el encendido de la iluminaci\u00f3n en las calles"}]},{"@type":"WebSite","@id":"https:\/\/www.cuencasmineras.com\/#website","url":"https:\/\/www.cuencasmineras.com\/","name":"","description":"","potentialAction":[{"@type":"SearchAction","target":{"@type":"EntryPoint","urlTemplate":"https:\/\/www.cuencasmineras.com\/?s={search_term_string}"},"query-input":{"@type":"PropertyValueSpecification","valueRequired":true,"valueName":"search_term_string"}}],"inLanguage":"es"},{"@type":"Person","@id":"https:\/\/www.cuencasmineras.com\/#\/schema\/person\/be0691310e8496ec555f679dd688420c","name":"admin","image":{"@type":"ImageObject","inLanguage":"es","@id":"https:\/\/secure.gravatar.com\/avatar\/4afd2eed3b2fbbf36dd6707b5bd8a5b50ac648f033e36fbf85aeace2f0f859db?s=96&d=mm&r=g","url":"https:\/\/secure.gravatar.com\/avatar\/4afd2eed3b2fbbf36dd6707b5bd8a5b50ac648f033e36fbf85aeace2f0f859db?s=96&d=mm&r=g","contentUrl":"https:\/\/secure.gravatar.com\/avatar\/4afd2eed3b2fbbf36dd6707b5bd8a5b50ac648f033e36fbf85aeace2f0f859db?s=96&d=mm&r=g","caption":"admin"},"sameAs":["https:\/\/www.cuencasmineras.com"],"url":"https:\/\/www.cuencasmineras.com\/index.php\/author\/admin\/"}]}},"_links":{"self":[{"href":"https:\/\/www.cuencasmineras.com\/index.php\/wp-json\/wp\/v2\/posts\/4816","targetHints":{"allow":["GET"]}}],"collection":[{"href":"https:\/\/www.cuencasmineras.com\/index.php\/wp-json\/wp\/v2\/posts"}],"about":[{"href":"https:\/\/www.cuencasmineras.com\/index.php\/wp-json\/wp\/v2\/types\/post"}],"author":[{"embeddable":true,"href":"https:\/\/www.cuencasmineras.com\/index.php\/wp-json\/wp\/v2\/users\/1"}],"replies":[{"embeddable":true,"href":"https:\/\/www.cuencasmineras.com\/index.php\/wp-json\/wp\/v2\/comments?post=4816"}],"version-history":[{"count":1,"href":"https:\/\/www.cuencasmineras.com\/index.php\/wp-json\/wp\/v2\/posts\/4816\/revisions"}],"predecessor-version":[{"id":4818,"href":"https:\/\/www.cuencasmineras.com\/index.php\/wp-json\/wp\/v2\/posts\/4816\/revisions\/4818"}],"wp:featuredmedia":[{"embeddable":true,"href":"https:\/\/www.cuencasmineras.com\/index.php\/wp-json\/wp\/v2\/media\/4817"}],"wp:attachment":[{"href":"https:\/\/www.cuencasmineras.com\/index.php\/wp-json\/wp\/v2\/media?parent=4816"}],"wp:term":[{"taxonomy":"category","embeddable":true,"href":"https:\/\/www.cuencasmineras.com\/index.php\/wp-json\/wp\/v2\/categories?post=4816"},{"taxonomy":"post_tag","embeddable":true,"href":"https:\/\/www.cuencasmineras.com\/index.php\/wp-json\/wp\/v2\/tags?post=4816"}],"curies":[{"name":"wp","href":"https:\/\/api.w.org\/{rel}","templated":true}]}}