{"id":4826,"date":"2022-12-09T23:08:51","date_gmt":"2022-12-09T23:08:51","guid":{"rendered":"https:\/\/www.cuencasmineras.com\/?p=4826"},"modified":"2022-12-09T23:08:51","modified_gmt":"2022-12-09T23:08:51","slug":"podemos-reclama-mejoras-en-el-servicio-de-fisioterapia-del-valle-del-nalon","status":"publish","type":"post","link":"https:\/\/www.cuencasmineras.com\/index.php\/2022\/12\/09\/podemos-reclama-mejoras-en-el-servicio-de-fisioterapia-del-valle-del-nalon\/","title":{"rendered":"Podemos reclama mejoras en el servicio de fisioterapia del valle del Nal\u00f3n."},"content":{"rendered":"<p style=\"text-align: justify;\">La candidata auton\u00f3mica de Podemos, Cova Tom\u00e9, el diputado Daniel Ripa y las portavoces de Podemos en Laviana y San Mart\u00edn, Ana Gregorio y Charo Linares, mantuvieron una reuni\u00f3n con el colectivo de fisioterapeutas del valle del Nal\u00f3n. Estos sanitarios llevan semanas con reclamaciones, reivindicando volver al gimnasio donde realizaban la rehabilitaci\u00f3n de sus pacientes en el hospital comarcal. Tal y como indican desde Podemos, \u00abactualmente, tras ser desalojados, han sido dispersados por diversos centros de salud del valle del Nal\u00f3n, en equipamientos que no cuentan con el tama\u00f1o y requisitos imprescindibles para dar un tratamiento adecuado\u00bb.<\/p>\n<p><img loading=\"lazy\" decoding=\"async\" class=\"alignnone size-large wp-image-4827 aligncenter\" src=\"https:\/\/www.cuencasmineras.com\/wp-content\/uploads\/2022\/12\/c7c5809f-e242-494d-ac0e-fae371da331d_21-9-aspect-ratio_default_0_x624y472-1024x438.jpg\" alt=\"\" width=\"640\" height=\"274\" srcset=\"https:\/\/www.cuencasmineras.com\/wp-content\/uploads\/2022\/12\/c7c5809f-e242-494d-ac0e-fae371da331d_21-9-aspect-ratio_default_0_x624y472-1024x438.jpg 1024w, https:\/\/www.cuencasmineras.com\/wp-content\/uploads\/2022\/12\/c7c5809f-e242-494d-ac0e-fae371da331d_21-9-aspect-ratio_default_0_x624y472-300x128.jpg 300w, https:\/\/www.cuencasmineras.com\/wp-content\/uploads\/2022\/12\/c7c5809f-e242-494d-ac0e-fae371da331d_21-9-aspect-ratio_default_0_x624y472-768x329.jpg 768w, https:\/\/www.cuencasmineras.com\/wp-content\/uploads\/2022\/12\/c7c5809f-e242-494d-ac0e-fae371da331d_21-9-aspect-ratio_default_0_x624y472.jpg 1280w\" sizes=\"auto, (max-width: 640px) 100vw, 640px\" \/><\/p>\n<p style=\"text-align: justify;\">Por este motivo, Tom\u00e9 se\u00f1al\u00f3 que es \u201csorprendente esta situaci\u00f3n, porque se obliga a los pacientes a desplazarse y no hay requisitos b\u00e1sicos para el tratamiento\u201d. Pidi\u00f3 una \u201csoluci\u00f3n inmediata\u00bb, apoyando a los fisioterapeutas que reclaman \u201cuna plantilla mayor, una coordinaci\u00f3n adecuada, mayor informaci\u00f3n con la gerencia\u201d. Entre las consecuencias que se est\u00e1n derivando, afirman desde Podemos, est\u00e1n la de \u00abla crispaci\u00f3n de los usuarios por las esperas de seis meses, por los desplazamientos hacia los nuevos centros de salud, porque cada vez que van a consulta se encuentran con un profesional diferente\u201d.<\/p>\n<p style=\"text-align: justify;\">Tambi\u00e9n reclama la formaci\u00f3n morada \u201cla contrataci\u00f3n de un n\u00famero mayor de fisioterapeutas, algo que es posible porque hay una bolsa disponible de demandantes de empleo, con fisioterapeutas en paro, por lo que hay que aumentar las plantillas\u201d. Sobre la importancia de la rehabilitaci\u00f3n, Cova Tom\u00e9 subray\u00f3 que \u201ces una de las grandes desconocidas del sistema sanitario: cuanto m\u00e1s tarde la rehabilitaci\u00f3n, m\u00e1s secuelas van a tener los usuarios. La recuperaci\u00f3n despu\u00e9s de una intervenci\u00f3n quir\u00fargica, de un ictus, de un accidente, es infinitamente mejor si el paciente llega en el tiempo adecuado a una consulta de rehabilitaci\u00f3n. La falta de profesionales y la falta de organizaci\u00f3n afecta a ello y se reduce la calidad de la asistencia\u201d.<\/p>\n<p style=\"text-align: justify;\">Noelia Garc\u00eda, fisioterapeuta del \u00e1rea VIII, se\u00f1al\u00f3 tras el encuentro que gracias a la presi\u00f3n pol\u00edtica y vecinal se ha dejado caer un compromiso verbal de que en marzo recuperar\u00edan las instalaciones. Hasta hace un mes, afirma, les dec\u00edan que era imposible. Eso s\u00ed, \u201cno hay ning\u00fan compromiso escrito ni ning\u00fan compromiso que consideren serio y ni siquiera han contactado con los fisioterapeutas\u201d. Garc\u00eda ha recordado que \u201cesta situaci\u00f3n debe terminarse ya, tras dos a\u00f1os y medio del desalojo, ya que el servicio de fisioterapia ha sido maltratado durante los \u00faltimos a\u00f1os. Los pacientes requieren mayor calidad asistencial y m\u00e1s medios humanos y t\u00e9cnicos, dentro de una mesa de trabajo entre los gestores y los profesionales que estudie qu\u00e9 fisioterapia queremos para nuestros pacientes\u201d.<\/p>\n<p style=\"text-align: justify;\">\n<p style=\"text-align: justify;\"><strong>Fuentes: LNE<\/strong><\/p>\n","protected":false},"excerpt":{"rendered":"<p>La candidata auton\u00f3mica de Podemos, Cova Tom\u00e9, el diputado Daniel Ripa y las portavoces de Podemos en Laviana y San Mart\u00edn, Ana Gregorio y Charo Linares, mantuvieron una reuni\u00f3n con el colectivo de fisioterapeutas del valle del Nal\u00f3n. Estos sanitarios llevan semanas con reclamaciones, reivindicando volver al gimnasio donde realizaban la rehabilitaci\u00f3n de sus pacientes [&hellip;]<\/p>\n","protected":false},"author":1,"featured_media":4827,"comment_status":"open","ping_status":"open","sticky":false,"template":"","format":"standard","meta":{"footnotes":""},"categories":[6,8],"tags":[],"class_list":["post-4826","post","type-post","status-publish","format-standard","has-post-thumbnail","hentry","category-noticias","category-nalon"],"yoast_head":"<!-- This site is optimized with the Yoast SEO plugin v27.4 - https:\/\/yoast.com\/product\/yoast-seo-wordpress\/ -->\n<title>Podemos reclama mejoras en el servicio de fisioterapia del valle del Nal\u00f3n. - CM NEWS<\/title>\n<meta name=\"description\" content=\"La formaci\u00f3n apoya las reivindicaciones de los profesionales de la comarca, que piden la reapertura del gimnasio del hospital.\" \/>\n<meta name=\"robots\" content=\"index, follow, max-snippet:-1, max-image-preview:large, max-video-preview:-1\" \/>\n<link rel=\"canonical\" href=\"https:\/\/www.cuencasmineras.com\/index.php\/2022\/12\/09\/podemos-reclama-mejoras-en-el-servicio-de-fisioterapia-del-valle-del-nalon\/\" \/>\n<meta property=\"og:locale\" content=\"es_ES\" \/>\n<meta property=\"og:type\" content=\"article\" \/>\n<meta property=\"og:title\" content=\"Podemos reclama mejoras en el servicio de fisioterapia del valle del Nal\u00f3n. - CM NEWS\" \/>\n<meta property=\"og:description\" content=\"La formaci\u00f3n apoya las reivindicaciones de los profesionales de la comarca, que piden la reapertura del gimnasio del hospital.\" \/>\n<meta property=\"og:url\" content=\"https:\/\/www.cuencasmineras.com\/index.php\/2022\/12\/09\/podemos-reclama-mejoras-en-el-servicio-de-fisioterapia-del-valle-del-nalon\/\" \/>\n<meta property=\"article:published_time\" content=\"2022-12-09T23:08:51+00:00\" \/>\n<meta property=\"og:image\" content=\"https:\/\/www.cuencasmineras.com\/wp-content\/uploads\/2022\/12\/c7c5809f-e242-494d-ac0e-fae371da331d_21-9-aspect-ratio_default_0_x624y472.jpg\" \/>\n\t<meta property=\"og:image:width\" content=\"1280\" \/>\n\t<meta property=\"og:image:height\" content=\"548\" \/>\n\t<meta property=\"og:image:type\" content=\"image\/jpeg\" \/>\n<meta name=\"author\" content=\"admin\" \/>\n<meta name=\"twitter:card\" content=\"summary_large_image\" \/>\n<meta name=\"twitter:label1\" content=\"Escrito por\" \/>\n\t<meta name=\"twitter:data1\" content=\"admin\" \/>\n\t<meta name=\"twitter:label2\" content=\"Tiempo de lectura\" \/>\n\t<meta name=\"twitter:data2\" content=\"3 minutos\" \/>\n<script type=\"application\/ld+json\" class=\"yoast-schema-graph\">{\"@context\":\"https:\\\/\\\/schema.org\",\"@graph\":[{\"@type\":\"Article\",\"@id\":\"https:\\\/\\\/www.cuencasmineras.com\\\/index.php\\\/2022\\\/12\\\/09\\\/podemos-reclama-mejoras-en-el-servicio-de-fisioterapia-del-valle-del-nalon\\\/#article\",\"isPartOf\":{\"@id\":\"https:\\\/\\\/www.cuencasmineras.com\\\/index.php\\\/2022\\\/12\\\/09\\\/podemos-reclama-mejoras-en-el-servicio-de-fisioterapia-del-valle-del-nalon\\\/\"},\"author\":{\"name\":\"admin\",\"@id\":\"https:\\\/\\\/www.cuencasmineras.com\\\/#\\\/schema\\\/person\\\/be0691310e8496ec555f679dd688420c\"},\"headline\":\"Podemos reclama mejoras en el servicio de fisioterapia del valle del Nal\u00f3n.\",\"datePublished\":\"2022-12-09T23:08:51+00:00\",\"mainEntityOfPage\":{\"@id\":\"https:\\\/\\\/www.cuencasmineras.com\\\/index.php\\\/2022\\\/12\\\/09\\\/podemos-reclama-mejoras-en-el-servicio-de-fisioterapia-del-valle-del-nalon\\\/\"},\"wordCount\":491,\"commentCount\":0,\"image\":{\"@id\":\"https:\\\/\\\/www.cuencasmineras.com\\\/index.php\\\/2022\\\/12\\\/09\\\/podemos-reclama-mejoras-en-el-servicio-de-fisioterapia-del-valle-del-nalon\\\/#primaryimage\"},\"thumbnailUrl\":\"https:\\\/\\\/www.cuencasmineras.com\\\/wp-content\\\/uploads\\\/2022\\\/12\\\/c7c5809f-e242-494d-ac0e-fae371da331d_21-9-aspect-ratio_default_0_x624y472.jpg\",\"articleSection\":[\"CM NEWS\",\"Nal\u00f3n\"],\"inLanguage\":\"es\",\"potentialAction\":[{\"@type\":\"CommentAction\",\"name\":\"Comment\",\"target\":[\"https:\\\/\\\/www.cuencasmineras.com\\\/index.php\\\/2022\\\/12\\\/09\\\/podemos-reclama-mejoras-en-el-servicio-de-fisioterapia-del-valle-del-nalon\\\/#respond\"]}]},{\"@type\":\"WebPage\",\"@id\":\"https:\\\/\\\/www.cuencasmineras.com\\\/index.php\\\/2022\\\/12\\\/09\\\/podemos-reclama-mejoras-en-el-servicio-de-fisioterapia-del-valle-del-nalon\\\/\",\"url\":\"https:\\\/\\\/www.cuencasmineras.com\\\/index.php\\\/2022\\\/12\\\/09\\\/podemos-reclama-mejoras-en-el-servicio-de-fisioterapia-del-valle-del-nalon\\\/\",\"name\":\"Podemos reclama mejoras en el servicio de fisioterapia del valle del Nal\u00f3n. - CM NEWS\",\"isPartOf\":{\"@id\":\"https:\\\/\\\/www.cuencasmineras.com\\\/#website\"},\"primaryImageOfPage\":{\"@id\":\"https:\\\/\\\/www.cuencasmineras.com\\\/index.php\\\/2022\\\/12\\\/09\\\/podemos-reclama-mejoras-en-el-servicio-de-fisioterapia-del-valle-del-nalon\\\/#primaryimage\"},\"image\":{\"@id\":\"https:\\\/\\\/www.cuencasmineras.com\\\/index.php\\\/2022\\\/12\\\/09\\\/podemos-reclama-mejoras-en-el-servicio-de-fisioterapia-del-valle-del-nalon\\\/#primaryimage\"},\"thumbnailUrl\":\"https:\\\/\\\/www.cuencasmineras.com\\\/wp-content\\\/uploads\\\/2022\\\/12\\\/c7c5809f-e242-494d-ac0e-fae371da331d_21-9-aspect-ratio_default_0_x624y472.jpg\",\"datePublished\":\"2022-12-09T23:08:51+00:00\",\"author\":{\"@id\":\"https:\\\/\\\/www.cuencasmineras.com\\\/#\\\/schema\\\/person\\\/be0691310e8496ec555f679dd688420c\"},\"description\":\"La formaci\u00f3n apoya las reivindicaciones de los profesionales de la comarca, que piden la reapertura del gimnasio del hospital.\",\"breadcrumb\":{\"@id\":\"https:\\\/\\\/www.cuencasmineras.com\\\/index.php\\\/2022\\\/12\\\/09\\\/podemos-reclama-mejoras-en-el-servicio-de-fisioterapia-del-valle-del-nalon\\\/#breadcrumb\"},\"inLanguage\":\"es\",\"potentialAction\":[{\"@type\":\"ReadAction\",\"target\":[\"https:\\\/\\\/www.cuencasmineras.com\\\/index.php\\\/2022\\\/12\\\/09\\\/podemos-reclama-mejoras-en-el-servicio-de-fisioterapia-del-valle-del-nalon\\\/\"]}]},{\"@type\":\"ImageObject\",\"inLanguage\":\"es\",\"@id\":\"https:\\\/\\\/www.cuencasmineras.com\\\/index.php\\\/2022\\\/12\\\/09\\\/podemos-reclama-mejoras-en-el-servicio-de-fisioterapia-del-valle-del-nalon\\\/#primaryimage\",\"url\":\"https:\\\/\\\/www.cuencasmineras.com\\\/wp-content\\\/uploads\\\/2022\\\/12\\\/c7c5809f-e242-494d-ac0e-fae371da331d_21-9-aspect-ratio_default_0_x624y472.jpg\",\"contentUrl\":\"https:\\\/\\\/www.cuencasmineras.com\\\/wp-content\\\/uploads\\\/2022\\\/12\\\/c7c5809f-e242-494d-ac0e-fae371da331d_21-9-aspect-ratio_default_0_x624y472.jpg\",\"width\":1280,\"height\":548},{\"@type\":\"BreadcrumbList\",\"@id\":\"https:\\\/\\\/www.cuencasmineras.com\\\/index.php\\\/2022\\\/12\\\/09\\\/podemos-reclama-mejoras-en-el-servicio-de-fisioterapia-del-valle-del-nalon\\\/#breadcrumb\",\"itemListElement\":[{\"@type\":\"ListItem\",\"position\":1,\"name\":\"Portada\",\"item\":\"https:\\\/\\\/www.cuencasmineras.com\\\/\"},{\"@type\":\"ListItem\",\"position\":2,\"name\":\"Podemos reclama mejoras en el servicio de fisioterapia del valle del Nal\u00f3n.\"}]},{\"@type\":\"WebSite\",\"@id\":\"https:\\\/\\\/www.cuencasmineras.com\\\/#website\",\"url\":\"https:\\\/\\\/www.cuencasmineras.com\\\/\",\"name\":\"\",\"description\":\"\",\"potentialAction\":[{\"@type\":\"SearchAction\",\"target\":{\"@type\":\"EntryPoint\",\"urlTemplate\":\"https:\\\/\\\/www.cuencasmineras.com\\\/?s={search_term_string}\"},\"query-input\":{\"@type\":\"PropertyValueSpecification\",\"valueRequired\":true,\"valueName\":\"search_term_string\"}}],\"inLanguage\":\"es\"},{\"@type\":\"Person\",\"@id\":\"https:\\\/\\\/www.cuencasmineras.com\\\/#\\\/schema\\\/person\\\/be0691310e8496ec555f679dd688420c\",\"name\":\"admin\",\"image\":{\"@type\":\"ImageObject\",\"inLanguage\":\"es\",\"@id\":\"https:\\\/\\\/secure.gravatar.com\\\/avatar\\\/4afd2eed3b2fbbf36dd6707b5bd8a5b50ac648f033e36fbf85aeace2f0f859db?s=96&d=mm&r=g\",\"url\":\"https:\\\/\\\/secure.gravatar.com\\\/avatar\\\/4afd2eed3b2fbbf36dd6707b5bd8a5b50ac648f033e36fbf85aeace2f0f859db?s=96&d=mm&r=g\",\"contentUrl\":\"https:\\\/\\\/secure.gravatar.com\\\/avatar\\\/4afd2eed3b2fbbf36dd6707b5bd8a5b50ac648f033e36fbf85aeace2f0f859db?s=96&d=mm&r=g\",\"caption\":\"admin\"},\"sameAs\":[\"https:\\\/\\\/www.cuencasmineras.com\"],\"url\":\"https:\\\/\\\/www.cuencasmineras.com\\\/index.php\\\/author\\\/admin\\\/\"}]}<\/script>\n<!-- \/ Yoast SEO plugin. -->","yoast_head_json":{"title":"Podemos reclama mejoras en el servicio de fisioterapia del valle del Nal\u00f3n. - CM NEWS","description":"La formaci\u00f3n apoya las reivindicaciones de los profesionales de la comarca, que piden la reapertura del gimnasio del hospital.","robots":{"index":"index","follow":"follow","max-snippet":"max-snippet:-1","max-image-preview":"max-image-preview:large","max-video-preview":"max-video-preview:-1"},"canonical":"https:\/\/www.cuencasmineras.com\/index.php\/2022\/12\/09\/podemos-reclama-mejoras-en-el-servicio-de-fisioterapia-del-valle-del-nalon\/","og_locale":"es_ES","og_type":"article","og_title":"Podemos reclama mejoras en el servicio de fisioterapia del valle del Nal\u00f3n. - CM NEWS","og_description":"La formaci\u00f3n apoya las reivindicaciones de los profesionales de la comarca, que piden la reapertura del gimnasio del hospital.","og_url":"https:\/\/www.cuencasmineras.com\/index.php\/2022\/12\/09\/podemos-reclama-mejoras-en-el-servicio-de-fisioterapia-del-valle-del-nalon\/","article_published_time":"2022-12-09T23:08:51+00:00","og_image":[{"width":1280,"height":548,"url":"https:\/\/www.cuencasmineras.com\/wp-content\/uploads\/2022\/12\/c7c5809f-e242-494d-ac0e-fae371da331d_21-9-aspect-ratio_default_0_x624y472.jpg","type":"image\/jpeg"}],"author":"admin","twitter_card":"summary_large_image","twitter_misc":{"Escrito por":"admin","Tiempo de lectura":"3 minutos"},"schema":{"@context":"https:\/\/schema.org","@graph":[{"@type":"Article","@id":"https:\/\/www.cuencasmineras.com\/index.php\/2022\/12\/09\/podemos-reclama-mejoras-en-el-servicio-de-fisioterapia-del-valle-del-nalon\/#article","isPartOf":{"@id":"https:\/\/www.cuencasmineras.com\/index.php\/2022\/12\/09\/podemos-reclama-mejoras-en-el-servicio-de-fisioterapia-del-valle-del-nalon\/"},"author":{"name":"admin","@id":"https:\/\/www.cuencasmineras.com\/#\/schema\/person\/be0691310e8496ec555f679dd688420c"},"headline":"Podemos reclama mejoras en el servicio de fisioterapia del valle del Nal\u00f3n.","datePublished":"2022-12-09T23:08:51+00:00","mainEntityOfPage":{"@id":"https:\/\/www.cuencasmineras.com\/index.php\/2022\/12\/09\/podemos-reclama-mejoras-en-el-servicio-de-fisioterapia-del-valle-del-nalon\/"},"wordCount":491,"commentCount":0,"image":{"@id":"https:\/\/www.cuencasmineras.com\/index.php\/2022\/12\/09\/podemos-reclama-mejoras-en-el-servicio-de-fisioterapia-del-valle-del-nalon\/#primaryimage"},"thumbnailUrl":"https:\/\/www.cuencasmineras.com\/wp-content\/uploads\/2022\/12\/c7c5809f-e242-494d-ac0e-fae371da331d_21-9-aspect-ratio_default_0_x624y472.jpg","articleSection":["CM NEWS","Nal\u00f3n"],"inLanguage":"es","potentialAction":[{"@type":"CommentAction","name":"Comment","target":["https:\/\/www.cuencasmineras.com\/index.php\/2022\/12\/09\/podemos-reclama-mejoras-en-el-servicio-de-fisioterapia-del-valle-del-nalon\/#respond"]}]},{"@type":"WebPage","@id":"https:\/\/www.cuencasmineras.com\/index.php\/2022\/12\/09\/podemos-reclama-mejoras-en-el-servicio-de-fisioterapia-del-valle-del-nalon\/","url":"https:\/\/www.cuencasmineras.com\/index.php\/2022\/12\/09\/podemos-reclama-mejoras-en-el-servicio-de-fisioterapia-del-valle-del-nalon\/","name":"Podemos reclama mejoras en el servicio de fisioterapia del valle del Nal\u00f3n. - CM NEWS","isPartOf":{"@id":"https:\/\/www.cuencasmineras.com\/#website"},"primaryImageOfPage":{"@id":"https:\/\/www.cuencasmineras.com\/index.php\/2022\/12\/09\/podemos-reclama-mejoras-en-el-servicio-de-fisioterapia-del-valle-del-nalon\/#primaryimage"},"image":{"@id":"https:\/\/www.cuencasmineras.com\/index.php\/2022\/12\/09\/podemos-reclama-mejoras-en-el-servicio-de-fisioterapia-del-valle-del-nalon\/#primaryimage"},"thumbnailUrl":"https:\/\/www.cuencasmineras.com\/wp-content\/uploads\/2022\/12\/c7c5809f-e242-494d-ac0e-fae371da331d_21-9-aspect-ratio_default_0_x624y472.jpg","datePublished":"2022-12-09T23:08:51+00:00","author":{"@id":"https:\/\/www.cuencasmineras.com\/#\/schema\/person\/be0691310e8496ec555f679dd688420c"},"description":"La formaci\u00f3n apoya las reivindicaciones de los profesionales de la comarca, que piden la reapertura del gimnasio del hospital.","breadcrumb":{"@id":"https:\/\/www.cuencasmineras.com\/index.php\/2022\/12\/09\/podemos-reclama-mejoras-en-el-servicio-de-fisioterapia-del-valle-del-nalon\/#breadcrumb"},"inLanguage":"es","potentialAction":[{"@type":"ReadAction","target":["https:\/\/www.cuencasmineras.com\/index.php\/2022\/12\/09\/podemos-reclama-mejoras-en-el-servicio-de-fisioterapia-del-valle-del-nalon\/"]}]},{"@type":"ImageObject","inLanguage":"es","@id":"https:\/\/www.cuencasmineras.com\/index.php\/2022\/12\/09\/podemos-reclama-mejoras-en-el-servicio-de-fisioterapia-del-valle-del-nalon\/#primaryimage","url":"https:\/\/www.cuencasmineras.com\/wp-content\/uploads\/2022\/12\/c7c5809f-e242-494d-ac0e-fae371da331d_21-9-aspect-ratio_default_0_x624y472.jpg","contentUrl":"https:\/\/www.cuencasmineras.com\/wp-content\/uploads\/2022\/12\/c7c5809f-e242-494d-ac0e-fae371da331d_21-9-aspect-ratio_default_0_x624y472.jpg","width":1280,"height":548},{"@type":"BreadcrumbList","@id":"https:\/\/www.cuencasmineras.com\/index.php\/2022\/12\/09\/podemos-reclama-mejoras-en-el-servicio-de-fisioterapia-del-valle-del-nalon\/#breadcrumb","itemListElement":[{"@type":"ListItem","position":1,"name":"Portada","item":"https:\/\/www.cuencasmineras.com\/"},{"@type":"ListItem","position":2,"name":"Podemos reclama mejoras en el servicio de fisioterapia del valle del Nal\u00f3n."}]},{"@type":"WebSite","@id":"https:\/\/www.cuencasmineras.com\/#website","url":"https:\/\/www.cuencasmineras.com\/","name":"","description":"","potentialAction":[{"@type":"SearchAction","target":{"@type":"EntryPoint","urlTemplate":"https:\/\/www.cuencasmineras.com\/?s={search_term_string}"},"query-input":{"@type":"PropertyValueSpecification","valueRequired":true,"valueName":"search_term_string"}}],"inLanguage":"es"},{"@type":"Person","@id":"https:\/\/www.cuencasmineras.com\/#\/schema\/person\/be0691310e8496ec555f679dd688420c","name":"admin","image":{"@type":"ImageObject","inLanguage":"es","@id":"https:\/\/secure.gravatar.com\/avatar\/4afd2eed3b2fbbf36dd6707b5bd8a5b50ac648f033e36fbf85aeace2f0f859db?s=96&d=mm&r=g","url":"https:\/\/secure.gravatar.com\/avatar\/4afd2eed3b2fbbf36dd6707b5bd8a5b50ac648f033e36fbf85aeace2f0f859db?s=96&d=mm&r=g","contentUrl":"https:\/\/secure.gravatar.com\/avatar\/4afd2eed3b2fbbf36dd6707b5bd8a5b50ac648f033e36fbf85aeace2f0f859db?s=96&d=mm&r=g","caption":"admin"},"sameAs":["https:\/\/www.cuencasmineras.com"],"url":"https:\/\/www.cuencasmineras.com\/index.php\/author\/admin\/"}]}},"_links":{"self":[{"href":"https:\/\/www.cuencasmineras.com\/index.php\/wp-json\/wp\/v2\/posts\/4826","targetHints":{"allow":["GET"]}}],"collection":[{"href":"https:\/\/www.cuencasmineras.com\/index.php\/wp-json\/wp\/v2\/posts"}],"about":[{"href":"https:\/\/www.cuencasmineras.com\/index.php\/wp-json\/wp\/v2\/types\/post"}],"author":[{"embeddable":true,"href":"https:\/\/www.cuencasmineras.com\/index.php\/wp-json\/wp\/v2\/users\/1"}],"replies":[{"embeddable":true,"href":"https:\/\/www.cuencasmineras.com\/index.php\/wp-json\/wp\/v2\/comments?post=4826"}],"version-history":[{"count":1,"href":"https:\/\/www.cuencasmineras.com\/index.php\/wp-json\/wp\/v2\/posts\/4826\/revisions"}],"predecessor-version":[{"id":4828,"href":"https:\/\/www.cuencasmineras.com\/index.php\/wp-json\/wp\/v2\/posts\/4826\/revisions\/4828"}],"wp:featuredmedia":[{"embeddable":true,"href":"https:\/\/www.cuencasmineras.com\/index.php\/wp-json\/wp\/v2\/media\/4827"}],"wp:attachment":[{"href":"https:\/\/www.cuencasmineras.com\/index.php\/wp-json\/wp\/v2\/media?parent=4826"}],"wp:term":[{"taxonomy":"category","embeddable":true,"href":"https:\/\/www.cuencasmineras.com\/index.php\/wp-json\/wp\/v2\/categories?post=4826"},{"taxonomy":"post_tag","embeddable":true,"href":"https:\/\/www.cuencasmineras.com\/index.php\/wp-json\/wp\/v2\/tags?post=4826"}],"curies":[{"name":"wp","href":"https:\/\/api.w.org\/{rel}","templated":true}]}}