{"id":4832,"date":"2022-12-09T23:15:36","date_gmt":"2022-12-09T23:15:36","guid":{"rendered":"https:\/\/www.cuencasmineras.com\/?p=4832"},"modified":"2022-12-09T23:15:36","modified_gmt":"2022-12-09T23:15:36","slug":"la-cultura-el-turismo-y-los-festejos-se-llevan-23-millones-del-presupuesto-mierense","status":"publish","type":"post","link":"https:\/\/www.cuencasmineras.com\/index.php\/2022\/12\/09\/la-cultura-el-turismo-y-los-festejos-se-llevan-23-millones-del-presupuesto-mierense\/","title":{"rendered":"La cultura, el turismo y los festejos se llevan 2,3 millones del presupuesto mierense"},"content":{"rendered":"<p style=\"text-align: justify;\">El Ayuntamiento de Mieres destinar\u00e1 el pr\u00f3ximo ejercicio m\u00e1s de dos millones de euros a la promoci\u00f3n cultural, el turismo y los festejos. As\u00ed se desprende del presupuesto municipal elaborado por el gobierno local, de IU, quien considera puntera \u00aba nivel nacional\u00bb su gesti\u00f3n en ese terreno. El \u00e1rea que dirige Juan Ponte destina, tal y como se explica en el documento, 1.233.100 euros para la promoci\u00f3n cultural en el municipio, \u00abgarantizando los recursos necesarios para el funcionamiento de la red de equipamientos culturales que existe en el concejo (Casa de la Cultura, MCC, Aten\u00e9u de Tur\u00f3n, Pozu Santa B\u00e1rbara&#8230;)\u00bb, as\u00ed como tambi\u00e9n para financiar la programaci\u00f3n cultural que desarrolla el Ayuntamiento \u00aby que ha convertido al municipio en un referente a nivel auton\u00f3mico y nacional con festivales y cert\u00e1menes de primer orden\u00bb.<\/p>\n<p><img loading=\"lazy\" decoding=\"async\" class=\"alignnone size-large wp-image-4833 aligncenter\" src=\"https:\/\/www.cuencasmineras.com\/wp-content\/uploads\/2022\/12\/abc38ebe-d588-45a9-9269-62dbea02c729_21-9-aspect-ratio_default_0_x1431y1007-1024x438.jpg\" alt=\"\" width=\"640\" height=\"274\" srcset=\"https:\/\/www.cuencasmineras.com\/wp-content\/uploads\/2022\/12\/abc38ebe-d588-45a9-9269-62dbea02c729_21-9-aspect-ratio_default_0_x1431y1007-1024x438.jpg 1024w, https:\/\/www.cuencasmineras.com\/wp-content\/uploads\/2022\/12\/abc38ebe-d588-45a9-9269-62dbea02c729_21-9-aspect-ratio_default_0_x1431y1007-300x128.jpg 300w, https:\/\/www.cuencasmineras.com\/wp-content\/uploads\/2022\/12\/abc38ebe-d588-45a9-9269-62dbea02c729_21-9-aspect-ratio_default_0_x1431y1007-768x329.jpg 768w, https:\/\/www.cuencasmineras.com\/wp-content\/uploads\/2022\/12\/abc38ebe-d588-45a9-9269-62dbea02c729_21-9-aspect-ratio_default_0_x1431y1007.jpg 1280w\" sizes=\"auto, (max-width: 640px) 100vw, 640px\" \/><\/p>\n<p style=\"text-align: justify;\">Ponte explica que \u00abel Ayuntamiento ha logrado impulsar un potente proyecto cultural para el Pozu Santa B\u00e1rbara, que contar\u00e1 con una inversi\u00f3n del Estado de un mill\u00f3n de euros en los pr\u00f3ximos a\u00f1os para dar continuidad al proyecto que lidera el Gobierno local\u00bb, y agrega que hay a\u00fan m\u00e1s proyectos, como el que se desarrolla en Bustiello, \u00abdonde estamos realizando varias actuaciones para proteger y preservar nuestro pasado minero, con acciones como la restauraci\u00f3n de la escultura del Marqu\u00e9s de Comillas o la reforma del Centro de Interpretaci\u00f3n\u00bb. \u00abEl patrimonio industrial y minero puede y debe generar actividad cultural y eso supone actividad econ\u00f3mica y empleo. Vamos a seguir impulsando iniciativas en este sentido\u00bb, apunt\u00f3 el edil.<\/p>\n<p style=\"text-align: justify;\">Otro de los \u00e1mbitos que recibir\u00e1n inversiones en el \u00e1rea de Cultura es el funcionamiento de la red de bibliotecas con un presupuesto de casi 400.000 euros (389.500 euros). \u00abFacilitar el acceso a la cultura es clave y hacerlo desde la base del trabajo en red, con bibliotecas p\u00fablicas municipales en los principales puntos de poblaci\u00f3n del municipio, lo es m\u00e1s a\u00fan para el Gobierno local\u00bb, dijo Ponte.<\/p>\n<p style=\"text-align: justify;\">En cuanto a los festejos, el presupuesto con el que contar\u00e1 el Ayuntamiento ser\u00e1 de 442.000 euros. \u00abLos festejos son otra forma de proyectar y promocionar Mieres. San Xuan, la Folixa o los M\u00e1rtires son citas seguras para miles de personas, dentro y fuera del concejo, pero tambi\u00e9n el Antroxu o las navidades\u00bb, remarc\u00f3 el edil, que incidi\u00f3 en que la oferta es muy variada y de calidad, \u00abcon importantes fiestas en los principales n\u00facleos de poblaci\u00f3n, gracias al trabajo de las asociaciones y sociedades de festejos\u00bb.<\/p>\n<p style=\"text-align: justify;\">El \u00e1rea de Turismo contar\u00e1 con 236.00 euros para promocionar \u00ablas potencialidades\u00bb del municipio. Cabe destacar, en este sentido, que el Ayuntamiento de Mieres es pionero en la organizaci\u00f3n de \u00abgastroveladas\u00bb en el patrimonio minero e industrial, ligando adem\u00e1s estas actividades a nuevas tecnolog\u00edas de realidad aumentada y virtual y, en un futuro pr\u00f3ximo, a los videojuegos. Y esta combinaci\u00f3n de elementos como el patrimonio industrial, la gastronom\u00eda, el paisaje y la vanguardia est\u00e1 dando un buen resultado en el concejo, seg\u00fan el criterio del equipo de gobierno de An\u00edbal V\u00e1zquez.<\/p>\n<p style=\"text-align: justify;\">\n<p style=\"text-align: justify;\"><strong>Fuente: LNE<\/strong><\/p>\n","protected":false},"excerpt":{"rendered":"<p>El Ayuntamiento de Mieres destinar\u00e1 el pr\u00f3ximo ejercicio m\u00e1s de dos millones de euros a la promoci\u00f3n cultural, el turismo y los festejos. As\u00ed se desprende del presupuesto municipal elaborado por el gobierno local, de IU, quien considera puntera \u00aba nivel nacional\u00bb su gesti\u00f3n en ese terreno. El \u00e1rea que dirige Juan Ponte destina, tal [&hellip;]<\/p>\n","protected":false},"author":1,"featured_media":4833,"comment_status":"open","ping_status":"open","sticky":false,"template":"","format":"standard","meta":{"footnotes":""},"categories":[7,6],"tags":[],"class_list":["post-4832","post","type-post","status-publish","format-standard","has-post-thumbnail","hentry","category-caudal","category-noticias"],"yoast_head":"<!-- This site is optimized with the Yoast SEO plugin v27.4 - https:\/\/yoast.com\/product\/yoast-seo-wordpress\/ -->\n<title>La cultura, el turismo y los festejos se llevan 2,3 millones del presupuesto mierense - cm news<\/title>\n<meta name=\"description\" content=\"El Ayuntamiento invertir\u00e1 1,2 millones para sostener los equipamientos y m\u00e1s de 800.000 euros entre bibliotecas y celebraciones locales.\" \/>\n<meta name=\"robots\" content=\"index, follow, max-snippet:-1, max-image-preview:large, max-video-preview:-1\" \/>\n<link rel=\"canonical\" href=\"https:\/\/www.cuencasmineras.com\/index.php\/2022\/12\/09\/la-cultura-el-turismo-y-los-festejos-se-llevan-23-millones-del-presupuesto-mierense\/\" \/>\n<meta property=\"og:locale\" content=\"es_ES\" \/>\n<meta property=\"og:type\" content=\"article\" \/>\n<meta property=\"og:title\" content=\"La cultura, el turismo y los festejos se llevan 2,3 millones del presupuesto mierense - cm news\" \/>\n<meta property=\"og:description\" content=\"El Ayuntamiento invertir\u00e1 1,2 millones para sostener los equipamientos y m\u00e1s de 800.000 euros entre bibliotecas y celebraciones locales.\" \/>\n<meta property=\"og:url\" content=\"https:\/\/www.cuencasmineras.com\/index.php\/2022\/12\/09\/la-cultura-el-turismo-y-los-festejos-se-llevan-23-millones-del-presupuesto-mierense\/\" \/>\n<meta property=\"article:published_time\" content=\"2022-12-09T23:15:36+00:00\" \/>\n<meta property=\"og:image\" content=\"https:\/\/www.cuencasmineras.com\/wp-content\/uploads\/2022\/12\/abc38ebe-d588-45a9-9269-62dbea02c729_21-9-aspect-ratio_default_0_x1431y1007.jpg\" \/>\n\t<meta property=\"og:image:width\" content=\"1280\" \/>\n\t<meta property=\"og:image:height\" content=\"548\" \/>\n\t<meta property=\"og:image:type\" content=\"image\/jpeg\" \/>\n<meta name=\"author\" content=\"admin\" \/>\n<meta name=\"twitter:card\" content=\"summary_large_image\" \/>\n<meta name=\"twitter:label1\" content=\"Escrito por\" \/>\n\t<meta name=\"twitter:data1\" content=\"admin\" \/>\n\t<meta name=\"twitter:label2\" content=\"Tiempo de lectura\" \/>\n\t<meta name=\"twitter:data2\" content=\"3 minutos\" \/>\n<script type=\"application\/ld+json\" class=\"yoast-schema-graph\">{\"@context\":\"https:\\\/\\\/schema.org\",\"@graph\":[{\"@type\":\"Article\",\"@id\":\"https:\\\/\\\/www.cuencasmineras.com\\\/index.php\\\/2022\\\/12\\\/09\\\/la-cultura-el-turismo-y-los-festejos-se-llevan-23-millones-del-presupuesto-mierense\\\/#article\",\"isPartOf\":{\"@id\":\"https:\\\/\\\/www.cuencasmineras.com\\\/index.php\\\/2022\\\/12\\\/09\\\/la-cultura-el-turismo-y-los-festejos-se-llevan-23-millones-del-presupuesto-mierense\\\/\"},\"author\":{\"name\":\"admin\",\"@id\":\"https:\\\/\\\/www.cuencasmineras.com\\\/#\\\/schema\\\/person\\\/be0691310e8496ec555f679dd688420c\"},\"headline\":\"La cultura, el turismo y los festejos se llevan 2,3 millones del presupuesto mierense\",\"datePublished\":\"2022-12-09T23:15:36+00:00\",\"mainEntityOfPage\":{\"@id\":\"https:\\\/\\\/www.cuencasmineras.com\\\/index.php\\\/2022\\\/12\\\/09\\\/la-cultura-el-turismo-y-los-festejos-se-llevan-23-millones-del-presupuesto-mierense\\\/\"},\"wordCount\":547,\"commentCount\":0,\"image\":{\"@id\":\"https:\\\/\\\/www.cuencasmineras.com\\\/index.php\\\/2022\\\/12\\\/09\\\/la-cultura-el-turismo-y-los-festejos-se-llevan-23-millones-del-presupuesto-mierense\\\/#primaryimage\"},\"thumbnailUrl\":\"https:\\\/\\\/www.cuencasmineras.com\\\/wp-content\\\/uploads\\\/2022\\\/12\\\/abc38ebe-d588-45a9-9269-62dbea02c729_21-9-aspect-ratio_default_0_x1431y1007.jpg\",\"articleSection\":[\"Caudal\",\"CM NEWS\"],\"inLanguage\":\"es\",\"potentialAction\":[{\"@type\":\"CommentAction\",\"name\":\"Comment\",\"target\":[\"https:\\\/\\\/www.cuencasmineras.com\\\/index.php\\\/2022\\\/12\\\/09\\\/la-cultura-el-turismo-y-los-festejos-se-llevan-23-millones-del-presupuesto-mierense\\\/#respond\"]}]},{\"@type\":\"WebPage\",\"@id\":\"https:\\\/\\\/www.cuencasmineras.com\\\/index.php\\\/2022\\\/12\\\/09\\\/la-cultura-el-turismo-y-los-festejos-se-llevan-23-millones-del-presupuesto-mierense\\\/\",\"url\":\"https:\\\/\\\/www.cuencasmineras.com\\\/index.php\\\/2022\\\/12\\\/09\\\/la-cultura-el-turismo-y-los-festejos-se-llevan-23-millones-del-presupuesto-mierense\\\/\",\"name\":\"La cultura, el turismo y los festejos se llevan 2,3 millones del presupuesto mierense - cm news\",\"isPartOf\":{\"@id\":\"https:\\\/\\\/www.cuencasmineras.com\\\/#website\"},\"primaryImageOfPage\":{\"@id\":\"https:\\\/\\\/www.cuencasmineras.com\\\/index.php\\\/2022\\\/12\\\/09\\\/la-cultura-el-turismo-y-los-festejos-se-llevan-23-millones-del-presupuesto-mierense\\\/#primaryimage\"},\"image\":{\"@id\":\"https:\\\/\\\/www.cuencasmineras.com\\\/index.php\\\/2022\\\/12\\\/09\\\/la-cultura-el-turismo-y-los-festejos-se-llevan-23-millones-del-presupuesto-mierense\\\/#primaryimage\"},\"thumbnailUrl\":\"https:\\\/\\\/www.cuencasmineras.com\\\/wp-content\\\/uploads\\\/2022\\\/12\\\/abc38ebe-d588-45a9-9269-62dbea02c729_21-9-aspect-ratio_default_0_x1431y1007.jpg\",\"datePublished\":\"2022-12-09T23:15:36+00:00\",\"author\":{\"@id\":\"https:\\\/\\\/www.cuencasmineras.com\\\/#\\\/schema\\\/person\\\/be0691310e8496ec555f679dd688420c\"},\"description\":\"El Ayuntamiento invertir\u00e1 1,2 millones para sostener los equipamientos y m\u00e1s de 800.000 euros entre bibliotecas y celebraciones locales.\",\"breadcrumb\":{\"@id\":\"https:\\\/\\\/www.cuencasmineras.com\\\/index.php\\\/2022\\\/12\\\/09\\\/la-cultura-el-turismo-y-los-festejos-se-llevan-23-millones-del-presupuesto-mierense\\\/#breadcrumb\"},\"inLanguage\":\"es\",\"potentialAction\":[{\"@type\":\"ReadAction\",\"target\":[\"https:\\\/\\\/www.cuencasmineras.com\\\/index.php\\\/2022\\\/12\\\/09\\\/la-cultura-el-turismo-y-los-festejos-se-llevan-23-millones-del-presupuesto-mierense\\\/\"]}]},{\"@type\":\"ImageObject\",\"inLanguage\":\"es\",\"@id\":\"https:\\\/\\\/www.cuencasmineras.com\\\/index.php\\\/2022\\\/12\\\/09\\\/la-cultura-el-turismo-y-los-festejos-se-llevan-23-millones-del-presupuesto-mierense\\\/#primaryimage\",\"url\":\"https:\\\/\\\/www.cuencasmineras.com\\\/wp-content\\\/uploads\\\/2022\\\/12\\\/abc38ebe-d588-45a9-9269-62dbea02c729_21-9-aspect-ratio_default_0_x1431y1007.jpg\",\"contentUrl\":\"https:\\\/\\\/www.cuencasmineras.com\\\/wp-content\\\/uploads\\\/2022\\\/12\\\/abc38ebe-d588-45a9-9269-62dbea02c729_21-9-aspect-ratio_default_0_x1431y1007.jpg\",\"width\":1280,\"height\":548},{\"@type\":\"BreadcrumbList\",\"@id\":\"https:\\\/\\\/www.cuencasmineras.com\\\/index.php\\\/2022\\\/12\\\/09\\\/la-cultura-el-turismo-y-los-festejos-se-llevan-23-millones-del-presupuesto-mierense\\\/#breadcrumb\",\"itemListElement\":[{\"@type\":\"ListItem\",\"position\":1,\"name\":\"Portada\",\"item\":\"https:\\\/\\\/www.cuencasmineras.com\\\/\"},{\"@type\":\"ListItem\",\"position\":2,\"name\":\"La cultura, el turismo y los festejos se llevan 2,3 millones del presupuesto mierense\"}]},{\"@type\":\"WebSite\",\"@id\":\"https:\\\/\\\/www.cuencasmineras.com\\\/#website\",\"url\":\"https:\\\/\\\/www.cuencasmineras.com\\\/\",\"name\":\"\",\"description\":\"\",\"potentialAction\":[{\"@type\":\"SearchAction\",\"target\":{\"@type\":\"EntryPoint\",\"urlTemplate\":\"https:\\\/\\\/www.cuencasmineras.com\\\/?s={search_term_string}\"},\"query-input\":{\"@type\":\"PropertyValueSpecification\",\"valueRequired\":true,\"valueName\":\"search_term_string\"}}],\"inLanguage\":\"es\"},{\"@type\":\"Person\",\"@id\":\"https:\\\/\\\/www.cuencasmineras.com\\\/#\\\/schema\\\/person\\\/be0691310e8496ec555f679dd688420c\",\"name\":\"admin\",\"image\":{\"@type\":\"ImageObject\",\"inLanguage\":\"es\",\"@id\":\"https:\\\/\\\/secure.gravatar.com\\\/avatar\\\/4afd2eed3b2fbbf36dd6707b5bd8a5b50ac648f033e36fbf85aeace2f0f859db?s=96&d=mm&r=g\",\"url\":\"https:\\\/\\\/secure.gravatar.com\\\/avatar\\\/4afd2eed3b2fbbf36dd6707b5bd8a5b50ac648f033e36fbf85aeace2f0f859db?s=96&d=mm&r=g\",\"contentUrl\":\"https:\\\/\\\/secure.gravatar.com\\\/avatar\\\/4afd2eed3b2fbbf36dd6707b5bd8a5b50ac648f033e36fbf85aeace2f0f859db?s=96&d=mm&r=g\",\"caption\":\"admin\"},\"sameAs\":[\"https:\\\/\\\/www.cuencasmineras.com\"],\"url\":\"https:\\\/\\\/www.cuencasmineras.com\\\/index.php\\\/author\\\/admin\\\/\"}]}<\/script>\n<!-- \/ Yoast SEO plugin. -->","yoast_head_json":{"title":"La cultura, el turismo y los festejos se llevan 2,3 millones del presupuesto mierense - cm news","description":"El Ayuntamiento invertir\u00e1 1,2 millones para sostener los equipamientos y m\u00e1s de 800.000 euros entre bibliotecas y celebraciones locales.","robots":{"index":"index","follow":"follow","max-snippet":"max-snippet:-1","max-image-preview":"max-image-preview:large","max-video-preview":"max-video-preview:-1"},"canonical":"https:\/\/www.cuencasmineras.com\/index.php\/2022\/12\/09\/la-cultura-el-turismo-y-los-festejos-se-llevan-23-millones-del-presupuesto-mierense\/","og_locale":"es_ES","og_type":"article","og_title":"La cultura, el turismo y los festejos se llevan 2,3 millones del presupuesto mierense - cm news","og_description":"El Ayuntamiento invertir\u00e1 1,2 millones para sostener los equipamientos y m\u00e1s de 800.000 euros entre bibliotecas y celebraciones locales.","og_url":"https:\/\/www.cuencasmineras.com\/index.php\/2022\/12\/09\/la-cultura-el-turismo-y-los-festejos-se-llevan-23-millones-del-presupuesto-mierense\/","article_published_time":"2022-12-09T23:15:36+00:00","og_image":[{"width":1280,"height":548,"url":"https:\/\/www.cuencasmineras.com\/wp-content\/uploads\/2022\/12\/abc38ebe-d588-45a9-9269-62dbea02c729_21-9-aspect-ratio_default_0_x1431y1007.jpg","type":"image\/jpeg"}],"author":"admin","twitter_card":"summary_large_image","twitter_misc":{"Escrito por":"admin","Tiempo de lectura":"3 minutos"},"schema":{"@context":"https:\/\/schema.org","@graph":[{"@type":"Article","@id":"https:\/\/www.cuencasmineras.com\/index.php\/2022\/12\/09\/la-cultura-el-turismo-y-los-festejos-se-llevan-23-millones-del-presupuesto-mierense\/#article","isPartOf":{"@id":"https:\/\/www.cuencasmineras.com\/index.php\/2022\/12\/09\/la-cultura-el-turismo-y-los-festejos-se-llevan-23-millones-del-presupuesto-mierense\/"},"author":{"name":"admin","@id":"https:\/\/www.cuencasmineras.com\/#\/schema\/person\/be0691310e8496ec555f679dd688420c"},"headline":"La cultura, el turismo y los festejos se llevan 2,3 millones del presupuesto mierense","datePublished":"2022-12-09T23:15:36+00:00","mainEntityOfPage":{"@id":"https:\/\/www.cuencasmineras.com\/index.php\/2022\/12\/09\/la-cultura-el-turismo-y-los-festejos-se-llevan-23-millones-del-presupuesto-mierense\/"},"wordCount":547,"commentCount":0,"image":{"@id":"https:\/\/www.cuencasmineras.com\/index.php\/2022\/12\/09\/la-cultura-el-turismo-y-los-festejos-se-llevan-23-millones-del-presupuesto-mierense\/#primaryimage"},"thumbnailUrl":"https:\/\/www.cuencasmineras.com\/wp-content\/uploads\/2022\/12\/abc38ebe-d588-45a9-9269-62dbea02c729_21-9-aspect-ratio_default_0_x1431y1007.jpg","articleSection":["Caudal","CM NEWS"],"inLanguage":"es","potentialAction":[{"@type":"CommentAction","name":"Comment","target":["https:\/\/www.cuencasmineras.com\/index.php\/2022\/12\/09\/la-cultura-el-turismo-y-los-festejos-se-llevan-23-millones-del-presupuesto-mierense\/#respond"]}]},{"@type":"WebPage","@id":"https:\/\/www.cuencasmineras.com\/index.php\/2022\/12\/09\/la-cultura-el-turismo-y-los-festejos-se-llevan-23-millones-del-presupuesto-mierense\/","url":"https:\/\/www.cuencasmineras.com\/index.php\/2022\/12\/09\/la-cultura-el-turismo-y-los-festejos-se-llevan-23-millones-del-presupuesto-mierense\/","name":"La cultura, el turismo y los festejos se llevan 2,3 millones del presupuesto mierense - cm news","isPartOf":{"@id":"https:\/\/www.cuencasmineras.com\/#website"},"primaryImageOfPage":{"@id":"https:\/\/www.cuencasmineras.com\/index.php\/2022\/12\/09\/la-cultura-el-turismo-y-los-festejos-se-llevan-23-millones-del-presupuesto-mierense\/#primaryimage"},"image":{"@id":"https:\/\/www.cuencasmineras.com\/index.php\/2022\/12\/09\/la-cultura-el-turismo-y-los-festejos-se-llevan-23-millones-del-presupuesto-mierense\/#primaryimage"},"thumbnailUrl":"https:\/\/www.cuencasmineras.com\/wp-content\/uploads\/2022\/12\/abc38ebe-d588-45a9-9269-62dbea02c729_21-9-aspect-ratio_default_0_x1431y1007.jpg","datePublished":"2022-12-09T23:15:36+00:00","author":{"@id":"https:\/\/www.cuencasmineras.com\/#\/schema\/person\/be0691310e8496ec555f679dd688420c"},"description":"El Ayuntamiento invertir\u00e1 1,2 millones para sostener los equipamientos y m\u00e1s de 800.000 euros entre bibliotecas y celebraciones locales.","breadcrumb":{"@id":"https:\/\/www.cuencasmineras.com\/index.php\/2022\/12\/09\/la-cultura-el-turismo-y-los-festejos-se-llevan-23-millones-del-presupuesto-mierense\/#breadcrumb"},"inLanguage":"es","potentialAction":[{"@type":"ReadAction","target":["https:\/\/www.cuencasmineras.com\/index.php\/2022\/12\/09\/la-cultura-el-turismo-y-los-festejos-se-llevan-23-millones-del-presupuesto-mierense\/"]}]},{"@type":"ImageObject","inLanguage":"es","@id":"https:\/\/www.cuencasmineras.com\/index.php\/2022\/12\/09\/la-cultura-el-turismo-y-los-festejos-se-llevan-23-millones-del-presupuesto-mierense\/#primaryimage","url":"https:\/\/www.cuencasmineras.com\/wp-content\/uploads\/2022\/12\/abc38ebe-d588-45a9-9269-62dbea02c729_21-9-aspect-ratio_default_0_x1431y1007.jpg","contentUrl":"https:\/\/www.cuencasmineras.com\/wp-content\/uploads\/2022\/12\/abc38ebe-d588-45a9-9269-62dbea02c729_21-9-aspect-ratio_default_0_x1431y1007.jpg","width":1280,"height":548},{"@type":"BreadcrumbList","@id":"https:\/\/www.cuencasmineras.com\/index.php\/2022\/12\/09\/la-cultura-el-turismo-y-los-festejos-se-llevan-23-millones-del-presupuesto-mierense\/#breadcrumb","itemListElement":[{"@type":"ListItem","position":1,"name":"Portada","item":"https:\/\/www.cuencasmineras.com\/"},{"@type":"ListItem","position":2,"name":"La cultura, el turismo y los festejos se llevan 2,3 millones del presupuesto mierense"}]},{"@type":"WebSite","@id":"https:\/\/www.cuencasmineras.com\/#website","url":"https:\/\/www.cuencasmineras.com\/","name":"","description":"","potentialAction":[{"@type":"SearchAction","target":{"@type":"EntryPoint","urlTemplate":"https:\/\/www.cuencasmineras.com\/?s={search_term_string}"},"query-input":{"@type":"PropertyValueSpecification","valueRequired":true,"valueName":"search_term_string"}}],"inLanguage":"es"},{"@type":"Person","@id":"https:\/\/www.cuencasmineras.com\/#\/schema\/person\/be0691310e8496ec555f679dd688420c","name":"admin","image":{"@type":"ImageObject","inLanguage":"es","@id":"https:\/\/secure.gravatar.com\/avatar\/4afd2eed3b2fbbf36dd6707b5bd8a5b50ac648f033e36fbf85aeace2f0f859db?s=96&d=mm&r=g","url":"https:\/\/secure.gravatar.com\/avatar\/4afd2eed3b2fbbf36dd6707b5bd8a5b50ac648f033e36fbf85aeace2f0f859db?s=96&d=mm&r=g","contentUrl":"https:\/\/secure.gravatar.com\/avatar\/4afd2eed3b2fbbf36dd6707b5bd8a5b50ac648f033e36fbf85aeace2f0f859db?s=96&d=mm&r=g","caption":"admin"},"sameAs":["https:\/\/www.cuencasmineras.com"],"url":"https:\/\/www.cuencasmineras.com\/index.php\/author\/admin\/"}]}},"_links":{"self":[{"href":"https:\/\/www.cuencasmineras.com\/index.php\/wp-json\/wp\/v2\/posts\/4832","targetHints":{"allow":["GET"]}}],"collection":[{"href":"https:\/\/www.cuencasmineras.com\/index.php\/wp-json\/wp\/v2\/posts"}],"about":[{"href":"https:\/\/www.cuencasmineras.com\/index.php\/wp-json\/wp\/v2\/types\/post"}],"author":[{"embeddable":true,"href":"https:\/\/www.cuencasmineras.com\/index.php\/wp-json\/wp\/v2\/users\/1"}],"replies":[{"embeddable":true,"href":"https:\/\/www.cuencasmineras.com\/index.php\/wp-json\/wp\/v2\/comments?post=4832"}],"version-history":[{"count":1,"href":"https:\/\/www.cuencasmineras.com\/index.php\/wp-json\/wp\/v2\/posts\/4832\/revisions"}],"predecessor-version":[{"id":4834,"href":"https:\/\/www.cuencasmineras.com\/index.php\/wp-json\/wp\/v2\/posts\/4832\/revisions\/4834"}],"wp:featuredmedia":[{"embeddable":true,"href":"https:\/\/www.cuencasmineras.com\/index.php\/wp-json\/wp\/v2\/media\/4833"}],"wp:attachment":[{"href":"https:\/\/www.cuencasmineras.com\/index.php\/wp-json\/wp\/v2\/media?parent=4832"}],"wp:term":[{"taxonomy":"category","embeddable":true,"href":"https:\/\/www.cuencasmineras.com\/index.php\/wp-json\/wp\/v2\/categories?post=4832"},{"taxonomy":"post_tag","embeddable":true,"href":"https:\/\/www.cuencasmineras.com\/index.php\/wp-json\/wp\/v2\/tags?post=4832"}],"curies":[{"name":"wp","href":"https:\/\/api.w.org\/{rel}","templated":true}]}}