{"id":4844,"date":"2023-01-08T19:48:57","date_gmt":"2023-01-08T19:48:57","guid":{"rendered":"https:\/\/www.cuencasmineras.com\/?p=4844"},"modified":"2023-01-08T19:48:57","modified_gmt":"2023-01-08T19:48:57","slug":"el-centro-de-mieres-se-peatonaliza-con-una-obra-que-cuesta-12-millones","status":"publish","type":"post","link":"https:\/\/www.cuencasmineras.com\/index.php\/2023\/01\/08\/el-centro-de-mieres-se-peatonaliza-con-una-obra-que-cuesta-12-millones\/","title":{"rendered":"El centro de Mieres se peatonaliza, con una obra que cuesta 1,2 millones"},"content":{"rendered":"<p style=\"text-align: justify;\">Las calles Doce de Octubre y Escuela de Capataces tendr\u00e1n nuevo \u00aboutfit\u00bb en este 2023. Las obras de peatonalizaci\u00f3n de ambas v\u00edas en sus sectores del entorno de la plaza de abastos de Mieres comenzar\u00e1n en breve, toda vez que el contrato con la empresa adjudicataria ya se ha formalizado. Los trabajos tendr\u00e1n un coste final de 1,24 millones de euros (impuestos incluidos), lo que supone una rebaja de m\u00e1s de un cuarto de mill\u00f3n sobre los m\u00e1s de 1,5 millones presupuestados inicialmente en el proceso de licitaci\u00f3n.<\/p>\n<p><img loading=\"lazy\" decoding=\"async\" class=\"size-large wp-image-4845 aligncenter\" src=\"https:\/\/www.cuencasmineras.com\/wp-content\/uploads\/2023\/01\/2ae8d336-1df1-4180-ad1d-3a299f4eabc4_21-9-aspect-ratio_default_0-1024x438.jpg\" alt=\"\" width=\"640\" height=\"274\" srcset=\"https:\/\/www.cuencasmineras.com\/wp-content\/uploads\/2023\/01\/2ae8d336-1df1-4180-ad1d-3a299f4eabc4_21-9-aspect-ratio_default_0-1024x438.jpg 1024w, https:\/\/www.cuencasmineras.com\/wp-content\/uploads\/2023\/01\/2ae8d336-1df1-4180-ad1d-3a299f4eabc4_21-9-aspect-ratio_default_0-300x128.jpg 300w, https:\/\/www.cuencasmineras.com\/wp-content\/uploads\/2023\/01\/2ae8d336-1df1-4180-ad1d-3a299f4eabc4_21-9-aspect-ratio_default_0-768x329.jpg 768w, https:\/\/www.cuencasmineras.com\/wp-content\/uploads\/2023\/01\/2ae8d336-1df1-4180-ad1d-3a299f4eabc4_21-9-aspect-ratio_default_0.jpg 1280w\" sizes=\"auto, (max-width: 640px) 100vw, 640px\" \/><\/p>\n<p style=\"text-align: justify;\">Con estas obras se dar\u00e1 \u00aboficialidad\u00bb a la situaci\u00f3n que tienen estas dos arterias del coraz\u00f3n de Mieres desde la pandemia, que de forma provisional ya se viene desarrollando desde poco despu\u00e9s del confinamiento, a mediados de 2020. Tras salir del confinamiento, el Ayuntamiento de Mieres tom\u00f3 la decisi\u00f3n de cerrar al tr\u00e1fico los tramos de las calles de Doce de Octubre y Escuela de Capataces, entre las v\u00edas Manuel Llaneza y Carre\u00f1o Miranda. Esa decisi\u00f3n respondi\u00f3 a la idea de dejar m\u00e1s espacio a los ciudadanos para poder pasear con distancias de seguridad durante la desescalada. Sin embargo, el proyecto ya naci\u00f3 con vocaci\u00f3n de hacerse estable, dejando as\u00ed estas calles del centro de Mieres como peatonales, con un uso restringido por parte de los veh\u00edculos, pudiendo solo acceder aquellos para carga y descarga y los propietarios de cocheras. As\u00ed, el Ayuntamiento de Mieres anunciaba su intenci\u00f3n de ampliar el eje peatonal del centro de la ciudad a estas dos nuevas calles, y sumarlas a las calles Aller, Jer\u00f3nimo Ibr\u00e1n, La Vega, Vel\u00e1zquez o Guillermo Schultz entre otras.<\/p>\n<p style=\"text-align: justify;\">El pasado a\u00f1o, el gobierno local sacaba a concurso las obras por un importe de 1,58 millones de euros, y a finales del mismo, tras analizar las nueve ofertas presentadas al concurso, cerraba el proceso con la formalizaci\u00f3n del contrato con la empresa \u00abContratas Souto S.L -Evasfal S.L.U\u00bb, por un importe de 1,24 millones de euros y un plazo de ejecuci\u00f3n de ocho meses. Los trabajos comenzar\u00e1n en las pr\u00f3ximas semanas, por lo que, tras el verano, dos de las principales arterias del casco urbano ser\u00e1n ya, oficialmente, peatonales.<\/p>\n<p style=\"text-align: justify;\">Entre los trabajos que conlleva el proyecto, seg\u00fan se explica en el pliego de prescripciones t\u00e9cnicas, adem\u00e1s de la propia colocaci\u00f3n de la nueva pavimentaci\u00f3n, que se ejecutar\u00e1 con losetas de pavimento gran\u00edtico en color rosa (Tipo Rosavel) y gris (tipo Xinzo Saqqara) y textura flameada id\u00e9nticas a las existentes en las dos calles ya peatonalizadas, tambi\u00e9n de deber\u00e1 de dotar a estas calles de mobiliario urbano, tales como bancos o jardineras.<\/p>\n<p>&nbsp;<\/p>\n<p><strong>Fuente: LNE<\/strong><\/p>\n","protected":false},"excerpt":{"rendered":"<p>Las calles Doce de Octubre y Escuela de Capataces tendr\u00e1n nuevo \u00aboutfit\u00bb en este 2023. Las obras de peatonalizaci\u00f3n de ambas v\u00edas en sus sectores del entorno de la plaza de abastos de Mieres comenzar\u00e1n en breve, toda vez que el contrato con la empresa adjudicataria ya se ha formalizado. Los trabajos tendr\u00e1n un coste [&hellip;]<\/p>\n","protected":false},"author":1,"featured_media":4845,"comment_status":"open","ping_status":"open","sticky":false,"template":"","format":"standard","meta":{"footnotes":""},"categories":[7,6],"tags":[],"class_list":["post-4844","post","type-post","status-publish","format-standard","has-post-thumbnail","hentry","category-caudal","category-noticias"],"yoast_head":"<!-- This site is optimized with the Yoast SEO plugin v27.4 - https:\/\/yoast.com\/product\/yoast-seo-wordpress\/ -->\n<title>El centro de Mieres se peatonaliza, con una obra que cuesta 1,2 millones - cm news<\/title>\n<meta name=\"description\" content=\"La adjudicataria del proyecto mejor\u00f3 en m\u00e1s de un cuarto de mill\u00f3n de euros el presupuesto previsto para los trabajos\" \/>\n<meta name=\"robots\" content=\"index, follow, max-snippet:-1, max-image-preview:large, max-video-preview:-1\" \/>\n<link rel=\"canonical\" href=\"https:\/\/www.cuencasmineras.com\/index.php\/2023\/01\/08\/el-centro-de-mieres-se-peatonaliza-con-una-obra-que-cuesta-12-millones\/\" \/>\n<meta property=\"og:locale\" content=\"es_ES\" \/>\n<meta property=\"og:type\" content=\"article\" \/>\n<meta property=\"og:title\" content=\"El centro de Mieres se peatonaliza, con una obra que cuesta 1,2 millones - cm news\" \/>\n<meta property=\"og:description\" content=\"La adjudicataria del proyecto mejor\u00f3 en m\u00e1s de un cuarto de mill\u00f3n de euros el presupuesto previsto para los trabajos\" \/>\n<meta property=\"og:url\" content=\"https:\/\/www.cuencasmineras.com\/index.php\/2023\/01\/08\/el-centro-de-mieres-se-peatonaliza-con-una-obra-que-cuesta-12-millones\/\" \/>\n<meta property=\"article:published_time\" content=\"2023-01-08T19:48:57+00:00\" \/>\n<meta property=\"og:image\" content=\"https:\/\/www.cuencasmineras.com\/wp-content\/uploads\/2023\/01\/2ae8d336-1df1-4180-ad1d-3a299f4eabc4_21-9-aspect-ratio_default_0.jpg\" \/>\n\t<meta property=\"og:image:width\" content=\"1280\" \/>\n\t<meta property=\"og:image:height\" content=\"548\" \/>\n\t<meta property=\"og:image:type\" content=\"image\/jpeg\" \/>\n<meta name=\"author\" content=\"admin\" \/>\n<meta name=\"twitter:card\" content=\"summary_large_image\" \/>\n<meta name=\"twitter:label1\" content=\"Escrito por\" \/>\n\t<meta name=\"twitter:data1\" content=\"admin\" \/>\n\t<meta name=\"twitter:label2\" content=\"Tiempo de lectura\" \/>\n\t<meta name=\"twitter:data2\" content=\"3 minutos\" \/>\n<script type=\"application\/ld+json\" class=\"yoast-schema-graph\">{\"@context\":\"https:\\\/\\\/schema.org\",\"@graph\":[{\"@type\":\"Article\",\"@id\":\"https:\\\/\\\/www.cuencasmineras.com\\\/index.php\\\/2023\\\/01\\\/08\\\/el-centro-de-mieres-se-peatonaliza-con-una-obra-que-cuesta-12-millones\\\/#article\",\"isPartOf\":{\"@id\":\"https:\\\/\\\/www.cuencasmineras.com\\\/index.php\\\/2023\\\/01\\\/08\\\/el-centro-de-mieres-se-peatonaliza-con-una-obra-que-cuesta-12-millones\\\/\"},\"author\":{\"name\":\"admin\",\"@id\":\"https:\\\/\\\/www.cuencasmineras.com\\\/#\\\/schema\\\/person\\\/be0691310e8496ec555f679dd688420c\"},\"headline\":\"El centro de Mieres se peatonaliza, con una obra que cuesta 1,2 millones\",\"datePublished\":\"2023-01-08T19:48:57+00:00\",\"mainEntityOfPage\":{\"@id\":\"https:\\\/\\\/www.cuencasmineras.com\\\/index.php\\\/2023\\\/01\\\/08\\\/el-centro-de-mieres-se-peatonaliza-con-una-obra-que-cuesta-12-millones\\\/\"},\"wordCount\":478,\"commentCount\":0,\"image\":{\"@id\":\"https:\\\/\\\/www.cuencasmineras.com\\\/index.php\\\/2023\\\/01\\\/08\\\/el-centro-de-mieres-se-peatonaliza-con-una-obra-que-cuesta-12-millones\\\/#primaryimage\"},\"thumbnailUrl\":\"https:\\\/\\\/www.cuencasmineras.com\\\/wp-content\\\/uploads\\\/2023\\\/01\\\/2ae8d336-1df1-4180-ad1d-3a299f4eabc4_21-9-aspect-ratio_default_0.jpg\",\"articleSection\":[\"Caudal\",\"CM NEWS\"],\"inLanguage\":\"es\",\"potentialAction\":[{\"@type\":\"CommentAction\",\"name\":\"Comment\",\"target\":[\"https:\\\/\\\/www.cuencasmineras.com\\\/index.php\\\/2023\\\/01\\\/08\\\/el-centro-de-mieres-se-peatonaliza-con-una-obra-que-cuesta-12-millones\\\/#respond\"]}]},{\"@type\":\"WebPage\",\"@id\":\"https:\\\/\\\/www.cuencasmineras.com\\\/index.php\\\/2023\\\/01\\\/08\\\/el-centro-de-mieres-se-peatonaliza-con-una-obra-que-cuesta-12-millones\\\/\",\"url\":\"https:\\\/\\\/www.cuencasmineras.com\\\/index.php\\\/2023\\\/01\\\/08\\\/el-centro-de-mieres-se-peatonaliza-con-una-obra-que-cuesta-12-millones\\\/\",\"name\":\"El centro de Mieres se peatonaliza, con una obra que cuesta 1,2 millones - cm news\",\"isPartOf\":{\"@id\":\"https:\\\/\\\/www.cuencasmineras.com\\\/#website\"},\"primaryImageOfPage\":{\"@id\":\"https:\\\/\\\/www.cuencasmineras.com\\\/index.php\\\/2023\\\/01\\\/08\\\/el-centro-de-mieres-se-peatonaliza-con-una-obra-que-cuesta-12-millones\\\/#primaryimage\"},\"image\":{\"@id\":\"https:\\\/\\\/www.cuencasmineras.com\\\/index.php\\\/2023\\\/01\\\/08\\\/el-centro-de-mieres-se-peatonaliza-con-una-obra-que-cuesta-12-millones\\\/#primaryimage\"},\"thumbnailUrl\":\"https:\\\/\\\/www.cuencasmineras.com\\\/wp-content\\\/uploads\\\/2023\\\/01\\\/2ae8d336-1df1-4180-ad1d-3a299f4eabc4_21-9-aspect-ratio_default_0.jpg\",\"datePublished\":\"2023-01-08T19:48:57+00:00\",\"author\":{\"@id\":\"https:\\\/\\\/www.cuencasmineras.com\\\/#\\\/schema\\\/person\\\/be0691310e8496ec555f679dd688420c\"},\"description\":\"La adjudicataria del proyecto mejor\u00f3 en m\u00e1s de un cuarto de mill\u00f3n de euros el presupuesto previsto para los trabajos\",\"breadcrumb\":{\"@id\":\"https:\\\/\\\/www.cuencasmineras.com\\\/index.php\\\/2023\\\/01\\\/08\\\/el-centro-de-mieres-se-peatonaliza-con-una-obra-que-cuesta-12-millones\\\/#breadcrumb\"},\"inLanguage\":\"es\",\"potentialAction\":[{\"@type\":\"ReadAction\",\"target\":[\"https:\\\/\\\/www.cuencasmineras.com\\\/index.php\\\/2023\\\/01\\\/08\\\/el-centro-de-mieres-se-peatonaliza-con-una-obra-que-cuesta-12-millones\\\/\"]}]},{\"@type\":\"ImageObject\",\"inLanguage\":\"es\",\"@id\":\"https:\\\/\\\/www.cuencasmineras.com\\\/index.php\\\/2023\\\/01\\\/08\\\/el-centro-de-mieres-se-peatonaliza-con-una-obra-que-cuesta-12-millones\\\/#primaryimage\",\"url\":\"https:\\\/\\\/www.cuencasmineras.com\\\/wp-content\\\/uploads\\\/2023\\\/01\\\/2ae8d336-1df1-4180-ad1d-3a299f4eabc4_21-9-aspect-ratio_default_0.jpg\",\"contentUrl\":\"https:\\\/\\\/www.cuencasmineras.com\\\/wp-content\\\/uploads\\\/2023\\\/01\\\/2ae8d336-1df1-4180-ad1d-3a299f4eabc4_21-9-aspect-ratio_default_0.jpg\",\"width\":1280,\"height\":548},{\"@type\":\"BreadcrumbList\",\"@id\":\"https:\\\/\\\/www.cuencasmineras.com\\\/index.php\\\/2023\\\/01\\\/08\\\/el-centro-de-mieres-se-peatonaliza-con-una-obra-que-cuesta-12-millones\\\/#breadcrumb\",\"itemListElement\":[{\"@type\":\"ListItem\",\"position\":1,\"name\":\"Portada\",\"item\":\"https:\\\/\\\/www.cuencasmineras.com\\\/\"},{\"@type\":\"ListItem\",\"position\":2,\"name\":\"El centro de Mieres se peatonaliza, con una obra que cuesta 1,2 millones\"}]},{\"@type\":\"WebSite\",\"@id\":\"https:\\\/\\\/www.cuencasmineras.com\\\/#website\",\"url\":\"https:\\\/\\\/www.cuencasmineras.com\\\/\",\"name\":\"\",\"description\":\"\",\"potentialAction\":[{\"@type\":\"SearchAction\",\"target\":{\"@type\":\"EntryPoint\",\"urlTemplate\":\"https:\\\/\\\/www.cuencasmineras.com\\\/?s={search_term_string}\"},\"query-input\":{\"@type\":\"PropertyValueSpecification\",\"valueRequired\":true,\"valueName\":\"search_term_string\"}}],\"inLanguage\":\"es\"},{\"@type\":\"Person\",\"@id\":\"https:\\\/\\\/www.cuencasmineras.com\\\/#\\\/schema\\\/person\\\/be0691310e8496ec555f679dd688420c\",\"name\":\"admin\",\"image\":{\"@type\":\"ImageObject\",\"inLanguage\":\"es\",\"@id\":\"https:\\\/\\\/secure.gravatar.com\\\/avatar\\\/4afd2eed3b2fbbf36dd6707b5bd8a5b50ac648f033e36fbf85aeace2f0f859db?s=96&d=mm&r=g\",\"url\":\"https:\\\/\\\/secure.gravatar.com\\\/avatar\\\/4afd2eed3b2fbbf36dd6707b5bd8a5b50ac648f033e36fbf85aeace2f0f859db?s=96&d=mm&r=g\",\"contentUrl\":\"https:\\\/\\\/secure.gravatar.com\\\/avatar\\\/4afd2eed3b2fbbf36dd6707b5bd8a5b50ac648f033e36fbf85aeace2f0f859db?s=96&d=mm&r=g\",\"caption\":\"admin\"},\"sameAs\":[\"https:\\\/\\\/www.cuencasmineras.com\"],\"url\":\"https:\\\/\\\/www.cuencasmineras.com\\\/index.php\\\/author\\\/admin\\\/\"}]}<\/script>\n<!-- \/ Yoast SEO plugin. -->","yoast_head_json":{"title":"El centro de Mieres se peatonaliza, con una obra que cuesta 1,2 millones - cm news","description":"La adjudicataria del proyecto mejor\u00f3 en m\u00e1s de un cuarto de mill\u00f3n de euros el presupuesto previsto para los trabajos","robots":{"index":"index","follow":"follow","max-snippet":"max-snippet:-1","max-image-preview":"max-image-preview:large","max-video-preview":"max-video-preview:-1"},"canonical":"https:\/\/www.cuencasmineras.com\/index.php\/2023\/01\/08\/el-centro-de-mieres-se-peatonaliza-con-una-obra-que-cuesta-12-millones\/","og_locale":"es_ES","og_type":"article","og_title":"El centro de Mieres se peatonaliza, con una obra que cuesta 1,2 millones - cm news","og_description":"La adjudicataria del proyecto mejor\u00f3 en m\u00e1s de un cuarto de mill\u00f3n de euros el presupuesto previsto para los trabajos","og_url":"https:\/\/www.cuencasmineras.com\/index.php\/2023\/01\/08\/el-centro-de-mieres-se-peatonaliza-con-una-obra-que-cuesta-12-millones\/","article_published_time":"2023-01-08T19:48:57+00:00","og_image":[{"width":1280,"height":548,"url":"https:\/\/www.cuencasmineras.com\/wp-content\/uploads\/2023\/01\/2ae8d336-1df1-4180-ad1d-3a299f4eabc4_21-9-aspect-ratio_default_0.jpg","type":"image\/jpeg"}],"author":"admin","twitter_card":"summary_large_image","twitter_misc":{"Escrito por":"admin","Tiempo de lectura":"3 minutos"},"schema":{"@context":"https:\/\/schema.org","@graph":[{"@type":"Article","@id":"https:\/\/www.cuencasmineras.com\/index.php\/2023\/01\/08\/el-centro-de-mieres-se-peatonaliza-con-una-obra-que-cuesta-12-millones\/#article","isPartOf":{"@id":"https:\/\/www.cuencasmineras.com\/index.php\/2023\/01\/08\/el-centro-de-mieres-se-peatonaliza-con-una-obra-que-cuesta-12-millones\/"},"author":{"name":"admin","@id":"https:\/\/www.cuencasmineras.com\/#\/schema\/person\/be0691310e8496ec555f679dd688420c"},"headline":"El centro de Mieres se peatonaliza, con una obra que cuesta 1,2 millones","datePublished":"2023-01-08T19:48:57+00:00","mainEntityOfPage":{"@id":"https:\/\/www.cuencasmineras.com\/index.php\/2023\/01\/08\/el-centro-de-mieres-se-peatonaliza-con-una-obra-que-cuesta-12-millones\/"},"wordCount":478,"commentCount":0,"image":{"@id":"https:\/\/www.cuencasmineras.com\/index.php\/2023\/01\/08\/el-centro-de-mieres-se-peatonaliza-con-una-obra-que-cuesta-12-millones\/#primaryimage"},"thumbnailUrl":"https:\/\/www.cuencasmineras.com\/wp-content\/uploads\/2023\/01\/2ae8d336-1df1-4180-ad1d-3a299f4eabc4_21-9-aspect-ratio_default_0.jpg","articleSection":["Caudal","CM NEWS"],"inLanguage":"es","potentialAction":[{"@type":"CommentAction","name":"Comment","target":["https:\/\/www.cuencasmineras.com\/index.php\/2023\/01\/08\/el-centro-de-mieres-se-peatonaliza-con-una-obra-que-cuesta-12-millones\/#respond"]}]},{"@type":"WebPage","@id":"https:\/\/www.cuencasmineras.com\/index.php\/2023\/01\/08\/el-centro-de-mieres-se-peatonaliza-con-una-obra-que-cuesta-12-millones\/","url":"https:\/\/www.cuencasmineras.com\/index.php\/2023\/01\/08\/el-centro-de-mieres-se-peatonaliza-con-una-obra-que-cuesta-12-millones\/","name":"El centro de Mieres se peatonaliza, con una obra que cuesta 1,2 millones - cm news","isPartOf":{"@id":"https:\/\/www.cuencasmineras.com\/#website"},"primaryImageOfPage":{"@id":"https:\/\/www.cuencasmineras.com\/index.php\/2023\/01\/08\/el-centro-de-mieres-se-peatonaliza-con-una-obra-que-cuesta-12-millones\/#primaryimage"},"image":{"@id":"https:\/\/www.cuencasmineras.com\/index.php\/2023\/01\/08\/el-centro-de-mieres-se-peatonaliza-con-una-obra-que-cuesta-12-millones\/#primaryimage"},"thumbnailUrl":"https:\/\/www.cuencasmineras.com\/wp-content\/uploads\/2023\/01\/2ae8d336-1df1-4180-ad1d-3a299f4eabc4_21-9-aspect-ratio_default_0.jpg","datePublished":"2023-01-08T19:48:57+00:00","author":{"@id":"https:\/\/www.cuencasmineras.com\/#\/schema\/person\/be0691310e8496ec555f679dd688420c"},"description":"La adjudicataria del proyecto mejor\u00f3 en m\u00e1s de un cuarto de mill\u00f3n de euros el presupuesto previsto para los trabajos","breadcrumb":{"@id":"https:\/\/www.cuencasmineras.com\/index.php\/2023\/01\/08\/el-centro-de-mieres-se-peatonaliza-con-una-obra-que-cuesta-12-millones\/#breadcrumb"},"inLanguage":"es","potentialAction":[{"@type":"ReadAction","target":["https:\/\/www.cuencasmineras.com\/index.php\/2023\/01\/08\/el-centro-de-mieres-se-peatonaliza-con-una-obra-que-cuesta-12-millones\/"]}]},{"@type":"ImageObject","inLanguage":"es","@id":"https:\/\/www.cuencasmineras.com\/index.php\/2023\/01\/08\/el-centro-de-mieres-se-peatonaliza-con-una-obra-que-cuesta-12-millones\/#primaryimage","url":"https:\/\/www.cuencasmineras.com\/wp-content\/uploads\/2023\/01\/2ae8d336-1df1-4180-ad1d-3a299f4eabc4_21-9-aspect-ratio_default_0.jpg","contentUrl":"https:\/\/www.cuencasmineras.com\/wp-content\/uploads\/2023\/01\/2ae8d336-1df1-4180-ad1d-3a299f4eabc4_21-9-aspect-ratio_default_0.jpg","width":1280,"height":548},{"@type":"BreadcrumbList","@id":"https:\/\/www.cuencasmineras.com\/index.php\/2023\/01\/08\/el-centro-de-mieres-se-peatonaliza-con-una-obra-que-cuesta-12-millones\/#breadcrumb","itemListElement":[{"@type":"ListItem","position":1,"name":"Portada","item":"https:\/\/www.cuencasmineras.com\/"},{"@type":"ListItem","position":2,"name":"El centro de Mieres se peatonaliza, con una obra que cuesta 1,2 millones"}]},{"@type":"WebSite","@id":"https:\/\/www.cuencasmineras.com\/#website","url":"https:\/\/www.cuencasmineras.com\/","name":"","description":"","potentialAction":[{"@type":"SearchAction","target":{"@type":"EntryPoint","urlTemplate":"https:\/\/www.cuencasmineras.com\/?s={search_term_string}"},"query-input":{"@type":"PropertyValueSpecification","valueRequired":true,"valueName":"search_term_string"}}],"inLanguage":"es"},{"@type":"Person","@id":"https:\/\/www.cuencasmineras.com\/#\/schema\/person\/be0691310e8496ec555f679dd688420c","name":"admin","image":{"@type":"ImageObject","inLanguage":"es","@id":"https:\/\/secure.gravatar.com\/avatar\/4afd2eed3b2fbbf36dd6707b5bd8a5b50ac648f033e36fbf85aeace2f0f859db?s=96&d=mm&r=g","url":"https:\/\/secure.gravatar.com\/avatar\/4afd2eed3b2fbbf36dd6707b5bd8a5b50ac648f033e36fbf85aeace2f0f859db?s=96&d=mm&r=g","contentUrl":"https:\/\/secure.gravatar.com\/avatar\/4afd2eed3b2fbbf36dd6707b5bd8a5b50ac648f033e36fbf85aeace2f0f859db?s=96&d=mm&r=g","caption":"admin"},"sameAs":["https:\/\/www.cuencasmineras.com"],"url":"https:\/\/www.cuencasmineras.com\/index.php\/author\/admin\/"}]}},"_links":{"self":[{"href":"https:\/\/www.cuencasmineras.com\/index.php\/wp-json\/wp\/v2\/posts\/4844","targetHints":{"allow":["GET"]}}],"collection":[{"href":"https:\/\/www.cuencasmineras.com\/index.php\/wp-json\/wp\/v2\/posts"}],"about":[{"href":"https:\/\/www.cuencasmineras.com\/index.php\/wp-json\/wp\/v2\/types\/post"}],"author":[{"embeddable":true,"href":"https:\/\/www.cuencasmineras.com\/index.php\/wp-json\/wp\/v2\/users\/1"}],"replies":[{"embeddable":true,"href":"https:\/\/www.cuencasmineras.com\/index.php\/wp-json\/wp\/v2\/comments?post=4844"}],"version-history":[{"count":1,"href":"https:\/\/www.cuencasmineras.com\/index.php\/wp-json\/wp\/v2\/posts\/4844\/revisions"}],"predecessor-version":[{"id":4846,"href":"https:\/\/www.cuencasmineras.com\/index.php\/wp-json\/wp\/v2\/posts\/4844\/revisions\/4846"}],"wp:featuredmedia":[{"embeddable":true,"href":"https:\/\/www.cuencasmineras.com\/index.php\/wp-json\/wp\/v2\/media\/4845"}],"wp:attachment":[{"href":"https:\/\/www.cuencasmineras.com\/index.php\/wp-json\/wp\/v2\/media?parent=4844"}],"wp:term":[{"taxonomy":"category","embeddable":true,"href":"https:\/\/www.cuencasmineras.com\/index.php\/wp-json\/wp\/v2\/categories?post=4844"},{"taxonomy":"post_tag","embeddable":true,"href":"https:\/\/www.cuencasmineras.com\/index.php\/wp-json\/wp\/v2\/tags?post=4844"}],"curies":[{"name":"wp","href":"https:\/\/api.w.org\/{rel}","templated":true}]}}