{"id":4951,"date":"2023-05-15T16:12:53","date_gmt":"2023-05-15T16:12:53","guid":{"rendered":"https:\/\/www.cuencasmineras.com\/?p=4951"},"modified":"2023-05-15T16:12:53","modified_gmt":"2023-05-15T16:12:53","slug":"pp-de-mieres-presenta-mierestecuida-para-impulsar-los-servicios-sociales","status":"publish","type":"post","link":"https:\/\/www.cuencasmineras.com\/index.php\/2023\/05\/15\/pp-de-mieres-presenta-mierestecuida-para-impulsar-los-servicios-sociales\/","title":{"rendered":"PP de MIERES presenta #MieresTeCuida para impulsar los servicios sociales"},"content":{"rendered":"<p><strong>El Partido Popular de Mieres presenta su nueva iniciativa #MieresTeCuida, con el objetivo de impulsar los servicios sociales y el envejecimiento activo en el municipio<\/strong><\/p>\n<p><strong>\u00a0<\/strong><\/p>\n<ul>\n<li>Impulso al envejecimiento activo y creaci\u00f3n de tel\u00e9fono gratuito de atenci\u00f3n a mayores las 24 horas los 365 d\u00edas del a\u00f1o son los dos pilares adicionales de la iniciativa del PP de Mieres<\/li>\n<li>PP de Mieres busca impulsar la creaci\u00f3n de espacios de viviendas compartidas para mayores y pisos tutelados en todo el municipio.<\/li>\n<\/ul>\n<p><strong><u>\u00a0<\/u><\/strong><\/p>\n<p><strong><u>Mieres, 15 de mayo de 2023<\/u><\/strong><\/p>\n<p>&nbsp;<\/p>\n<p>La iniciativa se basa en tres pilares fundamentales que buscan mejorar la calidad de vida de los mayores y su acceso a los servicios municipales.<\/p>\n<p>El primer pilar consiste en la creaci\u00f3n de un servicio de acompa\u00f1amiento y ayuda en gestiones administrativas, que ser\u00e1 prestado por voluntarios. La iniciativa impusa el voluntariado real, con el apoyo de la administraci\u00f3n, para conseguir objetivos que beneficien a la comunidad. Adem\u00e1s, se propone un calendario anual de actividades deportivas, culturales y sociales para mantener activas las mentes de los mayores. Esta propuesta busca fomentar un voluntariado activo y establecer un respaldo real de la administraci\u00f3n para alcanzar los objetivos planteados.<\/p>\n<p>Enlazado a esta iniciativa, se promover\u00e1 el envejecimiento activo mediante un completo calendario anual de actividades en \u00e1mbitos deportivos, culturales y sociales. El prop\u00f3sito es mantener activas las mentes de nuestros mayores y garantizar su bienestar. Adem\u00e1s, se implementar\u00e1 un programa cultural espec\u00edfico, que ofrecer\u00e1 contenidos concretos y no generalistas, como el ciclo de cine tradicional, llevado a los distintos pueblos del concejo para descentralizar las actividades culturales \u00fanicamente en el casco urbano.<\/p>\n<p>El segundo pilar, representado por el hashtag #24HorasX365D\u00edas, tiene como meta la puesta en marcha de un tel\u00e9fono gratuito de atenci\u00f3n a mayores que funcionar\u00e1 los 365 d\u00edas del a\u00f1o. Este servicio no solo proporcionar\u00e1 ayuda en tr\u00e1mites municipales, sino tambi\u00e9n tutela y acompa\u00f1amiento en gestiones con otras administraciones, brindando una asistencia integral y continua.<\/p>\n<p>Por \u00faltimo, se busca impulsar de manera efectiva la creaci\u00f3n de espacios de pisos tutelados, cooperativas y viviendas compartidas en todo el municipio. Adem\u00e1s de cumplir con los compromisos adquiridos para los pisos prometidos en Tur\u00f3n, se aprovechar\u00e1n los espacios cerrados existentes en Ujo para darles una segunda vida. El \u00e1rea de urbanismo trabajar\u00e1 en fomentar la creaci\u00f3n de viviendas compartidas y cooperativas para lograr una mayor eficiencia en el uso del espacio.<\/p>\n<p>El PP de Mieres se compromete a promover el bienestar de la comunidad, especialmente de las personas mayores, a trav\u00e9s de esta iniciativa innovadora que se enfoca en el cuidado, la atenci\u00f3n y la calidad de vida. El partido se esforzar\u00e1 por garantizar que los servicios sociales sean accesibles, funcionales y eficientes para todos los ciudadanos.<\/p>\n","protected":false},"excerpt":{"rendered":"<p>El Partido Popular de Mieres presenta su nueva iniciativa #MieresTeCuida, con el objetivo de impulsar los servicios sociales y el envejecimiento activo en el municipio \u00a0 Impulso al envejecimiento activo y creaci\u00f3n de tel\u00e9fono gratuito de atenci\u00f3n a mayores las 24 horas los 365 d\u00edas del a\u00f1o son los dos pilares adicionales de la iniciativa [&hellip;]<\/p>\n","protected":false},"author":1,"featured_media":4881,"comment_status":"open","ping_status":"open","sticky":false,"template":"","format":"standard","meta":{"footnotes":""},"categories":[7,6],"tags":[31,106,125],"class_list":["post-4951","post","type-post","status-publish","format-standard","has-post-thumbnail","hentry","category-caudal","category-noticias","tag-mieres","tag-pp","tag-pp-mieres"],"yoast_head":"<!-- This site is optimized with the Yoast SEO plugin v27.4 - https:\/\/yoast.com\/product\/yoast-seo-wordpress\/ -->\n<title>PP de MIERES presenta #MieresTeCuida para impulsar los servicios sociales<\/title>\n<meta name=\"robots\" content=\"index, follow, max-snippet:-1, max-image-preview:large, max-video-preview:-1\" \/>\n<link rel=\"canonical\" href=\"https:\/\/www.cuencasmineras.com\/index.php\/2023\/05\/15\/pp-de-mieres-presenta-mierestecuida-para-impulsar-los-servicios-sociales\/\" \/>\n<meta property=\"og:locale\" content=\"es_ES\" \/>\n<meta property=\"og:type\" content=\"article\" \/>\n<meta property=\"og:title\" content=\"PP de MIERES presenta #MieresTeCuida para impulsar los servicios sociales\" \/>\n<meta property=\"og:description\" content=\"El Partido Popular de Mieres presenta su nueva iniciativa #MieresTeCuida, con el objetivo de impulsar los servicios sociales y el envejecimiento activo en el municipio \u00a0 Impulso al envejecimiento activo y creaci\u00f3n de tel\u00e9fono gratuito de atenci\u00f3n a mayores las 24 horas los 365 d\u00edas del a\u00f1o son los dos pilares adicionales de la iniciativa [&hellip;]\" \/>\n<meta property=\"og:url\" content=\"https:\/\/www.cuencasmineras.com\/index.php\/2023\/05\/15\/pp-de-mieres-presenta-mierestecuida-para-impulsar-los-servicios-sociales\/\" \/>\n<meta property=\"article:published_time\" content=\"2023-05-15T16:12:53+00:00\" \/>\n<meta property=\"og:image\" content=\"https:\/\/www.cuencasmineras.com\/wp-content\/uploads\/2023\/02\/20230221_132356-scaled.jpg\" \/>\n\t<meta property=\"og:image:width\" content=\"1772\" \/>\n\t<meta property=\"og:image:height\" content=\"2560\" \/>\n\t<meta property=\"og:image:type\" content=\"image\/jpeg\" \/>\n<meta name=\"author\" content=\"admin\" \/>\n<meta name=\"twitter:card\" content=\"summary_large_image\" \/>\n<meta name=\"twitter:label1\" content=\"Escrito por\" \/>\n\t<meta name=\"twitter:data1\" content=\"admin\" \/>\n\t<meta name=\"twitter:label2\" content=\"Tiempo de lectura\" \/>\n\t<meta name=\"twitter:data2\" content=\"3 minutos\" \/>\n<script type=\"application\/ld+json\" class=\"yoast-schema-graph\">{\"@context\":\"https:\\\/\\\/schema.org\",\"@graph\":[{\"@type\":\"Article\",\"@id\":\"https:\\\/\\\/www.cuencasmineras.com\\\/index.php\\\/2023\\\/05\\\/15\\\/pp-de-mieres-presenta-mierestecuida-para-impulsar-los-servicios-sociales\\\/#article\",\"isPartOf\":{\"@id\":\"https:\\\/\\\/www.cuencasmineras.com\\\/index.php\\\/2023\\\/05\\\/15\\\/pp-de-mieres-presenta-mierestecuida-para-impulsar-los-servicios-sociales\\\/\"},\"author\":{\"name\":\"admin\",\"@id\":\"https:\\\/\\\/www.cuencasmineras.com\\\/#\\\/schema\\\/person\\\/be0691310e8496ec555f679dd688420c\"},\"headline\":\"PP de MIERES presenta #MieresTeCuida para impulsar los servicios sociales\",\"datePublished\":\"2023-05-15T16:12:53+00:00\",\"mainEntityOfPage\":{\"@id\":\"https:\\\/\\\/www.cuencasmineras.com\\\/index.php\\\/2023\\\/05\\\/15\\\/pp-de-mieres-presenta-mierestecuida-para-impulsar-los-servicios-sociales\\\/\"},\"wordCount\":485,\"commentCount\":0,\"image\":{\"@id\":\"https:\\\/\\\/www.cuencasmineras.com\\\/index.php\\\/2023\\\/05\\\/15\\\/pp-de-mieres-presenta-mierestecuida-para-impulsar-los-servicios-sociales\\\/#primaryimage\"},\"thumbnailUrl\":\"https:\\\/\\\/www.cuencasmineras.com\\\/wp-content\\\/uploads\\\/2023\\\/02\\\/20230221_132356-scaled.jpg\",\"keywords\":[\"mieres\",\"PP\",\"PP MIERES\"],\"articleSection\":[\"Caudal\",\"CM NEWS\"],\"inLanguage\":\"es\",\"potentialAction\":[{\"@type\":\"CommentAction\",\"name\":\"Comment\",\"target\":[\"https:\\\/\\\/www.cuencasmineras.com\\\/index.php\\\/2023\\\/05\\\/15\\\/pp-de-mieres-presenta-mierestecuida-para-impulsar-los-servicios-sociales\\\/#respond\"]}]},{\"@type\":\"WebPage\",\"@id\":\"https:\\\/\\\/www.cuencasmineras.com\\\/index.php\\\/2023\\\/05\\\/15\\\/pp-de-mieres-presenta-mierestecuida-para-impulsar-los-servicios-sociales\\\/\",\"url\":\"https:\\\/\\\/www.cuencasmineras.com\\\/index.php\\\/2023\\\/05\\\/15\\\/pp-de-mieres-presenta-mierestecuida-para-impulsar-los-servicios-sociales\\\/\",\"name\":\"PP de MIERES presenta #MieresTeCuida para impulsar los servicios sociales\",\"isPartOf\":{\"@id\":\"https:\\\/\\\/www.cuencasmineras.com\\\/#website\"},\"primaryImageOfPage\":{\"@id\":\"https:\\\/\\\/www.cuencasmineras.com\\\/index.php\\\/2023\\\/05\\\/15\\\/pp-de-mieres-presenta-mierestecuida-para-impulsar-los-servicios-sociales\\\/#primaryimage\"},\"image\":{\"@id\":\"https:\\\/\\\/www.cuencasmineras.com\\\/index.php\\\/2023\\\/05\\\/15\\\/pp-de-mieres-presenta-mierestecuida-para-impulsar-los-servicios-sociales\\\/#primaryimage\"},\"thumbnailUrl\":\"https:\\\/\\\/www.cuencasmineras.com\\\/wp-content\\\/uploads\\\/2023\\\/02\\\/20230221_132356-scaled.jpg\",\"datePublished\":\"2023-05-15T16:12:53+00:00\",\"author\":{\"@id\":\"https:\\\/\\\/www.cuencasmineras.com\\\/#\\\/schema\\\/person\\\/be0691310e8496ec555f679dd688420c\"},\"breadcrumb\":{\"@id\":\"https:\\\/\\\/www.cuencasmineras.com\\\/index.php\\\/2023\\\/05\\\/15\\\/pp-de-mieres-presenta-mierestecuida-para-impulsar-los-servicios-sociales\\\/#breadcrumb\"},\"inLanguage\":\"es\",\"potentialAction\":[{\"@type\":\"ReadAction\",\"target\":[\"https:\\\/\\\/www.cuencasmineras.com\\\/index.php\\\/2023\\\/05\\\/15\\\/pp-de-mieres-presenta-mierestecuida-para-impulsar-los-servicios-sociales\\\/\"]}]},{\"@type\":\"ImageObject\",\"inLanguage\":\"es\",\"@id\":\"https:\\\/\\\/www.cuencasmineras.com\\\/index.php\\\/2023\\\/05\\\/15\\\/pp-de-mieres-presenta-mierestecuida-para-impulsar-los-servicios-sociales\\\/#primaryimage\",\"url\":\"https:\\\/\\\/www.cuencasmineras.com\\\/wp-content\\\/uploads\\\/2023\\\/02\\\/20230221_132356-scaled.jpg\",\"contentUrl\":\"https:\\\/\\\/www.cuencasmineras.com\\\/wp-content\\\/uploads\\\/2023\\\/02\\\/20230221_132356-scaled.jpg\",\"width\":1772,\"height\":2560},{\"@type\":\"BreadcrumbList\",\"@id\":\"https:\\\/\\\/www.cuencasmineras.com\\\/index.php\\\/2023\\\/05\\\/15\\\/pp-de-mieres-presenta-mierestecuida-para-impulsar-los-servicios-sociales\\\/#breadcrumb\",\"itemListElement\":[{\"@type\":\"ListItem\",\"position\":1,\"name\":\"Portada\",\"item\":\"https:\\\/\\\/www.cuencasmineras.com\\\/\"},{\"@type\":\"ListItem\",\"position\":2,\"name\":\"PP de MIERES presenta #MieresTeCuida para impulsar los servicios sociales\"}]},{\"@type\":\"WebSite\",\"@id\":\"https:\\\/\\\/www.cuencasmineras.com\\\/#website\",\"url\":\"https:\\\/\\\/www.cuencasmineras.com\\\/\",\"name\":\"\",\"description\":\"\",\"potentialAction\":[{\"@type\":\"SearchAction\",\"target\":{\"@type\":\"EntryPoint\",\"urlTemplate\":\"https:\\\/\\\/www.cuencasmineras.com\\\/?s={search_term_string}\"},\"query-input\":{\"@type\":\"PropertyValueSpecification\",\"valueRequired\":true,\"valueName\":\"search_term_string\"}}],\"inLanguage\":\"es\"},{\"@type\":\"Person\",\"@id\":\"https:\\\/\\\/www.cuencasmineras.com\\\/#\\\/schema\\\/person\\\/be0691310e8496ec555f679dd688420c\",\"name\":\"admin\",\"image\":{\"@type\":\"ImageObject\",\"inLanguage\":\"es\",\"@id\":\"https:\\\/\\\/secure.gravatar.com\\\/avatar\\\/4afd2eed3b2fbbf36dd6707b5bd8a5b50ac648f033e36fbf85aeace2f0f859db?s=96&d=mm&r=g\",\"url\":\"https:\\\/\\\/secure.gravatar.com\\\/avatar\\\/4afd2eed3b2fbbf36dd6707b5bd8a5b50ac648f033e36fbf85aeace2f0f859db?s=96&d=mm&r=g\",\"contentUrl\":\"https:\\\/\\\/secure.gravatar.com\\\/avatar\\\/4afd2eed3b2fbbf36dd6707b5bd8a5b50ac648f033e36fbf85aeace2f0f859db?s=96&d=mm&r=g\",\"caption\":\"admin\"},\"sameAs\":[\"https:\\\/\\\/www.cuencasmineras.com\"],\"url\":\"https:\\\/\\\/www.cuencasmineras.com\\\/index.php\\\/author\\\/admin\\\/\"}]}<\/script>\n<!-- \/ Yoast SEO plugin. -->","yoast_head_json":{"title":"PP de MIERES presenta #MieresTeCuida para impulsar los servicios sociales","robots":{"index":"index","follow":"follow","max-snippet":"max-snippet:-1","max-image-preview":"max-image-preview:large","max-video-preview":"max-video-preview:-1"},"canonical":"https:\/\/www.cuencasmineras.com\/index.php\/2023\/05\/15\/pp-de-mieres-presenta-mierestecuida-para-impulsar-los-servicios-sociales\/","og_locale":"es_ES","og_type":"article","og_title":"PP de MIERES presenta #MieresTeCuida para impulsar los servicios sociales","og_description":"El Partido Popular de Mieres presenta su nueva iniciativa #MieresTeCuida, con el objetivo de impulsar los servicios sociales y el envejecimiento activo en el municipio \u00a0 Impulso al envejecimiento activo y creaci\u00f3n de tel\u00e9fono gratuito de atenci\u00f3n a mayores las 24 horas los 365 d\u00edas del a\u00f1o son los dos pilares adicionales de la iniciativa [&hellip;]","og_url":"https:\/\/www.cuencasmineras.com\/index.php\/2023\/05\/15\/pp-de-mieres-presenta-mierestecuida-para-impulsar-los-servicios-sociales\/","article_published_time":"2023-05-15T16:12:53+00:00","og_image":[{"width":1772,"height":2560,"url":"https:\/\/www.cuencasmineras.com\/wp-content\/uploads\/2023\/02\/20230221_132356-scaled.jpg","type":"image\/jpeg"}],"author":"admin","twitter_card":"summary_large_image","twitter_misc":{"Escrito por":"admin","Tiempo de lectura":"3 minutos"},"schema":{"@context":"https:\/\/schema.org","@graph":[{"@type":"Article","@id":"https:\/\/www.cuencasmineras.com\/index.php\/2023\/05\/15\/pp-de-mieres-presenta-mierestecuida-para-impulsar-los-servicios-sociales\/#article","isPartOf":{"@id":"https:\/\/www.cuencasmineras.com\/index.php\/2023\/05\/15\/pp-de-mieres-presenta-mierestecuida-para-impulsar-los-servicios-sociales\/"},"author":{"name":"admin","@id":"https:\/\/www.cuencasmineras.com\/#\/schema\/person\/be0691310e8496ec555f679dd688420c"},"headline":"PP de MIERES presenta #MieresTeCuida para impulsar los servicios sociales","datePublished":"2023-05-15T16:12:53+00:00","mainEntityOfPage":{"@id":"https:\/\/www.cuencasmineras.com\/index.php\/2023\/05\/15\/pp-de-mieres-presenta-mierestecuida-para-impulsar-los-servicios-sociales\/"},"wordCount":485,"commentCount":0,"image":{"@id":"https:\/\/www.cuencasmineras.com\/index.php\/2023\/05\/15\/pp-de-mieres-presenta-mierestecuida-para-impulsar-los-servicios-sociales\/#primaryimage"},"thumbnailUrl":"https:\/\/www.cuencasmineras.com\/wp-content\/uploads\/2023\/02\/20230221_132356-scaled.jpg","keywords":["mieres","PP","PP MIERES"],"articleSection":["Caudal","CM NEWS"],"inLanguage":"es","potentialAction":[{"@type":"CommentAction","name":"Comment","target":["https:\/\/www.cuencasmineras.com\/index.php\/2023\/05\/15\/pp-de-mieres-presenta-mierestecuida-para-impulsar-los-servicios-sociales\/#respond"]}]},{"@type":"WebPage","@id":"https:\/\/www.cuencasmineras.com\/index.php\/2023\/05\/15\/pp-de-mieres-presenta-mierestecuida-para-impulsar-los-servicios-sociales\/","url":"https:\/\/www.cuencasmineras.com\/index.php\/2023\/05\/15\/pp-de-mieres-presenta-mierestecuida-para-impulsar-los-servicios-sociales\/","name":"PP de MIERES presenta #MieresTeCuida para impulsar los servicios sociales","isPartOf":{"@id":"https:\/\/www.cuencasmineras.com\/#website"},"primaryImageOfPage":{"@id":"https:\/\/www.cuencasmineras.com\/index.php\/2023\/05\/15\/pp-de-mieres-presenta-mierestecuida-para-impulsar-los-servicios-sociales\/#primaryimage"},"image":{"@id":"https:\/\/www.cuencasmineras.com\/index.php\/2023\/05\/15\/pp-de-mieres-presenta-mierestecuida-para-impulsar-los-servicios-sociales\/#primaryimage"},"thumbnailUrl":"https:\/\/www.cuencasmineras.com\/wp-content\/uploads\/2023\/02\/20230221_132356-scaled.jpg","datePublished":"2023-05-15T16:12:53+00:00","author":{"@id":"https:\/\/www.cuencasmineras.com\/#\/schema\/person\/be0691310e8496ec555f679dd688420c"},"breadcrumb":{"@id":"https:\/\/www.cuencasmineras.com\/index.php\/2023\/05\/15\/pp-de-mieres-presenta-mierestecuida-para-impulsar-los-servicios-sociales\/#breadcrumb"},"inLanguage":"es","potentialAction":[{"@type":"ReadAction","target":["https:\/\/www.cuencasmineras.com\/index.php\/2023\/05\/15\/pp-de-mieres-presenta-mierestecuida-para-impulsar-los-servicios-sociales\/"]}]},{"@type":"ImageObject","inLanguage":"es","@id":"https:\/\/www.cuencasmineras.com\/index.php\/2023\/05\/15\/pp-de-mieres-presenta-mierestecuida-para-impulsar-los-servicios-sociales\/#primaryimage","url":"https:\/\/www.cuencasmineras.com\/wp-content\/uploads\/2023\/02\/20230221_132356-scaled.jpg","contentUrl":"https:\/\/www.cuencasmineras.com\/wp-content\/uploads\/2023\/02\/20230221_132356-scaled.jpg","width":1772,"height":2560},{"@type":"BreadcrumbList","@id":"https:\/\/www.cuencasmineras.com\/index.php\/2023\/05\/15\/pp-de-mieres-presenta-mierestecuida-para-impulsar-los-servicios-sociales\/#breadcrumb","itemListElement":[{"@type":"ListItem","position":1,"name":"Portada","item":"https:\/\/www.cuencasmineras.com\/"},{"@type":"ListItem","position":2,"name":"PP de MIERES presenta #MieresTeCuida para impulsar los servicios sociales"}]},{"@type":"WebSite","@id":"https:\/\/www.cuencasmineras.com\/#website","url":"https:\/\/www.cuencasmineras.com\/","name":"","description":"","potentialAction":[{"@type":"SearchAction","target":{"@type":"EntryPoint","urlTemplate":"https:\/\/www.cuencasmineras.com\/?s={search_term_string}"},"query-input":{"@type":"PropertyValueSpecification","valueRequired":true,"valueName":"search_term_string"}}],"inLanguage":"es"},{"@type":"Person","@id":"https:\/\/www.cuencasmineras.com\/#\/schema\/person\/be0691310e8496ec555f679dd688420c","name":"admin","image":{"@type":"ImageObject","inLanguage":"es","@id":"https:\/\/secure.gravatar.com\/avatar\/4afd2eed3b2fbbf36dd6707b5bd8a5b50ac648f033e36fbf85aeace2f0f859db?s=96&d=mm&r=g","url":"https:\/\/secure.gravatar.com\/avatar\/4afd2eed3b2fbbf36dd6707b5bd8a5b50ac648f033e36fbf85aeace2f0f859db?s=96&d=mm&r=g","contentUrl":"https:\/\/secure.gravatar.com\/avatar\/4afd2eed3b2fbbf36dd6707b5bd8a5b50ac648f033e36fbf85aeace2f0f859db?s=96&d=mm&r=g","caption":"admin"},"sameAs":["https:\/\/www.cuencasmineras.com"],"url":"https:\/\/www.cuencasmineras.com\/index.php\/author\/admin\/"}]}},"_links":{"self":[{"href":"https:\/\/www.cuencasmineras.com\/index.php\/wp-json\/wp\/v2\/posts\/4951","targetHints":{"allow":["GET"]}}],"collection":[{"href":"https:\/\/www.cuencasmineras.com\/index.php\/wp-json\/wp\/v2\/posts"}],"about":[{"href":"https:\/\/www.cuencasmineras.com\/index.php\/wp-json\/wp\/v2\/types\/post"}],"author":[{"embeddable":true,"href":"https:\/\/www.cuencasmineras.com\/index.php\/wp-json\/wp\/v2\/users\/1"}],"replies":[{"embeddable":true,"href":"https:\/\/www.cuencasmineras.com\/index.php\/wp-json\/wp\/v2\/comments?post=4951"}],"version-history":[{"count":1,"href":"https:\/\/www.cuencasmineras.com\/index.php\/wp-json\/wp\/v2\/posts\/4951\/revisions"}],"predecessor-version":[{"id":4952,"href":"https:\/\/www.cuencasmineras.com\/index.php\/wp-json\/wp\/v2\/posts\/4951\/revisions\/4952"}],"wp:featuredmedia":[{"embeddable":true,"href":"https:\/\/www.cuencasmineras.com\/index.php\/wp-json\/wp\/v2\/media\/4881"}],"wp:attachment":[{"href":"https:\/\/www.cuencasmineras.com\/index.php\/wp-json\/wp\/v2\/media?parent=4951"}],"wp:term":[{"taxonomy":"category","embeddable":true,"href":"https:\/\/www.cuencasmineras.com\/index.php\/wp-json\/wp\/v2\/categories?post=4951"},{"taxonomy":"post_tag","embeddable":true,"href":"https:\/\/www.cuencasmineras.com\/index.php\/wp-json\/wp\/v2\/tags?post=4951"}],"curies":[{"name":"wp","href":"https:\/\/api.w.org\/{rel}","templated":true}]}}