{"id":4959,"date":"2023-05-22T16:26:09","date_gmt":"2023-05-22T16:26:09","guid":{"rendered":"https:\/\/www.cuencasmineras.com\/?p=4959"},"modified":"2023-05-22T16:26:09","modified_gmt":"2023-05-22T16:26:09","slug":"pp-mieres-propone-la-gratuidad-de-escuelas-infantiles-con-las-casas-nido","status":"publish","type":"post","link":"https:\/\/www.cuencasmineras.com\/index.php\/2023\/05\/22\/pp-mieres-propone-la-gratuidad-de-escuelas-infantiles-con-las-casas-nido\/","title":{"rendered":"PP MIERES propone la GRATUIDAD de ESCUELAS INFANTILES con las CASAS NIDO"},"content":{"rendered":"<ul>\n<li style=\"text-align: justify;\">El PP propone gratuidad y ampliaci\u00f3n de escuelas infantiles para impulsar el crecimiento rural por medio de CASAS NIDO<\/li>\n<li style=\"text-align: justify;\">Fernando Hern\u00e1ndez: \u201cIU llega tarde en sus propuestas, llevan 4 a\u00f1os rech\u00e1zanoslas en los plenos cada vez que las present\u00e1bamos, y ahora quieren, como malos estudiantes, correr antes de los ex\u00e1menes para enga\u00f1ar copiando\u201d<\/li>\n<\/ul>\n<p style=\"text-align: justify;\"><strong><u>\u00a0<\/u><\/strong><\/p>\n<p style=\"text-align: justify;\"><strong><u>Mieres, 21 de mayo de 2023<\/u><\/strong><\/p>\n<p style=\"text-align: justify;\">\n<p style=\"text-align: justify;\">El Partido Popular de Mieres ha presentado hoy sus propuestas para mejorar el sistema educativo del concejo, con un enfoque en <strong>la gratuidad de las escuelas infantiles, el mantenimiento de los centros educativos y el apoyo a las familias<\/strong>. Durante la intervenci\u00f3n, el portavoz del partido, Fernando Hern\u00e1ndez, hizo hincapi\u00e9 en <strong>la importancia de la universidad como motor del futuro de Mieres.<\/strong><\/p>\n<p style=\"text-align: justify;\">En cuanto a las escuelas infantiles, el PP de Mieres propone la gratuidad completa de estas instituciones, as\u00ed como el incremento del n\u00famero de plazas disponibles mediante la ampliaci\u00f3n de la escuela actual y <strong>la creaci\u00f3n de casas nido<\/strong> adaptadas a las caracter\u00edsticas del \u00e1mbito rural. Esta iniciativa que tanto \u00e9xito ha tenido en Galicia es una muy buena idea para exportarla a nuestro municipio y facilitar la instalaci\u00f3n de vecinos en nuestras zonas rurales. Seg\u00fan declaraciones del portavoz \u201cse hace todo el esfuerzo en el casco urbano y no se destinan recursos para las zonas perif\u00e9ricas, si queremos crecer en poblaci\u00f3n, hay que dar facilidades\u201d<\/p>\n<p style=\"text-align: justify;\">En relaci\u00f3n a los centros educativos, se plantea la creaci\u00f3n de una brigada encargada del mantenimiento de los centros de titularidad municipal, con el objetivo de no depender \u00fanicamente del Principado. Asimismo, se propone <strong>incrementar las ayudas de material escolar y comedor, estableciendo un sistema que solucione el adelanto de pago por parte de las familias<\/strong>. Tambi\u00e9n se contempla la implementaci\u00f3n de ayudas al transporte para los alumnos de FP o universitarios que estudien fuera del concejo.<\/p>\n<p style=\"text-align: justify;\">Seg\u00fan el portavoz \u201cllevamos varias propuestas en pleno solicitando que se ampliaran los estudios de FP en Mieres, <strong>todas rechazadas por IU,<\/strong> y ahora reclaman su ampliaci\u00f3n. <strong>Han sido 4 a\u00f1os perdidos<\/strong> donde ya podr\u00edamos tener estudios de FP en renovables, energ\u00eda u otros \u00e1mbitos. Con el actual Equipo de Gobierno se llega siempre tarde, 4 a\u00f1os tarde, suspenden y no aprueban ni en septiembre\u201d<\/p>\n<p style=\"text-align: justify;\">En cuanto a la universidad, el portavoz del PP de Mieres resalt\u00f3 la necesidad de aprovechar su potencial como motor del concejo. Se destac\u00f3 la intenci\u00f3n de <strong>impulsar estudios relacionados con la Edificaci\u00f3n y Arquitectura<\/strong>, complementarios a los actuales de Caminos, y con alta demanda en el mercado laboral. Adem\u00e1s, se mencion\u00f3 el inter\u00e9s por promover los estudios de Energ\u00edas Renovables, manteniendo la tradici\u00f3n de los estudios de Perito de Minas, con m\u00e1s de 160 a\u00f1os de historia en la zona.<\/p>\n<p style=\"text-align: justify;\">El portavoz tambi\u00e9n hizo hincapi\u00e9 en la importancia de establecer alianzas estrat\u00e9gicas entre el Ayuntamiento, el sector privado y las instituciones existentes en Mieres, como Hunosa, la universidad y las fundaciones de la energ\u00eda. Esta colaboraci\u00f3n permitir\u00eda promover la creaci\u00f3n de empleo y consolidar a Mieres como un centro de oportunidades.<\/p>\n<p style=\"text-align: justify;\">\u00abEl Ayuntamiento tiene un papel fundamental como nexo de uni\u00f3n entre empresas y administraciones\u00bb, declar\u00f3 Fernando Hern\u00e1ndez, portavoz del PP de Mieres. \u00abTenemos todos los elementos necesarios para generar empleo en Mieres, y el Ayuntamiento debe actuar como el cocinero que mezcla los ingredientes y da forma a esa oportunidad\u00bb.<\/p>\n<p style=\"text-align: justify;\">El Partido Popular de Mieres se compromete a llevar adelante estas propuestas y trabajar en conjunto con los ciudadanos y las entidades pertinentes para lograr un futuro pr\u00f3spero y prometedor para el concejo.<\/p>\n<p>&nbsp;<\/p>\n","protected":false},"excerpt":{"rendered":"<p>El PP propone gratuidad y ampliaci\u00f3n de escuelas infantiles para impulsar el crecimiento rural por medio de CASAS NIDO Fernando Hern\u00e1ndez: \u201cIU llega tarde en sus propuestas, llevan 4 a\u00f1os rech\u00e1zanoslas en los plenos cada vez que las present\u00e1bamos, y ahora quieren, como malos estudiantes, correr antes de los ex\u00e1menes para enga\u00f1ar copiando\u201d \u00a0 Mieres, [&hellip;]<\/p>\n","protected":false},"author":1,"featured_media":4960,"comment_status":"open","ping_status":"open","sticky":false,"template":"","format":"standard","meta":{"footnotes":""},"categories":[7,6],"tags":[31,125],"class_list":["post-4959","post","type-post","status-publish","format-standard","has-post-thumbnail","hentry","category-caudal","category-noticias","tag-mieres","tag-pp-mieres"],"yoast_head":"<!-- This site is optimized with the Yoast SEO plugin v27.4 - https:\/\/yoast.com\/product\/yoast-seo-wordpress\/ -->\n<title>PP MIERES propone la GRATUIDAD de ESCUELAS INFANTILES con las CASAS NIDO<\/title>\n<meta name=\"robots\" content=\"index, follow, max-snippet:-1, max-image-preview:large, max-video-preview:-1\" \/>\n<link rel=\"canonical\" href=\"https:\/\/www.cuencasmineras.com\/index.php\/2023\/05\/22\/pp-mieres-propone-la-gratuidad-de-escuelas-infantiles-con-las-casas-nido\/\" \/>\n<meta property=\"og:locale\" content=\"es_ES\" \/>\n<meta property=\"og:type\" content=\"article\" \/>\n<meta property=\"og:title\" content=\"PP MIERES propone la GRATUIDAD de ESCUELAS INFANTILES con las CASAS NIDO\" \/>\n<meta property=\"og:description\" content=\"El PP propone gratuidad y ampliaci\u00f3n de escuelas infantiles para impulsar el crecimiento rural por medio de CASAS NIDO Fernando Hern\u00e1ndez: \u201cIU llega tarde en sus propuestas, llevan 4 a\u00f1os rech\u00e1zanoslas en los plenos cada vez que las present\u00e1bamos, y ahora quieren, como malos estudiantes, correr antes de los ex\u00e1menes para enga\u00f1ar copiando\u201d \u00a0 Mieres, [&hellip;]\" \/>\n<meta property=\"og:url\" content=\"https:\/\/www.cuencasmineras.com\/index.php\/2023\/05\/22\/pp-mieres-propone-la-gratuidad-de-escuelas-infantiles-con-las-casas-nido\/\" \/>\n<meta property=\"article:published_time\" content=\"2023-05-22T16:26:09+00:00\" \/>\n<meta property=\"og:image\" content=\"https:\/\/www.cuencasmineras.com\/wp-content\/uploads\/2023\/05\/f.elconfidencial.com_original_c52_8d0_fb2_c528d0fb2b7750b66688b6dba828d6c9.jpg\" \/>\n\t<meta property=\"og:image:width\" content=\"1200\" \/>\n\t<meta property=\"og:image:height\" content=\"900\" \/>\n\t<meta property=\"og:image:type\" content=\"image\/jpeg\" \/>\n<meta name=\"author\" content=\"admin\" \/>\n<meta name=\"twitter:card\" content=\"summary_large_image\" \/>\n<meta name=\"twitter:label1\" content=\"Escrito por\" \/>\n\t<meta name=\"twitter:data1\" content=\"admin\" \/>\n\t<meta name=\"twitter:label2\" content=\"Tiempo de lectura\" \/>\n\t<meta name=\"twitter:data2\" content=\"3 minutos\" \/>\n<script type=\"application\/ld+json\" class=\"yoast-schema-graph\">{\"@context\":\"https:\\\/\\\/schema.org\",\"@graph\":[{\"@type\":\"Article\",\"@id\":\"https:\\\/\\\/www.cuencasmineras.com\\\/index.php\\\/2023\\\/05\\\/22\\\/pp-mieres-propone-la-gratuidad-de-escuelas-infantiles-con-las-casas-nido\\\/#article\",\"isPartOf\":{\"@id\":\"https:\\\/\\\/www.cuencasmineras.com\\\/index.php\\\/2023\\\/05\\\/22\\\/pp-mieres-propone-la-gratuidad-de-escuelas-infantiles-con-las-casas-nido\\\/\"},\"author\":{\"name\":\"admin\",\"@id\":\"https:\\\/\\\/www.cuencasmineras.com\\\/#\\\/schema\\\/person\\\/be0691310e8496ec555f679dd688420c\"},\"headline\":\"PP MIERES propone la GRATUIDAD de ESCUELAS INFANTILES con las CASAS NIDO\",\"datePublished\":\"2023-05-22T16:26:09+00:00\",\"mainEntityOfPage\":{\"@id\":\"https:\\\/\\\/www.cuencasmineras.com\\\/index.php\\\/2023\\\/05\\\/22\\\/pp-mieres-propone-la-gratuidad-de-escuelas-infantiles-con-las-casas-nido\\\/\"},\"wordCount\":635,\"commentCount\":0,\"image\":{\"@id\":\"https:\\\/\\\/www.cuencasmineras.com\\\/index.php\\\/2023\\\/05\\\/22\\\/pp-mieres-propone-la-gratuidad-de-escuelas-infantiles-con-las-casas-nido\\\/#primaryimage\"},\"thumbnailUrl\":\"https:\\\/\\\/www.cuencasmineras.com\\\/wp-content\\\/uploads\\\/2023\\\/05\\\/f.elconfidencial.com_original_c52_8d0_fb2_c528d0fb2b7750b66688b6dba828d6c9.jpg\",\"keywords\":[\"mieres\",\"PP MIERES\"],\"articleSection\":[\"Caudal\",\"CM NEWS\"],\"inLanguage\":\"es\",\"potentialAction\":[{\"@type\":\"CommentAction\",\"name\":\"Comment\",\"target\":[\"https:\\\/\\\/www.cuencasmineras.com\\\/index.php\\\/2023\\\/05\\\/22\\\/pp-mieres-propone-la-gratuidad-de-escuelas-infantiles-con-las-casas-nido\\\/#respond\"]}]},{\"@type\":\"WebPage\",\"@id\":\"https:\\\/\\\/www.cuencasmineras.com\\\/index.php\\\/2023\\\/05\\\/22\\\/pp-mieres-propone-la-gratuidad-de-escuelas-infantiles-con-las-casas-nido\\\/\",\"url\":\"https:\\\/\\\/www.cuencasmineras.com\\\/index.php\\\/2023\\\/05\\\/22\\\/pp-mieres-propone-la-gratuidad-de-escuelas-infantiles-con-las-casas-nido\\\/\",\"name\":\"PP MIERES propone la GRATUIDAD de ESCUELAS INFANTILES con las CASAS NIDO\",\"isPartOf\":{\"@id\":\"https:\\\/\\\/www.cuencasmineras.com\\\/#website\"},\"primaryImageOfPage\":{\"@id\":\"https:\\\/\\\/www.cuencasmineras.com\\\/index.php\\\/2023\\\/05\\\/22\\\/pp-mieres-propone-la-gratuidad-de-escuelas-infantiles-con-las-casas-nido\\\/#primaryimage\"},\"image\":{\"@id\":\"https:\\\/\\\/www.cuencasmineras.com\\\/index.php\\\/2023\\\/05\\\/22\\\/pp-mieres-propone-la-gratuidad-de-escuelas-infantiles-con-las-casas-nido\\\/#primaryimage\"},\"thumbnailUrl\":\"https:\\\/\\\/www.cuencasmineras.com\\\/wp-content\\\/uploads\\\/2023\\\/05\\\/f.elconfidencial.com_original_c52_8d0_fb2_c528d0fb2b7750b66688b6dba828d6c9.jpg\",\"datePublished\":\"2023-05-22T16:26:09+00:00\",\"author\":{\"@id\":\"https:\\\/\\\/www.cuencasmineras.com\\\/#\\\/schema\\\/person\\\/be0691310e8496ec555f679dd688420c\"},\"breadcrumb\":{\"@id\":\"https:\\\/\\\/www.cuencasmineras.com\\\/index.php\\\/2023\\\/05\\\/22\\\/pp-mieres-propone-la-gratuidad-de-escuelas-infantiles-con-las-casas-nido\\\/#breadcrumb\"},\"inLanguage\":\"es\",\"potentialAction\":[{\"@type\":\"ReadAction\",\"target\":[\"https:\\\/\\\/www.cuencasmineras.com\\\/index.php\\\/2023\\\/05\\\/22\\\/pp-mieres-propone-la-gratuidad-de-escuelas-infantiles-con-las-casas-nido\\\/\"]}]},{\"@type\":\"ImageObject\",\"inLanguage\":\"es\",\"@id\":\"https:\\\/\\\/www.cuencasmineras.com\\\/index.php\\\/2023\\\/05\\\/22\\\/pp-mieres-propone-la-gratuidad-de-escuelas-infantiles-con-las-casas-nido\\\/#primaryimage\",\"url\":\"https:\\\/\\\/www.cuencasmineras.com\\\/wp-content\\\/uploads\\\/2023\\\/05\\\/f.elconfidencial.com_original_c52_8d0_fb2_c528d0fb2b7750b66688b6dba828d6c9.jpg\",\"contentUrl\":\"https:\\\/\\\/www.cuencasmineras.com\\\/wp-content\\\/uploads\\\/2023\\\/05\\\/f.elconfidencial.com_original_c52_8d0_fb2_c528d0fb2b7750b66688b6dba828d6c9.jpg\",\"width\":1200,\"height\":900},{\"@type\":\"BreadcrumbList\",\"@id\":\"https:\\\/\\\/www.cuencasmineras.com\\\/index.php\\\/2023\\\/05\\\/22\\\/pp-mieres-propone-la-gratuidad-de-escuelas-infantiles-con-las-casas-nido\\\/#breadcrumb\",\"itemListElement\":[{\"@type\":\"ListItem\",\"position\":1,\"name\":\"Portada\",\"item\":\"https:\\\/\\\/www.cuencasmineras.com\\\/\"},{\"@type\":\"ListItem\",\"position\":2,\"name\":\"PP MIERES propone la GRATUIDAD de ESCUELAS INFANTILES con las CASAS NIDO\"}]},{\"@type\":\"WebSite\",\"@id\":\"https:\\\/\\\/www.cuencasmineras.com\\\/#website\",\"url\":\"https:\\\/\\\/www.cuencasmineras.com\\\/\",\"name\":\"\",\"description\":\"\",\"potentialAction\":[{\"@type\":\"SearchAction\",\"target\":{\"@type\":\"EntryPoint\",\"urlTemplate\":\"https:\\\/\\\/www.cuencasmineras.com\\\/?s={search_term_string}\"},\"query-input\":{\"@type\":\"PropertyValueSpecification\",\"valueRequired\":true,\"valueName\":\"search_term_string\"}}],\"inLanguage\":\"es\"},{\"@type\":\"Person\",\"@id\":\"https:\\\/\\\/www.cuencasmineras.com\\\/#\\\/schema\\\/person\\\/be0691310e8496ec555f679dd688420c\",\"name\":\"admin\",\"image\":{\"@type\":\"ImageObject\",\"inLanguage\":\"es\",\"@id\":\"https:\\\/\\\/secure.gravatar.com\\\/avatar\\\/4afd2eed3b2fbbf36dd6707b5bd8a5b50ac648f033e36fbf85aeace2f0f859db?s=96&d=mm&r=g\",\"url\":\"https:\\\/\\\/secure.gravatar.com\\\/avatar\\\/4afd2eed3b2fbbf36dd6707b5bd8a5b50ac648f033e36fbf85aeace2f0f859db?s=96&d=mm&r=g\",\"contentUrl\":\"https:\\\/\\\/secure.gravatar.com\\\/avatar\\\/4afd2eed3b2fbbf36dd6707b5bd8a5b50ac648f033e36fbf85aeace2f0f859db?s=96&d=mm&r=g\",\"caption\":\"admin\"},\"sameAs\":[\"https:\\\/\\\/www.cuencasmineras.com\"],\"url\":\"https:\\\/\\\/www.cuencasmineras.com\\\/index.php\\\/author\\\/admin\\\/\"}]}<\/script>\n<!-- \/ Yoast SEO plugin. -->","yoast_head_json":{"title":"PP MIERES propone la GRATUIDAD de ESCUELAS INFANTILES con las CASAS NIDO","robots":{"index":"index","follow":"follow","max-snippet":"max-snippet:-1","max-image-preview":"max-image-preview:large","max-video-preview":"max-video-preview:-1"},"canonical":"https:\/\/www.cuencasmineras.com\/index.php\/2023\/05\/22\/pp-mieres-propone-la-gratuidad-de-escuelas-infantiles-con-las-casas-nido\/","og_locale":"es_ES","og_type":"article","og_title":"PP MIERES propone la GRATUIDAD de ESCUELAS INFANTILES con las CASAS NIDO","og_description":"El PP propone gratuidad y ampliaci\u00f3n de escuelas infantiles para impulsar el crecimiento rural por medio de CASAS NIDO Fernando Hern\u00e1ndez: \u201cIU llega tarde en sus propuestas, llevan 4 a\u00f1os rech\u00e1zanoslas en los plenos cada vez que las present\u00e1bamos, y ahora quieren, como malos estudiantes, correr antes de los ex\u00e1menes para enga\u00f1ar copiando\u201d \u00a0 Mieres, [&hellip;]","og_url":"https:\/\/www.cuencasmineras.com\/index.php\/2023\/05\/22\/pp-mieres-propone-la-gratuidad-de-escuelas-infantiles-con-las-casas-nido\/","article_published_time":"2023-05-22T16:26:09+00:00","og_image":[{"width":1200,"height":900,"url":"https:\/\/www.cuencasmineras.com\/wp-content\/uploads\/2023\/05\/f.elconfidencial.com_original_c52_8d0_fb2_c528d0fb2b7750b66688b6dba828d6c9.jpg","type":"image\/jpeg"}],"author":"admin","twitter_card":"summary_large_image","twitter_misc":{"Escrito por":"admin","Tiempo de lectura":"3 minutos"},"schema":{"@context":"https:\/\/schema.org","@graph":[{"@type":"Article","@id":"https:\/\/www.cuencasmineras.com\/index.php\/2023\/05\/22\/pp-mieres-propone-la-gratuidad-de-escuelas-infantiles-con-las-casas-nido\/#article","isPartOf":{"@id":"https:\/\/www.cuencasmineras.com\/index.php\/2023\/05\/22\/pp-mieres-propone-la-gratuidad-de-escuelas-infantiles-con-las-casas-nido\/"},"author":{"name":"admin","@id":"https:\/\/www.cuencasmineras.com\/#\/schema\/person\/be0691310e8496ec555f679dd688420c"},"headline":"PP MIERES propone la GRATUIDAD de ESCUELAS INFANTILES con las CASAS NIDO","datePublished":"2023-05-22T16:26:09+00:00","mainEntityOfPage":{"@id":"https:\/\/www.cuencasmineras.com\/index.php\/2023\/05\/22\/pp-mieres-propone-la-gratuidad-de-escuelas-infantiles-con-las-casas-nido\/"},"wordCount":635,"commentCount":0,"image":{"@id":"https:\/\/www.cuencasmineras.com\/index.php\/2023\/05\/22\/pp-mieres-propone-la-gratuidad-de-escuelas-infantiles-con-las-casas-nido\/#primaryimage"},"thumbnailUrl":"https:\/\/www.cuencasmineras.com\/wp-content\/uploads\/2023\/05\/f.elconfidencial.com_original_c52_8d0_fb2_c528d0fb2b7750b66688b6dba828d6c9.jpg","keywords":["mieres","PP MIERES"],"articleSection":["Caudal","CM NEWS"],"inLanguage":"es","potentialAction":[{"@type":"CommentAction","name":"Comment","target":["https:\/\/www.cuencasmineras.com\/index.php\/2023\/05\/22\/pp-mieres-propone-la-gratuidad-de-escuelas-infantiles-con-las-casas-nido\/#respond"]}]},{"@type":"WebPage","@id":"https:\/\/www.cuencasmineras.com\/index.php\/2023\/05\/22\/pp-mieres-propone-la-gratuidad-de-escuelas-infantiles-con-las-casas-nido\/","url":"https:\/\/www.cuencasmineras.com\/index.php\/2023\/05\/22\/pp-mieres-propone-la-gratuidad-de-escuelas-infantiles-con-las-casas-nido\/","name":"PP MIERES propone la GRATUIDAD de ESCUELAS INFANTILES con las CASAS NIDO","isPartOf":{"@id":"https:\/\/www.cuencasmineras.com\/#website"},"primaryImageOfPage":{"@id":"https:\/\/www.cuencasmineras.com\/index.php\/2023\/05\/22\/pp-mieres-propone-la-gratuidad-de-escuelas-infantiles-con-las-casas-nido\/#primaryimage"},"image":{"@id":"https:\/\/www.cuencasmineras.com\/index.php\/2023\/05\/22\/pp-mieres-propone-la-gratuidad-de-escuelas-infantiles-con-las-casas-nido\/#primaryimage"},"thumbnailUrl":"https:\/\/www.cuencasmineras.com\/wp-content\/uploads\/2023\/05\/f.elconfidencial.com_original_c52_8d0_fb2_c528d0fb2b7750b66688b6dba828d6c9.jpg","datePublished":"2023-05-22T16:26:09+00:00","author":{"@id":"https:\/\/www.cuencasmineras.com\/#\/schema\/person\/be0691310e8496ec555f679dd688420c"},"breadcrumb":{"@id":"https:\/\/www.cuencasmineras.com\/index.php\/2023\/05\/22\/pp-mieres-propone-la-gratuidad-de-escuelas-infantiles-con-las-casas-nido\/#breadcrumb"},"inLanguage":"es","potentialAction":[{"@type":"ReadAction","target":["https:\/\/www.cuencasmineras.com\/index.php\/2023\/05\/22\/pp-mieres-propone-la-gratuidad-de-escuelas-infantiles-con-las-casas-nido\/"]}]},{"@type":"ImageObject","inLanguage":"es","@id":"https:\/\/www.cuencasmineras.com\/index.php\/2023\/05\/22\/pp-mieres-propone-la-gratuidad-de-escuelas-infantiles-con-las-casas-nido\/#primaryimage","url":"https:\/\/www.cuencasmineras.com\/wp-content\/uploads\/2023\/05\/f.elconfidencial.com_original_c52_8d0_fb2_c528d0fb2b7750b66688b6dba828d6c9.jpg","contentUrl":"https:\/\/www.cuencasmineras.com\/wp-content\/uploads\/2023\/05\/f.elconfidencial.com_original_c52_8d0_fb2_c528d0fb2b7750b66688b6dba828d6c9.jpg","width":1200,"height":900},{"@type":"BreadcrumbList","@id":"https:\/\/www.cuencasmineras.com\/index.php\/2023\/05\/22\/pp-mieres-propone-la-gratuidad-de-escuelas-infantiles-con-las-casas-nido\/#breadcrumb","itemListElement":[{"@type":"ListItem","position":1,"name":"Portada","item":"https:\/\/www.cuencasmineras.com\/"},{"@type":"ListItem","position":2,"name":"PP MIERES propone la GRATUIDAD de ESCUELAS INFANTILES con las CASAS NIDO"}]},{"@type":"WebSite","@id":"https:\/\/www.cuencasmineras.com\/#website","url":"https:\/\/www.cuencasmineras.com\/","name":"","description":"","potentialAction":[{"@type":"SearchAction","target":{"@type":"EntryPoint","urlTemplate":"https:\/\/www.cuencasmineras.com\/?s={search_term_string}"},"query-input":{"@type":"PropertyValueSpecification","valueRequired":true,"valueName":"search_term_string"}}],"inLanguage":"es"},{"@type":"Person","@id":"https:\/\/www.cuencasmineras.com\/#\/schema\/person\/be0691310e8496ec555f679dd688420c","name":"admin","image":{"@type":"ImageObject","inLanguage":"es","@id":"https:\/\/secure.gravatar.com\/avatar\/4afd2eed3b2fbbf36dd6707b5bd8a5b50ac648f033e36fbf85aeace2f0f859db?s=96&d=mm&r=g","url":"https:\/\/secure.gravatar.com\/avatar\/4afd2eed3b2fbbf36dd6707b5bd8a5b50ac648f033e36fbf85aeace2f0f859db?s=96&d=mm&r=g","contentUrl":"https:\/\/secure.gravatar.com\/avatar\/4afd2eed3b2fbbf36dd6707b5bd8a5b50ac648f033e36fbf85aeace2f0f859db?s=96&d=mm&r=g","caption":"admin"},"sameAs":["https:\/\/www.cuencasmineras.com"],"url":"https:\/\/www.cuencasmineras.com\/index.php\/author\/admin\/"}]}},"_links":{"self":[{"href":"https:\/\/www.cuencasmineras.com\/index.php\/wp-json\/wp\/v2\/posts\/4959","targetHints":{"allow":["GET"]}}],"collection":[{"href":"https:\/\/www.cuencasmineras.com\/index.php\/wp-json\/wp\/v2\/posts"}],"about":[{"href":"https:\/\/www.cuencasmineras.com\/index.php\/wp-json\/wp\/v2\/types\/post"}],"author":[{"embeddable":true,"href":"https:\/\/www.cuencasmineras.com\/index.php\/wp-json\/wp\/v2\/users\/1"}],"replies":[{"embeddable":true,"href":"https:\/\/www.cuencasmineras.com\/index.php\/wp-json\/wp\/v2\/comments?post=4959"}],"version-history":[{"count":1,"href":"https:\/\/www.cuencasmineras.com\/index.php\/wp-json\/wp\/v2\/posts\/4959\/revisions"}],"predecessor-version":[{"id":4961,"href":"https:\/\/www.cuencasmineras.com\/index.php\/wp-json\/wp\/v2\/posts\/4959\/revisions\/4961"}],"wp:featuredmedia":[{"embeddable":true,"href":"https:\/\/www.cuencasmineras.com\/index.php\/wp-json\/wp\/v2\/media\/4960"}],"wp:attachment":[{"href":"https:\/\/www.cuencasmineras.com\/index.php\/wp-json\/wp\/v2\/media?parent=4959"}],"wp:term":[{"taxonomy":"category","embeddable":true,"href":"https:\/\/www.cuencasmineras.com\/index.php\/wp-json\/wp\/v2\/categories?post=4959"},{"taxonomy":"post_tag","embeddable":true,"href":"https:\/\/www.cuencasmineras.com\/index.php\/wp-json\/wp\/v2\/tags?post=4959"}],"curies":[{"name":"wp","href":"https:\/\/api.w.org\/{rel}","templated":true}]}}