{"id":4994,"date":"2023-06-26T15:23:31","date_gmt":"2023-06-26T15:23:31","guid":{"rendered":"https:\/\/www.cuencasmineras.com\/?p=4994"},"modified":"2023-06-26T15:23:31","modified_gmt":"2023-06-26T15:23:31","slug":"pp-de-aller-exige-eliminar-las-barreras-arquitectonicas-de-los-edificios-municipales","status":"publish","type":"post","link":"https:\/\/www.cuencasmineras.com\/index.php\/2023\/06\/26\/pp-de-aller-exige-eliminar-las-barreras-arquitectonicas-de-los-edificios-municipales\/","title":{"rendered":"PP de ALLER exige eliminar las barreras arquitect\u00f3nicas de los edificios municipales"},"content":{"rendered":"<p><span class=\"fontstyle0\">El Partido Popular de Aller en su proyecto de eliminaci\u00f3n de barreras arquitect\u00f3nicas y creaci\u00f3n de accesos universales exige al equipo de gobierno que cumpla con la ley que obliga a eliminar las barreras arquitect\u00f3nicas de los edificios municipales y su entorno.<\/span><\/p>\n<p><span class=\"fontstyle0\">Al amparo de la Ley 8\/2013 se dispon\u00eda de un plazo de 5 a\u00f1os para eliminar de barreras arquitect\u00f3nicas todos los edificios p\u00fablicos as\u00ed como el entorno urbano. Es evidente que han pasado 10 a\u00f1os y desde el Ayuntamiento de Aller se sigue sin cumplir con esa obligaci\u00f3n, careciendo de planificaci\u00f3n para universalizar los accesos a las dependencias municipales. Asimismo el primer inconveniente nos lo encontramos en la propia casa consistorial, donde solamente la parte ampliada al edificio principal cuenta con ascensos para salvar las escaleras, impidiendo por ejemplo el acceso al sal\u00f3n de plenos o a las dependencias que los grupos municipales de los diferentes partidos tienen para reunirse y recibir a los vecinos.<\/span><\/p>\n<p><span class=\"fontstyle0\">Continuando en esta l\u00ednea, algunas bibliotecas como la de Caborana no tiene acceso sin barreras a su segunda planta, en concreto la que es de adultos. Asimismo el acceso a la de Caba\u00f1aquinta es imposible, pues est\u00e1 en una segunda planta sin ascensor.<\/span><\/p>\n<p><span class=\"fontstyle0\">Las dependencias de la Polic\u00eda Local de Moreda est\u00e1n plagadas de barreras y es imposible incluso llegar a tocar el timbre si vas en silla de ruedas.<\/span><\/p>\n<p><span class=\"fontstyle0\">Asimismo el Centro Cultural de Moreda presenta diversos problemas en esta l\u00ednea, careciendo de una rampa de acceso directa que ya en el d\u00eda de su inauguraci\u00f3n supuso un problema para un vecino del concejo y todav\u00eda no se solucion\u00f3 desde aquella primavera del 2010. Unido a que en su interior en muchas plantas es dificultosa la salida del ascensor y casi imposible el paso al resto de las dependencias como biblioteca o aseos.<\/span><\/p>\n<p><span class=\"fontstyle0\">Hay que asegurar el acceso universal y la utilizaci\u00f3n por parte de todo el mundo de todos los espacios p\u00fablicos urbanizados y edificaciones y dependencias municipales. En nuestro municipio existe vecinos con diferentes necesidades de movilidad, visi\u00f3n, etc. A quien debemos de facilitar la vida diaria y el acceso a las gestiones y servicios p\u00fablicos, Queremos un Aller para vivir, donde todos tengamos cabida y oportunidades, sin vernos privados de servicios p\u00fablicos por raz\u00f3n de limitaciones personales.<\/span><\/p>\n<p><span class=\"fontstyle0\">En este sentido hace a\u00f1os exist\u00eda una comisi\u00f3n mixta municipal, encabezada por el entonces alcalde socialista David Moreno, integrada por representantes municipales de los distintos partidos, as\u00ed como personal t\u00e9cnico de servicios sociales y oficina t\u00e9cnica y vecinos sensibilizados con el tema, donde la participaci\u00f3n de todos era ejemplar, comunicando lo que se deber\u00eda de mejorar y viendo cual ser\u00eda la mejor forma desde el punto t\u00e9cnico y pr\u00e1ctico para ello.\u00a0<\/span><\/p>\n","protected":false},"excerpt":{"rendered":"<p>El Partido Popular de Aller en su proyecto de eliminaci\u00f3n de barreras arquitect\u00f3nicas y creaci\u00f3n de accesos universales exige al equipo de gobierno que cumpla con la ley que obliga a eliminar las barreras arquitect\u00f3nicas de los edificios municipales y su entorno. Al amparo de la Ley 8\/2013 se dispon\u00eda de un plazo de 5 [&hellip;]<\/p>\n","protected":false},"author":1,"featured_media":4995,"comment_status":"open","ping_status":"open","sticky":false,"template":"","format":"standard","meta":{"footnotes":""},"categories":[7,6],"tags":[],"class_list":["post-4994","post","type-post","status-publish","format-standard","has-post-thumbnail","hentry","category-caudal","category-noticias"],"yoast_head":"<!-- This site is optimized with the Yoast SEO plugin v27.4 - https:\/\/yoast.com\/product\/yoast-seo-wordpress\/ -->\n<title>PP de ALLER exige eliminar las barreras arquitect\u00f3nicas de los edificios municipales -<\/title>\n<meta name=\"robots\" content=\"index, follow, max-snippet:-1, max-image-preview:large, max-video-preview:-1\" \/>\n<link rel=\"canonical\" href=\"https:\/\/www.cuencasmineras.com\/index.php\/2023\/06\/26\/pp-de-aller-exige-eliminar-las-barreras-arquitectonicas-de-los-edificios-municipales\/\" \/>\n<meta property=\"og:locale\" content=\"es_ES\" \/>\n<meta property=\"og:type\" content=\"article\" \/>\n<meta property=\"og:title\" content=\"PP de ALLER exige eliminar las barreras arquitect\u00f3nicas de los edificios municipales -\" \/>\n<meta property=\"og:description\" content=\"El Partido Popular de Aller en su proyecto de eliminaci\u00f3n de barreras arquitect\u00f3nicas y creaci\u00f3n de accesos universales exige al equipo de gobierno que cumpla con la ley que obliga a eliminar las barreras arquitect\u00f3nicas de los edificios municipales y su entorno. Al amparo de la Ley 8\/2013 se dispon\u00eda de un plazo de 5 [&hellip;]\" \/>\n<meta property=\"og:url\" content=\"https:\/\/www.cuencasmineras.com\/index.php\/2023\/06\/26\/pp-de-aller-exige-eliminar-las-barreras-arquitectonicas-de-los-edificios-municipales\/\" \/>\n<meta property=\"article:published_time\" content=\"2023-06-26T15:23:31+00:00\" \/>\n<meta property=\"og:image\" content=\"https:\/\/www.cuencasmineras.com\/wp-content\/uploads\/2023\/06\/aller.png\" \/>\n\t<meta property=\"og:image:width\" content=\"837\" \/>\n\t<meta property=\"og:image:height\" content=\"461\" \/>\n\t<meta property=\"og:image:type\" content=\"image\/png\" \/>\n<meta name=\"author\" content=\"admin\" \/>\n<meta name=\"twitter:card\" content=\"summary_large_image\" \/>\n<meta name=\"twitter:label1\" content=\"Escrito por\" \/>\n\t<meta name=\"twitter:data1\" content=\"admin\" \/>\n\t<meta name=\"twitter:label2\" content=\"Tiempo de lectura\" \/>\n\t<meta name=\"twitter:data2\" content=\"3 minutos\" \/>\n<script type=\"application\/ld+json\" class=\"yoast-schema-graph\">{\"@context\":\"https:\\\/\\\/schema.org\",\"@graph\":[{\"@type\":\"Article\",\"@id\":\"https:\\\/\\\/www.cuencasmineras.com\\\/index.php\\\/2023\\\/06\\\/26\\\/pp-de-aller-exige-eliminar-las-barreras-arquitectonicas-de-los-edificios-municipales\\\/#article\",\"isPartOf\":{\"@id\":\"https:\\\/\\\/www.cuencasmineras.com\\\/index.php\\\/2023\\\/06\\\/26\\\/pp-de-aller-exige-eliminar-las-barreras-arquitectonicas-de-los-edificios-municipales\\\/\"},\"author\":{\"name\":\"admin\",\"@id\":\"https:\\\/\\\/www.cuencasmineras.com\\\/#\\\/schema\\\/person\\\/be0691310e8496ec555f679dd688420c\"},\"headline\":\"PP de ALLER exige eliminar las barreras arquitect\u00f3nicas de los edificios municipales\",\"datePublished\":\"2023-06-26T15:23:31+00:00\",\"mainEntityOfPage\":{\"@id\":\"https:\\\/\\\/www.cuencasmineras.com\\\/index.php\\\/2023\\\/06\\\/26\\\/pp-de-aller-exige-eliminar-las-barreras-arquitectonicas-de-los-edificios-municipales\\\/\"},\"wordCount\":494,\"commentCount\":0,\"image\":{\"@id\":\"https:\\\/\\\/www.cuencasmineras.com\\\/index.php\\\/2023\\\/06\\\/26\\\/pp-de-aller-exige-eliminar-las-barreras-arquitectonicas-de-los-edificios-municipales\\\/#primaryimage\"},\"thumbnailUrl\":\"https:\\\/\\\/www.cuencasmineras.com\\\/wp-content\\\/uploads\\\/2023\\\/06\\\/aller.png\",\"articleSection\":[\"Caudal\",\"CM NEWS\"],\"inLanguage\":\"es\",\"potentialAction\":[{\"@type\":\"CommentAction\",\"name\":\"Comment\",\"target\":[\"https:\\\/\\\/www.cuencasmineras.com\\\/index.php\\\/2023\\\/06\\\/26\\\/pp-de-aller-exige-eliminar-las-barreras-arquitectonicas-de-los-edificios-municipales\\\/#respond\"]}]},{\"@type\":\"WebPage\",\"@id\":\"https:\\\/\\\/www.cuencasmineras.com\\\/index.php\\\/2023\\\/06\\\/26\\\/pp-de-aller-exige-eliminar-las-barreras-arquitectonicas-de-los-edificios-municipales\\\/\",\"url\":\"https:\\\/\\\/www.cuencasmineras.com\\\/index.php\\\/2023\\\/06\\\/26\\\/pp-de-aller-exige-eliminar-las-barreras-arquitectonicas-de-los-edificios-municipales\\\/\",\"name\":\"PP de ALLER exige eliminar las barreras arquitect\u00f3nicas de los edificios municipales -\",\"isPartOf\":{\"@id\":\"https:\\\/\\\/www.cuencasmineras.com\\\/#website\"},\"primaryImageOfPage\":{\"@id\":\"https:\\\/\\\/www.cuencasmineras.com\\\/index.php\\\/2023\\\/06\\\/26\\\/pp-de-aller-exige-eliminar-las-barreras-arquitectonicas-de-los-edificios-municipales\\\/#primaryimage\"},\"image\":{\"@id\":\"https:\\\/\\\/www.cuencasmineras.com\\\/index.php\\\/2023\\\/06\\\/26\\\/pp-de-aller-exige-eliminar-las-barreras-arquitectonicas-de-los-edificios-municipales\\\/#primaryimage\"},\"thumbnailUrl\":\"https:\\\/\\\/www.cuencasmineras.com\\\/wp-content\\\/uploads\\\/2023\\\/06\\\/aller.png\",\"datePublished\":\"2023-06-26T15:23:31+00:00\",\"author\":{\"@id\":\"https:\\\/\\\/www.cuencasmineras.com\\\/#\\\/schema\\\/person\\\/be0691310e8496ec555f679dd688420c\"},\"breadcrumb\":{\"@id\":\"https:\\\/\\\/www.cuencasmineras.com\\\/index.php\\\/2023\\\/06\\\/26\\\/pp-de-aller-exige-eliminar-las-barreras-arquitectonicas-de-los-edificios-municipales\\\/#breadcrumb\"},\"inLanguage\":\"es\",\"potentialAction\":[{\"@type\":\"ReadAction\",\"target\":[\"https:\\\/\\\/www.cuencasmineras.com\\\/index.php\\\/2023\\\/06\\\/26\\\/pp-de-aller-exige-eliminar-las-barreras-arquitectonicas-de-los-edificios-municipales\\\/\"]}]},{\"@type\":\"ImageObject\",\"inLanguage\":\"es\",\"@id\":\"https:\\\/\\\/www.cuencasmineras.com\\\/index.php\\\/2023\\\/06\\\/26\\\/pp-de-aller-exige-eliminar-las-barreras-arquitectonicas-de-los-edificios-municipales\\\/#primaryimage\",\"url\":\"https:\\\/\\\/www.cuencasmineras.com\\\/wp-content\\\/uploads\\\/2023\\\/06\\\/aller.png\",\"contentUrl\":\"https:\\\/\\\/www.cuencasmineras.com\\\/wp-content\\\/uploads\\\/2023\\\/06\\\/aller.png\",\"width\":837,\"height\":461},{\"@type\":\"BreadcrumbList\",\"@id\":\"https:\\\/\\\/www.cuencasmineras.com\\\/index.php\\\/2023\\\/06\\\/26\\\/pp-de-aller-exige-eliminar-las-barreras-arquitectonicas-de-los-edificios-municipales\\\/#breadcrumb\",\"itemListElement\":[{\"@type\":\"ListItem\",\"position\":1,\"name\":\"Portada\",\"item\":\"https:\\\/\\\/www.cuencasmineras.com\\\/\"},{\"@type\":\"ListItem\",\"position\":2,\"name\":\"PP de ALLER exige eliminar las barreras arquitect\u00f3nicas de los edificios municipales\"}]},{\"@type\":\"WebSite\",\"@id\":\"https:\\\/\\\/www.cuencasmineras.com\\\/#website\",\"url\":\"https:\\\/\\\/www.cuencasmineras.com\\\/\",\"name\":\"\",\"description\":\"\",\"potentialAction\":[{\"@type\":\"SearchAction\",\"target\":{\"@type\":\"EntryPoint\",\"urlTemplate\":\"https:\\\/\\\/www.cuencasmineras.com\\\/?s={search_term_string}\"},\"query-input\":{\"@type\":\"PropertyValueSpecification\",\"valueRequired\":true,\"valueName\":\"search_term_string\"}}],\"inLanguage\":\"es\"},{\"@type\":\"Person\",\"@id\":\"https:\\\/\\\/www.cuencasmineras.com\\\/#\\\/schema\\\/person\\\/be0691310e8496ec555f679dd688420c\",\"name\":\"admin\",\"image\":{\"@type\":\"ImageObject\",\"inLanguage\":\"es\",\"@id\":\"https:\\\/\\\/secure.gravatar.com\\\/avatar\\\/4afd2eed3b2fbbf36dd6707b5bd8a5b50ac648f033e36fbf85aeace2f0f859db?s=96&d=mm&r=g\",\"url\":\"https:\\\/\\\/secure.gravatar.com\\\/avatar\\\/4afd2eed3b2fbbf36dd6707b5bd8a5b50ac648f033e36fbf85aeace2f0f859db?s=96&d=mm&r=g\",\"contentUrl\":\"https:\\\/\\\/secure.gravatar.com\\\/avatar\\\/4afd2eed3b2fbbf36dd6707b5bd8a5b50ac648f033e36fbf85aeace2f0f859db?s=96&d=mm&r=g\",\"caption\":\"admin\"},\"sameAs\":[\"https:\\\/\\\/www.cuencasmineras.com\"],\"url\":\"https:\\\/\\\/www.cuencasmineras.com\\\/index.php\\\/author\\\/admin\\\/\"}]}<\/script>\n<!-- \/ Yoast SEO plugin. -->","yoast_head_json":{"title":"PP de ALLER exige eliminar las barreras arquitect\u00f3nicas de los edificios municipales -","robots":{"index":"index","follow":"follow","max-snippet":"max-snippet:-1","max-image-preview":"max-image-preview:large","max-video-preview":"max-video-preview:-1"},"canonical":"https:\/\/www.cuencasmineras.com\/index.php\/2023\/06\/26\/pp-de-aller-exige-eliminar-las-barreras-arquitectonicas-de-los-edificios-municipales\/","og_locale":"es_ES","og_type":"article","og_title":"PP de ALLER exige eliminar las barreras arquitect\u00f3nicas de los edificios municipales -","og_description":"El Partido Popular de Aller en su proyecto de eliminaci\u00f3n de barreras arquitect\u00f3nicas y creaci\u00f3n de accesos universales exige al equipo de gobierno que cumpla con la ley que obliga a eliminar las barreras arquitect\u00f3nicas de los edificios municipales y su entorno. Al amparo de la Ley 8\/2013 se dispon\u00eda de un plazo de 5 [&hellip;]","og_url":"https:\/\/www.cuencasmineras.com\/index.php\/2023\/06\/26\/pp-de-aller-exige-eliminar-las-barreras-arquitectonicas-de-los-edificios-municipales\/","article_published_time":"2023-06-26T15:23:31+00:00","og_image":[{"width":837,"height":461,"url":"https:\/\/www.cuencasmineras.com\/wp-content\/uploads\/2023\/06\/aller.png","type":"image\/png"}],"author":"admin","twitter_card":"summary_large_image","twitter_misc":{"Escrito por":"admin","Tiempo de lectura":"3 minutos"},"schema":{"@context":"https:\/\/schema.org","@graph":[{"@type":"Article","@id":"https:\/\/www.cuencasmineras.com\/index.php\/2023\/06\/26\/pp-de-aller-exige-eliminar-las-barreras-arquitectonicas-de-los-edificios-municipales\/#article","isPartOf":{"@id":"https:\/\/www.cuencasmineras.com\/index.php\/2023\/06\/26\/pp-de-aller-exige-eliminar-las-barreras-arquitectonicas-de-los-edificios-municipales\/"},"author":{"name":"admin","@id":"https:\/\/www.cuencasmineras.com\/#\/schema\/person\/be0691310e8496ec555f679dd688420c"},"headline":"PP de ALLER exige eliminar las barreras arquitect\u00f3nicas de los edificios municipales","datePublished":"2023-06-26T15:23:31+00:00","mainEntityOfPage":{"@id":"https:\/\/www.cuencasmineras.com\/index.php\/2023\/06\/26\/pp-de-aller-exige-eliminar-las-barreras-arquitectonicas-de-los-edificios-municipales\/"},"wordCount":494,"commentCount":0,"image":{"@id":"https:\/\/www.cuencasmineras.com\/index.php\/2023\/06\/26\/pp-de-aller-exige-eliminar-las-barreras-arquitectonicas-de-los-edificios-municipales\/#primaryimage"},"thumbnailUrl":"https:\/\/www.cuencasmineras.com\/wp-content\/uploads\/2023\/06\/aller.png","articleSection":["Caudal","CM NEWS"],"inLanguage":"es","potentialAction":[{"@type":"CommentAction","name":"Comment","target":["https:\/\/www.cuencasmineras.com\/index.php\/2023\/06\/26\/pp-de-aller-exige-eliminar-las-barreras-arquitectonicas-de-los-edificios-municipales\/#respond"]}]},{"@type":"WebPage","@id":"https:\/\/www.cuencasmineras.com\/index.php\/2023\/06\/26\/pp-de-aller-exige-eliminar-las-barreras-arquitectonicas-de-los-edificios-municipales\/","url":"https:\/\/www.cuencasmineras.com\/index.php\/2023\/06\/26\/pp-de-aller-exige-eliminar-las-barreras-arquitectonicas-de-los-edificios-municipales\/","name":"PP de ALLER exige eliminar las barreras arquitect\u00f3nicas de los edificios municipales -","isPartOf":{"@id":"https:\/\/www.cuencasmineras.com\/#website"},"primaryImageOfPage":{"@id":"https:\/\/www.cuencasmineras.com\/index.php\/2023\/06\/26\/pp-de-aller-exige-eliminar-las-barreras-arquitectonicas-de-los-edificios-municipales\/#primaryimage"},"image":{"@id":"https:\/\/www.cuencasmineras.com\/index.php\/2023\/06\/26\/pp-de-aller-exige-eliminar-las-barreras-arquitectonicas-de-los-edificios-municipales\/#primaryimage"},"thumbnailUrl":"https:\/\/www.cuencasmineras.com\/wp-content\/uploads\/2023\/06\/aller.png","datePublished":"2023-06-26T15:23:31+00:00","author":{"@id":"https:\/\/www.cuencasmineras.com\/#\/schema\/person\/be0691310e8496ec555f679dd688420c"},"breadcrumb":{"@id":"https:\/\/www.cuencasmineras.com\/index.php\/2023\/06\/26\/pp-de-aller-exige-eliminar-las-barreras-arquitectonicas-de-los-edificios-municipales\/#breadcrumb"},"inLanguage":"es","potentialAction":[{"@type":"ReadAction","target":["https:\/\/www.cuencasmineras.com\/index.php\/2023\/06\/26\/pp-de-aller-exige-eliminar-las-barreras-arquitectonicas-de-los-edificios-municipales\/"]}]},{"@type":"ImageObject","inLanguage":"es","@id":"https:\/\/www.cuencasmineras.com\/index.php\/2023\/06\/26\/pp-de-aller-exige-eliminar-las-barreras-arquitectonicas-de-los-edificios-municipales\/#primaryimage","url":"https:\/\/www.cuencasmineras.com\/wp-content\/uploads\/2023\/06\/aller.png","contentUrl":"https:\/\/www.cuencasmineras.com\/wp-content\/uploads\/2023\/06\/aller.png","width":837,"height":461},{"@type":"BreadcrumbList","@id":"https:\/\/www.cuencasmineras.com\/index.php\/2023\/06\/26\/pp-de-aller-exige-eliminar-las-barreras-arquitectonicas-de-los-edificios-municipales\/#breadcrumb","itemListElement":[{"@type":"ListItem","position":1,"name":"Portada","item":"https:\/\/www.cuencasmineras.com\/"},{"@type":"ListItem","position":2,"name":"PP de ALLER exige eliminar las barreras arquitect\u00f3nicas de los edificios municipales"}]},{"@type":"WebSite","@id":"https:\/\/www.cuencasmineras.com\/#website","url":"https:\/\/www.cuencasmineras.com\/","name":"","description":"","potentialAction":[{"@type":"SearchAction","target":{"@type":"EntryPoint","urlTemplate":"https:\/\/www.cuencasmineras.com\/?s={search_term_string}"},"query-input":{"@type":"PropertyValueSpecification","valueRequired":true,"valueName":"search_term_string"}}],"inLanguage":"es"},{"@type":"Person","@id":"https:\/\/www.cuencasmineras.com\/#\/schema\/person\/be0691310e8496ec555f679dd688420c","name":"admin","image":{"@type":"ImageObject","inLanguage":"es","@id":"https:\/\/secure.gravatar.com\/avatar\/4afd2eed3b2fbbf36dd6707b5bd8a5b50ac648f033e36fbf85aeace2f0f859db?s=96&d=mm&r=g","url":"https:\/\/secure.gravatar.com\/avatar\/4afd2eed3b2fbbf36dd6707b5bd8a5b50ac648f033e36fbf85aeace2f0f859db?s=96&d=mm&r=g","contentUrl":"https:\/\/secure.gravatar.com\/avatar\/4afd2eed3b2fbbf36dd6707b5bd8a5b50ac648f033e36fbf85aeace2f0f859db?s=96&d=mm&r=g","caption":"admin"},"sameAs":["https:\/\/www.cuencasmineras.com"],"url":"https:\/\/www.cuencasmineras.com\/index.php\/author\/admin\/"}]}},"_links":{"self":[{"href":"https:\/\/www.cuencasmineras.com\/index.php\/wp-json\/wp\/v2\/posts\/4994","targetHints":{"allow":["GET"]}}],"collection":[{"href":"https:\/\/www.cuencasmineras.com\/index.php\/wp-json\/wp\/v2\/posts"}],"about":[{"href":"https:\/\/www.cuencasmineras.com\/index.php\/wp-json\/wp\/v2\/types\/post"}],"author":[{"embeddable":true,"href":"https:\/\/www.cuencasmineras.com\/index.php\/wp-json\/wp\/v2\/users\/1"}],"replies":[{"embeddable":true,"href":"https:\/\/www.cuencasmineras.com\/index.php\/wp-json\/wp\/v2\/comments?post=4994"}],"version-history":[{"count":1,"href":"https:\/\/www.cuencasmineras.com\/index.php\/wp-json\/wp\/v2\/posts\/4994\/revisions"}],"predecessor-version":[{"id":4996,"href":"https:\/\/www.cuencasmineras.com\/index.php\/wp-json\/wp\/v2\/posts\/4994\/revisions\/4996"}],"wp:featuredmedia":[{"embeddable":true,"href":"https:\/\/www.cuencasmineras.com\/index.php\/wp-json\/wp\/v2\/media\/4995"}],"wp:attachment":[{"href":"https:\/\/www.cuencasmineras.com\/index.php\/wp-json\/wp\/v2\/media?parent=4994"}],"wp:term":[{"taxonomy":"category","embeddable":true,"href":"https:\/\/www.cuencasmineras.com\/index.php\/wp-json\/wp\/v2\/categories?post=4994"},{"taxonomy":"post_tag","embeddable":true,"href":"https:\/\/www.cuencasmineras.com\/index.php\/wp-json\/wp\/v2\/tags?post=4994"}],"curies":[{"name":"wp","href":"https:\/\/api.w.org\/{rel}","templated":true}]}}