{"id":5184,"date":"2023-12-03T14:22:08","date_gmt":"2023-12-03T14:22:08","guid":{"rendered":"https:\/\/www.cuencasmineras.com\/?p=5184"},"modified":"2023-12-03T14:22:08","modified_gmt":"2023-12-03T14:22:08","slug":"las-comarcas-mineras-se-llevan-solo-el-5-de-la-inversion-del-principado-para-2024","status":"publish","type":"post","link":"https:\/\/www.cuencasmineras.com\/index.php\/2023\/12\/03\/las-comarcas-mineras-se-llevan-solo-el-5-de-la-inversion-del-principado-para-2024\/","title":{"rendered":"Las comarcas mineras se llevan s\u00f3lo el 5% de la inversi\u00f3n del Principado para 2024"},"content":{"rendered":"<p style=\"text-align: justify;\">La cuenca del Nal\u00f3n es la \u00abpreferida\u00bb en el cap\u00edtulo de inversiones de los presupuestos del Principado para el pr\u00f3ximo a\u00f1o. De los 48,9 millones de euros, buena parte con cargo a los fondos mineros, que el Ejecutivo regional consigna para las comarcas mineras asturianas en las cuentas p\u00fablicas de 2024, 29.538.691 euros, algo m\u00e1s del 60 por ciento del total, acabar\u00e1n en uno de los cinco municipios atravesados por el Nal\u00f3n. En cuatro de estos concejos (San Mart\u00edn del Rey Aurelio, Laviana, Sobrescobio y Caso) gobierna el PSOE. En Langreo, IU gan\u00f3 las \u00faltimas elecciones.<\/p>\n<p style=\"text-align: justify;\">La cuenca del Caudal, con sus dos principales ayuntamientos, Mieres y Lena, adem\u00e1s de Morc\u00edn, en manos de Izquierda Unida, suma en el apartado de inversiones de las cuentas del gobierno del socialista Adri\u00e1n Barb\u00f3n, un total de 19.449.305 euros. Es decir, el Principado invertir\u00e1 el pr\u00f3ximo a\u00f1o 425 euros por cada uno de los habitantes de los cinco concejos del valle del Nal\u00f3n, de Langreo a Caso pasando por San Mart\u00edn, Laviana y Sobrescobio. Los habitantes del Caudal (Mieres, Lena, Aller, Morc\u00edn y Riosa) \u00abrecibir\u00e1n\u00bb m\u00e1s de cien euros menos cada uno, un total de 312 euros. Haciendo estos c\u00e1lculos para el conjunto de la regi\u00f3n, con un cap\u00edtulo de inversiones de 993 millones de euros, la media de inversi\u00f3n por asturiano es de 986 euros, cuando en las Cuencas esa cifra desciende dr\u00e1sticamente hasta los 371 euros. Otra forma de verlo: el Principado destinar\u00e1 a las Cuencas, donde vive el 13 por ciento de los asturianos el 5 por ciento de sus inversiones para el pr\u00f3ximo a\u00f1o.<\/p>\n<p><img loading=\"lazy\" decoding=\"async\" class=\"wp-image-5185 aligncenter\" src=\"https:\/\/www.cuencasmineras.com\/wp-content\/uploads\/2023\/12\/pp_cuencas_foto3_castillete_RDM.jpg\" alt=\"\" width=\"584\" height=\"389\" srcset=\"https:\/\/www.cuencasmineras.com\/wp-content\/uploads\/2023\/12\/pp_cuencas_foto3_castillete_RDM.jpg 900w, https:\/\/www.cuencasmineras.com\/wp-content\/uploads\/2023\/12\/pp_cuencas_foto3_castillete_RDM-300x200.jpg 300w, https:\/\/www.cuencasmineras.com\/wp-content\/uploads\/2023\/12\/pp_cuencas_foto3_castillete_RDM-768x512.jpg 768w, https:\/\/www.cuencasmineras.com\/wp-content\/uploads\/2023\/12\/pp_cuencas_foto3_castillete_RDM-272x182.jpg 272w\" sizes=\"auto, (max-width: 584px) 100vw, 584px\" \/><\/p>\n<p style=\"text-align: justify;\">A eso se suma que los presupuestos del Principado para el pr\u00f3ximo a\u00f1o no contemplan ninguna gran actuaci\u00f3n en las Cuencas que no se reflejase en las cuentas p\u00fablicas de a\u00f1os anteriores y que no se conociese. Es m\u00e1s: sorprende, por lo bajo de la cuant\u00eda, la partida destinada a la gran lavander\u00eda sanitaria de Asturias, para la que el Principado anunci\u00f3 una inversi\u00f3n de 12 millones de euros en los terrenos de la antigua Nitrastur, en Langreo, y solo reserva en estas cuentas 288.500 euros. Lo mismo, por ir a otro de los grandes proyectos de la otra cuenca, la del Caudal, la segunda fase de las obras en la estaci\u00f3n de Valgrande-Pajares, que el a\u00f1o pasado inaugur\u00f3 la telecabina tras una inversi\u00f3n de 10 millones. No aparece ninguna partida para la otra estaci\u00f3n de esqu\u00ed del Principado, la de Fuentes de Invierno, en Aller.<\/p>\n<p style=\"text-align: justify;\">Eso s\u00ed, en el menudeo, en esas partidas que lucen menos que los grandes n\u00fameros, aparecen actuaciones reclamadas desde hace a\u00f1os. Al final, el albergue de Bra\u00f1agallones, en Caso, podr\u00e1 arreglar sus instalaciones con los 295.000 euros que aparecen en los presupuestos. Lo mismo ocurrir\u00e1 con el medio mill\u00f3n par el polideportivo Juan Carlos Beiro, de Langreo, o los 603.996 euros para el derribo de las piscinas de P\u00e9njamo, en Langreo, un primer paso para recuperar este espacio l\u00fadico y deportivo.<\/p>\n<p style=\"text-align: justify;\">Al CRA (Centro Rural Agrupado) del Alto Nal\u00f3n le vendr\u00e1n muy bien los 251.212 euros del colegio de Rioseco, en Sobrescobio, o los 80.000 para redactar el proyecto del nuevo colegio de Villoria, en Laviana. Los vecinos de Levinco y Caba\u00f1aquinta, en el concejo de Aller, ver\u00e1n por fin solucionarse sus problemas de saneamiento con partidas que suman 1,6 millones. Tambi\u00e9n en Aller, se arreglar\u00e1 por fin la carretera Moreda-Boo-Bustill\u00e9, con casi dos millones de euros en los presupuestos del pr\u00f3ximo a\u00f1o. En Lada, Langreo, parece que se iniciar\u00e1 el saneamiento del r\u00edo Montes, tan demandado por los vecinos. Al menos el presupuesto refleja 500.000 euros para una actuaci\u00f3n que en total asciende a 2,5 millones.<\/p>\n<p style=\"text-align: justify;\">Luego est\u00e1n las grandes obras, las que se ver\u00e1n cuando se concluyan. En los presupuestos regionales aparecen de nuevo diversas partidas, hasta un total de 8,6 millones para el soterramiento de Langreo. Otros cinco millones largos se destinar\u00e1n a ampliar, con un nuevo edificio, el centro TIC de El Entrego. Tambi\u00e9n est\u00e1 ah\u00ed reflejado, en el papel, el nuevo recinto ferial de Langreo, en lo que fueron los Talleres del Conde. Y est\u00e1n los m\u00e1s de 4 millones para rehabilitar la mina de Soterra\u00f1a, en Lena, y lo que los vecinos agradecer\u00e1n m\u00e1s, los m\u00e1s de tres millones para el nuevo centro de salud de la Pola.<\/p>\n","protected":false},"excerpt":{"rendered":"<p>La cuenca del Nal\u00f3n es la \u00abpreferida\u00bb en el cap\u00edtulo de inversiones de los presupuestos del Principado para el pr\u00f3ximo a\u00f1o. De los 48,9 millones de euros, buena parte con cargo a los fondos mineros, que el Ejecutivo regional consigna para las comarcas mineras asturianas en las cuentas p\u00fablicas de 2024, 29.538.691 euros, algo m\u00e1s [&hellip;]<\/p>\n","protected":false},"author":1,"featured_media":5185,"comment_status":"open","ping_status":"open","sticky":false,"template":"","format":"standard","meta":{"footnotes":""},"categories":[7,6,8],"tags":[],"class_list":["post-5184","post","type-post","status-publish","format-standard","has-post-thumbnail","hentry","category-caudal","category-noticias","category-nalon"],"yoast_head":"<!-- This site is optimized with the Yoast SEO plugin v27.4 - https:\/\/yoast.com\/product\/yoast-seo-wordpress\/ -->\n<title>Las comarcas mineras se llevan s\u00f3lo el 5% de la inversi\u00f3n del Principado para 2024 -<\/title>\n<meta name=\"description\" content=\"El Nal\u00f3n concentra el 60,3% del dinero para infraestructuras y equipamientos en las Cuencas, sin grandes proyectos nuevos\" \/>\n<meta name=\"robots\" content=\"index, follow, max-snippet:-1, max-image-preview:large, max-video-preview:-1\" \/>\n<link rel=\"canonical\" href=\"https:\/\/www.cuencasmineras.com\/index.php\/2023\/12\/03\/las-comarcas-mineras-se-llevan-solo-el-5-de-la-inversion-del-principado-para-2024\/\" \/>\n<meta property=\"og:locale\" content=\"es_ES\" \/>\n<meta property=\"og:type\" content=\"article\" \/>\n<meta property=\"og:title\" content=\"Las comarcas mineras se llevan s\u00f3lo el 5% de la inversi\u00f3n del Principado para 2024 -\" \/>\n<meta property=\"og:description\" content=\"El Nal\u00f3n concentra el 60,3% del dinero para infraestructuras y equipamientos en las Cuencas, sin grandes proyectos nuevos\" \/>\n<meta property=\"og:url\" content=\"https:\/\/www.cuencasmineras.com\/index.php\/2023\/12\/03\/las-comarcas-mineras-se-llevan-solo-el-5-de-la-inversion-del-principado-para-2024\/\" \/>\n<meta property=\"article:published_time\" content=\"2023-12-03T14:22:08+00:00\" \/>\n<meta property=\"og:image\" content=\"https:\/\/www.cuencasmineras.com\/wp-content\/uploads\/2023\/12\/pp_cuencas_foto3_castillete_RDM.jpg\" \/>\n\t<meta property=\"og:image:width\" content=\"900\" \/>\n\t<meta property=\"og:image:height\" content=\"600\" \/>\n\t<meta property=\"og:image:type\" content=\"image\/jpeg\" \/>\n<meta name=\"author\" content=\"admin\" \/>\n<meta name=\"twitter:card\" content=\"summary_large_image\" \/>\n<meta name=\"twitter:label1\" content=\"Escrito por\" \/>\n\t<meta name=\"twitter:data1\" content=\"admin\" \/>\n\t<meta name=\"twitter:label2\" content=\"Tiempo de lectura\" \/>\n\t<meta name=\"twitter:data2\" content=\"4 minutos\" \/>\n<script type=\"application\/ld+json\" class=\"yoast-schema-graph\">{\"@context\":\"https:\\\/\\\/schema.org\",\"@graph\":[{\"@type\":\"Article\",\"@id\":\"https:\\\/\\\/www.cuencasmineras.com\\\/index.php\\\/2023\\\/12\\\/03\\\/las-comarcas-mineras-se-llevan-solo-el-5-de-la-inversion-del-principado-para-2024\\\/#article\",\"isPartOf\":{\"@id\":\"https:\\\/\\\/www.cuencasmineras.com\\\/index.php\\\/2023\\\/12\\\/03\\\/las-comarcas-mineras-se-llevan-solo-el-5-de-la-inversion-del-principado-para-2024\\\/\"},\"author\":{\"name\":\"admin\",\"@id\":\"https:\\\/\\\/www.cuencasmineras.com\\\/#\\\/schema\\\/person\\\/be0691310e8496ec555f679dd688420c\"},\"headline\":\"Las comarcas mineras se llevan s\u00f3lo el 5% de la inversi\u00f3n del Principado para 2024\",\"datePublished\":\"2023-12-03T14:22:08+00:00\",\"mainEntityOfPage\":{\"@id\":\"https:\\\/\\\/www.cuencasmineras.com\\\/index.php\\\/2023\\\/12\\\/03\\\/las-comarcas-mineras-se-llevan-solo-el-5-de-la-inversion-del-principado-para-2024\\\/\"},\"wordCount\":771,\"commentCount\":0,\"image\":{\"@id\":\"https:\\\/\\\/www.cuencasmineras.com\\\/index.php\\\/2023\\\/12\\\/03\\\/las-comarcas-mineras-se-llevan-solo-el-5-de-la-inversion-del-principado-para-2024\\\/#primaryimage\"},\"thumbnailUrl\":\"https:\\\/\\\/www.cuencasmineras.com\\\/wp-content\\\/uploads\\\/2023\\\/12\\\/pp_cuencas_foto3_castillete_RDM.jpg\",\"articleSection\":[\"Caudal\",\"CM NEWS\",\"Nal\u00f3n\"],\"inLanguage\":\"es\",\"potentialAction\":[{\"@type\":\"CommentAction\",\"name\":\"Comment\",\"target\":[\"https:\\\/\\\/www.cuencasmineras.com\\\/index.php\\\/2023\\\/12\\\/03\\\/las-comarcas-mineras-se-llevan-solo-el-5-de-la-inversion-del-principado-para-2024\\\/#respond\"]}]},{\"@type\":\"WebPage\",\"@id\":\"https:\\\/\\\/www.cuencasmineras.com\\\/index.php\\\/2023\\\/12\\\/03\\\/las-comarcas-mineras-se-llevan-solo-el-5-de-la-inversion-del-principado-para-2024\\\/\",\"url\":\"https:\\\/\\\/www.cuencasmineras.com\\\/index.php\\\/2023\\\/12\\\/03\\\/las-comarcas-mineras-se-llevan-solo-el-5-de-la-inversion-del-principado-para-2024\\\/\",\"name\":\"Las comarcas mineras se llevan s\u00f3lo el 5% de la inversi\u00f3n del Principado para 2024 -\",\"isPartOf\":{\"@id\":\"https:\\\/\\\/www.cuencasmineras.com\\\/#website\"},\"primaryImageOfPage\":{\"@id\":\"https:\\\/\\\/www.cuencasmineras.com\\\/index.php\\\/2023\\\/12\\\/03\\\/las-comarcas-mineras-se-llevan-solo-el-5-de-la-inversion-del-principado-para-2024\\\/#primaryimage\"},\"image\":{\"@id\":\"https:\\\/\\\/www.cuencasmineras.com\\\/index.php\\\/2023\\\/12\\\/03\\\/las-comarcas-mineras-se-llevan-solo-el-5-de-la-inversion-del-principado-para-2024\\\/#primaryimage\"},\"thumbnailUrl\":\"https:\\\/\\\/www.cuencasmineras.com\\\/wp-content\\\/uploads\\\/2023\\\/12\\\/pp_cuencas_foto3_castillete_RDM.jpg\",\"datePublished\":\"2023-12-03T14:22:08+00:00\",\"author\":{\"@id\":\"https:\\\/\\\/www.cuencasmineras.com\\\/#\\\/schema\\\/person\\\/be0691310e8496ec555f679dd688420c\"},\"description\":\"El Nal\u00f3n concentra el 60,3% del dinero para infraestructuras y equipamientos en las Cuencas, sin grandes proyectos nuevos\",\"breadcrumb\":{\"@id\":\"https:\\\/\\\/www.cuencasmineras.com\\\/index.php\\\/2023\\\/12\\\/03\\\/las-comarcas-mineras-se-llevan-solo-el-5-de-la-inversion-del-principado-para-2024\\\/#breadcrumb\"},\"inLanguage\":\"es\",\"potentialAction\":[{\"@type\":\"ReadAction\",\"target\":[\"https:\\\/\\\/www.cuencasmineras.com\\\/index.php\\\/2023\\\/12\\\/03\\\/las-comarcas-mineras-se-llevan-solo-el-5-de-la-inversion-del-principado-para-2024\\\/\"]}]},{\"@type\":\"ImageObject\",\"inLanguage\":\"es\",\"@id\":\"https:\\\/\\\/www.cuencasmineras.com\\\/index.php\\\/2023\\\/12\\\/03\\\/las-comarcas-mineras-se-llevan-solo-el-5-de-la-inversion-del-principado-para-2024\\\/#primaryimage\",\"url\":\"https:\\\/\\\/www.cuencasmineras.com\\\/wp-content\\\/uploads\\\/2023\\\/12\\\/pp_cuencas_foto3_castillete_RDM.jpg\",\"contentUrl\":\"https:\\\/\\\/www.cuencasmineras.com\\\/wp-content\\\/uploads\\\/2023\\\/12\\\/pp_cuencas_foto3_castillete_RDM.jpg\",\"width\":900,\"height\":600},{\"@type\":\"BreadcrumbList\",\"@id\":\"https:\\\/\\\/www.cuencasmineras.com\\\/index.php\\\/2023\\\/12\\\/03\\\/las-comarcas-mineras-se-llevan-solo-el-5-de-la-inversion-del-principado-para-2024\\\/#breadcrumb\",\"itemListElement\":[{\"@type\":\"ListItem\",\"position\":1,\"name\":\"Portada\",\"item\":\"https:\\\/\\\/www.cuencasmineras.com\\\/\"},{\"@type\":\"ListItem\",\"position\":2,\"name\":\"Las comarcas mineras se llevan s\u00f3lo el 5% de la inversi\u00f3n del Principado para 2024\"}]},{\"@type\":\"WebSite\",\"@id\":\"https:\\\/\\\/www.cuencasmineras.com\\\/#website\",\"url\":\"https:\\\/\\\/www.cuencasmineras.com\\\/\",\"name\":\"\",\"description\":\"\",\"potentialAction\":[{\"@type\":\"SearchAction\",\"target\":{\"@type\":\"EntryPoint\",\"urlTemplate\":\"https:\\\/\\\/www.cuencasmineras.com\\\/?s={search_term_string}\"},\"query-input\":{\"@type\":\"PropertyValueSpecification\",\"valueRequired\":true,\"valueName\":\"search_term_string\"}}],\"inLanguage\":\"es\"},{\"@type\":\"Person\",\"@id\":\"https:\\\/\\\/www.cuencasmineras.com\\\/#\\\/schema\\\/person\\\/be0691310e8496ec555f679dd688420c\",\"name\":\"admin\",\"image\":{\"@type\":\"ImageObject\",\"inLanguage\":\"es\",\"@id\":\"https:\\\/\\\/secure.gravatar.com\\\/avatar\\\/4afd2eed3b2fbbf36dd6707b5bd8a5b50ac648f033e36fbf85aeace2f0f859db?s=96&d=mm&r=g\",\"url\":\"https:\\\/\\\/secure.gravatar.com\\\/avatar\\\/4afd2eed3b2fbbf36dd6707b5bd8a5b50ac648f033e36fbf85aeace2f0f859db?s=96&d=mm&r=g\",\"contentUrl\":\"https:\\\/\\\/secure.gravatar.com\\\/avatar\\\/4afd2eed3b2fbbf36dd6707b5bd8a5b50ac648f033e36fbf85aeace2f0f859db?s=96&d=mm&r=g\",\"caption\":\"admin\"},\"sameAs\":[\"https:\\\/\\\/www.cuencasmineras.com\"],\"url\":\"https:\\\/\\\/www.cuencasmineras.com\\\/index.php\\\/author\\\/admin\\\/\"}]}<\/script>\n<!-- \/ Yoast SEO plugin. -->","yoast_head_json":{"title":"Las comarcas mineras se llevan s\u00f3lo el 5% de la inversi\u00f3n del Principado para 2024 -","description":"El Nal\u00f3n concentra el 60,3% del dinero para infraestructuras y equipamientos en las Cuencas, sin grandes proyectos nuevos","robots":{"index":"index","follow":"follow","max-snippet":"max-snippet:-1","max-image-preview":"max-image-preview:large","max-video-preview":"max-video-preview:-1"},"canonical":"https:\/\/www.cuencasmineras.com\/index.php\/2023\/12\/03\/las-comarcas-mineras-se-llevan-solo-el-5-de-la-inversion-del-principado-para-2024\/","og_locale":"es_ES","og_type":"article","og_title":"Las comarcas mineras se llevan s\u00f3lo el 5% de la inversi\u00f3n del Principado para 2024 -","og_description":"El Nal\u00f3n concentra el 60,3% del dinero para infraestructuras y equipamientos en las Cuencas, sin grandes proyectos nuevos","og_url":"https:\/\/www.cuencasmineras.com\/index.php\/2023\/12\/03\/las-comarcas-mineras-se-llevan-solo-el-5-de-la-inversion-del-principado-para-2024\/","article_published_time":"2023-12-03T14:22:08+00:00","og_image":[{"width":900,"height":600,"url":"https:\/\/www.cuencasmineras.com\/wp-content\/uploads\/2023\/12\/pp_cuencas_foto3_castillete_RDM.jpg","type":"image\/jpeg"}],"author":"admin","twitter_card":"summary_large_image","twitter_misc":{"Escrito por":"admin","Tiempo de lectura":"4 minutos"},"schema":{"@context":"https:\/\/schema.org","@graph":[{"@type":"Article","@id":"https:\/\/www.cuencasmineras.com\/index.php\/2023\/12\/03\/las-comarcas-mineras-se-llevan-solo-el-5-de-la-inversion-del-principado-para-2024\/#article","isPartOf":{"@id":"https:\/\/www.cuencasmineras.com\/index.php\/2023\/12\/03\/las-comarcas-mineras-se-llevan-solo-el-5-de-la-inversion-del-principado-para-2024\/"},"author":{"name":"admin","@id":"https:\/\/www.cuencasmineras.com\/#\/schema\/person\/be0691310e8496ec555f679dd688420c"},"headline":"Las comarcas mineras se llevan s\u00f3lo el 5% de la inversi\u00f3n del Principado para 2024","datePublished":"2023-12-03T14:22:08+00:00","mainEntityOfPage":{"@id":"https:\/\/www.cuencasmineras.com\/index.php\/2023\/12\/03\/las-comarcas-mineras-se-llevan-solo-el-5-de-la-inversion-del-principado-para-2024\/"},"wordCount":771,"commentCount":0,"image":{"@id":"https:\/\/www.cuencasmineras.com\/index.php\/2023\/12\/03\/las-comarcas-mineras-se-llevan-solo-el-5-de-la-inversion-del-principado-para-2024\/#primaryimage"},"thumbnailUrl":"https:\/\/www.cuencasmineras.com\/wp-content\/uploads\/2023\/12\/pp_cuencas_foto3_castillete_RDM.jpg","articleSection":["Caudal","CM NEWS","Nal\u00f3n"],"inLanguage":"es","potentialAction":[{"@type":"CommentAction","name":"Comment","target":["https:\/\/www.cuencasmineras.com\/index.php\/2023\/12\/03\/las-comarcas-mineras-se-llevan-solo-el-5-de-la-inversion-del-principado-para-2024\/#respond"]}]},{"@type":"WebPage","@id":"https:\/\/www.cuencasmineras.com\/index.php\/2023\/12\/03\/las-comarcas-mineras-se-llevan-solo-el-5-de-la-inversion-del-principado-para-2024\/","url":"https:\/\/www.cuencasmineras.com\/index.php\/2023\/12\/03\/las-comarcas-mineras-se-llevan-solo-el-5-de-la-inversion-del-principado-para-2024\/","name":"Las comarcas mineras se llevan s\u00f3lo el 5% de la inversi\u00f3n del Principado para 2024 -","isPartOf":{"@id":"https:\/\/www.cuencasmineras.com\/#website"},"primaryImageOfPage":{"@id":"https:\/\/www.cuencasmineras.com\/index.php\/2023\/12\/03\/las-comarcas-mineras-se-llevan-solo-el-5-de-la-inversion-del-principado-para-2024\/#primaryimage"},"image":{"@id":"https:\/\/www.cuencasmineras.com\/index.php\/2023\/12\/03\/las-comarcas-mineras-se-llevan-solo-el-5-de-la-inversion-del-principado-para-2024\/#primaryimage"},"thumbnailUrl":"https:\/\/www.cuencasmineras.com\/wp-content\/uploads\/2023\/12\/pp_cuencas_foto3_castillete_RDM.jpg","datePublished":"2023-12-03T14:22:08+00:00","author":{"@id":"https:\/\/www.cuencasmineras.com\/#\/schema\/person\/be0691310e8496ec555f679dd688420c"},"description":"El Nal\u00f3n concentra el 60,3% del dinero para infraestructuras y equipamientos en las Cuencas, sin grandes proyectos nuevos","breadcrumb":{"@id":"https:\/\/www.cuencasmineras.com\/index.php\/2023\/12\/03\/las-comarcas-mineras-se-llevan-solo-el-5-de-la-inversion-del-principado-para-2024\/#breadcrumb"},"inLanguage":"es","potentialAction":[{"@type":"ReadAction","target":["https:\/\/www.cuencasmineras.com\/index.php\/2023\/12\/03\/las-comarcas-mineras-se-llevan-solo-el-5-de-la-inversion-del-principado-para-2024\/"]}]},{"@type":"ImageObject","inLanguage":"es","@id":"https:\/\/www.cuencasmineras.com\/index.php\/2023\/12\/03\/las-comarcas-mineras-se-llevan-solo-el-5-de-la-inversion-del-principado-para-2024\/#primaryimage","url":"https:\/\/www.cuencasmineras.com\/wp-content\/uploads\/2023\/12\/pp_cuencas_foto3_castillete_RDM.jpg","contentUrl":"https:\/\/www.cuencasmineras.com\/wp-content\/uploads\/2023\/12\/pp_cuencas_foto3_castillete_RDM.jpg","width":900,"height":600},{"@type":"BreadcrumbList","@id":"https:\/\/www.cuencasmineras.com\/index.php\/2023\/12\/03\/las-comarcas-mineras-se-llevan-solo-el-5-de-la-inversion-del-principado-para-2024\/#breadcrumb","itemListElement":[{"@type":"ListItem","position":1,"name":"Portada","item":"https:\/\/www.cuencasmineras.com\/"},{"@type":"ListItem","position":2,"name":"Las comarcas mineras se llevan s\u00f3lo el 5% de la inversi\u00f3n del Principado para 2024"}]},{"@type":"WebSite","@id":"https:\/\/www.cuencasmineras.com\/#website","url":"https:\/\/www.cuencasmineras.com\/","name":"","description":"","potentialAction":[{"@type":"SearchAction","target":{"@type":"EntryPoint","urlTemplate":"https:\/\/www.cuencasmineras.com\/?s={search_term_string}"},"query-input":{"@type":"PropertyValueSpecification","valueRequired":true,"valueName":"search_term_string"}}],"inLanguage":"es"},{"@type":"Person","@id":"https:\/\/www.cuencasmineras.com\/#\/schema\/person\/be0691310e8496ec555f679dd688420c","name":"admin","image":{"@type":"ImageObject","inLanguage":"es","@id":"https:\/\/secure.gravatar.com\/avatar\/4afd2eed3b2fbbf36dd6707b5bd8a5b50ac648f033e36fbf85aeace2f0f859db?s=96&d=mm&r=g","url":"https:\/\/secure.gravatar.com\/avatar\/4afd2eed3b2fbbf36dd6707b5bd8a5b50ac648f033e36fbf85aeace2f0f859db?s=96&d=mm&r=g","contentUrl":"https:\/\/secure.gravatar.com\/avatar\/4afd2eed3b2fbbf36dd6707b5bd8a5b50ac648f033e36fbf85aeace2f0f859db?s=96&d=mm&r=g","caption":"admin"},"sameAs":["https:\/\/www.cuencasmineras.com"],"url":"https:\/\/www.cuencasmineras.com\/index.php\/author\/admin\/"}]}},"_links":{"self":[{"href":"https:\/\/www.cuencasmineras.com\/index.php\/wp-json\/wp\/v2\/posts\/5184","targetHints":{"allow":["GET"]}}],"collection":[{"href":"https:\/\/www.cuencasmineras.com\/index.php\/wp-json\/wp\/v2\/posts"}],"about":[{"href":"https:\/\/www.cuencasmineras.com\/index.php\/wp-json\/wp\/v2\/types\/post"}],"author":[{"embeddable":true,"href":"https:\/\/www.cuencasmineras.com\/index.php\/wp-json\/wp\/v2\/users\/1"}],"replies":[{"embeddable":true,"href":"https:\/\/www.cuencasmineras.com\/index.php\/wp-json\/wp\/v2\/comments?post=5184"}],"version-history":[{"count":1,"href":"https:\/\/www.cuencasmineras.com\/index.php\/wp-json\/wp\/v2\/posts\/5184\/revisions"}],"predecessor-version":[{"id":5186,"href":"https:\/\/www.cuencasmineras.com\/index.php\/wp-json\/wp\/v2\/posts\/5184\/revisions\/5186"}],"wp:featuredmedia":[{"embeddable":true,"href":"https:\/\/www.cuencasmineras.com\/index.php\/wp-json\/wp\/v2\/media\/5185"}],"wp:attachment":[{"href":"https:\/\/www.cuencasmineras.com\/index.php\/wp-json\/wp\/v2\/media?parent=5184"}],"wp:term":[{"taxonomy":"category","embeddable":true,"href":"https:\/\/www.cuencasmineras.com\/index.php\/wp-json\/wp\/v2\/categories?post=5184"},{"taxonomy":"post_tag","embeddable":true,"href":"https:\/\/www.cuencasmineras.com\/index.php\/wp-json\/wp\/v2\/tags?post=5184"}],"curies":[{"name":"wp","href":"https:\/\/api.w.org\/{rel}","templated":true}]}}