{"id":5938,"date":"2024-10-14T16:46:47","date_gmt":"2024-10-14T16:46:47","guid":{"rendered":"https:\/\/www.cuencasmineras.com\/?p=5938"},"modified":"2024-10-14T16:46:47","modified_gmt":"2024-10-14T16:46:47","slug":"xix-mercau-seruenda-en-xomezana-los-proximos-26-y-27-de-octubre","status":"publish","type":"post","link":"https:\/\/www.cuencasmineras.com\/index.php\/2024\/10\/14\/xix-mercau-seruenda-en-xomezana-los-proximos-26-y-27-de-octubre\/","title":{"rendered":"XIX Mercau Seruenda en Xomezana, los pr\u00f3ximos 26 y 27 de octubre"},"content":{"rendered":"<p><img loading=\"lazy\" decoding=\"async\" class=\"aligncenter wp-image-5939 size-large\" src=\"https:\/\/www.cuencasmineras.com\/wp-content\/uploads\/2024\/10\/IMG_2335-730x1024.jpeg\" alt=\"\" width=\"640\" height=\"898\" srcset=\"https:\/\/www.cuencasmineras.com\/wp-content\/uploads\/2024\/10\/IMG_2335-730x1024.jpeg 730w, https:\/\/www.cuencasmineras.com\/wp-content\/uploads\/2024\/10\/IMG_2335-214x300.jpeg 214w, https:\/\/www.cuencasmineras.com\/wp-content\/uploads\/2024\/10\/IMG_2335-768x1077.jpeg 768w, https:\/\/www.cuencasmineras.com\/wp-content\/uploads\/2024\/10\/IMG_2335.jpeg 1080w\" sizes=\"auto, (max-width: 640px) 100vw, 640px\" \/><\/p>\n","protected":false},"excerpt":{"rendered":"","protected":false},"author":1,"featured_media":5939,"comment_status":"open","ping_status":"open","sticky":false,"template":"","format":"standard","meta":{"footnotes":""},"categories":[7,6],"tags":[3,228,229],"class_list":["post-5938","post","type-post","status-publish","format-standard","has-post-thumbnail","hentry","category-caudal","category-noticias","tag-lena","tag-serueda","tag-xomezana"],"yoast_head":"<!-- This site is optimized with the Yoast SEO plugin v27.4 - https:\/\/yoast.com\/product\/yoast-seo-wordpress\/ -->\n<title>XIX Mercau Seruenda en Xomezana, los pr\u00f3ximos 26 y 27 de octubre<\/title>\n<meta name=\"description\" content=\"Los actos del XVIII Merc\u00e1u de Seruenda comenzar\u00e1n el s\u00e1bado 28, con la misa Fiesta del Rosario prevista para las doce del mediod\u00eda, con actuaci\u00f3n, adem\u00e1s, del ...\" \/>\n<meta name=\"robots\" content=\"index, follow, max-snippet:-1, max-image-preview:large, max-video-preview:-1\" \/>\n<link rel=\"canonical\" href=\"https:\/\/www.cuencasmineras.com\/index.php\/2024\/10\/14\/xix-mercau-seruenda-en-xomezana-los-proximos-26-y-27-de-octubre\/\" \/>\n<meta property=\"og:locale\" content=\"es_ES\" \/>\n<meta property=\"og:type\" content=\"article\" \/>\n<meta property=\"og:title\" content=\"XIX Mercau Seruenda en Xomezana, los pr\u00f3ximos 26 y 27 de octubre\" \/>\n<meta property=\"og:description\" content=\"Los actos del XVIII Merc\u00e1u de Seruenda comenzar\u00e1n el s\u00e1bado 28, con la misa Fiesta del Rosario prevista para las doce del mediod\u00eda, con actuaci\u00f3n, adem\u00e1s, del ...\" \/>\n<meta property=\"og:url\" content=\"https:\/\/www.cuencasmineras.com\/index.php\/2024\/10\/14\/xix-mercau-seruenda-en-xomezana-los-proximos-26-y-27-de-octubre\/\" \/>\n<meta property=\"article:published_time\" content=\"2024-10-14T16:46:47+00:00\" \/>\n<meta property=\"og:image\" content=\"https:\/\/www.cuencasmineras.com\/wp-content\/uploads\/2024\/10\/IMG_2335.jpeg\" \/>\n\t<meta property=\"og:image:width\" content=\"1080\" \/>\n\t<meta property=\"og:image:height\" content=\"1514\" \/>\n\t<meta property=\"og:image:type\" content=\"image\/jpeg\" \/>\n<meta name=\"author\" content=\"admin\" \/>\n<meta name=\"twitter:card\" content=\"summary_large_image\" \/>\n<meta name=\"twitter:label1\" content=\"Escrito por\" \/>\n\t<meta name=\"twitter:data1\" content=\"admin\" \/>\n\t<meta name=\"twitter:label2\" content=\"Tiempo de lectura\" \/>\n\t<meta name=\"twitter:data2\" content=\"1 minuto\" \/>\n<script type=\"application\/ld+json\" class=\"yoast-schema-graph\">{\"@context\":\"https:\\\/\\\/schema.org\",\"@graph\":[{\"@type\":\"Article\",\"@id\":\"https:\\\/\\\/www.cuencasmineras.com\\\/index.php\\\/2024\\\/10\\\/14\\\/xix-mercau-seruenda-en-xomezana-los-proximos-26-y-27-de-octubre\\\/#article\",\"isPartOf\":{\"@id\":\"https:\\\/\\\/www.cuencasmineras.com\\\/index.php\\\/2024\\\/10\\\/14\\\/xix-mercau-seruenda-en-xomezana-los-proximos-26-y-27-de-octubre\\\/\"},\"author\":{\"name\":\"admin\",\"@id\":\"https:\\\/\\\/www.cuencasmineras.com\\\/#\\\/schema\\\/person\\\/be0691310e8496ec555f679dd688420c\"},\"headline\":\"XIX Mercau Seruenda en Xomezana, los pr\u00f3ximos 26 y 27 de octubre\",\"datePublished\":\"2024-10-14T16:46:47+00:00\",\"mainEntityOfPage\":{\"@id\":\"https:\\\/\\\/www.cuencasmineras.com\\\/index.php\\\/2024\\\/10\\\/14\\\/xix-mercau-seruenda-en-xomezana-los-proximos-26-y-27-de-octubre\\\/\"},\"wordCount\":11,\"commentCount\":0,\"image\":{\"@id\":\"https:\\\/\\\/www.cuencasmineras.com\\\/index.php\\\/2024\\\/10\\\/14\\\/xix-mercau-seruenda-en-xomezana-los-proximos-26-y-27-de-octubre\\\/#primaryimage\"},\"thumbnailUrl\":\"https:\\\/\\\/www.cuencasmineras.com\\\/wp-content\\\/uploads\\\/2024\\\/10\\\/IMG_2335.jpeg\",\"keywords\":[\"Lena\",\"serueda\",\"xomezana\"],\"articleSection\":[\"Caudal\",\"CM NEWS\"],\"inLanguage\":\"es\",\"potentialAction\":[{\"@type\":\"CommentAction\",\"name\":\"Comment\",\"target\":[\"https:\\\/\\\/www.cuencasmineras.com\\\/index.php\\\/2024\\\/10\\\/14\\\/xix-mercau-seruenda-en-xomezana-los-proximos-26-y-27-de-octubre\\\/#respond\"]}]},{\"@type\":\"WebPage\",\"@id\":\"https:\\\/\\\/www.cuencasmineras.com\\\/index.php\\\/2024\\\/10\\\/14\\\/xix-mercau-seruenda-en-xomezana-los-proximos-26-y-27-de-octubre\\\/\",\"url\":\"https:\\\/\\\/www.cuencasmineras.com\\\/index.php\\\/2024\\\/10\\\/14\\\/xix-mercau-seruenda-en-xomezana-los-proximos-26-y-27-de-octubre\\\/\",\"name\":\"XIX Mercau Seruenda en Xomezana, los pr\u00f3ximos 26 y 27 de octubre\",\"isPartOf\":{\"@id\":\"https:\\\/\\\/www.cuencasmineras.com\\\/#website\"},\"primaryImageOfPage\":{\"@id\":\"https:\\\/\\\/www.cuencasmineras.com\\\/index.php\\\/2024\\\/10\\\/14\\\/xix-mercau-seruenda-en-xomezana-los-proximos-26-y-27-de-octubre\\\/#primaryimage\"},\"image\":{\"@id\":\"https:\\\/\\\/www.cuencasmineras.com\\\/index.php\\\/2024\\\/10\\\/14\\\/xix-mercau-seruenda-en-xomezana-los-proximos-26-y-27-de-octubre\\\/#primaryimage\"},\"thumbnailUrl\":\"https:\\\/\\\/www.cuencasmineras.com\\\/wp-content\\\/uploads\\\/2024\\\/10\\\/IMG_2335.jpeg\",\"datePublished\":\"2024-10-14T16:46:47+00:00\",\"author\":{\"@id\":\"https:\\\/\\\/www.cuencasmineras.com\\\/#\\\/schema\\\/person\\\/be0691310e8496ec555f679dd688420c\"},\"description\":\"Los actos del XVIII Merc\u00e1u de Seruenda comenzar\u00e1n el s\u00e1bado 28, con la misa Fiesta del Rosario prevista para las doce del mediod\u00eda, con actuaci\u00f3n, adem\u00e1s, del ...\",\"breadcrumb\":{\"@id\":\"https:\\\/\\\/www.cuencasmineras.com\\\/index.php\\\/2024\\\/10\\\/14\\\/xix-mercau-seruenda-en-xomezana-los-proximos-26-y-27-de-octubre\\\/#breadcrumb\"},\"inLanguage\":\"es\",\"potentialAction\":[{\"@type\":\"ReadAction\",\"target\":[\"https:\\\/\\\/www.cuencasmineras.com\\\/index.php\\\/2024\\\/10\\\/14\\\/xix-mercau-seruenda-en-xomezana-los-proximos-26-y-27-de-octubre\\\/\"]}]},{\"@type\":\"ImageObject\",\"inLanguage\":\"es\",\"@id\":\"https:\\\/\\\/www.cuencasmineras.com\\\/index.php\\\/2024\\\/10\\\/14\\\/xix-mercau-seruenda-en-xomezana-los-proximos-26-y-27-de-octubre\\\/#primaryimage\",\"url\":\"https:\\\/\\\/www.cuencasmineras.com\\\/wp-content\\\/uploads\\\/2024\\\/10\\\/IMG_2335.jpeg\",\"contentUrl\":\"https:\\\/\\\/www.cuencasmineras.com\\\/wp-content\\\/uploads\\\/2024\\\/10\\\/IMG_2335.jpeg\",\"width\":1080,\"height\":1514},{\"@type\":\"BreadcrumbList\",\"@id\":\"https:\\\/\\\/www.cuencasmineras.com\\\/index.php\\\/2024\\\/10\\\/14\\\/xix-mercau-seruenda-en-xomezana-los-proximos-26-y-27-de-octubre\\\/#breadcrumb\",\"itemListElement\":[{\"@type\":\"ListItem\",\"position\":1,\"name\":\"Portada\",\"item\":\"https:\\\/\\\/www.cuencasmineras.com\\\/\"},{\"@type\":\"ListItem\",\"position\":2,\"name\":\"XIX Mercau Seruenda en Xomezana, los pr\u00f3ximos 26 y 27 de octubre\"}]},{\"@type\":\"WebSite\",\"@id\":\"https:\\\/\\\/www.cuencasmineras.com\\\/#website\",\"url\":\"https:\\\/\\\/www.cuencasmineras.com\\\/\",\"name\":\"\",\"description\":\"\",\"potentialAction\":[{\"@type\":\"SearchAction\",\"target\":{\"@type\":\"EntryPoint\",\"urlTemplate\":\"https:\\\/\\\/www.cuencasmineras.com\\\/?s={search_term_string}\"},\"query-input\":{\"@type\":\"PropertyValueSpecification\",\"valueRequired\":true,\"valueName\":\"search_term_string\"}}],\"inLanguage\":\"es\"},{\"@type\":\"Person\",\"@id\":\"https:\\\/\\\/www.cuencasmineras.com\\\/#\\\/schema\\\/person\\\/be0691310e8496ec555f679dd688420c\",\"name\":\"admin\",\"image\":{\"@type\":\"ImageObject\",\"inLanguage\":\"es\",\"@id\":\"https:\\\/\\\/secure.gravatar.com\\\/avatar\\\/4afd2eed3b2fbbf36dd6707b5bd8a5b50ac648f033e36fbf85aeace2f0f859db?s=96&d=mm&r=g\",\"url\":\"https:\\\/\\\/secure.gravatar.com\\\/avatar\\\/4afd2eed3b2fbbf36dd6707b5bd8a5b50ac648f033e36fbf85aeace2f0f859db?s=96&d=mm&r=g\",\"contentUrl\":\"https:\\\/\\\/secure.gravatar.com\\\/avatar\\\/4afd2eed3b2fbbf36dd6707b5bd8a5b50ac648f033e36fbf85aeace2f0f859db?s=96&d=mm&r=g\",\"caption\":\"admin\"},\"sameAs\":[\"https:\\\/\\\/www.cuencasmineras.com\"],\"url\":\"https:\\\/\\\/www.cuencasmineras.com\\\/index.php\\\/author\\\/admin\\\/\"}]}<\/script>\n<!-- \/ Yoast SEO plugin. -->","yoast_head_json":{"title":"XIX Mercau Seruenda en Xomezana, los pr\u00f3ximos 26 y 27 de octubre","description":"Los actos del XVIII Merc\u00e1u de Seruenda comenzar\u00e1n el s\u00e1bado 28, con la misa Fiesta del Rosario prevista para las doce del mediod\u00eda, con actuaci\u00f3n, adem\u00e1s, del ...","robots":{"index":"index","follow":"follow","max-snippet":"max-snippet:-1","max-image-preview":"max-image-preview:large","max-video-preview":"max-video-preview:-1"},"canonical":"https:\/\/www.cuencasmineras.com\/index.php\/2024\/10\/14\/xix-mercau-seruenda-en-xomezana-los-proximos-26-y-27-de-octubre\/","og_locale":"es_ES","og_type":"article","og_title":"XIX Mercau Seruenda en Xomezana, los pr\u00f3ximos 26 y 27 de octubre","og_description":"Los actos del XVIII Merc\u00e1u de Seruenda comenzar\u00e1n el s\u00e1bado 28, con la misa Fiesta del Rosario prevista para las doce del mediod\u00eda, con actuaci\u00f3n, adem\u00e1s, del ...","og_url":"https:\/\/www.cuencasmineras.com\/index.php\/2024\/10\/14\/xix-mercau-seruenda-en-xomezana-los-proximos-26-y-27-de-octubre\/","article_published_time":"2024-10-14T16:46:47+00:00","og_image":[{"width":1080,"height":1514,"url":"https:\/\/www.cuencasmineras.com\/wp-content\/uploads\/2024\/10\/IMG_2335.jpeg","type":"image\/jpeg"}],"author":"admin","twitter_card":"summary_large_image","twitter_misc":{"Escrito por":"admin","Tiempo de lectura":"1 minuto"},"schema":{"@context":"https:\/\/schema.org","@graph":[{"@type":"Article","@id":"https:\/\/www.cuencasmineras.com\/index.php\/2024\/10\/14\/xix-mercau-seruenda-en-xomezana-los-proximos-26-y-27-de-octubre\/#article","isPartOf":{"@id":"https:\/\/www.cuencasmineras.com\/index.php\/2024\/10\/14\/xix-mercau-seruenda-en-xomezana-los-proximos-26-y-27-de-octubre\/"},"author":{"name":"admin","@id":"https:\/\/www.cuencasmineras.com\/#\/schema\/person\/be0691310e8496ec555f679dd688420c"},"headline":"XIX Mercau Seruenda en Xomezana, los pr\u00f3ximos 26 y 27 de octubre","datePublished":"2024-10-14T16:46:47+00:00","mainEntityOfPage":{"@id":"https:\/\/www.cuencasmineras.com\/index.php\/2024\/10\/14\/xix-mercau-seruenda-en-xomezana-los-proximos-26-y-27-de-octubre\/"},"wordCount":11,"commentCount":0,"image":{"@id":"https:\/\/www.cuencasmineras.com\/index.php\/2024\/10\/14\/xix-mercau-seruenda-en-xomezana-los-proximos-26-y-27-de-octubre\/#primaryimage"},"thumbnailUrl":"https:\/\/www.cuencasmineras.com\/wp-content\/uploads\/2024\/10\/IMG_2335.jpeg","keywords":["Lena","serueda","xomezana"],"articleSection":["Caudal","CM NEWS"],"inLanguage":"es","potentialAction":[{"@type":"CommentAction","name":"Comment","target":["https:\/\/www.cuencasmineras.com\/index.php\/2024\/10\/14\/xix-mercau-seruenda-en-xomezana-los-proximos-26-y-27-de-octubre\/#respond"]}]},{"@type":"WebPage","@id":"https:\/\/www.cuencasmineras.com\/index.php\/2024\/10\/14\/xix-mercau-seruenda-en-xomezana-los-proximos-26-y-27-de-octubre\/","url":"https:\/\/www.cuencasmineras.com\/index.php\/2024\/10\/14\/xix-mercau-seruenda-en-xomezana-los-proximos-26-y-27-de-octubre\/","name":"XIX Mercau Seruenda en Xomezana, los pr\u00f3ximos 26 y 27 de octubre","isPartOf":{"@id":"https:\/\/www.cuencasmineras.com\/#website"},"primaryImageOfPage":{"@id":"https:\/\/www.cuencasmineras.com\/index.php\/2024\/10\/14\/xix-mercau-seruenda-en-xomezana-los-proximos-26-y-27-de-octubre\/#primaryimage"},"image":{"@id":"https:\/\/www.cuencasmineras.com\/index.php\/2024\/10\/14\/xix-mercau-seruenda-en-xomezana-los-proximos-26-y-27-de-octubre\/#primaryimage"},"thumbnailUrl":"https:\/\/www.cuencasmineras.com\/wp-content\/uploads\/2024\/10\/IMG_2335.jpeg","datePublished":"2024-10-14T16:46:47+00:00","author":{"@id":"https:\/\/www.cuencasmineras.com\/#\/schema\/person\/be0691310e8496ec555f679dd688420c"},"description":"Los actos del XVIII Merc\u00e1u de Seruenda comenzar\u00e1n el s\u00e1bado 28, con la misa Fiesta del Rosario prevista para las doce del mediod\u00eda, con actuaci\u00f3n, adem\u00e1s, del ...","breadcrumb":{"@id":"https:\/\/www.cuencasmineras.com\/index.php\/2024\/10\/14\/xix-mercau-seruenda-en-xomezana-los-proximos-26-y-27-de-octubre\/#breadcrumb"},"inLanguage":"es","potentialAction":[{"@type":"ReadAction","target":["https:\/\/www.cuencasmineras.com\/index.php\/2024\/10\/14\/xix-mercau-seruenda-en-xomezana-los-proximos-26-y-27-de-octubre\/"]}]},{"@type":"ImageObject","inLanguage":"es","@id":"https:\/\/www.cuencasmineras.com\/index.php\/2024\/10\/14\/xix-mercau-seruenda-en-xomezana-los-proximos-26-y-27-de-octubre\/#primaryimage","url":"https:\/\/www.cuencasmineras.com\/wp-content\/uploads\/2024\/10\/IMG_2335.jpeg","contentUrl":"https:\/\/www.cuencasmineras.com\/wp-content\/uploads\/2024\/10\/IMG_2335.jpeg","width":1080,"height":1514},{"@type":"BreadcrumbList","@id":"https:\/\/www.cuencasmineras.com\/index.php\/2024\/10\/14\/xix-mercau-seruenda-en-xomezana-los-proximos-26-y-27-de-octubre\/#breadcrumb","itemListElement":[{"@type":"ListItem","position":1,"name":"Portada","item":"https:\/\/www.cuencasmineras.com\/"},{"@type":"ListItem","position":2,"name":"XIX Mercau Seruenda en Xomezana, los pr\u00f3ximos 26 y 27 de octubre"}]},{"@type":"WebSite","@id":"https:\/\/www.cuencasmineras.com\/#website","url":"https:\/\/www.cuencasmineras.com\/","name":"","description":"","potentialAction":[{"@type":"SearchAction","target":{"@type":"EntryPoint","urlTemplate":"https:\/\/www.cuencasmineras.com\/?s={search_term_string}"},"query-input":{"@type":"PropertyValueSpecification","valueRequired":true,"valueName":"search_term_string"}}],"inLanguage":"es"},{"@type":"Person","@id":"https:\/\/www.cuencasmineras.com\/#\/schema\/person\/be0691310e8496ec555f679dd688420c","name":"admin","image":{"@type":"ImageObject","inLanguage":"es","@id":"https:\/\/secure.gravatar.com\/avatar\/4afd2eed3b2fbbf36dd6707b5bd8a5b50ac648f033e36fbf85aeace2f0f859db?s=96&d=mm&r=g","url":"https:\/\/secure.gravatar.com\/avatar\/4afd2eed3b2fbbf36dd6707b5bd8a5b50ac648f033e36fbf85aeace2f0f859db?s=96&d=mm&r=g","contentUrl":"https:\/\/secure.gravatar.com\/avatar\/4afd2eed3b2fbbf36dd6707b5bd8a5b50ac648f033e36fbf85aeace2f0f859db?s=96&d=mm&r=g","caption":"admin"},"sameAs":["https:\/\/www.cuencasmineras.com"],"url":"https:\/\/www.cuencasmineras.com\/index.php\/author\/admin\/"}]}},"_links":{"self":[{"href":"https:\/\/www.cuencasmineras.com\/index.php\/wp-json\/wp\/v2\/posts\/5938","targetHints":{"allow":["GET"]}}],"collection":[{"href":"https:\/\/www.cuencasmineras.com\/index.php\/wp-json\/wp\/v2\/posts"}],"about":[{"href":"https:\/\/www.cuencasmineras.com\/index.php\/wp-json\/wp\/v2\/types\/post"}],"author":[{"embeddable":true,"href":"https:\/\/www.cuencasmineras.com\/index.php\/wp-json\/wp\/v2\/users\/1"}],"replies":[{"embeddable":true,"href":"https:\/\/www.cuencasmineras.com\/index.php\/wp-json\/wp\/v2\/comments?post=5938"}],"version-history":[{"count":1,"href":"https:\/\/www.cuencasmineras.com\/index.php\/wp-json\/wp\/v2\/posts\/5938\/revisions"}],"predecessor-version":[{"id":5940,"href":"https:\/\/www.cuencasmineras.com\/index.php\/wp-json\/wp\/v2\/posts\/5938\/revisions\/5940"}],"wp:featuredmedia":[{"embeddable":true,"href":"https:\/\/www.cuencasmineras.com\/index.php\/wp-json\/wp\/v2\/media\/5939"}],"wp:attachment":[{"href":"https:\/\/www.cuencasmineras.com\/index.php\/wp-json\/wp\/v2\/media?parent=5938"}],"wp:term":[{"taxonomy":"category","embeddable":true,"href":"https:\/\/www.cuencasmineras.com\/index.php\/wp-json\/wp\/v2\/categories?post=5938"},{"taxonomy":"post_tag","embeddable":true,"href":"https:\/\/www.cuencasmineras.com\/index.php\/wp-json\/wp\/v2\/tags?post=5938"}],"curies":[{"name":"wp","href":"https:\/\/api.w.org\/{rel}","templated":true}]}}