{"id":6623,"date":"2025-02-21T08:00:19","date_gmt":"2025-02-21T08:00:19","guid":{"rendered":"https:\/\/www.cuencasmineras.com\/?p=6623"},"modified":"2025-02-21T08:00:19","modified_gmt":"2025-02-21T08:00:19","slug":"viviendas-publicas-onon-mieres","status":"publish","type":"post","link":"https:\/\/www.cuencasmineras.com\/index.php\/2025\/02\/21\/viviendas-publicas-onon-mieres\/","title":{"rendered":"Mieres desbloquea tras 20 a\u00f1os el plan para viviendas p\u00fablicas en O\u00f1\u00f3n"},"content":{"rendered":"<p data-start=\"647\" data-end=\"916\">El desarrollo urban\u00edstico de O\u00f1\u00f3n, paralizado durante dos d\u00e9cadas, avanza por fin. El Principado de Asturias ha asumido la titularidad de los terrenos y ha alcanzado un acuerdo con el Ayuntamiento de Mieres para impulsar la construcci\u00f3n de vivienda p\u00fablica asequible.<\/p>\n<p data-start=\"918\" data-end=\"1256\">\ud83d\udd39 <strong data-start=\"921\" data-end=\"957\">Un plan esperado durante 20 a\u00f1os<\/strong><br data-start=\"957\" data-end=\"960\" \/>La urbanizaci\u00f3n de O\u00f1\u00f3n, la mayor bolsa de suelo de Mieres con 30.000 metros cuadrados, ha estado bloqueada desde la crisis de Sogepsa. Ahora, con la propiedad en manos del Principado, se pone en marcha un grupo de trabajo entre ambas administraciones para coordinar el desarrollo del proyecto.<\/p>\n<p data-start=\"1258\" data-end=\"1568\">\ud83d\udd39 <strong data-start=\"1261\" data-end=\"1298\">Vivienda asequible como prioridad<\/strong><br data-start=\"1298\" data-end=\"1301\" \/>El alcalde de Mieres, Manuel \u00c1ngel \u00c1lvarez (IU), ha destacado que este avance responde a una demanda hist\u00f3rica del municipio. \u00abLa necesidad de vivienda p\u00fablica asequible es una prioridad\u00bb, afirm\u00f3 tras la reuni\u00f3n con la vicepresidenta del Principado, Gimena Llamedo.<\/p>\n<p data-start=\"1570\" data-end=\"1868\">\ud83d\udd39 <strong data-start=\"1573\" data-end=\"1614\">Impulso al turismo y empleo en Mieres<\/strong><br data-start=\"1614\" data-end=\"1617\" \/>Adem\u00e1s del plan de viviendas en O\u00f1\u00f3n, \u00c1lvarez traslad\u00f3 al Principado la importancia de reforzar el apoyo a iniciativas tur\u00edsticas innovadoras como <em data-start=\"1764\" data-end=\"1774\">Bocamina<\/em> y <em data-start=\"1777\" data-end=\"1801\">Reto Territorio Minero<\/em>, que est\u00e1n posicionando a Mieres como un referente en el sector.<\/p>\n<p data-start=\"1870\" data-end=\"2004\">\u2705 <strong data-start=\"1872\" data-end=\"2002\">Este proyecto marca un paso clave para el crecimiento de Mieres, apostando por la vivienda p\u00fablica y el desarrollo sostenible.<\/strong><\/p>\n","protected":false},"excerpt":{"rendered":"<p>El desarrollo urban\u00edstico de O\u00f1\u00f3n, paralizado durante dos d\u00e9cadas, avanza por fin. El Principado de Asturias ha asumido la titularidad de los terrenos y ha alcanzado un acuerdo con el Ayuntamiento de Mieres para impulsar la construcci\u00f3n de vivienda p\u00fablica asequible. \ud83d\udd39 Un plan esperado durante 20 a\u00f1osLa urbanizaci\u00f3n de O\u00f1\u00f3n, la mayor bolsa de [&hellip;]<\/p>\n","protected":false},"author":1,"featured_media":3855,"comment_status":"open","ping_status":"open","sticky":false,"template":"","format":"standard","meta":{"footnotes":""},"categories":[7,6],"tags":[31,198],"class_list":["post-6623","post","type-post","status-publish","format-standard","has-post-thumbnail","hentry","category-caudal","category-noticias","tag-mieres","tag-onon"],"yoast_head":"<!-- This site is optimized with the Yoast SEO plugin v27.4 - https:\/\/yoast.com\/product\/yoast-seo-wordpress\/ -->\n<title>Mieres desbloquea tras 20 a\u00f1os el plan para viviendas p\u00fablicas en O\u00f1\u00f3n<\/title>\n<meta name=\"description\" content=\"Tras dos d\u00e9cadas de espera, el Principado desbloquea el desarrollo de viviendas p\u00fablicas en O\u00f1\u00f3n, Mieres. Un grupo de trabajo impulsar\u00e1 la urbanizaci\u00f3n de la mayor bolsa de suelo del concejo.\" \/>\n<meta name=\"robots\" content=\"index, follow, max-snippet:-1, max-image-preview:large, max-video-preview:-1\" \/>\n<link rel=\"canonical\" href=\"https:\/\/www.cuencasmineras.com\/index.php\/2025\/02\/21\/viviendas-publicas-onon-mieres\/\" \/>\n<meta property=\"og:locale\" content=\"es_ES\" \/>\n<meta property=\"og:type\" content=\"article\" \/>\n<meta property=\"og:title\" content=\"Mieres desbloquea tras 20 a\u00f1os el plan para viviendas p\u00fablicas en O\u00f1\u00f3n\" \/>\n<meta property=\"og:description\" content=\"Tras dos d\u00e9cadas de espera, el Principado desbloquea el desarrollo de viviendas p\u00fablicas en O\u00f1\u00f3n, Mieres. Un grupo de trabajo impulsar\u00e1 la urbanizaci\u00f3n de la mayor bolsa de suelo del concejo.\" \/>\n<meta property=\"og:url\" content=\"https:\/\/www.cuencasmineras.com\/index.php\/2025\/02\/21\/viviendas-publicas-onon-mieres\/\" \/>\n<meta property=\"article:published_time\" content=\"2025-02-21T08:00:19+00:00\" \/>\n<meta property=\"og:image\" content=\"https:\/\/www.cuencasmineras.com\/wp-content\/uploads\/2021\/11\/Polideportivo-Municipal-de-Onon.png\" \/>\n\t<meta property=\"og:image:width\" content=\"796\" \/>\n\t<meta property=\"og:image:height\" content=\"451\" \/>\n\t<meta property=\"og:image:type\" content=\"image\/png\" \/>\n<meta name=\"author\" content=\"admin\" \/>\n<meta name=\"twitter:card\" content=\"summary_large_image\" \/>\n<meta name=\"twitter:label1\" content=\"Escrito por\" \/>\n\t<meta name=\"twitter:data1\" content=\"admin\" \/>\n\t<meta name=\"twitter:label2\" content=\"Tiempo de lectura\" \/>\n\t<meta name=\"twitter:data2\" content=\"2 minutos\" \/>\n<script type=\"application\/ld+json\" class=\"yoast-schema-graph\">{\"@context\":\"https:\\\/\\\/schema.org\",\"@graph\":[{\"@type\":\"Article\",\"@id\":\"https:\\\/\\\/www.cuencasmineras.com\\\/index.php\\\/2025\\\/02\\\/21\\\/viviendas-publicas-onon-mieres\\\/#article\",\"isPartOf\":{\"@id\":\"https:\\\/\\\/www.cuencasmineras.com\\\/index.php\\\/2025\\\/02\\\/21\\\/viviendas-publicas-onon-mieres\\\/\"},\"author\":{\"name\":\"admin\",\"@id\":\"https:\\\/\\\/www.cuencasmineras.com\\\/#\\\/schema\\\/person\\\/be0691310e8496ec555f679dd688420c\"},\"headline\":\"Mieres desbloquea tras 20 a\u00f1os el plan para viviendas p\u00fablicas en O\u00f1\u00f3n\",\"datePublished\":\"2025-02-21T08:00:19+00:00\",\"mainEntityOfPage\":{\"@id\":\"https:\\\/\\\/www.cuencasmineras.com\\\/index.php\\\/2025\\\/02\\\/21\\\/viviendas-publicas-onon-mieres\\\/\"},\"wordCount\":232,\"commentCount\":0,\"image\":{\"@id\":\"https:\\\/\\\/www.cuencasmineras.com\\\/index.php\\\/2025\\\/02\\\/21\\\/viviendas-publicas-onon-mieres\\\/#primaryimage\"},\"thumbnailUrl\":\"https:\\\/\\\/www.cuencasmineras.com\\\/wp-content\\\/uploads\\\/2021\\\/11\\\/Polideportivo-Municipal-de-Onon.png\",\"keywords\":[\"mieres\",\"o\u00f1\u00f3n\"],\"articleSection\":[\"Caudal\",\"CM NEWS\"],\"inLanguage\":\"es\",\"potentialAction\":[{\"@type\":\"CommentAction\",\"name\":\"Comment\",\"target\":[\"https:\\\/\\\/www.cuencasmineras.com\\\/index.php\\\/2025\\\/02\\\/21\\\/viviendas-publicas-onon-mieres\\\/#respond\"]}]},{\"@type\":\"WebPage\",\"@id\":\"https:\\\/\\\/www.cuencasmineras.com\\\/index.php\\\/2025\\\/02\\\/21\\\/viviendas-publicas-onon-mieres\\\/\",\"url\":\"https:\\\/\\\/www.cuencasmineras.com\\\/index.php\\\/2025\\\/02\\\/21\\\/viviendas-publicas-onon-mieres\\\/\",\"name\":\"Mieres desbloquea tras 20 a\u00f1os el plan para viviendas p\u00fablicas en O\u00f1\u00f3n\",\"isPartOf\":{\"@id\":\"https:\\\/\\\/www.cuencasmineras.com\\\/#website\"},\"primaryImageOfPage\":{\"@id\":\"https:\\\/\\\/www.cuencasmineras.com\\\/index.php\\\/2025\\\/02\\\/21\\\/viviendas-publicas-onon-mieres\\\/#primaryimage\"},\"image\":{\"@id\":\"https:\\\/\\\/www.cuencasmineras.com\\\/index.php\\\/2025\\\/02\\\/21\\\/viviendas-publicas-onon-mieres\\\/#primaryimage\"},\"thumbnailUrl\":\"https:\\\/\\\/www.cuencasmineras.com\\\/wp-content\\\/uploads\\\/2021\\\/11\\\/Polideportivo-Municipal-de-Onon.png\",\"datePublished\":\"2025-02-21T08:00:19+00:00\",\"author\":{\"@id\":\"https:\\\/\\\/www.cuencasmineras.com\\\/#\\\/schema\\\/person\\\/be0691310e8496ec555f679dd688420c\"},\"description\":\"Tras dos d\u00e9cadas de espera, el Principado desbloquea el desarrollo de viviendas p\u00fablicas en O\u00f1\u00f3n, Mieres. Un grupo de trabajo impulsar\u00e1 la urbanizaci\u00f3n de la mayor bolsa de suelo del concejo.\",\"breadcrumb\":{\"@id\":\"https:\\\/\\\/www.cuencasmineras.com\\\/index.php\\\/2025\\\/02\\\/21\\\/viviendas-publicas-onon-mieres\\\/#breadcrumb\"},\"inLanguage\":\"es\",\"potentialAction\":[{\"@type\":\"ReadAction\",\"target\":[\"https:\\\/\\\/www.cuencasmineras.com\\\/index.php\\\/2025\\\/02\\\/21\\\/viviendas-publicas-onon-mieres\\\/\"]}]},{\"@type\":\"ImageObject\",\"inLanguage\":\"es\",\"@id\":\"https:\\\/\\\/www.cuencasmineras.com\\\/index.php\\\/2025\\\/02\\\/21\\\/viviendas-publicas-onon-mieres\\\/#primaryimage\",\"url\":\"https:\\\/\\\/www.cuencasmineras.com\\\/wp-content\\\/uploads\\\/2021\\\/11\\\/Polideportivo-Municipal-de-Onon.png\",\"contentUrl\":\"https:\\\/\\\/www.cuencasmineras.com\\\/wp-content\\\/uploads\\\/2021\\\/11\\\/Polideportivo-Municipal-de-Onon.png\",\"width\":796,\"height\":451},{\"@type\":\"BreadcrumbList\",\"@id\":\"https:\\\/\\\/www.cuencasmineras.com\\\/index.php\\\/2025\\\/02\\\/21\\\/viviendas-publicas-onon-mieres\\\/#breadcrumb\",\"itemListElement\":[{\"@type\":\"ListItem\",\"position\":1,\"name\":\"Portada\",\"item\":\"https:\\\/\\\/www.cuencasmineras.com\\\/\"},{\"@type\":\"ListItem\",\"position\":2,\"name\":\"Mieres desbloquea tras 20 a\u00f1os el plan para viviendas p\u00fablicas en O\u00f1\u00f3n\"}]},{\"@type\":\"WebSite\",\"@id\":\"https:\\\/\\\/www.cuencasmineras.com\\\/#website\",\"url\":\"https:\\\/\\\/www.cuencasmineras.com\\\/\",\"name\":\"\",\"description\":\"\",\"potentialAction\":[{\"@type\":\"SearchAction\",\"target\":{\"@type\":\"EntryPoint\",\"urlTemplate\":\"https:\\\/\\\/www.cuencasmineras.com\\\/?s={search_term_string}\"},\"query-input\":{\"@type\":\"PropertyValueSpecification\",\"valueRequired\":true,\"valueName\":\"search_term_string\"}}],\"inLanguage\":\"es\"},{\"@type\":\"Person\",\"@id\":\"https:\\\/\\\/www.cuencasmineras.com\\\/#\\\/schema\\\/person\\\/be0691310e8496ec555f679dd688420c\",\"name\":\"admin\",\"image\":{\"@type\":\"ImageObject\",\"inLanguage\":\"es\",\"@id\":\"https:\\\/\\\/secure.gravatar.com\\\/avatar\\\/4afd2eed3b2fbbf36dd6707b5bd8a5b50ac648f033e36fbf85aeace2f0f859db?s=96&d=mm&r=g\",\"url\":\"https:\\\/\\\/secure.gravatar.com\\\/avatar\\\/4afd2eed3b2fbbf36dd6707b5bd8a5b50ac648f033e36fbf85aeace2f0f859db?s=96&d=mm&r=g\",\"contentUrl\":\"https:\\\/\\\/secure.gravatar.com\\\/avatar\\\/4afd2eed3b2fbbf36dd6707b5bd8a5b50ac648f033e36fbf85aeace2f0f859db?s=96&d=mm&r=g\",\"caption\":\"admin\"},\"sameAs\":[\"https:\\\/\\\/www.cuencasmineras.com\"],\"url\":\"https:\\\/\\\/www.cuencasmineras.com\\\/index.php\\\/author\\\/admin\\\/\"}]}<\/script>\n<!-- \/ Yoast SEO plugin. -->","yoast_head_json":{"title":"Mieres desbloquea tras 20 a\u00f1os el plan para viviendas p\u00fablicas en O\u00f1\u00f3n","description":"Tras dos d\u00e9cadas de espera, el Principado desbloquea el desarrollo de viviendas p\u00fablicas en O\u00f1\u00f3n, Mieres. Un grupo de trabajo impulsar\u00e1 la urbanizaci\u00f3n de la mayor bolsa de suelo del concejo.","robots":{"index":"index","follow":"follow","max-snippet":"max-snippet:-1","max-image-preview":"max-image-preview:large","max-video-preview":"max-video-preview:-1"},"canonical":"https:\/\/www.cuencasmineras.com\/index.php\/2025\/02\/21\/viviendas-publicas-onon-mieres\/","og_locale":"es_ES","og_type":"article","og_title":"Mieres desbloquea tras 20 a\u00f1os el plan para viviendas p\u00fablicas en O\u00f1\u00f3n","og_description":"Tras dos d\u00e9cadas de espera, el Principado desbloquea el desarrollo de viviendas p\u00fablicas en O\u00f1\u00f3n, Mieres. Un grupo de trabajo impulsar\u00e1 la urbanizaci\u00f3n de la mayor bolsa de suelo del concejo.","og_url":"https:\/\/www.cuencasmineras.com\/index.php\/2025\/02\/21\/viviendas-publicas-onon-mieres\/","article_published_time":"2025-02-21T08:00:19+00:00","og_image":[{"width":796,"height":451,"url":"https:\/\/www.cuencasmineras.com\/wp-content\/uploads\/2021\/11\/Polideportivo-Municipal-de-Onon.png","type":"image\/png"}],"author":"admin","twitter_card":"summary_large_image","twitter_misc":{"Escrito por":"admin","Tiempo de lectura":"2 minutos"},"schema":{"@context":"https:\/\/schema.org","@graph":[{"@type":"Article","@id":"https:\/\/www.cuencasmineras.com\/index.php\/2025\/02\/21\/viviendas-publicas-onon-mieres\/#article","isPartOf":{"@id":"https:\/\/www.cuencasmineras.com\/index.php\/2025\/02\/21\/viviendas-publicas-onon-mieres\/"},"author":{"name":"admin","@id":"https:\/\/www.cuencasmineras.com\/#\/schema\/person\/be0691310e8496ec555f679dd688420c"},"headline":"Mieres desbloquea tras 20 a\u00f1os el plan para viviendas p\u00fablicas en O\u00f1\u00f3n","datePublished":"2025-02-21T08:00:19+00:00","mainEntityOfPage":{"@id":"https:\/\/www.cuencasmineras.com\/index.php\/2025\/02\/21\/viviendas-publicas-onon-mieres\/"},"wordCount":232,"commentCount":0,"image":{"@id":"https:\/\/www.cuencasmineras.com\/index.php\/2025\/02\/21\/viviendas-publicas-onon-mieres\/#primaryimage"},"thumbnailUrl":"https:\/\/www.cuencasmineras.com\/wp-content\/uploads\/2021\/11\/Polideportivo-Municipal-de-Onon.png","keywords":["mieres","o\u00f1\u00f3n"],"articleSection":["Caudal","CM NEWS"],"inLanguage":"es","potentialAction":[{"@type":"CommentAction","name":"Comment","target":["https:\/\/www.cuencasmineras.com\/index.php\/2025\/02\/21\/viviendas-publicas-onon-mieres\/#respond"]}]},{"@type":"WebPage","@id":"https:\/\/www.cuencasmineras.com\/index.php\/2025\/02\/21\/viviendas-publicas-onon-mieres\/","url":"https:\/\/www.cuencasmineras.com\/index.php\/2025\/02\/21\/viviendas-publicas-onon-mieres\/","name":"Mieres desbloquea tras 20 a\u00f1os el plan para viviendas p\u00fablicas en O\u00f1\u00f3n","isPartOf":{"@id":"https:\/\/www.cuencasmineras.com\/#website"},"primaryImageOfPage":{"@id":"https:\/\/www.cuencasmineras.com\/index.php\/2025\/02\/21\/viviendas-publicas-onon-mieres\/#primaryimage"},"image":{"@id":"https:\/\/www.cuencasmineras.com\/index.php\/2025\/02\/21\/viviendas-publicas-onon-mieres\/#primaryimage"},"thumbnailUrl":"https:\/\/www.cuencasmineras.com\/wp-content\/uploads\/2021\/11\/Polideportivo-Municipal-de-Onon.png","datePublished":"2025-02-21T08:00:19+00:00","author":{"@id":"https:\/\/www.cuencasmineras.com\/#\/schema\/person\/be0691310e8496ec555f679dd688420c"},"description":"Tras dos d\u00e9cadas de espera, el Principado desbloquea el desarrollo de viviendas p\u00fablicas en O\u00f1\u00f3n, Mieres. Un grupo de trabajo impulsar\u00e1 la urbanizaci\u00f3n de la mayor bolsa de suelo del concejo.","breadcrumb":{"@id":"https:\/\/www.cuencasmineras.com\/index.php\/2025\/02\/21\/viviendas-publicas-onon-mieres\/#breadcrumb"},"inLanguage":"es","potentialAction":[{"@type":"ReadAction","target":["https:\/\/www.cuencasmineras.com\/index.php\/2025\/02\/21\/viviendas-publicas-onon-mieres\/"]}]},{"@type":"ImageObject","inLanguage":"es","@id":"https:\/\/www.cuencasmineras.com\/index.php\/2025\/02\/21\/viviendas-publicas-onon-mieres\/#primaryimage","url":"https:\/\/www.cuencasmineras.com\/wp-content\/uploads\/2021\/11\/Polideportivo-Municipal-de-Onon.png","contentUrl":"https:\/\/www.cuencasmineras.com\/wp-content\/uploads\/2021\/11\/Polideportivo-Municipal-de-Onon.png","width":796,"height":451},{"@type":"BreadcrumbList","@id":"https:\/\/www.cuencasmineras.com\/index.php\/2025\/02\/21\/viviendas-publicas-onon-mieres\/#breadcrumb","itemListElement":[{"@type":"ListItem","position":1,"name":"Portada","item":"https:\/\/www.cuencasmineras.com\/"},{"@type":"ListItem","position":2,"name":"Mieres desbloquea tras 20 a\u00f1os el plan para viviendas p\u00fablicas en O\u00f1\u00f3n"}]},{"@type":"WebSite","@id":"https:\/\/www.cuencasmineras.com\/#website","url":"https:\/\/www.cuencasmineras.com\/","name":"","description":"","potentialAction":[{"@type":"SearchAction","target":{"@type":"EntryPoint","urlTemplate":"https:\/\/www.cuencasmineras.com\/?s={search_term_string}"},"query-input":{"@type":"PropertyValueSpecification","valueRequired":true,"valueName":"search_term_string"}}],"inLanguage":"es"},{"@type":"Person","@id":"https:\/\/www.cuencasmineras.com\/#\/schema\/person\/be0691310e8496ec555f679dd688420c","name":"admin","image":{"@type":"ImageObject","inLanguage":"es","@id":"https:\/\/secure.gravatar.com\/avatar\/4afd2eed3b2fbbf36dd6707b5bd8a5b50ac648f033e36fbf85aeace2f0f859db?s=96&d=mm&r=g","url":"https:\/\/secure.gravatar.com\/avatar\/4afd2eed3b2fbbf36dd6707b5bd8a5b50ac648f033e36fbf85aeace2f0f859db?s=96&d=mm&r=g","contentUrl":"https:\/\/secure.gravatar.com\/avatar\/4afd2eed3b2fbbf36dd6707b5bd8a5b50ac648f033e36fbf85aeace2f0f859db?s=96&d=mm&r=g","caption":"admin"},"sameAs":["https:\/\/www.cuencasmineras.com"],"url":"https:\/\/www.cuencasmineras.com\/index.php\/author\/admin\/"}]}},"_links":{"self":[{"href":"https:\/\/www.cuencasmineras.com\/index.php\/wp-json\/wp\/v2\/posts\/6623","targetHints":{"allow":["GET"]}}],"collection":[{"href":"https:\/\/www.cuencasmineras.com\/index.php\/wp-json\/wp\/v2\/posts"}],"about":[{"href":"https:\/\/www.cuencasmineras.com\/index.php\/wp-json\/wp\/v2\/types\/post"}],"author":[{"embeddable":true,"href":"https:\/\/www.cuencasmineras.com\/index.php\/wp-json\/wp\/v2\/users\/1"}],"replies":[{"embeddable":true,"href":"https:\/\/www.cuencasmineras.com\/index.php\/wp-json\/wp\/v2\/comments?post=6623"}],"version-history":[{"count":1,"href":"https:\/\/www.cuencasmineras.com\/index.php\/wp-json\/wp\/v2\/posts\/6623\/revisions"}],"predecessor-version":[{"id":6624,"href":"https:\/\/www.cuencasmineras.com\/index.php\/wp-json\/wp\/v2\/posts\/6623\/revisions\/6624"}],"wp:featuredmedia":[{"embeddable":true,"href":"https:\/\/www.cuencasmineras.com\/index.php\/wp-json\/wp\/v2\/media\/3855"}],"wp:attachment":[{"href":"https:\/\/www.cuencasmineras.com\/index.php\/wp-json\/wp\/v2\/media?parent=6623"}],"wp:term":[{"taxonomy":"category","embeddable":true,"href":"https:\/\/www.cuencasmineras.com\/index.php\/wp-json\/wp\/v2\/categories?post=6623"},{"taxonomy":"post_tag","embeddable":true,"href":"https:\/\/www.cuencasmineras.com\/index.php\/wp-json\/wp\/v2\/tags?post=6623"}],"curies":[{"name":"wp","href":"https:\/\/api.w.org\/{rel}","templated":true}]}}