{"id":6753,"date":"2025-03-04T14:57:12","date_gmt":"2025-03-04T14:57:12","guid":{"rendered":"https:\/\/www.cuencasmineras.com\/?p=6753"},"modified":"2025-03-04T14:57:12","modified_gmt":"2025-03-04T14:57:12","slug":"mieres-agradece-servicios-emergencia-explosion-la-villa","status":"publish","type":"post","link":"https:\/\/www.cuencasmineras.com\/index.php\/2025\/03\/04\/mieres-agradece-servicios-emergencia-explosion-la-villa\/","title":{"rendered":"Mieres agradece a los servicios de emergencia y muestra apoyo a las v\u00edctimas tras la explosi\u00f3n en La Villa"},"content":{"rendered":"<p style=\"text-align: justify;\">El <strong>Ayuntamiento de Mieres<\/strong> ha expresado su agradecimiento a los <strong>servicios de emergencia<\/strong> y a todas las personas que han colaborado tras la <strong>explosi\u00f3n en el barrio de La Villa<\/strong>, que dej\u00f3 <strong>18 heridos<\/strong>, tres de ellos graves. En un comunicado oficial, el consistorio reconoci\u00f3 la r\u00e1pida y coordinada respuesta de bomberos, personal sanitario del <strong>SESPA<\/strong>, <strong>Cruz Roja<\/strong>, <strong>Polic\u00eda Local<\/strong>, <strong>Protecci\u00f3n Civil<\/strong> y trabajadores municipales, quienes actuaron desde el primer momento para proteger y rescatar a las v\u00edctimas.<\/p>\n<p style=\"text-align: justify;\">El Ayuntamiento destac\u00f3 la importancia de la colaboraci\u00f3n entre administraciones, incluyendo el <strong>Gobierno del Principado de Asturias<\/strong> y la <strong>Delegaci\u00f3n del Gobierno en Asturias<\/strong>, para responder de manera organizada y efectiva ante la tragedia. \u00abLa prioridad ahora es estar al lado de las v\u00edctimas, esperar su pronta recuperaci\u00f3n y trabajar para recuperar la normalidad\u00bb, se\u00f1al\u00f3 el comunicado.<\/p>\n<p style=\"text-align: justify;\">Adem\u00e1s, se ha realojado de urgencia a <strong>49 personas<\/strong> afectadas, y se est\u00e1 trabajando en coordinaci\u00f3n con otras administraciones y organizaciones sin \u00e1nimo de lucro para brindarles el apoyo necesario. \u00abNo ser\u00e1 f\u00e1cil y llevar\u00e1 tiempo, pero lo conseguiremos\u00bb, afirm\u00f3 el Ayuntamiento.<\/p>\n","protected":false},"excerpt":{"rendered":"<p>El Ayuntamiento de Mieres ha expresado su agradecimiento a los servicios de emergencia y a todas las personas que han colaborado tras la explosi\u00f3n en el barrio de La Villa, que dej\u00f3 18 heridos, tres de ellos graves. En un comunicado oficial, el consistorio reconoci\u00f3 la r\u00e1pida y coordinada respuesta de bomberos, personal sanitario del [&hellip;]<\/p>\n","protected":false},"author":1,"featured_media":6754,"comment_status":"open","ping_status":"open","sticky":false,"template":"","format":"standard","meta":{"footnotes":""},"categories":[7,6],"tags":[552],"class_list":["post-6753","post","type-post","status-publish","format-standard","has-post-thumbnail","hentry","category-caudal","category-noticias","tag-explosion-mieres-barrio-la-villa-servicios-de-emergencia-ayuntamiento-de-mieres-heridos-gobierno-del-principado-cruz-roja-policia-local-proteccion-civil-realojamiento-victimas"],"yoast_head":"<!-- This site is optimized with the Yoast SEO plugin v27.4 - https:\/\/yoast.com\/product\/yoast-seo-wordpress\/ -->\n<title>Mieres agradece a los servicios de emergencia y muestra apoyo a las v\u00edctimas tras la explosi\u00f3n en La Villa<\/title>\n<meta name=\"description\" content=\"El Ayuntamiento de Mieres agradece a los servicios de emergencia y muestra apoyo a las v\u00edctimas tras la explosi\u00f3n en La Villa, que dej\u00f3 18 heridos. Descubre c\u00f3mo se est\u00e1 gestionando la crisis\" \/>\n<meta name=\"robots\" content=\"index, follow, max-snippet:-1, max-image-preview:large, max-video-preview:-1\" \/>\n<link rel=\"canonical\" href=\"https:\/\/www.cuencasmineras.com\/index.php\/2025\/03\/04\/mieres-agradece-servicios-emergencia-explosion-la-villa\/\" \/>\n<meta property=\"og:locale\" content=\"es_ES\" \/>\n<meta property=\"og:type\" content=\"article\" \/>\n<meta property=\"og:title\" content=\"Mieres agradece a los servicios de emergencia y muestra apoyo a las v\u00edctimas tras la explosi\u00f3n en La Villa\" \/>\n<meta property=\"og:description\" content=\"El Ayuntamiento de Mieres agradece a los servicios de emergencia y muestra apoyo a las v\u00edctimas tras la explosi\u00f3n en La Villa, que dej\u00f3 18 heridos. Descubre c\u00f3mo se est\u00e1 gestionando la crisis\" \/>\n<meta property=\"og:url\" content=\"https:\/\/www.cuencasmineras.com\/index.php\/2025\/03\/04\/mieres-agradece-servicios-emergencia-explosion-la-villa\/\" \/>\n<meta property=\"article:published_time\" content=\"2025-03-04T14:57:12+00:00\" \/>\n<meta property=\"og:image\" content=\"https:\/\/www.cuencasmineras.com\/wp-content\/uploads\/2025\/03\/IMG-20250303-WA0032.jpg\" \/>\n\t<meta property=\"og:image:width\" content=\"563\" \/>\n\t<meta property=\"og:image:height\" content=\"1000\" \/>\n\t<meta property=\"og:image:type\" content=\"image\/jpeg\" \/>\n<meta name=\"author\" content=\"admin\" \/>\n<meta name=\"twitter:card\" content=\"summary_large_image\" \/>\n<meta name=\"twitter:label1\" content=\"Escrito por\" \/>\n\t<meta name=\"twitter:data1\" content=\"admin\" \/>\n\t<meta name=\"twitter:label2\" content=\"Tiempo de lectura\" \/>\n\t<meta name=\"twitter:data2\" content=\"2 minutos\" \/>\n<script type=\"application\/ld+json\" class=\"yoast-schema-graph\">{\"@context\":\"https:\\\/\\\/schema.org\",\"@graph\":[{\"@type\":\"Article\",\"@id\":\"https:\\\/\\\/www.cuencasmineras.com\\\/index.php\\\/2025\\\/03\\\/04\\\/mieres-agradece-servicios-emergencia-explosion-la-villa\\\/#article\",\"isPartOf\":{\"@id\":\"https:\\\/\\\/www.cuencasmineras.com\\\/index.php\\\/2025\\\/03\\\/04\\\/mieres-agradece-servicios-emergencia-explosion-la-villa\\\/\"},\"author\":{\"name\":\"admin\",\"@id\":\"https:\\\/\\\/www.cuencasmineras.com\\\/#\\\/schema\\\/person\\\/be0691310e8496ec555f679dd688420c\"},\"headline\":\"Mieres agradece a los servicios de emergencia y muestra apoyo a las v\u00edctimas tras la explosi\u00f3n en La Villa\",\"datePublished\":\"2025-03-04T14:57:12+00:00\",\"mainEntityOfPage\":{\"@id\":\"https:\\\/\\\/www.cuencasmineras.com\\\/index.php\\\/2025\\\/03\\\/04\\\/mieres-agradece-servicios-emergencia-explosion-la-villa\\\/\"},\"wordCount\":209,\"commentCount\":0,\"image\":{\"@id\":\"https:\\\/\\\/www.cuencasmineras.com\\\/index.php\\\/2025\\\/03\\\/04\\\/mieres-agradece-servicios-emergencia-explosion-la-villa\\\/#primaryimage\"},\"thumbnailUrl\":\"https:\\\/\\\/www.cuencasmineras.com\\\/wp-content\\\/uploads\\\/2025\\\/03\\\/IMG-20250303-WA0032.jpg\",\"keywords\":[\"Explosi\u00f3n Mieres Barrio La Villa Servicios de emergencia Ayuntamiento de Mieres Heridos Gobierno del Principado Cruz Roja Polic\u00eda Local Protecci\u00f3n Civil Realojamiento v\u00edctimas\"],\"articleSection\":[\"Caudal\",\"CM NEWS\"],\"inLanguage\":\"es\",\"potentialAction\":[{\"@type\":\"CommentAction\",\"name\":\"Comment\",\"target\":[\"https:\\\/\\\/www.cuencasmineras.com\\\/index.php\\\/2025\\\/03\\\/04\\\/mieres-agradece-servicios-emergencia-explosion-la-villa\\\/#respond\"]}]},{\"@type\":\"WebPage\",\"@id\":\"https:\\\/\\\/www.cuencasmineras.com\\\/index.php\\\/2025\\\/03\\\/04\\\/mieres-agradece-servicios-emergencia-explosion-la-villa\\\/\",\"url\":\"https:\\\/\\\/www.cuencasmineras.com\\\/index.php\\\/2025\\\/03\\\/04\\\/mieres-agradece-servicios-emergencia-explosion-la-villa\\\/\",\"name\":\"Mieres agradece a los servicios de emergencia y muestra apoyo a las v\u00edctimas tras la explosi\u00f3n en La Villa\",\"isPartOf\":{\"@id\":\"https:\\\/\\\/www.cuencasmineras.com\\\/#website\"},\"primaryImageOfPage\":{\"@id\":\"https:\\\/\\\/www.cuencasmineras.com\\\/index.php\\\/2025\\\/03\\\/04\\\/mieres-agradece-servicios-emergencia-explosion-la-villa\\\/#primaryimage\"},\"image\":{\"@id\":\"https:\\\/\\\/www.cuencasmineras.com\\\/index.php\\\/2025\\\/03\\\/04\\\/mieres-agradece-servicios-emergencia-explosion-la-villa\\\/#primaryimage\"},\"thumbnailUrl\":\"https:\\\/\\\/www.cuencasmineras.com\\\/wp-content\\\/uploads\\\/2025\\\/03\\\/IMG-20250303-WA0032.jpg\",\"datePublished\":\"2025-03-04T14:57:12+00:00\",\"author\":{\"@id\":\"https:\\\/\\\/www.cuencasmineras.com\\\/#\\\/schema\\\/person\\\/be0691310e8496ec555f679dd688420c\"},\"description\":\"El Ayuntamiento de Mieres agradece a los servicios de emergencia y muestra apoyo a las v\u00edctimas tras la explosi\u00f3n en La Villa, que dej\u00f3 18 heridos. Descubre c\u00f3mo se est\u00e1 gestionando la crisis\",\"breadcrumb\":{\"@id\":\"https:\\\/\\\/www.cuencasmineras.com\\\/index.php\\\/2025\\\/03\\\/04\\\/mieres-agradece-servicios-emergencia-explosion-la-villa\\\/#breadcrumb\"},\"inLanguage\":\"es\",\"potentialAction\":[{\"@type\":\"ReadAction\",\"target\":[\"https:\\\/\\\/www.cuencasmineras.com\\\/index.php\\\/2025\\\/03\\\/04\\\/mieres-agradece-servicios-emergencia-explosion-la-villa\\\/\"]}]},{\"@type\":\"ImageObject\",\"inLanguage\":\"es\",\"@id\":\"https:\\\/\\\/www.cuencasmineras.com\\\/index.php\\\/2025\\\/03\\\/04\\\/mieres-agradece-servicios-emergencia-explosion-la-villa\\\/#primaryimage\",\"url\":\"https:\\\/\\\/www.cuencasmineras.com\\\/wp-content\\\/uploads\\\/2025\\\/03\\\/IMG-20250303-WA0032.jpg\",\"contentUrl\":\"https:\\\/\\\/www.cuencasmineras.com\\\/wp-content\\\/uploads\\\/2025\\\/03\\\/IMG-20250303-WA0032.jpg\",\"width\":563,\"height\":1000},{\"@type\":\"BreadcrumbList\",\"@id\":\"https:\\\/\\\/www.cuencasmineras.com\\\/index.php\\\/2025\\\/03\\\/04\\\/mieres-agradece-servicios-emergencia-explosion-la-villa\\\/#breadcrumb\",\"itemListElement\":[{\"@type\":\"ListItem\",\"position\":1,\"name\":\"Portada\",\"item\":\"https:\\\/\\\/www.cuencasmineras.com\\\/\"},{\"@type\":\"ListItem\",\"position\":2,\"name\":\"Mieres agradece a los servicios de emergencia y muestra apoyo a las v\u00edctimas tras la explosi\u00f3n en La Villa\"}]},{\"@type\":\"WebSite\",\"@id\":\"https:\\\/\\\/www.cuencasmineras.com\\\/#website\",\"url\":\"https:\\\/\\\/www.cuencasmineras.com\\\/\",\"name\":\"\",\"description\":\"\",\"potentialAction\":[{\"@type\":\"SearchAction\",\"target\":{\"@type\":\"EntryPoint\",\"urlTemplate\":\"https:\\\/\\\/www.cuencasmineras.com\\\/?s={search_term_string}\"},\"query-input\":{\"@type\":\"PropertyValueSpecification\",\"valueRequired\":true,\"valueName\":\"search_term_string\"}}],\"inLanguage\":\"es\"},{\"@type\":\"Person\",\"@id\":\"https:\\\/\\\/www.cuencasmineras.com\\\/#\\\/schema\\\/person\\\/be0691310e8496ec555f679dd688420c\",\"name\":\"admin\",\"image\":{\"@type\":\"ImageObject\",\"inLanguage\":\"es\",\"@id\":\"https:\\\/\\\/secure.gravatar.com\\\/avatar\\\/4afd2eed3b2fbbf36dd6707b5bd8a5b50ac648f033e36fbf85aeace2f0f859db?s=96&d=mm&r=g\",\"url\":\"https:\\\/\\\/secure.gravatar.com\\\/avatar\\\/4afd2eed3b2fbbf36dd6707b5bd8a5b50ac648f033e36fbf85aeace2f0f859db?s=96&d=mm&r=g\",\"contentUrl\":\"https:\\\/\\\/secure.gravatar.com\\\/avatar\\\/4afd2eed3b2fbbf36dd6707b5bd8a5b50ac648f033e36fbf85aeace2f0f859db?s=96&d=mm&r=g\",\"caption\":\"admin\"},\"sameAs\":[\"https:\\\/\\\/www.cuencasmineras.com\"],\"url\":\"https:\\\/\\\/www.cuencasmineras.com\\\/index.php\\\/author\\\/admin\\\/\"}]}<\/script>\n<!-- \/ Yoast SEO plugin. -->","yoast_head_json":{"title":"Mieres agradece a los servicios de emergencia y muestra apoyo a las v\u00edctimas tras la explosi\u00f3n en La Villa","description":"El Ayuntamiento de Mieres agradece a los servicios de emergencia y muestra apoyo a las v\u00edctimas tras la explosi\u00f3n en La Villa, que dej\u00f3 18 heridos. Descubre c\u00f3mo se est\u00e1 gestionando la crisis","robots":{"index":"index","follow":"follow","max-snippet":"max-snippet:-1","max-image-preview":"max-image-preview:large","max-video-preview":"max-video-preview:-1"},"canonical":"https:\/\/www.cuencasmineras.com\/index.php\/2025\/03\/04\/mieres-agradece-servicios-emergencia-explosion-la-villa\/","og_locale":"es_ES","og_type":"article","og_title":"Mieres agradece a los servicios de emergencia y muestra apoyo a las v\u00edctimas tras la explosi\u00f3n en La Villa","og_description":"El Ayuntamiento de Mieres agradece a los servicios de emergencia y muestra apoyo a las v\u00edctimas tras la explosi\u00f3n en La Villa, que dej\u00f3 18 heridos. Descubre c\u00f3mo se est\u00e1 gestionando la crisis","og_url":"https:\/\/www.cuencasmineras.com\/index.php\/2025\/03\/04\/mieres-agradece-servicios-emergencia-explosion-la-villa\/","article_published_time":"2025-03-04T14:57:12+00:00","og_image":[{"width":563,"height":1000,"url":"https:\/\/www.cuencasmineras.com\/wp-content\/uploads\/2025\/03\/IMG-20250303-WA0032.jpg","type":"image\/jpeg"}],"author":"admin","twitter_card":"summary_large_image","twitter_misc":{"Escrito por":"admin","Tiempo de lectura":"2 minutos"},"schema":{"@context":"https:\/\/schema.org","@graph":[{"@type":"Article","@id":"https:\/\/www.cuencasmineras.com\/index.php\/2025\/03\/04\/mieres-agradece-servicios-emergencia-explosion-la-villa\/#article","isPartOf":{"@id":"https:\/\/www.cuencasmineras.com\/index.php\/2025\/03\/04\/mieres-agradece-servicios-emergencia-explosion-la-villa\/"},"author":{"name":"admin","@id":"https:\/\/www.cuencasmineras.com\/#\/schema\/person\/be0691310e8496ec555f679dd688420c"},"headline":"Mieres agradece a los servicios de emergencia y muestra apoyo a las v\u00edctimas tras la explosi\u00f3n en La Villa","datePublished":"2025-03-04T14:57:12+00:00","mainEntityOfPage":{"@id":"https:\/\/www.cuencasmineras.com\/index.php\/2025\/03\/04\/mieres-agradece-servicios-emergencia-explosion-la-villa\/"},"wordCount":209,"commentCount":0,"image":{"@id":"https:\/\/www.cuencasmineras.com\/index.php\/2025\/03\/04\/mieres-agradece-servicios-emergencia-explosion-la-villa\/#primaryimage"},"thumbnailUrl":"https:\/\/www.cuencasmineras.com\/wp-content\/uploads\/2025\/03\/IMG-20250303-WA0032.jpg","keywords":["Explosi\u00f3n Mieres Barrio La Villa Servicios de emergencia Ayuntamiento de Mieres Heridos Gobierno del Principado Cruz Roja Polic\u00eda Local Protecci\u00f3n Civil Realojamiento v\u00edctimas"],"articleSection":["Caudal","CM NEWS"],"inLanguage":"es","potentialAction":[{"@type":"CommentAction","name":"Comment","target":["https:\/\/www.cuencasmineras.com\/index.php\/2025\/03\/04\/mieres-agradece-servicios-emergencia-explosion-la-villa\/#respond"]}]},{"@type":"WebPage","@id":"https:\/\/www.cuencasmineras.com\/index.php\/2025\/03\/04\/mieres-agradece-servicios-emergencia-explosion-la-villa\/","url":"https:\/\/www.cuencasmineras.com\/index.php\/2025\/03\/04\/mieres-agradece-servicios-emergencia-explosion-la-villa\/","name":"Mieres agradece a los servicios de emergencia y muestra apoyo a las v\u00edctimas tras la explosi\u00f3n en La Villa","isPartOf":{"@id":"https:\/\/www.cuencasmineras.com\/#website"},"primaryImageOfPage":{"@id":"https:\/\/www.cuencasmineras.com\/index.php\/2025\/03\/04\/mieres-agradece-servicios-emergencia-explosion-la-villa\/#primaryimage"},"image":{"@id":"https:\/\/www.cuencasmineras.com\/index.php\/2025\/03\/04\/mieres-agradece-servicios-emergencia-explosion-la-villa\/#primaryimage"},"thumbnailUrl":"https:\/\/www.cuencasmineras.com\/wp-content\/uploads\/2025\/03\/IMG-20250303-WA0032.jpg","datePublished":"2025-03-04T14:57:12+00:00","author":{"@id":"https:\/\/www.cuencasmineras.com\/#\/schema\/person\/be0691310e8496ec555f679dd688420c"},"description":"El Ayuntamiento de Mieres agradece a los servicios de emergencia y muestra apoyo a las v\u00edctimas tras la explosi\u00f3n en La Villa, que dej\u00f3 18 heridos. Descubre c\u00f3mo se est\u00e1 gestionando la crisis","breadcrumb":{"@id":"https:\/\/www.cuencasmineras.com\/index.php\/2025\/03\/04\/mieres-agradece-servicios-emergencia-explosion-la-villa\/#breadcrumb"},"inLanguage":"es","potentialAction":[{"@type":"ReadAction","target":["https:\/\/www.cuencasmineras.com\/index.php\/2025\/03\/04\/mieres-agradece-servicios-emergencia-explosion-la-villa\/"]}]},{"@type":"ImageObject","inLanguage":"es","@id":"https:\/\/www.cuencasmineras.com\/index.php\/2025\/03\/04\/mieres-agradece-servicios-emergencia-explosion-la-villa\/#primaryimage","url":"https:\/\/www.cuencasmineras.com\/wp-content\/uploads\/2025\/03\/IMG-20250303-WA0032.jpg","contentUrl":"https:\/\/www.cuencasmineras.com\/wp-content\/uploads\/2025\/03\/IMG-20250303-WA0032.jpg","width":563,"height":1000},{"@type":"BreadcrumbList","@id":"https:\/\/www.cuencasmineras.com\/index.php\/2025\/03\/04\/mieres-agradece-servicios-emergencia-explosion-la-villa\/#breadcrumb","itemListElement":[{"@type":"ListItem","position":1,"name":"Portada","item":"https:\/\/www.cuencasmineras.com\/"},{"@type":"ListItem","position":2,"name":"Mieres agradece a los servicios de emergencia y muestra apoyo a las v\u00edctimas tras la explosi\u00f3n en La Villa"}]},{"@type":"WebSite","@id":"https:\/\/www.cuencasmineras.com\/#website","url":"https:\/\/www.cuencasmineras.com\/","name":"","description":"","potentialAction":[{"@type":"SearchAction","target":{"@type":"EntryPoint","urlTemplate":"https:\/\/www.cuencasmineras.com\/?s={search_term_string}"},"query-input":{"@type":"PropertyValueSpecification","valueRequired":true,"valueName":"search_term_string"}}],"inLanguage":"es"},{"@type":"Person","@id":"https:\/\/www.cuencasmineras.com\/#\/schema\/person\/be0691310e8496ec555f679dd688420c","name":"admin","image":{"@type":"ImageObject","inLanguage":"es","@id":"https:\/\/secure.gravatar.com\/avatar\/4afd2eed3b2fbbf36dd6707b5bd8a5b50ac648f033e36fbf85aeace2f0f859db?s=96&d=mm&r=g","url":"https:\/\/secure.gravatar.com\/avatar\/4afd2eed3b2fbbf36dd6707b5bd8a5b50ac648f033e36fbf85aeace2f0f859db?s=96&d=mm&r=g","contentUrl":"https:\/\/secure.gravatar.com\/avatar\/4afd2eed3b2fbbf36dd6707b5bd8a5b50ac648f033e36fbf85aeace2f0f859db?s=96&d=mm&r=g","caption":"admin"},"sameAs":["https:\/\/www.cuencasmineras.com"],"url":"https:\/\/www.cuencasmineras.com\/index.php\/author\/admin\/"}]}},"_links":{"self":[{"href":"https:\/\/www.cuencasmineras.com\/index.php\/wp-json\/wp\/v2\/posts\/6753","targetHints":{"allow":["GET"]}}],"collection":[{"href":"https:\/\/www.cuencasmineras.com\/index.php\/wp-json\/wp\/v2\/posts"}],"about":[{"href":"https:\/\/www.cuencasmineras.com\/index.php\/wp-json\/wp\/v2\/types\/post"}],"author":[{"embeddable":true,"href":"https:\/\/www.cuencasmineras.com\/index.php\/wp-json\/wp\/v2\/users\/1"}],"replies":[{"embeddable":true,"href":"https:\/\/www.cuencasmineras.com\/index.php\/wp-json\/wp\/v2\/comments?post=6753"}],"version-history":[{"count":2,"href":"https:\/\/www.cuencasmineras.com\/index.php\/wp-json\/wp\/v2\/posts\/6753\/revisions"}],"predecessor-version":[{"id":6756,"href":"https:\/\/www.cuencasmineras.com\/index.php\/wp-json\/wp\/v2\/posts\/6753\/revisions\/6756"}],"wp:featuredmedia":[{"embeddable":true,"href":"https:\/\/www.cuencasmineras.com\/index.php\/wp-json\/wp\/v2\/media\/6754"}],"wp:attachment":[{"href":"https:\/\/www.cuencasmineras.com\/index.php\/wp-json\/wp\/v2\/media?parent=6753"}],"wp:term":[{"taxonomy":"category","embeddable":true,"href":"https:\/\/www.cuencasmineras.com\/index.php\/wp-json\/wp\/v2\/categories?post=6753"},{"taxonomy":"post_tag","embeddable":true,"href":"https:\/\/www.cuencasmineras.com\/index.php\/wp-json\/wp\/v2\/tags?post=6753"}],"curies":[{"name":"wp","href":"https:\/\/api.w.org\/{rel}","templated":true}]}}