{"id":6767,"date":"2025-03-06T17:37:35","date_gmt":"2025-03-06T17:37:35","guid":{"rendered":"https:\/\/www.cuencasmineras.com\/?p=6767"},"modified":"2025-03-06T17:37:35","modified_gmt":"2025-03-06T17:37:35","slug":"viviendas-emergencia-mieres-explosion","status":"publish","type":"post","link":"https:\/\/www.cuencasmineras.com\/index.php\/2025\/03\/06\/viviendas-emergencia-mieres-explosion\/","title":{"rendered":"Mieres Busca Viviendas de Emergencia Tras Explosi\u00f3n: Apoyo a Familias Afectadas"},"content":{"rendered":"<h2 data-sourcepos=\"3:1-3:82\"><strong>El Ayuntamiento de Mieres y el Principado de Asturias colaboran para encontrar viviendas de emergencia para las familias m\u00e1s afectadas por la explosi\u00f3n. Se buscan soluciones dentro y fuera del concejo.<\/strong><\/h2>\n<p data-sourcepos=\"7:1-7:315\"><strong>Mieres, Asturias \u2013<\/strong> Tras la devastadora explosi\u00f3n en Mieres, la prioridad es realojar a las familias que perdieron sus hogares o cuyas viviendas requieren reparaciones extensas. El Ayuntamiento, en colaboraci\u00f3n con el Principado, est\u00e1 buscando activamente viviendas de emergencia para brindarles un hogar seguro.<\/p>\n<h3 data-sourcepos=\"9:1-9:54\"><strong>B\u00fasqueda de soluciones habitacionales urgentes<\/strong><\/h3>\n<ul data-sourcepos=\"11:1-14:0\">\n<li data-sourcepos=\"11:1-11:90\">El Ayuntamiento y el Principado buscan viviendas de emergencia dentro y fuera de Mieres.<\/li>\n<li data-sourcepos=\"12:1-12:93\">Se prioriza el realojo de familias que perdieron sus hogares y aquellas con da\u00f1os extensos.<\/li>\n<li data-sourcepos=\"13:1-14:0\">Se considera la residencia de estudiantes del campus universitario de Mieres para estancias temporales.<\/li>\n<\/ul>\n<h3 data-sourcepos=\"15:1-15:35\"><strong>Avances en la zona afectada<\/strong><\/h3>\n<ul data-sourcepos=\"17:1-20:0\">\n<li data-sourcepos=\"17:1-17:125\">Las labores de desescombro avanzan a buen ritmo, con el objetivo de despejar la \u00abzona cero\u00bb para la investigaci\u00f3n policial.<\/li>\n<li data-sourcepos=\"18:1-18:118\">T\u00e9cnicos municipales revisan viviendas para evaluar da\u00f1os estructurales y permitir el regreso seguro de los vecinos.<\/li>\n<li data-sourcepos=\"19:1-20:0\">Se priorizan los edificios de la calle Ram\u00f3n y Cajal.<\/li>\n<\/ul>\n<h3 data-sourcepos=\"21:1-21:48\"><strong>Estado de los heridos: Evoluci\u00f3n estable<\/strong><\/h3>\n<ul data-sourcepos=\"23:1-27:0\">\n<li data-sourcepos=\"23:1-23:70\">La mujer trasladada a Madrid permanece en estado grave pero estable.<\/li>\n<li data-sourcepos=\"24:1-24:52\">Los heridos en el HUCA muestran signos de mejor\u00eda.<\/li>\n<li data-sourcepos=\"25:1-25:104\">El herido en el hospital Vital \u00c1lvarez-Buylla se encuentra a la espera de una intervenci\u00f3n quir\u00fargica.<\/li>\n<li data-sourcepos=\"26:1-27:0\">El alcalde mantiene contacto constante con las familias.<\/li>\n<\/ul>\n","protected":false},"excerpt":{"rendered":"<p>El Ayuntamiento de Mieres y el Principado de Asturias colaboran para encontrar viviendas de emergencia para las familias m\u00e1s afectadas por la explosi\u00f3n. Se buscan soluciones dentro y fuera del concejo. Mieres, Asturias \u2013 Tras la devastadora explosi\u00f3n en Mieres, la prioridad es realojar a las familias que perdieron sus hogares o cuyas viviendas requieren [&hellip;]<\/p>\n","protected":false},"author":1,"featured_media":6751,"comment_status":"open","ping_status":"open","sticky":false,"template":"","format":"standard","meta":{"footnotes":""},"categories":[7,6],"tags":[559,553,31,271],"class_list":["post-6767","post","type-post","status-publish","format-standard","has-post-thumbnail","hentry","category-caudal","category-noticias","tag-emergencia","tag-explosion","tag-mieres","tag-viviendas"],"yoast_head":"<!-- This site is optimized with the Yoast SEO plugin v27.4 - https:\/\/yoast.com\/product\/yoast-seo-wordpress\/ -->\n<title>Mieres: Viviendas de Emergencia para Afectados por Explosi\u00f3n<\/title>\n<meta name=\"description\" content=\"El Ayuntamiento de Mieres y el Principado buscan viviendas de emergencia para las familias afectadas por la explosi\u00f3n. Sigue la evoluci\u00f3n de los heridos y los trabajos en la zona\" \/>\n<meta name=\"robots\" content=\"index, follow, max-snippet:-1, max-image-preview:large, max-video-preview:-1\" \/>\n<link rel=\"canonical\" href=\"https:\/\/www.cuencasmineras.com\/index.php\/2025\/03\/06\/viviendas-emergencia-mieres-explosion\/\" \/>\n<meta property=\"og:locale\" content=\"es_ES\" \/>\n<meta property=\"og:type\" content=\"article\" \/>\n<meta property=\"og:title\" content=\"Mieres: Viviendas de Emergencia para Afectados por Explosi\u00f3n\" \/>\n<meta property=\"og:description\" content=\"El Ayuntamiento de Mieres y el Principado buscan viviendas de emergencia para las familias afectadas por la explosi\u00f3n. Sigue la evoluci\u00f3n de los heridos y los trabajos en la zona\" \/>\n<meta property=\"og:url\" content=\"https:\/\/www.cuencasmineras.com\/index.php\/2025\/03\/06\/viviendas-emergencia-mieres-explosion\/\" \/>\n<meta property=\"article:published_time\" content=\"2025-03-06T17:37:35+00:00\" \/>\n<meta property=\"og:image\" content=\"https:\/\/www.cuencasmineras.com\/wp-content\/uploads\/2025\/03\/IMG-20250303-WA0031.jpg\" \/>\n\t<meta property=\"og:image:width\" content=\"500\" \/>\n\t<meta property=\"og:image:height\" content=\"281\" \/>\n\t<meta property=\"og:image:type\" content=\"image\/jpeg\" \/>\n<meta name=\"author\" content=\"admin\" \/>\n<meta name=\"twitter:card\" content=\"summary_large_image\" \/>\n<meta name=\"twitter:label1\" content=\"Escrito por\" \/>\n\t<meta name=\"twitter:data1\" content=\"admin\" \/>\n\t<meta name=\"twitter:label2\" content=\"Tiempo de lectura\" \/>\n\t<meta name=\"twitter:data2\" content=\"2 minutos\" \/>\n<script type=\"application\/ld+json\" class=\"yoast-schema-graph\">{\"@context\":\"https:\\\/\\\/schema.org\",\"@graph\":[{\"@type\":\"Article\",\"@id\":\"https:\\\/\\\/www.cuencasmineras.com\\\/index.php\\\/2025\\\/03\\\/06\\\/viviendas-emergencia-mieres-explosion\\\/#article\",\"isPartOf\":{\"@id\":\"https:\\\/\\\/www.cuencasmineras.com\\\/index.php\\\/2025\\\/03\\\/06\\\/viviendas-emergencia-mieres-explosion\\\/\"},\"author\":{\"name\":\"admin\",\"@id\":\"https:\\\/\\\/www.cuencasmineras.com\\\/#\\\/schema\\\/person\\\/be0691310e8496ec555f679dd688420c\"},\"headline\":\"Mieres Busca Viviendas de Emergencia Tras Explosi\u00f3n: Apoyo a Familias Afectadas\",\"datePublished\":\"2025-03-06T17:37:35+00:00\",\"mainEntityOfPage\":{\"@id\":\"https:\\\/\\\/www.cuencasmineras.com\\\/index.php\\\/2025\\\/03\\\/06\\\/viviendas-emergencia-mieres-explosion\\\/\"},\"wordCount\":249,\"commentCount\":0,\"image\":{\"@id\":\"https:\\\/\\\/www.cuencasmineras.com\\\/index.php\\\/2025\\\/03\\\/06\\\/viviendas-emergencia-mieres-explosion\\\/#primaryimage\"},\"thumbnailUrl\":\"https:\\\/\\\/www.cuencasmineras.com\\\/wp-content\\\/uploads\\\/2025\\\/03\\\/IMG-20250303-WA0031.jpg\",\"keywords\":[\"emergencia.\",\"explosi\u00f3n\",\"mieres\",\"viviendas\"],\"articleSection\":[\"Caudal\",\"CM NEWS\"],\"inLanguage\":\"es\",\"potentialAction\":[{\"@type\":\"CommentAction\",\"name\":\"Comment\",\"target\":[\"https:\\\/\\\/www.cuencasmineras.com\\\/index.php\\\/2025\\\/03\\\/06\\\/viviendas-emergencia-mieres-explosion\\\/#respond\"]}]},{\"@type\":\"WebPage\",\"@id\":\"https:\\\/\\\/www.cuencasmineras.com\\\/index.php\\\/2025\\\/03\\\/06\\\/viviendas-emergencia-mieres-explosion\\\/\",\"url\":\"https:\\\/\\\/www.cuencasmineras.com\\\/index.php\\\/2025\\\/03\\\/06\\\/viviendas-emergencia-mieres-explosion\\\/\",\"name\":\"Mieres: Viviendas de Emergencia para Afectados por Explosi\u00f3n\",\"isPartOf\":{\"@id\":\"https:\\\/\\\/www.cuencasmineras.com\\\/#website\"},\"primaryImageOfPage\":{\"@id\":\"https:\\\/\\\/www.cuencasmineras.com\\\/index.php\\\/2025\\\/03\\\/06\\\/viviendas-emergencia-mieres-explosion\\\/#primaryimage\"},\"image\":{\"@id\":\"https:\\\/\\\/www.cuencasmineras.com\\\/index.php\\\/2025\\\/03\\\/06\\\/viviendas-emergencia-mieres-explosion\\\/#primaryimage\"},\"thumbnailUrl\":\"https:\\\/\\\/www.cuencasmineras.com\\\/wp-content\\\/uploads\\\/2025\\\/03\\\/IMG-20250303-WA0031.jpg\",\"datePublished\":\"2025-03-06T17:37:35+00:00\",\"author\":{\"@id\":\"https:\\\/\\\/www.cuencasmineras.com\\\/#\\\/schema\\\/person\\\/be0691310e8496ec555f679dd688420c\"},\"description\":\"El Ayuntamiento de Mieres y el Principado buscan viviendas de emergencia para las familias afectadas por la explosi\u00f3n. Sigue la evoluci\u00f3n de los heridos y los trabajos en la zona\",\"breadcrumb\":{\"@id\":\"https:\\\/\\\/www.cuencasmineras.com\\\/index.php\\\/2025\\\/03\\\/06\\\/viviendas-emergencia-mieres-explosion\\\/#breadcrumb\"},\"inLanguage\":\"es\",\"potentialAction\":[{\"@type\":\"ReadAction\",\"target\":[\"https:\\\/\\\/www.cuencasmineras.com\\\/index.php\\\/2025\\\/03\\\/06\\\/viviendas-emergencia-mieres-explosion\\\/\"]}]},{\"@type\":\"ImageObject\",\"inLanguage\":\"es\",\"@id\":\"https:\\\/\\\/www.cuencasmineras.com\\\/index.php\\\/2025\\\/03\\\/06\\\/viviendas-emergencia-mieres-explosion\\\/#primaryimage\",\"url\":\"https:\\\/\\\/www.cuencasmineras.com\\\/wp-content\\\/uploads\\\/2025\\\/03\\\/IMG-20250303-WA0031.jpg\",\"contentUrl\":\"https:\\\/\\\/www.cuencasmineras.com\\\/wp-content\\\/uploads\\\/2025\\\/03\\\/IMG-20250303-WA0031.jpg\",\"width\":500,\"height\":281},{\"@type\":\"BreadcrumbList\",\"@id\":\"https:\\\/\\\/www.cuencasmineras.com\\\/index.php\\\/2025\\\/03\\\/06\\\/viviendas-emergencia-mieres-explosion\\\/#breadcrumb\",\"itemListElement\":[{\"@type\":\"ListItem\",\"position\":1,\"name\":\"Portada\",\"item\":\"https:\\\/\\\/www.cuencasmineras.com\\\/\"},{\"@type\":\"ListItem\",\"position\":2,\"name\":\"Mieres Busca Viviendas de Emergencia Tras Explosi\u00f3n: Apoyo a Familias Afectadas\"}]},{\"@type\":\"WebSite\",\"@id\":\"https:\\\/\\\/www.cuencasmineras.com\\\/#website\",\"url\":\"https:\\\/\\\/www.cuencasmineras.com\\\/\",\"name\":\"\",\"description\":\"\",\"potentialAction\":[{\"@type\":\"SearchAction\",\"target\":{\"@type\":\"EntryPoint\",\"urlTemplate\":\"https:\\\/\\\/www.cuencasmineras.com\\\/?s={search_term_string}\"},\"query-input\":{\"@type\":\"PropertyValueSpecification\",\"valueRequired\":true,\"valueName\":\"search_term_string\"}}],\"inLanguage\":\"es\"},{\"@type\":\"Person\",\"@id\":\"https:\\\/\\\/www.cuencasmineras.com\\\/#\\\/schema\\\/person\\\/be0691310e8496ec555f679dd688420c\",\"name\":\"admin\",\"image\":{\"@type\":\"ImageObject\",\"inLanguage\":\"es\",\"@id\":\"https:\\\/\\\/secure.gravatar.com\\\/avatar\\\/4afd2eed3b2fbbf36dd6707b5bd8a5b50ac648f033e36fbf85aeace2f0f859db?s=96&d=mm&r=g\",\"url\":\"https:\\\/\\\/secure.gravatar.com\\\/avatar\\\/4afd2eed3b2fbbf36dd6707b5bd8a5b50ac648f033e36fbf85aeace2f0f859db?s=96&d=mm&r=g\",\"contentUrl\":\"https:\\\/\\\/secure.gravatar.com\\\/avatar\\\/4afd2eed3b2fbbf36dd6707b5bd8a5b50ac648f033e36fbf85aeace2f0f859db?s=96&d=mm&r=g\",\"caption\":\"admin\"},\"sameAs\":[\"https:\\\/\\\/www.cuencasmineras.com\"],\"url\":\"https:\\\/\\\/www.cuencasmineras.com\\\/index.php\\\/author\\\/admin\\\/\"}]}<\/script>\n<!-- \/ Yoast SEO plugin. -->","yoast_head_json":{"title":"Mieres: Viviendas de Emergencia para Afectados por Explosi\u00f3n","description":"El Ayuntamiento de Mieres y el Principado buscan viviendas de emergencia para las familias afectadas por la explosi\u00f3n. Sigue la evoluci\u00f3n de los heridos y los trabajos en la zona","robots":{"index":"index","follow":"follow","max-snippet":"max-snippet:-1","max-image-preview":"max-image-preview:large","max-video-preview":"max-video-preview:-1"},"canonical":"https:\/\/www.cuencasmineras.com\/index.php\/2025\/03\/06\/viviendas-emergencia-mieres-explosion\/","og_locale":"es_ES","og_type":"article","og_title":"Mieres: Viviendas de Emergencia para Afectados por Explosi\u00f3n","og_description":"El Ayuntamiento de Mieres y el Principado buscan viviendas de emergencia para las familias afectadas por la explosi\u00f3n. Sigue la evoluci\u00f3n de los heridos y los trabajos en la zona","og_url":"https:\/\/www.cuencasmineras.com\/index.php\/2025\/03\/06\/viviendas-emergencia-mieres-explosion\/","article_published_time":"2025-03-06T17:37:35+00:00","og_image":[{"width":500,"height":281,"url":"https:\/\/www.cuencasmineras.com\/wp-content\/uploads\/2025\/03\/IMG-20250303-WA0031.jpg","type":"image\/jpeg"}],"author":"admin","twitter_card":"summary_large_image","twitter_misc":{"Escrito por":"admin","Tiempo de lectura":"2 minutos"},"schema":{"@context":"https:\/\/schema.org","@graph":[{"@type":"Article","@id":"https:\/\/www.cuencasmineras.com\/index.php\/2025\/03\/06\/viviendas-emergencia-mieres-explosion\/#article","isPartOf":{"@id":"https:\/\/www.cuencasmineras.com\/index.php\/2025\/03\/06\/viviendas-emergencia-mieres-explosion\/"},"author":{"name":"admin","@id":"https:\/\/www.cuencasmineras.com\/#\/schema\/person\/be0691310e8496ec555f679dd688420c"},"headline":"Mieres Busca Viviendas de Emergencia Tras Explosi\u00f3n: Apoyo a Familias Afectadas","datePublished":"2025-03-06T17:37:35+00:00","mainEntityOfPage":{"@id":"https:\/\/www.cuencasmineras.com\/index.php\/2025\/03\/06\/viviendas-emergencia-mieres-explosion\/"},"wordCount":249,"commentCount":0,"image":{"@id":"https:\/\/www.cuencasmineras.com\/index.php\/2025\/03\/06\/viviendas-emergencia-mieres-explosion\/#primaryimage"},"thumbnailUrl":"https:\/\/www.cuencasmineras.com\/wp-content\/uploads\/2025\/03\/IMG-20250303-WA0031.jpg","keywords":["emergencia.","explosi\u00f3n","mieres","viviendas"],"articleSection":["Caudal","CM NEWS"],"inLanguage":"es","potentialAction":[{"@type":"CommentAction","name":"Comment","target":["https:\/\/www.cuencasmineras.com\/index.php\/2025\/03\/06\/viviendas-emergencia-mieres-explosion\/#respond"]}]},{"@type":"WebPage","@id":"https:\/\/www.cuencasmineras.com\/index.php\/2025\/03\/06\/viviendas-emergencia-mieres-explosion\/","url":"https:\/\/www.cuencasmineras.com\/index.php\/2025\/03\/06\/viviendas-emergencia-mieres-explosion\/","name":"Mieres: Viviendas de Emergencia para Afectados por Explosi\u00f3n","isPartOf":{"@id":"https:\/\/www.cuencasmineras.com\/#website"},"primaryImageOfPage":{"@id":"https:\/\/www.cuencasmineras.com\/index.php\/2025\/03\/06\/viviendas-emergencia-mieres-explosion\/#primaryimage"},"image":{"@id":"https:\/\/www.cuencasmineras.com\/index.php\/2025\/03\/06\/viviendas-emergencia-mieres-explosion\/#primaryimage"},"thumbnailUrl":"https:\/\/www.cuencasmineras.com\/wp-content\/uploads\/2025\/03\/IMG-20250303-WA0031.jpg","datePublished":"2025-03-06T17:37:35+00:00","author":{"@id":"https:\/\/www.cuencasmineras.com\/#\/schema\/person\/be0691310e8496ec555f679dd688420c"},"description":"El Ayuntamiento de Mieres y el Principado buscan viviendas de emergencia para las familias afectadas por la explosi\u00f3n. Sigue la evoluci\u00f3n de los heridos y los trabajos en la zona","breadcrumb":{"@id":"https:\/\/www.cuencasmineras.com\/index.php\/2025\/03\/06\/viviendas-emergencia-mieres-explosion\/#breadcrumb"},"inLanguage":"es","potentialAction":[{"@type":"ReadAction","target":["https:\/\/www.cuencasmineras.com\/index.php\/2025\/03\/06\/viviendas-emergencia-mieres-explosion\/"]}]},{"@type":"ImageObject","inLanguage":"es","@id":"https:\/\/www.cuencasmineras.com\/index.php\/2025\/03\/06\/viviendas-emergencia-mieres-explosion\/#primaryimage","url":"https:\/\/www.cuencasmineras.com\/wp-content\/uploads\/2025\/03\/IMG-20250303-WA0031.jpg","contentUrl":"https:\/\/www.cuencasmineras.com\/wp-content\/uploads\/2025\/03\/IMG-20250303-WA0031.jpg","width":500,"height":281},{"@type":"BreadcrumbList","@id":"https:\/\/www.cuencasmineras.com\/index.php\/2025\/03\/06\/viviendas-emergencia-mieres-explosion\/#breadcrumb","itemListElement":[{"@type":"ListItem","position":1,"name":"Portada","item":"https:\/\/www.cuencasmineras.com\/"},{"@type":"ListItem","position":2,"name":"Mieres Busca Viviendas de Emergencia Tras Explosi\u00f3n: Apoyo a Familias Afectadas"}]},{"@type":"WebSite","@id":"https:\/\/www.cuencasmineras.com\/#website","url":"https:\/\/www.cuencasmineras.com\/","name":"","description":"","potentialAction":[{"@type":"SearchAction","target":{"@type":"EntryPoint","urlTemplate":"https:\/\/www.cuencasmineras.com\/?s={search_term_string}"},"query-input":{"@type":"PropertyValueSpecification","valueRequired":true,"valueName":"search_term_string"}}],"inLanguage":"es"},{"@type":"Person","@id":"https:\/\/www.cuencasmineras.com\/#\/schema\/person\/be0691310e8496ec555f679dd688420c","name":"admin","image":{"@type":"ImageObject","inLanguage":"es","@id":"https:\/\/secure.gravatar.com\/avatar\/4afd2eed3b2fbbf36dd6707b5bd8a5b50ac648f033e36fbf85aeace2f0f859db?s=96&d=mm&r=g","url":"https:\/\/secure.gravatar.com\/avatar\/4afd2eed3b2fbbf36dd6707b5bd8a5b50ac648f033e36fbf85aeace2f0f859db?s=96&d=mm&r=g","contentUrl":"https:\/\/secure.gravatar.com\/avatar\/4afd2eed3b2fbbf36dd6707b5bd8a5b50ac648f033e36fbf85aeace2f0f859db?s=96&d=mm&r=g","caption":"admin"},"sameAs":["https:\/\/www.cuencasmineras.com"],"url":"https:\/\/www.cuencasmineras.com\/index.php\/author\/admin\/"}]}},"_links":{"self":[{"href":"https:\/\/www.cuencasmineras.com\/index.php\/wp-json\/wp\/v2\/posts\/6767","targetHints":{"allow":["GET"]}}],"collection":[{"href":"https:\/\/www.cuencasmineras.com\/index.php\/wp-json\/wp\/v2\/posts"}],"about":[{"href":"https:\/\/www.cuencasmineras.com\/index.php\/wp-json\/wp\/v2\/types\/post"}],"author":[{"embeddable":true,"href":"https:\/\/www.cuencasmineras.com\/index.php\/wp-json\/wp\/v2\/users\/1"}],"replies":[{"embeddable":true,"href":"https:\/\/www.cuencasmineras.com\/index.php\/wp-json\/wp\/v2\/comments?post=6767"}],"version-history":[{"count":1,"href":"https:\/\/www.cuencasmineras.com\/index.php\/wp-json\/wp\/v2\/posts\/6767\/revisions"}],"predecessor-version":[{"id":6768,"href":"https:\/\/www.cuencasmineras.com\/index.php\/wp-json\/wp\/v2\/posts\/6767\/revisions\/6768"}],"wp:featuredmedia":[{"embeddable":true,"href":"https:\/\/www.cuencasmineras.com\/index.php\/wp-json\/wp\/v2\/media\/6751"}],"wp:attachment":[{"href":"https:\/\/www.cuencasmineras.com\/index.php\/wp-json\/wp\/v2\/media?parent=6767"}],"wp:term":[{"taxonomy":"category","embeddable":true,"href":"https:\/\/www.cuencasmineras.com\/index.php\/wp-json\/wp\/v2\/categories?post=6767"},{"taxonomy":"post_tag","embeddable":true,"href":"https:\/\/www.cuencasmineras.com\/index.php\/wp-json\/wp\/v2\/tags?post=6767"}],"curies":[{"name":"wp","href":"https:\/\/api.w.org\/{rel}","templated":true}]}}