{"id":6967,"date":"2025-04-02T15:05:13","date_gmt":"2025-04-02T15:05:13","guid":{"rendered":"https:\/\/www.cuencasmineras.com\/?p=6967"},"modified":"2025-04-02T15:05:13","modified_gmt":"2025-04-02T15:05:13","slug":"tuilla-se-rebela-contra-el-recorte-de-paradas","status":"publish","type":"post","link":"https:\/\/www.cuencasmineras.com\/index.php\/2025\/04\/02\/tuilla-se-rebela-contra-el-recorte-de-paradas\/","title":{"rendered":"Tuilla se rebela contra el recorte de paradas de tren: \u00abVan a matar al pueblo\u00bb"},"content":{"rendered":"<p style=\"text-align: justify;\">Los vecinos de <strong>Tuilla (Langreo)<\/strong> han iniciado una movilizaci\u00f3n contra la <strong>nueva malla horaria<\/strong> de la l\u00ednea Gij\u00f3n-Laviana, que eliminar\u00e1 <strong>8 paradas diarias<\/strong> en su estaci\u00f3n a partir del <strong>12 de mayo<\/strong>, cuando entre en vigor el plan piloto de servicios semidirectos.<\/p>\n<h3 style=\"text-align: justify;\">\ud83d\ude86 <strong>Qu\u00e9 cambia en la l\u00ednea Gij\u00f3n-Laviana<\/strong><\/h3>\n<ul style=\"text-align: justify;\">\n<li><strong>8 trenes diarios<\/strong> (4 ma\u00f1anas\/4 tardes) <strong>pasar\u00e1n de largo<\/strong> por Tuilla<\/li>\n<li><strong>Paradas reducidas:<\/strong> De 26 a solo 10 (30% menos)<\/li>\n<li><strong>Trayecto m\u00e1s r\u00e1pido:<\/strong> 27 minutos menos en recorrido completo<\/li>\n<li><strong>Estaciones que conservan parada:<\/strong> Gij\u00f3n, Nore\u00f1a, El Berr\u00f3n, Carbay\u00edn, La Felguera, Sama, El Entrego, Sotrondio, Blimea y Pola de Laviana<\/li>\n<\/ul>\n<h3 style=\"text-align: justify;\">\ud83d\udde3\ufe0f <strong>Voces cr\u00edticas: \u00abEs un servicio esencial\u00bb<\/strong><\/h3>\n<p style=\"text-align: justify;\">Los vecinos argumentan:<\/p>\n<ul style=\"text-align: justify;\">\n<li>Solo tienen <strong>1 l\u00ednea de autob\u00fas<\/strong> (limitada a Langreo)<\/li>\n<li>El tren es <strong>vital<\/strong> para trabajadores, estudiantes y mayores<\/li>\n<li>Afecta tambi\u00e9n a usuarios de <strong>La C\u00e1ndal<\/strong> y pueblos cercanos de Siero<\/li>\n<li>Piden alternativas: <em>\u00abMejorar trenes o instalar sistemas de aviso\u00bb<\/em><\/li>\n<\/ul>\n<h3 style=\"text-align: justify;\">\u26a0\ufe0f <strong>Amenazan con movilizaciones<\/strong><\/h3>\n<ul style=\"text-align: justify;\">\n<li>Exigen reuni\u00f3n con el <strong>consejero de Movilidad<\/strong> y Adif<\/li>\n<li>Si no hay soluci\u00f3n, crear\u00e1n una <strong>plataforma vecinal<\/strong><\/li>\n<li>Advierten: <em>\u00abSi nos quitan el tren, matar\u00e1n al pueblo\u00bb<\/em><\/li>\n<\/ul>\n<h3 style=\"text-align: justify;\">\ud83d\udea7 <strong>El contexto: El soterramiento de Langreo<\/strong><\/h3>\n<p style=\"text-align: justify;\">El cambio coincide con la puesta en marcha del <strong>soterramiento<\/strong>, pero:<\/p>\n<ul>\n<li style=\"text-align: justify;\">Sigue la pol\u00e9mica por el retraso en urbanizar los terrenos liberados<\/li>\n<li style=\"text-align: justify;\">La <strong>Plataforma por el Soterramiento<\/strong> prepara protestas<\/li>\n<li>\n<p style=\"text-align: justify;\">El concejal de Urbanismo de Langreo apoya las reivindicaciones<\/p>\n<\/li>\n<\/ul>\n","protected":false},"excerpt":{"rendered":"<p>Los vecinos de Tuilla (Langreo) han iniciado una movilizaci\u00f3n contra la nueva malla horaria de la l\u00ednea Gij\u00f3n-Laviana, que eliminar\u00e1 8 paradas diarias en su estaci\u00f3n a partir del 12 de mayo, cuando entre en vigor el plan piloto de servicios semidirectos. \ud83d\ude86 Qu\u00e9 cambia en la l\u00ednea Gij\u00f3n-Laviana 8 trenes diarios (4 ma\u00f1anas\/4 tardes) [&hellip;]<\/p>\n","protected":false},"author":1,"featured_media":4652,"comment_status":"open","ping_status":"open","sticky":false,"template":"","format":"standard","meta":{"footnotes":""},"categories":[6,8],"tags":[630],"class_list":["post-6967","post","type-post","status-publish","format-standard","has-post-thumbnail","hentry","category-noticias","category-nalon","tag-tuilla"],"yoast_head":"<!-- This site is optimized with the Yoast SEO plugin v27.4 - https:\/\/yoast.com\/product\/yoast-seo-wordpress\/ -->\n<title>Tuilla protesta por el recorte de paradas de tren en la l\u00ednea Gij\u00f3n-Laviana: &#039;Es un golpe al pueblo\u00b4<\/title>\n<meta name=\"description\" content=\"Vecinos de Tuilla se movilizan contra el plan de Renfe que elimina 8 paradas diarias en su estaci\u00f3n. Temen el aislamiento de la localidad langreana\" \/>\n<meta name=\"robots\" content=\"index, follow, max-snippet:-1, max-image-preview:large, max-video-preview:-1\" \/>\n<link rel=\"canonical\" href=\"https:\/\/www.cuencasmineras.com\/index.php\/2025\/04\/02\/tuilla-se-rebela-contra-el-recorte-de-paradas\/\" \/>\n<meta property=\"og:locale\" content=\"es_ES\" \/>\n<meta property=\"og:type\" content=\"article\" \/>\n<meta property=\"og:title\" content=\"Tuilla protesta por el recorte de paradas de tren en la l\u00ednea Gij\u00f3n-Laviana: &#039;Es un golpe al pueblo\u00b4\" \/>\n<meta property=\"og:description\" content=\"Vecinos de Tuilla se movilizan contra el plan de Renfe que elimina 8 paradas diarias en su estaci\u00f3n. Temen el aislamiento de la localidad langreana\" \/>\n<meta property=\"og:url\" content=\"https:\/\/www.cuencasmineras.com\/index.php\/2025\/04\/02\/tuilla-se-rebela-contra-el-recorte-de-paradas\/\" \/>\n<meta property=\"article:published_time\" content=\"2025-04-02T15:05:13+00:00\" \/>\n<meta property=\"og:image\" content=\"https:\/\/www.cuencasmineras.com\/wp-content\/uploads\/2022\/06\/feve-kGIB-624x385@El-Comercio-1.jpg\" \/>\n\t<meta property=\"og:image:width\" content=\"624\" \/>\n\t<meta property=\"og:image:height\" content=\"385\" \/>\n\t<meta property=\"og:image:type\" content=\"image\/jpeg\" \/>\n<meta name=\"author\" content=\"admin\" \/>\n<meta name=\"twitter:card\" content=\"summary_large_image\" \/>\n<meta name=\"twitter:label1\" content=\"Escrito por\" \/>\n\t<meta name=\"twitter:data1\" content=\"admin\" \/>\n\t<meta name=\"twitter:label2\" content=\"Tiempo de lectura\" \/>\n\t<meta name=\"twitter:data2\" content=\"2 minutos\" \/>\n<script type=\"application\/ld+json\" class=\"yoast-schema-graph\">{\"@context\":\"https:\\\/\\\/schema.org\",\"@graph\":[{\"@type\":\"Article\",\"@id\":\"https:\\\/\\\/www.cuencasmineras.com\\\/index.php\\\/2025\\\/04\\\/02\\\/tuilla-se-rebela-contra-el-recorte-de-paradas\\\/#article\",\"isPartOf\":{\"@id\":\"https:\\\/\\\/www.cuencasmineras.com\\\/index.php\\\/2025\\\/04\\\/02\\\/tuilla-se-rebela-contra-el-recorte-de-paradas\\\/\"},\"author\":{\"name\":\"admin\",\"@id\":\"https:\\\/\\\/www.cuencasmineras.com\\\/#\\\/schema\\\/person\\\/be0691310e8496ec555f679dd688420c\"},\"headline\":\"Tuilla se rebela contra el recorte de paradas de tren: \u00abVan a matar al pueblo\u00bb\",\"datePublished\":\"2025-04-02T15:05:13+00:00\",\"mainEntityOfPage\":{\"@id\":\"https:\\\/\\\/www.cuencasmineras.com\\\/index.php\\\/2025\\\/04\\\/02\\\/tuilla-se-rebela-contra-el-recorte-de-paradas\\\/\"},\"wordCount\":248,\"commentCount\":0,\"image\":{\"@id\":\"https:\\\/\\\/www.cuencasmineras.com\\\/index.php\\\/2025\\\/04\\\/02\\\/tuilla-se-rebela-contra-el-recorte-de-paradas\\\/#primaryimage\"},\"thumbnailUrl\":\"https:\\\/\\\/www.cuencasmineras.com\\\/wp-content\\\/uploads\\\/2022\\\/06\\\/feve-kGIB-624x385@El-Comercio-1.jpg\",\"keywords\":[\"tuilla\"],\"articleSection\":[\"CM NEWS\",\"Nal\u00f3n\"],\"inLanguage\":\"es\",\"potentialAction\":[{\"@type\":\"CommentAction\",\"name\":\"Comment\",\"target\":[\"https:\\\/\\\/www.cuencasmineras.com\\\/index.php\\\/2025\\\/04\\\/02\\\/tuilla-se-rebela-contra-el-recorte-de-paradas\\\/#respond\"]}]},{\"@type\":\"WebPage\",\"@id\":\"https:\\\/\\\/www.cuencasmineras.com\\\/index.php\\\/2025\\\/04\\\/02\\\/tuilla-se-rebela-contra-el-recorte-de-paradas\\\/\",\"url\":\"https:\\\/\\\/www.cuencasmineras.com\\\/index.php\\\/2025\\\/04\\\/02\\\/tuilla-se-rebela-contra-el-recorte-de-paradas\\\/\",\"name\":\"Tuilla protesta por el recorte de paradas de tren en la l\u00ednea Gij\u00f3n-Laviana: 'Es un golpe al pueblo\u00b4\",\"isPartOf\":{\"@id\":\"https:\\\/\\\/www.cuencasmineras.com\\\/#website\"},\"primaryImageOfPage\":{\"@id\":\"https:\\\/\\\/www.cuencasmineras.com\\\/index.php\\\/2025\\\/04\\\/02\\\/tuilla-se-rebela-contra-el-recorte-de-paradas\\\/#primaryimage\"},\"image\":{\"@id\":\"https:\\\/\\\/www.cuencasmineras.com\\\/index.php\\\/2025\\\/04\\\/02\\\/tuilla-se-rebela-contra-el-recorte-de-paradas\\\/#primaryimage\"},\"thumbnailUrl\":\"https:\\\/\\\/www.cuencasmineras.com\\\/wp-content\\\/uploads\\\/2022\\\/06\\\/feve-kGIB-624x385@El-Comercio-1.jpg\",\"datePublished\":\"2025-04-02T15:05:13+00:00\",\"author\":{\"@id\":\"https:\\\/\\\/www.cuencasmineras.com\\\/#\\\/schema\\\/person\\\/be0691310e8496ec555f679dd688420c\"},\"description\":\"Vecinos de Tuilla se movilizan contra el plan de Renfe que elimina 8 paradas diarias en su estaci\u00f3n. Temen el aislamiento de la localidad langreana\",\"breadcrumb\":{\"@id\":\"https:\\\/\\\/www.cuencasmineras.com\\\/index.php\\\/2025\\\/04\\\/02\\\/tuilla-se-rebela-contra-el-recorte-de-paradas\\\/#breadcrumb\"},\"inLanguage\":\"es\",\"potentialAction\":[{\"@type\":\"ReadAction\",\"target\":[\"https:\\\/\\\/www.cuencasmineras.com\\\/index.php\\\/2025\\\/04\\\/02\\\/tuilla-se-rebela-contra-el-recorte-de-paradas\\\/\"]}]},{\"@type\":\"ImageObject\",\"inLanguage\":\"es\",\"@id\":\"https:\\\/\\\/www.cuencasmineras.com\\\/index.php\\\/2025\\\/04\\\/02\\\/tuilla-se-rebela-contra-el-recorte-de-paradas\\\/#primaryimage\",\"url\":\"https:\\\/\\\/www.cuencasmineras.com\\\/wp-content\\\/uploads\\\/2022\\\/06\\\/feve-kGIB-624x385@El-Comercio-1.jpg\",\"contentUrl\":\"https:\\\/\\\/www.cuencasmineras.com\\\/wp-content\\\/uploads\\\/2022\\\/06\\\/feve-kGIB-624x385@El-Comercio-1.jpg\",\"width\":624,\"height\":385},{\"@type\":\"BreadcrumbList\",\"@id\":\"https:\\\/\\\/www.cuencasmineras.com\\\/index.php\\\/2025\\\/04\\\/02\\\/tuilla-se-rebela-contra-el-recorte-de-paradas\\\/#breadcrumb\",\"itemListElement\":[{\"@type\":\"ListItem\",\"position\":1,\"name\":\"Portada\",\"item\":\"https:\\\/\\\/www.cuencasmineras.com\\\/\"},{\"@type\":\"ListItem\",\"position\":2,\"name\":\"Tuilla se rebela contra el recorte de paradas de tren: \u00abVan a matar al pueblo\u00bb\"}]},{\"@type\":\"WebSite\",\"@id\":\"https:\\\/\\\/www.cuencasmineras.com\\\/#website\",\"url\":\"https:\\\/\\\/www.cuencasmineras.com\\\/\",\"name\":\"\",\"description\":\"\",\"potentialAction\":[{\"@type\":\"SearchAction\",\"target\":{\"@type\":\"EntryPoint\",\"urlTemplate\":\"https:\\\/\\\/www.cuencasmineras.com\\\/?s={search_term_string}\"},\"query-input\":{\"@type\":\"PropertyValueSpecification\",\"valueRequired\":true,\"valueName\":\"search_term_string\"}}],\"inLanguage\":\"es\"},{\"@type\":\"Person\",\"@id\":\"https:\\\/\\\/www.cuencasmineras.com\\\/#\\\/schema\\\/person\\\/be0691310e8496ec555f679dd688420c\",\"name\":\"admin\",\"image\":{\"@type\":\"ImageObject\",\"inLanguage\":\"es\",\"@id\":\"https:\\\/\\\/secure.gravatar.com\\\/avatar\\\/4afd2eed3b2fbbf36dd6707b5bd8a5b50ac648f033e36fbf85aeace2f0f859db?s=96&d=mm&r=g\",\"url\":\"https:\\\/\\\/secure.gravatar.com\\\/avatar\\\/4afd2eed3b2fbbf36dd6707b5bd8a5b50ac648f033e36fbf85aeace2f0f859db?s=96&d=mm&r=g\",\"contentUrl\":\"https:\\\/\\\/secure.gravatar.com\\\/avatar\\\/4afd2eed3b2fbbf36dd6707b5bd8a5b50ac648f033e36fbf85aeace2f0f859db?s=96&d=mm&r=g\",\"caption\":\"admin\"},\"sameAs\":[\"https:\\\/\\\/www.cuencasmineras.com\"],\"url\":\"https:\\\/\\\/www.cuencasmineras.com\\\/index.php\\\/author\\\/admin\\\/\"}]}<\/script>\n<!-- \/ Yoast SEO plugin. -->","yoast_head_json":{"title":"Tuilla protesta por el recorte de paradas de tren en la l\u00ednea Gij\u00f3n-Laviana: 'Es un golpe al pueblo\u00b4","description":"Vecinos de Tuilla se movilizan contra el plan de Renfe que elimina 8 paradas diarias en su estaci\u00f3n. Temen el aislamiento de la localidad langreana","robots":{"index":"index","follow":"follow","max-snippet":"max-snippet:-1","max-image-preview":"max-image-preview:large","max-video-preview":"max-video-preview:-1"},"canonical":"https:\/\/www.cuencasmineras.com\/index.php\/2025\/04\/02\/tuilla-se-rebela-contra-el-recorte-de-paradas\/","og_locale":"es_ES","og_type":"article","og_title":"Tuilla protesta por el recorte de paradas de tren en la l\u00ednea Gij\u00f3n-Laviana: 'Es un golpe al pueblo\u00b4","og_description":"Vecinos de Tuilla se movilizan contra el plan de Renfe que elimina 8 paradas diarias en su estaci\u00f3n. Temen el aislamiento de la localidad langreana","og_url":"https:\/\/www.cuencasmineras.com\/index.php\/2025\/04\/02\/tuilla-se-rebela-contra-el-recorte-de-paradas\/","article_published_time":"2025-04-02T15:05:13+00:00","og_image":[{"width":624,"height":385,"url":"https:\/\/www.cuencasmineras.com\/wp-content\/uploads\/2022\/06\/feve-kGIB-624x385@El-Comercio-1.jpg","type":"image\/jpeg"}],"author":"admin","twitter_card":"summary_large_image","twitter_misc":{"Escrito por":"admin","Tiempo de lectura":"2 minutos"},"schema":{"@context":"https:\/\/schema.org","@graph":[{"@type":"Article","@id":"https:\/\/www.cuencasmineras.com\/index.php\/2025\/04\/02\/tuilla-se-rebela-contra-el-recorte-de-paradas\/#article","isPartOf":{"@id":"https:\/\/www.cuencasmineras.com\/index.php\/2025\/04\/02\/tuilla-se-rebela-contra-el-recorte-de-paradas\/"},"author":{"name":"admin","@id":"https:\/\/www.cuencasmineras.com\/#\/schema\/person\/be0691310e8496ec555f679dd688420c"},"headline":"Tuilla se rebela contra el recorte de paradas de tren: \u00abVan a matar al pueblo\u00bb","datePublished":"2025-04-02T15:05:13+00:00","mainEntityOfPage":{"@id":"https:\/\/www.cuencasmineras.com\/index.php\/2025\/04\/02\/tuilla-se-rebela-contra-el-recorte-de-paradas\/"},"wordCount":248,"commentCount":0,"image":{"@id":"https:\/\/www.cuencasmineras.com\/index.php\/2025\/04\/02\/tuilla-se-rebela-contra-el-recorte-de-paradas\/#primaryimage"},"thumbnailUrl":"https:\/\/www.cuencasmineras.com\/wp-content\/uploads\/2022\/06\/feve-kGIB-624x385@El-Comercio-1.jpg","keywords":["tuilla"],"articleSection":["CM NEWS","Nal\u00f3n"],"inLanguage":"es","potentialAction":[{"@type":"CommentAction","name":"Comment","target":["https:\/\/www.cuencasmineras.com\/index.php\/2025\/04\/02\/tuilla-se-rebela-contra-el-recorte-de-paradas\/#respond"]}]},{"@type":"WebPage","@id":"https:\/\/www.cuencasmineras.com\/index.php\/2025\/04\/02\/tuilla-se-rebela-contra-el-recorte-de-paradas\/","url":"https:\/\/www.cuencasmineras.com\/index.php\/2025\/04\/02\/tuilla-se-rebela-contra-el-recorte-de-paradas\/","name":"Tuilla protesta por el recorte de paradas de tren en la l\u00ednea Gij\u00f3n-Laviana: 'Es un golpe al pueblo\u00b4","isPartOf":{"@id":"https:\/\/www.cuencasmineras.com\/#website"},"primaryImageOfPage":{"@id":"https:\/\/www.cuencasmineras.com\/index.php\/2025\/04\/02\/tuilla-se-rebela-contra-el-recorte-de-paradas\/#primaryimage"},"image":{"@id":"https:\/\/www.cuencasmineras.com\/index.php\/2025\/04\/02\/tuilla-se-rebela-contra-el-recorte-de-paradas\/#primaryimage"},"thumbnailUrl":"https:\/\/www.cuencasmineras.com\/wp-content\/uploads\/2022\/06\/feve-kGIB-624x385@El-Comercio-1.jpg","datePublished":"2025-04-02T15:05:13+00:00","author":{"@id":"https:\/\/www.cuencasmineras.com\/#\/schema\/person\/be0691310e8496ec555f679dd688420c"},"description":"Vecinos de Tuilla se movilizan contra el plan de Renfe que elimina 8 paradas diarias en su estaci\u00f3n. Temen el aislamiento de la localidad langreana","breadcrumb":{"@id":"https:\/\/www.cuencasmineras.com\/index.php\/2025\/04\/02\/tuilla-se-rebela-contra-el-recorte-de-paradas\/#breadcrumb"},"inLanguage":"es","potentialAction":[{"@type":"ReadAction","target":["https:\/\/www.cuencasmineras.com\/index.php\/2025\/04\/02\/tuilla-se-rebela-contra-el-recorte-de-paradas\/"]}]},{"@type":"ImageObject","inLanguage":"es","@id":"https:\/\/www.cuencasmineras.com\/index.php\/2025\/04\/02\/tuilla-se-rebela-contra-el-recorte-de-paradas\/#primaryimage","url":"https:\/\/www.cuencasmineras.com\/wp-content\/uploads\/2022\/06\/feve-kGIB-624x385@El-Comercio-1.jpg","contentUrl":"https:\/\/www.cuencasmineras.com\/wp-content\/uploads\/2022\/06\/feve-kGIB-624x385@El-Comercio-1.jpg","width":624,"height":385},{"@type":"BreadcrumbList","@id":"https:\/\/www.cuencasmineras.com\/index.php\/2025\/04\/02\/tuilla-se-rebela-contra-el-recorte-de-paradas\/#breadcrumb","itemListElement":[{"@type":"ListItem","position":1,"name":"Portada","item":"https:\/\/www.cuencasmineras.com\/"},{"@type":"ListItem","position":2,"name":"Tuilla se rebela contra el recorte de paradas de tren: \u00abVan a matar al pueblo\u00bb"}]},{"@type":"WebSite","@id":"https:\/\/www.cuencasmineras.com\/#website","url":"https:\/\/www.cuencasmineras.com\/","name":"","description":"","potentialAction":[{"@type":"SearchAction","target":{"@type":"EntryPoint","urlTemplate":"https:\/\/www.cuencasmineras.com\/?s={search_term_string}"},"query-input":{"@type":"PropertyValueSpecification","valueRequired":true,"valueName":"search_term_string"}}],"inLanguage":"es"},{"@type":"Person","@id":"https:\/\/www.cuencasmineras.com\/#\/schema\/person\/be0691310e8496ec555f679dd688420c","name":"admin","image":{"@type":"ImageObject","inLanguage":"es","@id":"https:\/\/secure.gravatar.com\/avatar\/4afd2eed3b2fbbf36dd6707b5bd8a5b50ac648f033e36fbf85aeace2f0f859db?s=96&d=mm&r=g","url":"https:\/\/secure.gravatar.com\/avatar\/4afd2eed3b2fbbf36dd6707b5bd8a5b50ac648f033e36fbf85aeace2f0f859db?s=96&d=mm&r=g","contentUrl":"https:\/\/secure.gravatar.com\/avatar\/4afd2eed3b2fbbf36dd6707b5bd8a5b50ac648f033e36fbf85aeace2f0f859db?s=96&d=mm&r=g","caption":"admin"},"sameAs":["https:\/\/www.cuencasmineras.com"],"url":"https:\/\/www.cuencasmineras.com\/index.php\/author\/admin\/"}]}},"_links":{"self":[{"href":"https:\/\/www.cuencasmineras.com\/index.php\/wp-json\/wp\/v2\/posts\/6967","targetHints":{"allow":["GET"]}}],"collection":[{"href":"https:\/\/www.cuencasmineras.com\/index.php\/wp-json\/wp\/v2\/posts"}],"about":[{"href":"https:\/\/www.cuencasmineras.com\/index.php\/wp-json\/wp\/v2\/types\/post"}],"author":[{"embeddable":true,"href":"https:\/\/www.cuencasmineras.com\/index.php\/wp-json\/wp\/v2\/users\/1"}],"replies":[{"embeddable":true,"href":"https:\/\/www.cuencasmineras.com\/index.php\/wp-json\/wp\/v2\/comments?post=6967"}],"version-history":[{"count":1,"href":"https:\/\/www.cuencasmineras.com\/index.php\/wp-json\/wp\/v2\/posts\/6967\/revisions"}],"predecessor-version":[{"id":6968,"href":"https:\/\/www.cuencasmineras.com\/index.php\/wp-json\/wp\/v2\/posts\/6967\/revisions\/6968"}],"wp:featuredmedia":[{"embeddable":true,"href":"https:\/\/www.cuencasmineras.com\/index.php\/wp-json\/wp\/v2\/media\/4652"}],"wp:attachment":[{"href":"https:\/\/www.cuencasmineras.com\/index.php\/wp-json\/wp\/v2\/media?parent=6967"}],"wp:term":[{"taxonomy":"category","embeddable":true,"href":"https:\/\/www.cuencasmineras.com\/index.php\/wp-json\/wp\/v2\/categories?post=6967"},{"taxonomy":"post_tag","embeddable":true,"href":"https:\/\/www.cuencasmineras.com\/index.php\/wp-json\/wp\/v2\/tags?post=6967"}],"curies":[{"name":"wp","href":"https:\/\/api.w.org\/{rel}","templated":true}]}}