{"id":7107,"date":"2025-04-22T17:17:59","date_gmt":"2025-04-22T17:17:59","guid":{"rendered":"https:\/\/www.cuencasmineras.com\/?p=7107"},"modified":"2025-04-22T17:17:59","modified_gmt":"2025-04-22T17:17:59","slug":"la-flor-lena-2025-programa-fiestas","status":"publish","type":"post","link":"https:\/\/www.cuencasmineras.com\/index.php\/2025\/04\/22\/la-flor-lena-2025-programa-fiestas\/","title":{"rendered":"\ud83c\udf89 La Flor de Lena arranca este viernes con tradici\u00f3n, m\u00fasica y actividades para todos los p\u00fablicos"},"content":{"rendered":"<p class=\"\" style=\"text-align: justify;\" data-start=\"859\" data-end=\"1117\">El concejo de Lena da la bienvenida a una de sus festividades m\u00e1s emblem\u00e1ticas: <strong data-start=\"939\" data-end=\"950\">La Flor<\/strong>, que se celebrar\u00e1 del <strong data-start=\"973\" data-end=\"1008\">viernes 25 al lunes 28 de abril<\/strong> con un completo programa lleno de actividades culturales, conciertos y entretenimiento para toda la familia.<\/p>\n<h3 class=\"\" style=\"text-align: justify;\" data-start=\"1119\" data-end=\"1181\">\ud83d\udcda Arranque cultural: Premio Internacional de Cuentos Lena<\/h3>\n<p class=\"\" style=\"text-align: justify;\" data-start=\"1183\" data-end=\"1445\">La fiesta comenzar\u00e1 oficialmente el viernes a las <strong data-start=\"1233\" data-end=\"1248\">13:00 horas<\/strong> con la <strong data-start=\"1256\" data-end=\"1341\">entrega de premios de la 62\u00aa edici\u00f3n del certamen internacional de \u00abCuentos Lena\u00bb<\/strong>, que tendr\u00e1 lugar en el Ayuntamiento. Una manera de unir la tradici\u00f3n festiva con la cultura literaria.<\/p>\n<h3 class=\"\" style=\"text-align: justify;\" data-start=\"1447\" data-end=\"1493\">\ud83e\uddd2 Espacio infantil en el colegio El Pilar<\/h3>\n<p class=\"\" style=\"text-align: justify;\" data-start=\"1495\" data-end=\"1728\">Durante el <strong data-start=\"1506\" data-end=\"1532\">s\u00e1bado 26 y domingo 27<\/strong>, los m\u00e1s peque\u00f1os podr\u00e1n disfrutar gratuitamente del <strong data-start=\"1586\" data-end=\"1605\">ferial infantil<\/strong>, instalado en el patio del <strong data-start=\"1633\" data-end=\"1669\">colegio Sagrada Familia-El Pilar<\/strong>, en horario de <strong data-start=\"1685\" data-end=\"1727\">11:00 a 14:00 y de 16:00 a 20:00 horas<\/strong>.<\/p>\n<h3 class=\"\" style=\"text-align: justify;\" data-start=\"1730\" data-end=\"1782\">\ud83c\udfb6 M\u00fasica urbana, acordeones y grandes orquestas<\/h3>\n<p class=\"\" style=\"text-align: justify;\" data-start=\"1784\" data-end=\"2024\">La m\u00fasica ser\u00e1 una de las grandes protagonistas. El s\u00e1bado, la carpa de la <strong data-start=\"1859\" data-end=\"1878\">plaza Alfonso X<\/strong> acoger\u00e1 <strong data-start=\"1887\" data-end=\"1904\">m\u00fasica urbana<\/strong> de 16:00 a 19:00 horas, y a las 19:30, el parque infantil de la <strong data-start=\"1969\" data-end=\"1995\">calle Vicente Regueral<\/strong> volver\u00e1 a llenarse de ritmo.<\/p>\n<p class=\"\" style=\"text-align: justify;\" data-start=\"2026\" data-end=\"2268\">A partir de las 22:30, comenzar\u00e1n los conciertos nocturnos con las actuaciones de <strong data-start=\"2108\" data-end=\"2119\">Ocaband<\/strong> y <strong data-start=\"2122\" data-end=\"2144\">Dani y su acorde\u00f3n<\/strong> en la carpa principal. El domingo, la orquesta <strong data-start=\"2192\" data-end=\"2202\">D&#8217;Cano<\/strong> tomar\u00e1 el relevo a las 20:00 horas, seguida por <strong data-start=\"2251\" data-end=\"2267\">Vicente D\u00edaz<\/strong>.<\/p>\n<h3 class=\"\" style=\"text-align: justify;\" data-start=\"2270\" data-end=\"2312\">\ud83d\udc75 Actividades para mayores y ciclismo<\/h3>\n<p class=\"\" style=\"text-align: justify;\" data-start=\"2314\" data-end=\"2560\">El viernes a las 17:00, la residencia de mayores <strong data-start=\"2363\" data-end=\"2379\">Canuto Hevia<\/strong> acoger\u00e1 un animado baile a cargo de <strong data-start=\"2416\" data-end=\"2439\">Mario y su acorde\u00f3n<\/strong>. Ese mismo d\u00eda se espera tambi\u00e9n el <strong data-start=\"2476\" data-end=\"2518\">final de etapa de la Vuelta a Asturias<\/strong>, que a\u00f1adir\u00e1 emoci\u00f3n al ambiente festivo.<\/p>\n<p class=\"\" style=\"text-align: justify;\" data-start=\"2562\" data-end=\"2701\">Por la noche, la m\u00fasica continuar\u00e1 en la <strong data-start=\"2603\" data-end=\"2622\">plaza Alfonso X<\/strong> con las actuaciones de <strong data-start=\"2646\" data-end=\"2656\">Waykas<\/strong> y el <strong data-start=\"2662\" data-end=\"2677\">Tr\u00edo Fusi\u00f3n<\/strong>, desde las 23:00 horas.<\/p>\n","protected":false},"excerpt":{"rendered":"<p>El concejo de Lena da la bienvenida a una de sus festividades m\u00e1s emblem\u00e1ticas: La Flor, que se celebrar\u00e1 del viernes 25 al lunes 28 de abril con un completo programa lleno de actividades culturales, conciertos y entretenimiento para toda la familia. \ud83d\udcda Arranque cultural: Premio Internacional de Cuentos Lena La fiesta comenzar\u00e1 oficialmente el [&hellip;]<\/p>\n","protected":false},"author":1,"featured_media":7108,"comment_status":"open","ping_status":"open","sticky":false,"template":"","format":"standard","meta":{"footnotes":""},"categories":[7,6],"tags":[655,78],"class_list":["post-7107","post","type-post","status-publish","format-standard","has-post-thumbnail","hentry","category-caudal","category-noticias","tag-la-flor","tag-pola-de-lena"],"yoast_head":"<!-- This site is optimized with the Yoast SEO plugin v27.4 - https:\/\/yoast.com\/product\/yoast-seo-wordpress\/ -->\n<title>Todo listo para La Flor de Lena 2025: m\u00fasica, cultura y tradici\u00f3n desde este viernes<\/title>\n<meta name=\"description\" content=\"El concejo celebra del 25 al 28 de abril su tradicional fiesta con conciertos, actividades infantiles, cuentacuentos y romer\u00eda\" \/>\n<meta name=\"robots\" content=\"index, follow, max-snippet:-1, max-image-preview:large, max-video-preview:-1\" \/>\n<link rel=\"canonical\" href=\"https:\/\/www.cuencasmineras.com\/index.php\/2025\/04\/22\/la-flor-lena-2025-programa-fiestas\/\" \/>\n<meta property=\"og:locale\" content=\"es_ES\" \/>\n<meta property=\"og:type\" content=\"article\" \/>\n<meta property=\"og:title\" content=\"Todo listo para La Flor de Lena 2025: m\u00fasica, cultura y tradici\u00f3n desde este viernes\" \/>\n<meta property=\"og:description\" content=\"El concejo celebra del 25 al 28 de abril su tradicional fiesta con conciertos, actividades infantiles, cuentacuentos y romer\u00eda\" \/>\n<meta property=\"og:url\" content=\"https:\/\/www.cuencasmineras.com\/index.php\/2025\/04\/22\/la-flor-lena-2025-programa-fiestas\/\" \/>\n<meta property=\"article:published_time\" content=\"2025-04-22T17:17:59+00:00\" \/>\n<meta property=\"og:image\" content=\"https:\/\/www.cuencasmineras.com\/wp-content\/uploads\/2025\/04\/la-flor-de-lena-2025-1024x768-1.jpg\" \/>\n\t<meta property=\"og:image:width\" content=\"724\" \/>\n\t<meta property=\"og:image:height\" content=\"1024\" \/>\n\t<meta property=\"og:image:type\" content=\"image\/jpeg\" \/>\n<meta name=\"author\" content=\"admin\" \/>\n<meta name=\"twitter:card\" content=\"summary_large_image\" \/>\n<meta name=\"twitter:label1\" content=\"Escrito por\" \/>\n\t<meta name=\"twitter:data1\" content=\"admin\" \/>\n\t<meta name=\"twitter:label2\" content=\"Tiempo de lectura\" \/>\n\t<meta name=\"twitter:data2\" content=\"2 minutos\" \/>\n<script type=\"application\/ld+json\" class=\"yoast-schema-graph\">{\"@context\":\"https:\\\/\\\/schema.org\",\"@graph\":[{\"@type\":\"Article\",\"@id\":\"https:\\\/\\\/www.cuencasmineras.com\\\/index.php\\\/2025\\\/04\\\/22\\\/la-flor-lena-2025-programa-fiestas\\\/#article\",\"isPartOf\":{\"@id\":\"https:\\\/\\\/www.cuencasmineras.com\\\/index.php\\\/2025\\\/04\\\/22\\\/la-flor-lena-2025-programa-fiestas\\\/\"},\"author\":{\"name\":\"admin\",\"@id\":\"https:\\\/\\\/www.cuencasmineras.com\\\/#\\\/schema\\\/person\\\/be0691310e8496ec555f679dd688420c\"},\"headline\":\"\ud83c\udf89 La Flor de Lena arranca este viernes con tradici\u00f3n, m\u00fasica y actividades para todos los p\u00fablicos\",\"datePublished\":\"2025-04-22T17:17:59+00:00\",\"mainEntityOfPage\":{\"@id\":\"https:\\\/\\\/www.cuencasmineras.com\\\/index.php\\\/2025\\\/04\\\/22\\\/la-flor-lena-2025-programa-fiestas\\\/\"},\"wordCount\":319,\"commentCount\":0,\"image\":{\"@id\":\"https:\\\/\\\/www.cuencasmineras.com\\\/index.php\\\/2025\\\/04\\\/22\\\/la-flor-lena-2025-programa-fiestas\\\/#primaryimage\"},\"thumbnailUrl\":\"https:\\\/\\\/www.cuencasmineras.com\\\/wp-content\\\/uploads\\\/2025\\\/04\\\/la-flor-de-lena-2025-1024x768-1.jpg\",\"keywords\":[\"la flor\",\"POLA DE LENA\"],\"articleSection\":[\"Caudal\",\"CM NEWS\"],\"inLanguage\":\"es\",\"potentialAction\":[{\"@type\":\"CommentAction\",\"name\":\"Comment\",\"target\":[\"https:\\\/\\\/www.cuencasmineras.com\\\/index.php\\\/2025\\\/04\\\/22\\\/la-flor-lena-2025-programa-fiestas\\\/#respond\"]}]},{\"@type\":\"WebPage\",\"@id\":\"https:\\\/\\\/www.cuencasmineras.com\\\/index.php\\\/2025\\\/04\\\/22\\\/la-flor-lena-2025-programa-fiestas\\\/\",\"url\":\"https:\\\/\\\/www.cuencasmineras.com\\\/index.php\\\/2025\\\/04\\\/22\\\/la-flor-lena-2025-programa-fiestas\\\/\",\"name\":\"Todo listo para La Flor de Lena 2025: m\u00fasica, cultura y tradici\u00f3n desde este viernes\",\"isPartOf\":{\"@id\":\"https:\\\/\\\/www.cuencasmineras.com\\\/#website\"},\"primaryImageOfPage\":{\"@id\":\"https:\\\/\\\/www.cuencasmineras.com\\\/index.php\\\/2025\\\/04\\\/22\\\/la-flor-lena-2025-programa-fiestas\\\/#primaryimage\"},\"image\":{\"@id\":\"https:\\\/\\\/www.cuencasmineras.com\\\/index.php\\\/2025\\\/04\\\/22\\\/la-flor-lena-2025-programa-fiestas\\\/#primaryimage\"},\"thumbnailUrl\":\"https:\\\/\\\/www.cuencasmineras.com\\\/wp-content\\\/uploads\\\/2025\\\/04\\\/la-flor-de-lena-2025-1024x768-1.jpg\",\"datePublished\":\"2025-04-22T17:17:59+00:00\",\"author\":{\"@id\":\"https:\\\/\\\/www.cuencasmineras.com\\\/#\\\/schema\\\/person\\\/be0691310e8496ec555f679dd688420c\"},\"description\":\"El concejo celebra del 25 al 28 de abril su tradicional fiesta con conciertos, actividades infantiles, cuentacuentos y romer\u00eda\",\"breadcrumb\":{\"@id\":\"https:\\\/\\\/www.cuencasmineras.com\\\/index.php\\\/2025\\\/04\\\/22\\\/la-flor-lena-2025-programa-fiestas\\\/#breadcrumb\"},\"inLanguage\":\"es\",\"potentialAction\":[{\"@type\":\"ReadAction\",\"target\":[\"https:\\\/\\\/www.cuencasmineras.com\\\/index.php\\\/2025\\\/04\\\/22\\\/la-flor-lena-2025-programa-fiestas\\\/\"]}]},{\"@type\":\"ImageObject\",\"inLanguage\":\"es\",\"@id\":\"https:\\\/\\\/www.cuencasmineras.com\\\/index.php\\\/2025\\\/04\\\/22\\\/la-flor-lena-2025-programa-fiestas\\\/#primaryimage\",\"url\":\"https:\\\/\\\/www.cuencasmineras.com\\\/wp-content\\\/uploads\\\/2025\\\/04\\\/la-flor-de-lena-2025-1024x768-1.jpg\",\"contentUrl\":\"https:\\\/\\\/www.cuencasmineras.com\\\/wp-content\\\/uploads\\\/2025\\\/04\\\/la-flor-de-lena-2025-1024x768-1.jpg\",\"width\":724,\"height\":1024},{\"@type\":\"BreadcrumbList\",\"@id\":\"https:\\\/\\\/www.cuencasmineras.com\\\/index.php\\\/2025\\\/04\\\/22\\\/la-flor-lena-2025-programa-fiestas\\\/#breadcrumb\",\"itemListElement\":[{\"@type\":\"ListItem\",\"position\":1,\"name\":\"Portada\",\"item\":\"https:\\\/\\\/www.cuencasmineras.com\\\/\"},{\"@type\":\"ListItem\",\"position\":2,\"name\":\"\ud83c\udf89 La Flor de Lena arranca este viernes con tradici\u00f3n, m\u00fasica y actividades para todos los p\u00fablicos\"}]},{\"@type\":\"WebSite\",\"@id\":\"https:\\\/\\\/www.cuencasmineras.com\\\/#website\",\"url\":\"https:\\\/\\\/www.cuencasmineras.com\\\/\",\"name\":\"\",\"description\":\"\",\"potentialAction\":[{\"@type\":\"SearchAction\",\"target\":{\"@type\":\"EntryPoint\",\"urlTemplate\":\"https:\\\/\\\/www.cuencasmineras.com\\\/?s={search_term_string}\"},\"query-input\":{\"@type\":\"PropertyValueSpecification\",\"valueRequired\":true,\"valueName\":\"search_term_string\"}}],\"inLanguage\":\"es\"},{\"@type\":\"Person\",\"@id\":\"https:\\\/\\\/www.cuencasmineras.com\\\/#\\\/schema\\\/person\\\/be0691310e8496ec555f679dd688420c\",\"name\":\"admin\",\"image\":{\"@type\":\"ImageObject\",\"inLanguage\":\"es\",\"@id\":\"https:\\\/\\\/secure.gravatar.com\\\/avatar\\\/4afd2eed3b2fbbf36dd6707b5bd8a5b50ac648f033e36fbf85aeace2f0f859db?s=96&d=mm&r=g\",\"url\":\"https:\\\/\\\/secure.gravatar.com\\\/avatar\\\/4afd2eed3b2fbbf36dd6707b5bd8a5b50ac648f033e36fbf85aeace2f0f859db?s=96&d=mm&r=g\",\"contentUrl\":\"https:\\\/\\\/secure.gravatar.com\\\/avatar\\\/4afd2eed3b2fbbf36dd6707b5bd8a5b50ac648f033e36fbf85aeace2f0f859db?s=96&d=mm&r=g\",\"caption\":\"admin\"},\"sameAs\":[\"https:\\\/\\\/www.cuencasmineras.com\"],\"url\":\"https:\\\/\\\/www.cuencasmineras.com\\\/index.php\\\/author\\\/admin\\\/\"}]}<\/script>\n<!-- \/ Yoast SEO plugin. -->","yoast_head_json":{"title":"Todo listo para La Flor de Lena 2025: m\u00fasica, cultura y tradici\u00f3n desde este viernes","description":"El concejo celebra del 25 al 28 de abril su tradicional fiesta con conciertos, actividades infantiles, cuentacuentos y romer\u00eda","robots":{"index":"index","follow":"follow","max-snippet":"max-snippet:-1","max-image-preview":"max-image-preview:large","max-video-preview":"max-video-preview:-1"},"canonical":"https:\/\/www.cuencasmineras.com\/index.php\/2025\/04\/22\/la-flor-lena-2025-programa-fiestas\/","og_locale":"es_ES","og_type":"article","og_title":"Todo listo para La Flor de Lena 2025: m\u00fasica, cultura y tradici\u00f3n desde este viernes","og_description":"El concejo celebra del 25 al 28 de abril su tradicional fiesta con conciertos, actividades infantiles, cuentacuentos y romer\u00eda","og_url":"https:\/\/www.cuencasmineras.com\/index.php\/2025\/04\/22\/la-flor-lena-2025-programa-fiestas\/","article_published_time":"2025-04-22T17:17:59+00:00","og_image":[{"width":724,"height":1024,"url":"https:\/\/www.cuencasmineras.com\/wp-content\/uploads\/2025\/04\/la-flor-de-lena-2025-1024x768-1.jpg","type":"image\/jpeg"}],"author":"admin","twitter_card":"summary_large_image","twitter_misc":{"Escrito por":"admin","Tiempo de lectura":"2 minutos"},"schema":{"@context":"https:\/\/schema.org","@graph":[{"@type":"Article","@id":"https:\/\/www.cuencasmineras.com\/index.php\/2025\/04\/22\/la-flor-lena-2025-programa-fiestas\/#article","isPartOf":{"@id":"https:\/\/www.cuencasmineras.com\/index.php\/2025\/04\/22\/la-flor-lena-2025-programa-fiestas\/"},"author":{"name":"admin","@id":"https:\/\/www.cuencasmineras.com\/#\/schema\/person\/be0691310e8496ec555f679dd688420c"},"headline":"\ud83c\udf89 La Flor de Lena arranca este viernes con tradici\u00f3n, m\u00fasica y actividades para todos los p\u00fablicos","datePublished":"2025-04-22T17:17:59+00:00","mainEntityOfPage":{"@id":"https:\/\/www.cuencasmineras.com\/index.php\/2025\/04\/22\/la-flor-lena-2025-programa-fiestas\/"},"wordCount":319,"commentCount":0,"image":{"@id":"https:\/\/www.cuencasmineras.com\/index.php\/2025\/04\/22\/la-flor-lena-2025-programa-fiestas\/#primaryimage"},"thumbnailUrl":"https:\/\/www.cuencasmineras.com\/wp-content\/uploads\/2025\/04\/la-flor-de-lena-2025-1024x768-1.jpg","keywords":["la flor","POLA DE LENA"],"articleSection":["Caudal","CM NEWS"],"inLanguage":"es","potentialAction":[{"@type":"CommentAction","name":"Comment","target":["https:\/\/www.cuencasmineras.com\/index.php\/2025\/04\/22\/la-flor-lena-2025-programa-fiestas\/#respond"]}]},{"@type":"WebPage","@id":"https:\/\/www.cuencasmineras.com\/index.php\/2025\/04\/22\/la-flor-lena-2025-programa-fiestas\/","url":"https:\/\/www.cuencasmineras.com\/index.php\/2025\/04\/22\/la-flor-lena-2025-programa-fiestas\/","name":"Todo listo para La Flor de Lena 2025: m\u00fasica, cultura y tradici\u00f3n desde este viernes","isPartOf":{"@id":"https:\/\/www.cuencasmineras.com\/#website"},"primaryImageOfPage":{"@id":"https:\/\/www.cuencasmineras.com\/index.php\/2025\/04\/22\/la-flor-lena-2025-programa-fiestas\/#primaryimage"},"image":{"@id":"https:\/\/www.cuencasmineras.com\/index.php\/2025\/04\/22\/la-flor-lena-2025-programa-fiestas\/#primaryimage"},"thumbnailUrl":"https:\/\/www.cuencasmineras.com\/wp-content\/uploads\/2025\/04\/la-flor-de-lena-2025-1024x768-1.jpg","datePublished":"2025-04-22T17:17:59+00:00","author":{"@id":"https:\/\/www.cuencasmineras.com\/#\/schema\/person\/be0691310e8496ec555f679dd688420c"},"description":"El concejo celebra del 25 al 28 de abril su tradicional fiesta con conciertos, actividades infantiles, cuentacuentos y romer\u00eda","breadcrumb":{"@id":"https:\/\/www.cuencasmineras.com\/index.php\/2025\/04\/22\/la-flor-lena-2025-programa-fiestas\/#breadcrumb"},"inLanguage":"es","potentialAction":[{"@type":"ReadAction","target":["https:\/\/www.cuencasmineras.com\/index.php\/2025\/04\/22\/la-flor-lena-2025-programa-fiestas\/"]}]},{"@type":"ImageObject","inLanguage":"es","@id":"https:\/\/www.cuencasmineras.com\/index.php\/2025\/04\/22\/la-flor-lena-2025-programa-fiestas\/#primaryimage","url":"https:\/\/www.cuencasmineras.com\/wp-content\/uploads\/2025\/04\/la-flor-de-lena-2025-1024x768-1.jpg","contentUrl":"https:\/\/www.cuencasmineras.com\/wp-content\/uploads\/2025\/04\/la-flor-de-lena-2025-1024x768-1.jpg","width":724,"height":1024},{"@type":"BreadcrumbList","@id":"https:\/\/www.cuencasmineras.com\/index.php\/2025\/04\/22\/la-flor-lena-2025-programa-fiestas\/#breadcrumb","itemListElement":[{"@type":"ListItem","position":1,"name":"Portada","item":"https:\/\/www.cuencasmineras.com\/"},{"@type":"ListItem","position":2,"name":"\ud83c\udf89 La Flor de Lena arranca este viernes con tradici\u00f3n, m\u00fasica y actividades para todos los p\u00fablicos"}]},{"@type":"WebSite","@id":"https:\/\/www.cuencasmineras.com\/#website","url":"https:\/\/www.cuencasmineras.com\/","name":"","description":"","potentialAction":[{"@type":"SearchAction","target":{"@type":"EntryPoint","urlTemplate":"https:\/\/www.cuencasmineras.com\/?s={search_term_string}"},"query-input":{"@type":"PropertyValueSpecification","valueRequired":true,"valueName":"search_term_string"}}],"inLanguage":"es"},{"@type":"Person","@id":"https:\/\/www.cuencasmineras.com\/#\/schema\/person\/be0691310e8496ec555f679dd688420c","name":"admin","image":{"@type":"ImageObject","inLanguage":"es","@id":"https:\/\/secure.gravatar.com\/avatar\/4afd2eed3b2fbbf36dd6707b5bd8a5b50ac648f033e36fbf85aeace2f0f859db?s=96&d=mm&r=g","url":"https:\/\/secure.gravatar.com\/avatar\/4afd2eed3b2fbbf36dd6707b5bd8a5b50ac648f033e36fbf85aeace2f0f859db?s=96&d=mm&r=g","contentUrl":"https:\/\/secure.gravatar.com\/avatar\/4afd2eed3b2fbbf36dd6707b5bd8a5b50ac648f033e36fbf85aeace2f0f859db?s=96&d=mm&r=g","caption":"admin"},"sameAs":["https:\/\/www.cuencasmineras.com"],"url":"https:\/\/www.cuencasmineras.com\/index.php\/author\/admin\/"}]}},"_links":{"self":[{"href":"https:\/\/www.cuencasmineras.com\/index.php\/wp-json\/wp\/v2\/posts\/7107","targetHints":{"allow":["GET"]}}],"collection":[{"href":"https:\/\/www.cuencasmineras.com\/index.php\/wp-json\/wp\/v2\/posts"}],"about":[{"href":"https:\/\/www.cuencasmineras.com\/index.php\/wp-json\/wp\/v2\/types\/post"}],"author":[{"embeddable":true,"href":"https:\/\/www.cuencasmineras.com\/index.php\/wp-json\/wp\/v2\/users\/1"}],"replies":[{"embeddable":true,"href":"https:\/\/www.cuencasmineras.com\/index.php\/wp-json\/wp\/v2\/comments?post=7107"}],"version-history":[{"count":1,"href":"https:\/\/www.cuencasmineras.com\/index.php\/wp-json\/wp\/v2\/posts\/7107\/revisions"}],"predecessor-version":[{"id":7109,"href":"https:\/\/www.cuencasmineras.com\/index.php\/wp-json\/wp\/v2\/posts\/7107\/revisions\/7109"}],"wp:featuredmedia":[{"embeddable":true,"href":"https:\/\/www.cuencasmineras.com\/index.php\/wp-json\/wp\/v2\/media\/7108"}],"wp:attachment":[{"href":"https:\/\/www.cuencasmineras.com\/index.php\/wp-json\/wp\/v2\/media?parent=7107"}],"wp:term":[{"taxonomy":"category","embeddable":true,"href":"https:\/\/www.cuencasmineras.com\/index.php\/wp-json\/wp\/v2\/categories?post=7107"},{"taxonomy":"post_tag","embeddable":true,"href":"https:\/\/www.cuencasmineras.com\/index.php\/wp-json\/wp\/v2\/tags?post=7107"}],"curies":[{"name":"wp","href":"https:\/\/api.w.org\/{rel}","templated":true}]}}