{"id":7132,"date":"2025-04-29T17:16:20","date_gmt":"2025-04-29T17:16:20","guid":{"rendered":"https:\/\/www.cuencasmineras.com\/?p=7132"},"modified":"2025-04-29T17:16:20","modified_gmt":"2025-04-29T17:16:20","slug":"la-romeria-de-la-flor-en-lena-arranca-con-exito","status":"publish","type":"post","link":"https:\/\/www.cuencasmineras.com\/index.php\/2025\/04\/29\/la-romeria-de-la-flor-en-lena-arranca-con-exito\/","title":{"rendered":"La romer\u00eda de La Flor en Lena arranca con \u00e9xito y promete un futuro a\u00fan m\u00e1s atractivo"},"content":{"rendered":"<p class=\"\" data-start=\"271\" data-end=\"425\">\ud83c\udf38 La tradicional romer\u00eda de Piedracea marca el inicio de las fiestas de \u00abprao\u00bb en Asturias, con gran afluencia y buenas noticias para el valle de Naredo.<\/p>\n<p class=\"\" data-start=\"427\" data-end=\"787\">La romer\u00eda de La Flor volvi\u00f3 a llenar de vida el valle de Naredo, en el concejo de Lena, con una multitud de romeros que celebraron una de las fiestas m\u00e1s queridas del calendario asturiano. Esta cita, que combina tradici\u00f3n, paisaje y gastronom\u00eda, tuvo lugar en un d\u00eda radiante, con cielos despejados y temperaturas que rozaron los 20 grados desde primera hora.<\/p>\n<p class=\"\" data-start=\"789\" data-end=\"1048\">Entre los asistentes se encontraba Jos\u00e9 Ram\u00f3n Gonz\u00e1lez, natural del valle pero residente en Alemania, que no falla nunca: \u00abTengo dos opciones para ver a toda mi familia: los entierros o la fiesta. Y prefiero venir a La Flor, nadie falta\u00bb, coment\u00f3 entre risas.<\/p>\n<p class=\"\" data-start=\"1050\" data-end=\"1551\">Pero la buena noticia para vecinos y visitantes es que la zona mejorar\u00e1 significativamente en los pr\u00f3ximos a\u00f1os. La Confederaci\u00f3n Hidrogr\u00e1fica del Cant\u00e1brico (CHC) invertir\u00e1 m\u00e1s de 4 millones de euros en la recuperaci\u00f3n ambiental del tramo bajo del r\u00edo, creando una senda renovada, \u00e1reas recreativas y un parque fluvial. Jorge Gonz\u00e1lez, presidente vecinal de Piedracea, celebr\u00f3 el anuncio: \u00abEs una actuaci\u00f3n muy esperada. La senda estaba bastante descuidada, y seguro atraer\u00e1 a muchos m\u00e1s visitantes\u00bb.<\/p>\n<p class=\"\" data-start=\"1553\" data-end=\"1798\">El buen ambiente rein\u00f3 durante toda la jornada: gaitas, empanadas, sidra y tradici\u00f3n. Como dicta la costumbre, muchos subieron caminando desde La Pola por el Cam\u00edn de la Flor, como Elvira V\u00e1zquez: \u00abAqu\u00ed seguimos la tradici\u00f3n al pie de la letra\u00bb.<\/p>\n<p class=\"\" data-start=\"1800\" data-end=\"2058\">La romer\u00eda, que pone el broche final a las fiestas de La Flor, tambi\u00e9n atrajo a romeros de fuera del concejo, como Carlos Mart\u00edn, llegado desde Mieres: \u00abCon La Flor empezamos y ya no paramos hasta septiembre. Este tipo de fiestas tienen un encanto especial\u00bb.<\/p>\n<p class=\"\" data-start=\"2060\" data-end=\"2226\">\ud83d\udd14 La pr\u00f3xima edici\u00f3n de la romer\u00eda de La Flor promete m\u00e1s accesible, natural y espectacular que nunca. \u00a1Lena arranca la temporada de fiestas asturianas con buen pie!<\/p>\n","protected":false},"excerpt":{"rendered":"<p>\ud83c\udf38 La tradicional romer\u00eda de Piedracea marca el inicio de las fiestas de \u00abprao\u00bb en Asturias, con gran afluencia y buenas noticias para el valle de Naredo. La romer\u00eda de La Flor volvi\u00f3 a llenar de vida el valle de Naredo, en el concejo de Lena, con una multitud de romeros que celebraron una de [&hellip;]<\/p>\n","protected":false},"author":1,"featured_media":7133,"comment_status":"open","ping_status":"open","sticky":false,"template":"","format":"standard","meta":{"footnotes":""},"categories":[7,6],"tags":[655,657,3],"class_list":["post-7132","post","type-post","status-publish","format-standard","has-post-thumbnail","hentry","category-caudal","category-noticias","tag-la-flor","tag-la-flor-de-lena","tag-lena"],"yoast_head":"<!-- This site is optimized with the Yoast SEO plugin v28.2 - https:\/\/yoast.com\/product\/yoast-seo-wordpress\/ -->\n<title>La romer\u00eda de La Flor en Lena arranca con \u00e9xito y promete un futuro a\u00fan m\u00e1s atractivo -<\/title>\n<meta name=\"robots\" content=\"index, follow, max-snippet:-1, max-image-preview:large, max-video-preview:-1\" \/>\n<link rel=\"canonical\" href=\"https:\/\/www.cuencasmineras.com\/index.php\/2025\/04\/29\/la-romeria-de-la-flor-en-lena-arranca-con-exito\/\" \/>\n<meta property=\"og:locale\" content=\"es_ES\" \/>\n<meta property=\"og:type\" content=\"article\" \/>\n<meta property=\"og:title\" content=\"La romer\u00eda de La Flor en Lena arranca con \u00e9xito y promete un futuro a\u00fan m\u00e1s atractivo -\" \/>\n<meta property=\"og:description\" content=\"\ud83c\udf38 La tradicional romer\u00eda de Piedracea marca el inicio de las fiestas de \u00abprao\u00bb en Asturias, con gran afluencia y buenas noticias para el valle de Naredo. La romer\u00eda de La Flor volvi\u00f3 a llenar de vida el valle de Naredo, en el concejo de Lena, con una multitud de romeros que celebraron una de [&hellip;]\" \/>\n<meta property=\"og:url\" content=\"https:\/\/www.cuencasmineras.com\/index.php\/2025\/04\/29\/la-romeria-de-la-flor-en-lena-arranca-con-exito\/\" \/>\n<meta property=\"article:published_time\" content=\"2025-04-29T17:16:20+00:00\" \/>\n<meta property=\"og:image\" content=\"https:\/\/www.cuencasmineras.com\/wp-content\/uploads\/2025\/04\/IMG_20250428_132319-scaled.jpg\" \/>\n\t<meta property=\"og:image:width\" content=\"2560\" \/>\n\t<meta property=\"og:image:height\" content=\"1440\" \/>\n\t<meta property=\"og:image:type\" content=\"image\/jpeg\" \/>\n<meta name=\"author\" content=\"admin\" \/>\n<meta name=\"twitter:card\" content=\"summary_large_image\" \/>\n<meta name=\"twitter:label1\" content=\"Escrito por\" \/>\n\t<meta name=\"twitter:data1\" content=\"admin\" \/>\n\t<meta name=\"twitter:label2\" content=\"Tiempo de lectura\" \/>\n\t<meta name=\"twitter:data2\" content=\"2 minutos\" \/>\n<script type=\"application\/ld+json\" class=\"yoast-schema-graph\">{\"@context\":\"https:\\\/\\\/schema.org\",\"@graph\":[{\"@type\":\"Article\",\"@id\":\"https:\\\/\\\/www.cuencasmineras.com\\\/index.php\\\/2025\\\/04\\\/29\\\/la-romeria-de-la-flor-en-lena-arranca-con-exito\\\/#article\",\"isPartOf\":{\"@id\":\"https:\\\/\\\/www.cuencasmineras.com\\\/index.php\\\/2025\\\/04\\\/29\\\/la-romeria-de-la-flor-en-lena-arranca-con-exito\\\/\"},\"author\":{\"name\":\"admin\",\"@id\":\"https:\\\/\\\/www.cuencasmineras.com\\\/#\\\/schema\\\/person\\\/be0691310e8496ec555f679dd688420c\"},\"headline\":\"La romer\u00eda de La Flor en Lena arranca con \u00e9xito y promete un futuro a\u00fan m\u00e1s atractivo\",\"datePublished\":\"2025-04-29T17:16:20+00:00\",\"mainEntityOfPage\":{\"@id\":\"https:\\\/\\\/www.cuencasmineras.com\\\/index.php\\\/2025\\\/04\\\/29\\\/la-romeria-de-la-flor-en-lena-arranca-con-exito\\\/\"},\"wordCount\":369,\"commentCount\":0,\"image\":{\"@id\":\"https:\\\/\\\/www.cuencasmineras.com\\\/index.php\\\/2025\\\/04\\\/29\\\/la-romeria-de-la-flor-en-lena-arranca-con-exito\\\/#primaryimage\"},\"thumbnailUrl\":\"https:\\\/\\\/www.cuencasmineras.com\\\/wp-content\\\/uploads\\\/2025\\\/04\\\/IMG_20250428_132319-scaled.jpg\",\"keywords\":[\"la flor\",\"la flor de lena\",\"Lena\"],\"articleSection\":[\"Caudal\",\"CM NEWS\"],\"inLanguage\":\"es\",\"potentialAction\":[{\"@type\":\"CommentAction\",\"name\":\"Comment\",\"target\":[\"https:\\\/\\\/www.cuencasmineras.com\\\/index.php\\\/2025\\\/04\\\/29\\\/la-romeria-de-la-flor-en-lena-arranca-con-exito\\\/#respond\"]}]},{\"@type\":\"WebPage\",\"@id\":\"https:\\\/\\\/www.cuencasmineras.com\\\/index.php\\\/2025\\\/04\\\/29\\\/la-romeria-de-la-flor-en-lena-arranca-con-exito\\\/\",\"url\":\"https:\\\/\\\/www.cuencasmineras.com\\\/index.php\\\/2025\\\/04\\\/29\\\/la-romeria-de-la-flor-en-lena-arranca-con-exito\\\/\",\"name\":\"La romer\u00eda de La Flor en Lena arranca con \u00e9xito y promete un futuro a\u00fan m\u00e1s atractivo -\",\"isPartOf\":{\"@id\":\"https:\\\/\\\/www.cuencasmineras.com\\\/#website\"},\"primaryImageOfPage\":{\"@id\":\"https:\\\/\\\/www.cuencasmineras.com\\\/index.php\\\/2025\\\/04\\\/29\\\/la-romeria-de-la-flor-en-lena-arranca-con-exito\\\/#primaryimage\"},\"image\":{\"@id\":\"https:\\\/\\\/www.cuencasmineras.com\\\/index.php\\\/2025\\\/04\\\/29\\\/la-romeria-de-la-flor-en-lena-arranca-con-exito\\\/#primaryimage\"},\"thumbnailUrl\":\"https:\\\/\\\/www.cuencasmineras.com\\\/wp-content\\\/uploads\\\/2025\\\/04\\\/IMG_20250428_132319-scaled.jpg\",\"datePublished\":\"2025-04-29T17:16:20+00:00\",\"author\":{\"@id\":\"https:\\\/\\\/www.cuencasmineras.com\\\/#\\\/schema\\\/person\\\/be0691310e8496ec555f679dd688420c\"},\"breadcrumb\":{\"@id\":\"https:\\\/\\\/www.cuencasmineras.com\\\/index.php\\\/2025\\\/04\\\/29\\\/la-romeria-de-la-flor-en-lena-arranca-con-exito\\\/#breadcrumb\"},\"inLanguage\":\"es\",\"potentialAction\":[{\"@type\":\"ReadAction\",\"target\":[\"https:\\\/\\\/www.cuencasmineras.com\\\/index.php\\\/2025\\\/04\\\/29\\\/la-romeria-de-la-flor-en-lena-arranca-con-exito\\\/\"]}]},{\"@type\":\"ImageObject\",\"inLanguage\":\"es\",\"@id\":\"https:\\\/\\\/www.cuencasmineras.com\\\/index.php\\\/2025\\\/04\\\/29\\\/la-romeria-de-la-flor-en-lena-arranca-con-exito\\\/#primaryimage\",\"url\":\"https:\\\/\\\/www.cuencasmineras.com\\\/wp-content\\\/uploads\\\/2025\\\/04\\\/IMG_20250428_132319-scaled.jpg\",\"contentUrl\":\"https:\\\/\\\/www.cuencasmineras.com\\\/wp-content\\\/uploads\\\/2025\\\/04\\\/IMG_20250428_132319-scaled.jpg\",\"width\":2560,\"height\":1440},{\"@type\":\"BreadcrumbList\",\"@id\":\"https:\\\/\\\/www.cuencasmineras.com\\\/index.php\\\/2025\\\/04\\\/29\\\/la-romeria-de-la-flor-en-lena-arranca-con-exito\\\/#breadcrumb\",\"itemListElement\":[{\"@type\":\"ListItem\",\"position\":1,\"name\":\"Portada\",\"item\":\"https:\\\/\\\/www.cuencasmineras.com\\\/\"},{\"@type\":\"ListItem\",\"position\":2,\"name\":\"La romer\u00eda de La Flor en Lena arranca con \u00e9xito y promete un futuro a\u00fan m\u00e1s atractivo\"}]},{\"@type\":\"WebSite\",\"@id\":\"https:\\\/\\\/www.cuencasmineras.com\\\/#website\",\"url\":\"https:\\\/\\\/www.cuencasmineras.com\\\/\",\"name\":\"\",\"description\":\"\",\"potentialAction\":[{\"@type\":\"SearchAction\",\"target\":{\"@type\":\"EntryPoint\",\"urlTemplate\":\"https:\\\/\\\/www.cuencasmineras.com\\\/?s={search_term_string}\"},\"query-input\":{\"@type\":\"PropertyValueSpecification\",\"valueRequired\":true,\"valueName\":\"search_term_string\"}}],\"inLanguage\":\"es\"},{\"@type\":\"Person\",\"@id\":\"https:\\\/\\\/www.cuencasmineras.com\\\/#\\\/schema\\\/person\\\/be0691310e8496ec555f679dd688420c\",\"name\":\"admin\",\"image\":{\"@type\":\"ImageObject\",\"inLanguage\":\"es\",\"@id\":\"https:\\\/\\\/secure.gravatar.com\\\/avatar\\\/4afd2eed3b2fbbf36dd6707b5bd8a5b50ac648f033e36fbf85aeace2f0f859db?s=96&d=mm&r=g\",\"url\":\"https:\\\/\\\/secure.gravatar.com\\\/avatar\\\/4afd2eed3b2fbbf36dd6707b5bd8a5b50ac648f033e36fbf85aeace2f0f859db?s=96&d=mm&r=g\",\"contentUrl\":\"https:\\\/\\\/secure.gravatar.com\\\/avatar\\\/4afd2eed3b2fbbf36dd6707b5bd8a5b50ac648f033e36fbf85aeace2f0f859db?s=96&d=mm&r=g\",\"caption\":\"admin\"},\"sameAs\":[\"https:\\\/\\\/www.cuencasmineras.com\"],\"url\":\"https:\\\/\\\/www.cuencasmineras.com\\\/index.php\\\/author\\\/admin\\\/\"}]}<\/script>\n<!-- \/ Yoast SEO plugin. -->","yoast_head_json":{"title":"La romer\u00eda de La Flor en Lena arranca con \u00e9xito y promete un futuro a\u00fan m\u00e1s atractivo -","robots":{"index":"index","follow":"follow","max-snippet":"max-snippet:-1","max-image-preview":"max-image-preview:large","max-video-preview":"max-video-preview:-1"},"canonical":"https:\/\/www.cuencasmineras.com\/index.php\/2025\/04\/29\/la-romeria-de-la-flor-en-lena-arranca-con-exito\/","og_locale":"es_ES","og_type":"article","og_title":"La romer\u00eda de La Flor en Lena arranca con \u00e9xito y promete un futuro a\u00fan m\u00e1s atractivo -","og_description":"\ud83c\udf38 La tradicional romer\u00eda de Piedracea marca el inicio de las fiestas de \u00abprao\u00bb en Asturias, con gran afluencia y buenas noticias para el valle de Naredo. La romer\u00eda de La Flor volvi\u00f3 a llenar de vida el valle de Naredo, en el concejo de Lena, con una multitud de romeros que celebraron una de [&hellip;]","og_url":"https:\/\/www.cuencasmineras.com\/index.php\/2025\/04\/29\/la-romeria-de-la-flor-en-lena-arranca-con-exito\/","article_published_time":"2025-04-29T17:16:20+00:00","og_image":[{"width":2560,"height":1440,"url":"https:\/\/www.cuencasmineras.com\/wp-content\/uploads\/2025\/04\/IMG_20250428_132319-scaled.jpg","type":"image\/jpeg"}],"author":"admin","twitter_card":"summary_large_image","twitter_misc":{"Escrito por":"admin","Tiempo de lectura":"2 minutos"},"schema":{"@context":"https:\/\/schema.org","@graph":[{"@type":"Article","@id":"https:\/\/www.cuencasmineras.com\/index.php\/2025\/04\/29\/la-romeria-de-la-flor-en-lena-arranca-con-exito\/#article","isPartOf":{"@id":"https:\/\/www.cuencasmineras.com\/index.php\/2025\/04\/29\/la-romeria-de-la-flor-en-lena-arranca-con-exito\/"},"author":{"name":"admin","@id":"https:\/\/www.cuencasmineras.com\/#\/schema\/person\/be0691310e8496ec555f679dd688420c"},"headline":"La romer\u00eda de La Flor en Lena arranca con \u00e9xito y promete un futuro a\u00fan m\u00e1s atractivo","datePublished":"2025-04-29T17:16:20+00:00","mainEntityOfPage":{"@id":"https:\/\/www.cuencasmineras.com\/index.php\/2025\/04\/29\/la-romeria-de-la-flor-en-lena-arranca-con-exito\/"},"wordCount":369,"commentCount":0,"image":{"@id":"https:\/\/www.cuencasmineras.com\/index.php\/2025\/04\/29\/la-romeria-de-la-flor-en-lena-arranca-con-exito\/#primaryimage"},"thumbnailUrl":"https:\/\/www.cuencasmineras.com\/wp-content\/uploads\/2025\/04\/IMG_20250428_132319-scaled.jpg","keywords":["la flor","la flor de lena","Lena"],"articleSection":["Caudal","CM NEWS"],"inLanguage":"es","potentialAction":[{"@type":"CommentAction","name":"Comment","target":["https:\/\/www.cuencasmineras.com\/index.php\/2025\/04\/29\/la-romeria-de-la-flor-en-lena-arranca-con-exito\/#respond"]}]},{"@type":"WebPage","@id":"https:\/\/www.cuencasmineras.com\/index.php\/2025\/04\/29\/la-romeria-de-la-flor-en-lena-arranca-con-exito\/","url":"https:\/\/www.cuencasmineras.com\/index.php\/2025\/04\/29\/la-romeria-de-la-flor-en-lena-arranca-con-exito\/","name":"La romer\u00eda de La Flor en Lena arranca con \u00e9xito y promete un futuro a\u00fan m\u00e1s atractivo -","isPartOf":{"@id":"https:\/\/www.cuencasmineras.com\/#website"},"primaryImageOfPage":{"@id":"https:\/\/www.cuencasmineras.com\/index.php\/2025\/04\/29\/la-romeria-de-la-flor-en-lena-arranca-con-exito\/#primaryimage"},"image":{"@id":"https:\/\/www.cuencasmineras.com\/index.php\/2025\/04\/29\/la-romeria-de-la-flor-en-lena-arranca-con-exito\/#primaryimage"},"thumbnailUrl":"https:\/\/www.cuencasmineras.com\/wp-content\/uploads\/2025\/04\/IMG_20250428_132319-scaled.jpg","datePublished":"2025-04-29T17:16:20+00:00","author":{"@id":"https:\/\/www.cuencasmineras.com\/#\/schema\/person\/be0691310e8496ec555f679dd688420c"},"breadcrumb":{"@id":"https:\/\/www.cuencasmineras.com\/index.php\/2025\/04\/29\/la-romeria-de-la-flor-en-lena-arranca-con-exito\/#breadcrumb"},"inLanguage":"es","potentialAction":[{"@type":"ReadAction","target":["https:\/\/www.cuencasmineras.com\/index.php\/2025\/04\/29\/la-romeria-de-la-flor-en-lena-arranca-con-exito\/"]}]},{"@type":"ImageObject","inLanguage":"es","@id":"https:\/\/www.cuencasmineras.com\/index.php\/2025\/04\/29\/la-romeria-de-la-flor-en-lena-arranca-con-exito\/#primaryimage","url":"https:\/\/www.cuencasmineras.com\/wp-content\/uploads\/2025\/04\/IMG_20250428_132319-scaled.jpg","contentUrl":"https:\/\/www.cuencasmineras.com\/wp-content\/uploads\/2025\/04\/IMG_20250428_132319-scaled.jpg","width":2560,"height":1440},{"@type":"BreadcrumbList","@id":"https:\/\/www.cuencasmineras.com\/index.php\/2025\/04\/29\/la-romeria-de-la-flor-en-lena-arranca-con-exito\/#breadcrumb","itemListElement":[{"@type":"ListItem","position":1,"name":"Portada","item":"https:\/\/www.cuencasmineras.com\/"},{"@type":"ListItem","position":2,"name":"La romer\u00eda de La Flor en Lena arranca con \u00e9xito y promete un futuro a\u00fan m\u00e1s atractivo"}]},{"@type":"WebSite","@id":"https:\/\/www.cuencasmineras.com\/#website","url":"https:\/\/www.cuencasmineras.com\/","name":"","description":"","potentialAction":[{"@type":"SearchAction","target":{"@type":"EntryPoint","urlTemplate":"https:\/\/www.cuencasmineras.com\/?s={search_term_string}"},"query-input":{"@type":"PropertyValueSpecification","valueRequired":true,"valueName":"search_term_string"}}],"inLanguage":"es"},{"@type":"Person","@id":"https:\/\/www.cuencasmineras.com\/#\/schema\/person\/be0691310e8496ec555f679dd688420c","name":"admin","image":{"@type":"ImageObject","inLanguage":"es","@id":"https:\/\/secure.gravatar.com\/avatar\/4afd2eed3b2fbbf36dd6707b5bd8a5b50ac648f033e36fbf85aeace2f0f859db?s=96&d=mm&r=g","url":"https:\/\/secure.gravatar.com\/avatar\/4afd2eed3b2fbbf36dd6707b5bd8a5b50ac648f033e36fbf85aeace2f0f859db?s=96&d=mm&r=g","contentUrl":"https:\/\/secure.gravatar.com\/avatar\/4afd2eed3b2fbbf36dd6707b5bd8a5b50ac648f033e36fbf85aeace2f0f859db?s=96&d=mm&r=g","caption":"admin"},"sameAs":["https:\/\/www.cuencasmineras.com"],"url":"https:\/\/www.cuencasmineras.com\/index.php\/author\/admin\/"}]}},"_links":{"self":[{"href":"https:\/\/www.cuencasmineras.com\/index.php\/wp-json\/wp\/v2\/posts\/7132","targetHints":{"allow":["GET"]}}],"collection":[{"href":"https:\/\/www.cuencasmineras.com\/index.php\/wp-json\/wp\/v2\/posts"}],"about":[{"href":"https:\/\/www.cuencasmineras.com\/index.php\/wp-json\/wp\/v2\/types\/post"}],"author":[{"embeddable":true,"href":"https:\/\/www.cuencasmineras.com\/index.php\/wp-json\/wp\/v2\/users\/1"}],"replies":[{"embeddable":true,"href":"https:\/\/www.cuencasmineras.com\/index.php\/wp-json\/wp\/v2\/comments?post=7132"}],"version-history":[{"count":1,"href":"https:\/\/www.cuencasmineras.com\/index.php\/wp-json\/wp\/v2\/posts\/7132\/revisions"}],"predecessor-version":[{"id":7134,"href":"https:\/\/www.cuencasmineras.com\/index.php\/wp-json\/wp\/v2\/posts\/7132\/revisions\/7134"}],"wp:featuredmedia":[{"embeddable":true,"href":"https:\/\/www.cuencasmineras.com\/index.php\/wp-json\/wp\/v2\/media\/7133"}],"wp:attachment":[{"href":"https:\/\/www.cuencasmineras.com\/index.php\/wp-json\/wp\/v2\/media?parent=7132"}],"wp:term":[{"taxonomy":"category","embeddable":true,"href":"https:\/\/www.cuencasmineras.com\/index.php\/wp-json\/wp\/v2\/categories?post=7132"},{"taxonomy":"post_tag","embeddable":true,"href":"https:\/\/www.cuencasmineras.com\/index.php\/wp-json\/wp\/v2\/tags?post=7132"}],"curies":[{"name":"wp","href":"https:\/\/api.w.org\/{rel}","templated":true}]}}