{"id":7142,"date":"2025-05-05T15:38:34","date_gmt":"2025-05-05T15:38:34","guid":{"rendered":"https:\/\/www.cuencasmineras.com\/?p=7142"},"modified":"2025-05-05T15:38:34","modified_gmt":"2025-05-05T15:38:34","slug":"reparacion-pasarela-caborana-aller-430mil-euros","status":"publish","type":"post","link":"https:\/\/www.cuencasmineras.com\/index.php\/2025\/05\/05\/reparacion-pasarela-caborana-aller-430mil-euros\/","title":{"rendered":"\ud83d\udd27 Pasarela de Caborana: 430.000\u20ac para reparar esta estructura clave en Aller"},"content":{"rendered":"<p class=\"ds-markdown-paragraph\">El <strong>Principado financiar\u00e1<\/strong> con 430.000 euros la urgente reparaci\u00f3n de la pasarela peatonal de Caborana (Aller), cerrada desde <strong>febrero 2025<\/strong> por riesgo de derrumbe. Las obras comenzar\u00e1n <strong>\u00aben semanas\u00bb<\/strong> y ser\u00e1n ejecutadas por TRAGSA.<\/p>\n<h3>\ud83d\udea7 <strong>Detalles clave del proyecto:<\/strong><\/h3>\n<ul>\n<li>\n<p class=\"ds-markdown-paragraph\"><strong>Motivo del cierre:<\/strong> Informe t\u00e9cnico detect\u00f3 <strong>da\u00f1os estructurales graves<\/strong><\/p>\n<\/li>\n<li>\n<p class=\"ds-markdown-paragraph\"><strong>Riesgo:<\/strong> Sobrevolaba el Corredor del Aller y v\u00edas de FEVE<\/p>\n<\/li>\n<li>\n<p class=\"ds-markdown-paragraph\"><strong>Empresa adjudicataria:<\/strong> TRAGSA (medio propio del Gobierno)<\/p>\n<\/li>\n<li>\n<p class=\"ds-markdown-paragraph\"><strong>Plazo estimado:<\/strong> Se espera culminar para <strong>temporada de verano<\/strong><\/p>\n<\/li>\n<\/ul>\n<h3>\u23f3 <strong>Por qu\u00e9 es urgente:<\/strong><\/h3>\n<p class=\"ds-markdown-paragraph\">1\ufe0f\u20e3 <strong>Seguridad vial:<\/strong> Evitar potencial derrumbe sobre tr\u00e1fico y trenes<br \/>\n2\ufe0f\u20e3 <strong>Acceso a servicios:<\/strong> Conecta el <strong>complejo c\u00edvico<\/strong> (incluyendo piscina) con el casco urbano<br \/>\n3\ufe0f\u20e3 <strong>Verano pr\u00f3ximo:<\/strong> Temporada alta de uso de instalaciones<\/p>\n<p class=\"ds-markdown-paragraph\">\ud83d\udde3 <strong>Declaraci\u00f3n del alcalde Juan Carlos Iglesias:<\/strong><br \/>\n<em>\u00abPrima la seguridad, pero necesitamos que est\u00e9 lista para la apertura de la piscina\u00bb<\/em><\/p>\n","protected":false},"excerpt":{"rendered":"<p>El Principado financiar\u00e1 con 430.000 euros la urgente reparaci\u00f3n de la pasarela peatonal de Caborana (Aller), cerrada desde febrero 2025 por riesgo de derrumbe. Las obras comenzar\u00e1n \u00aben semanas\u00bb y ser\u00e1n ejecutadas por TRAGSA. \ud83d\udea7 Detalles clave del proyecto: Motivo del cierre: Informe t\u00e9cnico detect\u00f3 da\u00f1os estructurales graves Riesgo: Sobrevolaba el Corredor del Aller y [&hellip;]<\/p>\n","protected":false},"author":1,"featured_media":7144,"comment_status":"open","ping_status":"open","sticky":false,"template":"","format":"standard","meta":{"footnotes":""},"categories":[7,6],"tags":[79,238],"class_list":["post-7142","post","type-post","status-publish","format-standard","has-post-thumbnail","hentry","category-caudal","category-noticias","tag-aller","tag-caborana"],"yoast_head":"<!-- This site is optimized with the Yoast SEO plugin v27.4 - https:\/\/yoast.com\/product\/yoast-seo-wordpress\/ -->\n<title>La pasarela de Caborana en Aller ser\u00e1 reparada con 430.000\u20ac y obras comenzar\u00e1n en semanas<\/title>\n<meta name=\"description\" content=\"El Principado invertir\u00e1 430.000\u20ac en reparar la pasarela peatonal de Caborana (Aller), cerrada desde febrero por riesgo de derrumbe. Obras comenzar\u00e1n pronto.\" \/>\n<meta name=\"robots\" content=\"index, follow, max-snippet:-1, max-image-preview:large, max-video-preview:-1\" \/>\n<link rel=\"canonical\" href=\"https:\/\/www.cuencasmineras.com\/index.php\/2025\/05\/05\/reparacion-pasarela-caborana-aller-430mil-euros\/\" \/>\n<meta property=\"og:locale\" content=\"es_ES\" \/>\n<meta property=\"og:type\" content=\"article\" \/>\n<meta property=\"og:title\" content=\"La pasarela de Caborana en Aller ser\u00e1 reparada con 430.000\u20ac y obras comenzar\u00e1n en semanas\" \/>\n<meta property=\"og:description\" content=\"El Principado invertir\u00e1 430.000\u20ac en reparar la pasarela peatonal de Caborana (Aller), cerrada desde febrero por riesgo de derrumbe. Obras comenzar\u00e1n pronto.\" \/>\n<meta property=\"og:url\" content=\"https:\/\/www.cuencasmineras.com\/index.php\/2025\/05\/05\/reparacion-pasarela-caborana-aller-430mil-euros\/\" \/>\n<meta property=\"article:published_time\" content=\"2025-05-05T15:38:34+00:00\" \/>\n<meta property=\"og:image\" content=\"https:\/\/www.cuencasmineras.com\/wp-content\/uploads\/2025\/05\/2e5a721d-b965-41e7-a346-40bf14249a2f_16-9-discover-aspect-ratio_default_0.jpg\" \/>\n\t<meta property=\"og:image:width\" content=\"1200\" \/>\n\t<meta property=\"og:image:height\" content=\"675\" \/>\n\t<meta property=\"og:image:type\" content=\"image\/jpeg\" \/>\n<meta name=\"author\" content=\"admin\" \/>\n<meta name=\"twitter:card\" content=\"summary_large_image\" \/>\n<meta name=\"twitter:label1\" content=\"Escrito por\" \/>\n\t<meta name=\"twitter:data1\" content=\"admin\" \/>\n\t<meta name=\"twitter:label2\" content=\"Tiempo de lectura\" \/>\n\t<meta name=\"twitter:data2\" content=\"1 minuto\" \/>\n<script type=\"application\/ld+json\" class=\"yoast-schema-graph\">{\"@context\":\"https:\\\/\\\/schema.org\",\"@graph\":[{\"@type\":\"Article\",\"@id\":\"https:\\\/\\\/www.cuencasmineras.com\\\/index.php\\\/2025\\\/05\\\/05\\\/reparacion-pasarela-caborana-aller-430mil-euros\\\/#article\",\"isPartOf\":{\"@id\":\"https:\\\/\\\/www.cuencasmineras.com\\\/index.php\\\/2025\\\/05\\\/05\\\/reparacion-pasarela-caborana-aller-430mil-euros\\\/\"},\"author\":{\"name\":\"admin\",\"@id\":\"https:\\\/\\\/www.cuencasmineras.com\\\/#\\\/schema\\\/person\\\/be0691310e8496ec555f679dd688420c\"},\"headline\":\"\ud83d\udd27 Pasarela de Caborana: 430.000\u20ac para reparar esta estructura clave en Aller\",\"datePublished\":\"2025-05-05T15:38:34+00:00\",\"mainEntityOfPage\":{\"@id\":\"https:\\\/\\\/www.cuencasmineras.com\\\/index.php\\\/2025\\\/05\\\/05\\\/reparacion-pasarela-caborana-aller-430mil-euros\\\/\"},\"wordCount\":145,\"commentCount\":0,\"image\":{\"@id\":\"https:\\\/\\\/www.cuencasmineras.com\\\/index.php\\\/2025\\\/05\\\/05\\\/reparacion-pasarela-caborana-aller-430mil-euros\\\/#primaryimage\"},\"thumbnailUrl\":\"https:\\\/\\\/www.cuencasmineras.com\\\/wp-content\\\/uploads\\\/2025\\\/05\\\/2e5a721d-b965-41e7-a346-40bf14249a2f_16-9-discover-aspect-ratio_default_0.jpg\",\"keywords\":[\"aller\",\"caborana\"],\"articleSection\":[\"Caudal\",\"CM NEWS\"],\"inLanguage\":\"es\",\"potentialAction\":[{\"@type\":\"CommentAction\",\"name\":\"Comment\",\"target\":[\"https:\\\/\\\/www.cuencasmineras.com\\\/index.php\\\/2025\\\/05\\\/05\\\/reparacion-pasarela-caborana-aller-430mil-euros\\\/#respond\"]}]},{\"@type\":\"WebPage\",\"@id\":\"https:\\\/\\\/www.cuencasmineras.com\\\/index.php\\\/2025\\\/05\\\/05\\\/reparacion-pasarela-caborana-aller-430mil-euros\\\/\",\"url\":\"https:\\\/\\\/www.cuencasmineras.com\\\/index.php\\\/2025\\\/05\\\/05\\\/reparacion-pasarela-caborana-aller-430mil-euros\\\/\",\"name\":\"La pasarela de Caborana en Aller ser\u00e1 reparada con 430.000\u20ac y obras comenzar\u00e1n en semanas\",\"isPartOf\":{\"@id\":\"https:\\\/\\\/www.cuencasmineras.com\\\/#website\"},\"primaryImageOfPage\":{\"@id\":\"https:\\\/\\\/www.cuencasmineras.com\\\/index.php\\\/2025\\\/05\\\/05\\\/reparacion-pasarela-caborana-aller-430mil-euros\\\/#primaryimage\"},\"image\":{\"@id\":\"https:\\\/\\\/www.cuencasmineras.com\\\/index.php\\\/2025\\\/05\\\/05\\\/reparacion-pasarela-caborana-aller-430mil-euros\\\/#primaryimage\"},\"thumbnailUrl\":\"https:\\\/\\\/www.cuencasmineras.com\\\/wp-content\\\/uploads\\\/2025\\\/05\\\/2e5a721d-b965-41e7-a346-40bf14249a2f_16-9-discover-aspect-ratio_default_0.jpg\",\"datePublished\":\"2025-05-05T15:38:34+00:00\",\"author\":{\"@id\":\"https:\\\/\\\/www.cuencasmineras.com\\\/#\\\/schema\\\/person\\\/be0691310e8496ec555f679dd688420c\"},\"description\":\"El Principado invertir\u00e1 430.000\u20ac en reparar la pasarela peatonal de Caborana (Aller), cerrada desde febrero por riesgo de derrumbe. Obras comenzar\u00e1n pronto.\",\"breadcrumb\":{\"@id\":\"https:\\\/\\\/www.cuencasmineras.com\\\/index.php\\\/2025\\\/05\\\/05\\\/reparacion-pasarela-caborana-aller-430mil-euros\\\/#breadcrumb\"},\"inLanguage\":\"es\",\"potentialAction\":[{\"@type\":\"ReadAction\",\"target\":[\"https:\\\/\\\/www.cuencasmineras.com\\\/index.php\\\/2025\\\/05\\\/05\\\/reparacion-pasarela-caborana-aller-430mil-euros\\\/\"]}]},{\"@type\":\"ImageObject\",\"inLanguage\":\"es\",\"@id\":\"https:\\\/\\\/www.cuencasmineras.com\\\/index.php\\\/2025\\\/05\\\/05\\\/reparacion-pasarela-caborana-aller-430mil-euros\\\/#primaryimage\",\"url\":\"https:\\\/\\\/www.cuencasmineras.com\\\/wp-content\\\/uploads\\\/2025\\\/05\\\/2e5a721d-b965-41e7-a346-40bf14249a2f_16-9-discover-aspect-ratio_default_0.jpg\",\"contentUrl\":\"https:\\\/\\\/www.cuencasmineras.com\\\/wp-content\\\/uploads\\\/2025\\\/05\\\/2e5a721d-b965-41e7-a346-40bf14249a2f_16-9-discover-aspect-ratio_default_0.jpg\",\"width\":1200,\"height\":675},{\"@type\":\"BreadcrumbList\",\"@id\":\"https:\\\/\\\/www.cuencasmineras.com\\\/index.php\\\/2025\\\/05\\\/05\\\/reparacion-pasarela-caborana-aller-430mil-euros\\\/#breadcrumb\",\"itemListElement\":[{\"@type\":\"ListItem\",\"position\":1,\"name\":\"Portada\",\"item\":\"https:\\\/\\\/www.cuencasmineras.com\\\/\"},{\"@type\":\"ListItem\",\"position\":2,\"name\":\"\ud83d\udd27 Pasarela de Caborana: 430.000\u20ac para reparar esta estructura clave en Aller\"}]},{\"@type\":\"WebSite\",\"@id\":\"https:\\\/\\\/www.cuencasmineras.com\\\/#website\",\"url\":\"https:\\\/\\\/www.cuencasmineras.com\\\/\",\"name\":\"\",\"description\":\"\",\"potentialAction\":[{\"@type\":\"SearchAction\",\"target\":{\"@type\":\"EntryPoint\",\"urlTemplate\":\"https:\\\/\\\/www.cuencasmineras.com\\\/?s={search_term_string}\"},\"query-input\":{\"@type\":\"PropertyValueSpecification\",\"valueRequired\":true,\"valueName\":\"search_term_string\"}}],\"inLanguage\":\"es\"},{\"@type\":\"Person\",\"@id\":\"https:\\\/\\\/www.cuencasmineras.com\\\/#\\\/schema\\\/person\\\/be0691310e8496ec555f679dd688420c\",\"name\":\"admin\",\"image\":{\"@type\":\"ImageObject\",\"inLanguage\":\"es\",\"@id\":\"https:\\\/\\\/secure.gravatar.com\\\/avatar\\\/4afd2eed3b2fbbf36dd6707b5bd8a5b50ac648f033e36fbf85aeace2f0f859db?s=96&d=mm&r=g\",\"url\":\"https:\\\/\\\/secure.gravatar.com\\\/avatar\\\/4afd2eed3b2fbbf36dd6707b5bd8a5b50ac648f033e36fbf85aeace2f0f859db?s=96&d=mm&r=g\",\"contentUrl\":\"https:\\\/\\\/secure.gravatar.com\\\/avatar\\\/4afd2eed3b2fbbf36dd6707b5bd8a5b50ac648f033e36fbf85aeace2f0f859db?s=96&d=mm&r=g\",\"caption\":\"admin\"},\"sameAs\":[\"https:\\\/\\\/www.cuencasmineras.com\"],\"url\":\"https:\\\/\\\/www.cuencasmineras.com\\\/index.php\\\/author\\\/admin\\\/\"}]}<\/script>\n<!-- \/ Yoast SEO plugin. -->","yoast_head_json":{"title":"La pasarela de Caborana en Aller ser\u00e1 reparada con 430.000\u20ac y obras comenzar\u00e1n en semanas","description":"El Principado invertir\u00e1 430.000\u20ac en reparar la pasarela peatonal de Caborana (Aller), cerrada desde febrero por riesgo de derrumbe. Obras comenzar\u00e1n pronto.","robots":{"index":"index","follow":"follow","max-snippet":"max-snippet:-1","max-image-preview":"max-image-preview:large","max-video-preview":"max-video-preview:-1"},"canonical":"https:\/\/www.cuencasmineras.com\/index.php\/2025\/05\/05\/reparacion-pasarela-caborana-aller-430mil-euros\/","og_locale":"es_ES","og_type":"article","og_title":"La pasarela de Caborana en Aller ser\u00e1 reparada con 430.000\u20ac y obras comenzar\u00e1n en semanas","og_description":"El Principado invertir\u00e1 430.000\u20ac en reparar la pasarela peatonal de Caborana (Aller), cerrada desde febrero por riesgo de derrumbe. Obras comenzar\u00e1n pronto.","og_url":"https:\/\/www.cuencasmineras.com\/index.php\/2025\/05\/05\/reparacion-pasarela-caborana-aller-430mil-euros\/","article_published_time":"2025-05-05T15:38:34+00:00","og_image":[{"width":1200,"height":675,"url":"https:\/\/www.cuencasmineras.com\/wp-content\/uploads\/2025\/05\/2e5a721d-b965-41e7-a346-40bf14249a2f_16-9-discover-aspect-ratio_default_0.jpg","type":"image\/jpeg"}],"author":"admin","twitter_card":"summary_large_image","twitter_misc":{"Escrito por":"admin","Tiempo de lectura":"1 minuto"},"schema":{"@context":"https:\/\/schema.org","@graph":[{"@type":"Article","@id":"https:\/\/www.cuencasmineras.com\/index.php\/2025\/05\/05\/reparacion-pasarela-caborana-aller-430mil-euros\/#article","isPartOf":{"@id":"https:\/\/www.cuencasmineras.com\/index.php\/2025\/05\/05\/reparacion-pasarela-caborana-aller-430mil-euros\/"},"author":{"name":"admin","@id":"https:\/\/www.cuencasmineras.com\/#\/schema\/person\/be0691310e8496ec555f679dd688420c"},"headline":"\ud83d\udd27 Pasarela de Caborana: 430.000\u20ac para reparar esta estructura clave en Aller","datePublished":"2025-05-05T15:38:34+00:00","mainEntityOfPage":{"@id":"https:\/\/www.cuencasmineras.com\/index.php\/2025\/05\/05\/reparacion-pasarela-caborana-aller-430mil-euros\/"},"wordCount":145,"commentCount":0,"image":{"@id":"https:\/\/www.cuencasmineras.com\/index.php\/2025\/05\/05\/reparacion-pasarela-caborana-aller-430mil-euros\/#primaryimage"},"thumbnailUrl":"https:\/\/www.cuencasmineras.com\/wp-content\/uploads\/2025\/05\/2e5a721d-b965-41e7-a346-40bf14249a2f_16-9-discover-aspect-ratio_default_0.jpg","keywords":["aller","caborana"],"articleSection":["Caudal","CM NEWS"],"inLanguage":"es","potentialAction":[{"@type":"CommentAction","name":"Comment","target":["https:\/\/www.cuencasmineras.com\/index.php\/2025\/05\/05\/reparacion-pasarela-caborana-aller-430mil-euros\/#respond"]}]},{"@type":"WebPage","@id":"https:\/\/www.cuencasmineras.com\/index.php\/2025\/05\/05\/reparacion-pasarela-caborana-aller-430mil-euros\/","url":"https:\/\/www.cuencasmineras.com\/index.php\/2025\/05\/05\/reparacion-pasarela-caborana-aller-430mil-euros\/","name":"La pasarela de Caborana en Aller ser\u00e1 reparada con 430.000\u20ac y obras comenzar\u00e1n en semanas","isPartOf":{"@id":"https:\/\/www.cuencasmineras.com\/#website"},"primaryImageOfPage":{"@id":"https:\/\/www.cuencasmineras.com\/index.php\/2025\/05\/05\/reparacion-pasarela-caborana-aller-430mil-euros\/#primaryimage"},"image":{"@id":"https:\/\/www.cuencasmineras.com\/index.php\/2025\/05\/05\/reparacion-pasarela-caborana-aller-430mil-euros\/#primaryimage"},"thumbnailUrl":"https:\/\/www.cuencasmineras.com\/wp-content\/uploads\/2025\/05\/2e5a721d-b965-41e7-a346-40bf14249a2f_16-9-discover-aspect-ratio_default_0.jpg","datePublished":"2025-05-05T15:38:34+00:00","author":{"@id":"https:\/\/www.cuencasmineras.com\/#\/schema\/person\/be0691310e8496ec555f679dd688420c"},"description":"El Principado invertir\u00e1 430.000\u20ac en reparar la pasarela peatonal de Caborana (Aller), cerrada desde febrero por riesgo de derrumbe. Obras comenzar\u00e1n pronto.","breadcrumb":{"@id":"https:\/\/www.cuencasmineras.com\/index.php\/2025\/05\/05\/reparacion-pasarela-caborana-aller-430mil-euros\/#breadcrumb"},"inLanguage":"es","potentialAction":[{"@type":"ReadAction","target":["https:\/\/www.cuencasmineras.com\/index.php\/2025\/05\/05\/reparacion-pasarela-caborana-aller-430mil-euros\/"]}]},{"@type":"ImageObject","inLanguage":"es","@id":"https:\/\/www.cuencasmineras.com\/index.php\/2025\/05\/05\/reparacion-pasarela-caborana-aller-430mil-euros\/#primaryimage","url":"https:\/\/www.cuencasmineras.com\/wp-content\/uploads\/2025\/05\/2e5a721d-b965-41e7-a346-40bf14249a2f_16-9-discover-aspect-ratio_default_0.jpg","contentUrl":"https:\/\/www.cuencasmineras.com\/wp-content\/uploads\/2025\/05\/2e5a721d-b965-41e7-a346-40bf14249a2f_16-9-discover-aspect-ratio_default_0.jpg","width":1200,"height":675},{"@type":"BreadcrumbList","@id":"https:\/\/www.cuencasmineras.com\/index.php\/2025\/05\/05\/reparacion-pasarela-caborana-aller-430mil-euros\/#breadcrumb","itemListElement":[{"@type":"ListItem","position":1,"name":"Portada","item":"https:\/\/www.cuencasmineras.com\/"},{"@type":"ListItem","position":2,"name":"\ud83d\udd27 Pasarela de Caborana: 430.000\u20ac para reparar esta estructura clave en Aller"}]},{"@type":"WebSite","@id":"https:\/\/www.cuencasmineras.com\/#website","url":"https:\/\/www.cuencasmineras.com\/","name":"","description":"","potentialAction":[{"@type":"SearchAction","target":{"@type":"EntryPoint","urlTemplate":"https:\/\/www.cuencasmineras.com\/?s={search_term_string}"},"query-input":{"@type":"PropertyValueSpecification","valueRequired":true,"valueName":"search_term_string"}}],"inLanguage":"es"},{"@type":"Person","@id":"https:\/\/www.cuencasmineras.com\/#\/schema\/person\/be0691310e8496ec555f679dd688420c","name":"admin","image":{"@type":"ImageObject","inLanguage":"es","@id":"https:\/\/secure.gravatar.com\/avatar\/4afd2eed3b2fbbf36dd6707b5bd8a5b50ac648f033e36fbf85aeace2f0f859db?s=96&d=mm&r=g","url":"https:\/\/secure.gravatar.com\/avatar\/4afd2eed3b2fbbf36dd6707b5bd8a5b50ac648f033e36fbf85aeace2f0f859db?s=96&d=mm&r=g","contentUrl":"https:\/\/secure.gravatar.com\/avatar\/4afd2eed3b2fbbf36dd6707b5bd8a5b50ac648f033e36fbf85aeace2f0f859db?s=96&d=mm&r=g","caption":"admin"},"sameAs":["https:\/\/www.cuencasmineras.com"],"url":"https:\/\/www.cuencasmineras.com\/index.php\/author\/admin\/"}]}},"_links":{"self":[{"href":"https:\/\/www.cuencasmineras.com\/index.php\/wp-json\/wp\/v2\/posts\/7142","targetHints":{"allow":["GET"]}}],"collection":[{"href":"https:\/\/www.cuencasmineras.com\/index.php\/wp-json\/wp\/v2\/posts"}],"about":[{"href":"https:\/\/www.cuencasmineras.com\/index.php\/wp-json\/wp\/v2\/types\/post"}],"author":[{"embeddable":true,"href":"https:\/\/www.cuencasmineras.com\/index.php\/wp-json\/wp\/v2\/users\/1"}],"replies":[{"embeddable":true,"href":"https:\/\/www.cuencasmineras.com\/index.php\/wp-json\/wp\/v2\/comments?post=7142"}],"version-history":[{"count":1,"href":"https:\/\/www.cuencasmineras.com\/index.php\/wp-json\/wp\/v2\/posts\/7142\/revisions"}],"predecessor-version":[{"id":7145,"href":"https:\/\/www.cuencasmineras.com\/index.php\/wp-json\/wp\/v2\/posts\/7142\/revisions\/7145"}],"wp:featuredmedia":[{"embeddable":true,"href":"https:\/\/www.cuencasmineras.com\/index.php\/wp-json\/wp\/v2\/media\/7144"}],"wp:attachment":[{"href":"https:\/\/www.cuencasmineras.com\/index.php\/wp-json\/wp\/v2\/media?parent=7142"}],"wp:term":[{"taxonomy":"category","embeddable":true,"href":"https:\/\/www.cuencasmineras.com\/index.php\/wp-json\/wp\/v2\/categories?post=7142"},{"taxonomy":"post_tag","embeddable":true,"href":"https:\/\/www.cuencasmineras.com\/index.php\/wp-json\/wp\/v2\/tags?post=7142"}],"curies":[{"name":"wp","href":"https:\/\/api.w.org\/{rel}","templated":true}]}}